{"id":123438,"date":"2026-01-07T10:48:44","date_gmt":"2026-01-07T13:48:44","guid":{"rendered":"https:\/\/portaltela.pt\/noticias\/2026\/01\/07\/mae-de-eliza-samudio-exige-esclarecimentos-apos-aparecimento-de-passaporte\/"},"modified":"2026-01-07T10:48:44","modified_gmt":"2026-01-07T13:48:44","slug":"mae-de-eliza-samudio-exige-esclarecimentos-apos-aparecimento-de-passaporte","status":"publish","type":"post","link":"https:\/\/portaltela.pt\/noticias\/2026\/01\/07\/mae-de-eliza-samudio-exige-esclarecimentos-apos-aparecimento-de-passaporte\/","title":{"rendered":"M\u00e3e de Eliza Samudio exige esclarecimentos ap\u00f3s aparecimento de passaporte"},"content":{"rendered":"<p>Uma not\u00edcia sobre o aparecimento de um passaporte relacionado com Eliza Samudio reacende perguntas sobre o caso. A m\u00e3e da modelo, S\u00f3nia, pediu respostas \u00e0s autoridades, afirmando que a hist\u00f3ria est\u00e1 cheia de lacunas que exigem esclarecimento. A cobran\u00e7a foi feita numa publica\u00e7\u00e3o no Instagram.<\/p>\n<p>S\u00f3nia descreveu o sofrimento emocional gerado pela revela\u00e7\u00e3o do passaporte e afirmou que as comunica\u00e7\u00f5es oficiais devem esclarecer o que se sabe at\u00e9 agora. A m\u00e3e referiu ainda que a filha merece respeito, verdade e justi\u00e7a, segundo a publica\u00e7\u00e3o.<\/p>\n<p>Eliza Samudio desapareceu em 2010, aos 25 anos, durante uma viagem para encontrar o guarda-redes Bruno Fernandes, com quem teve um filho. A paternidade do beb\u00e9 n\u00e3o era reconhecida na altura, e a jovem nunca mais foi localizada.<\/p>\n<p>Segundo relatos, Eliza ter\u00e1 sido levada de forma for\u00e7ada do Rio de Janeiro para uma propriedade do jogador, onde ter\u00e1 estado at\u00e9 ser entregue a Marcos Aparecido dos Santos. Este \u00faltimo \u00e9 um ex-pol\u00edcia que, alegadamente, ter\u00e1 ocultado o corpo.<\/p>\n<p>Bruno Fernandes foi condenado em 2013 por homic\u00eddio, oculta\u00e7\u00e3o de cad\u00e1ver e sequestro. A ex-mulher Dayanne Rodrigues foi julgada, mas n\u00e3o recebeu pena. O guarda-redes est\u00e1 em liberdade condicional desde janeiro de 2023.<\/p>\n<p>O passaporte de Eliza foi encontrado recentemente num apartamento em Portugal, not\u00edcia que renova o mist\u00e9rio sobre o crime ocorrido h\u00e1 15 anos. O representante legal da fam\u00edlia j\u00e1 indicou ter uma explica\u00e7\u00e3o para o surgimento do documento no pa\u00eds europeu.<\/p>\n","protected":false},"excerpt":{"rendered":"<ul>\n<li>S\u00f3nia publicou no Instagram que quer respostas e que vai exigir esclarecimentos \u00e0s autoridades, destacando que a hist\u00f3ria est\u00e1 marcada por lacunas.<\/li>\n<li>O passaporte de Eliza Samudio foi encontrado num apartamento em Portugal, reacendendo o mist\u00e9rio 15 anos ap\u00f3s o crime.<\/li>\n<li>Eliza, aos 25 anos, desapareceu numa viagem de regresso a casa quando ia encontrar o guarda-redes Bruno Fernandes, com quem teve um filho cuja paternidade n\u00e3o era reconhecida.<\/li>\n<li>Segundo o G1, em 2010 ela foi levada \u00e0 for\u00e7a do Rio de Janeiro para uma propriedade do atleta, acabando por ficar entregue a Marcos Aparecido dos Santos, alegadamente respons\u00e1vel pela sua morte.<\/li>\n<li>Bruno Fernandes foi condenado, em 2013, por homic\u00eddio, oculta\u00e7\u00e3o de cad\u00e1ver e sequestro; est\u00e1 em liberdade condicional desde janeiro de 2023, e o beb\u00e9 Bruninho foi encontrado s\u00e3o em Ribeir\u00e3o das Neves.<\/li>\n<\/ul>\n","protected":false},"author":2,"featured_media":123440,"comment_status":"closed","ping_status":"closed","sticky":false,"template":"","format":"standard","meta":{"footnotes":""},"categories":[1],"tags":[2547,1941,1345,803,294,1170],"class_list":["post-123438","post","type-post","status-publish","format-standard","has-post-thumbnail","hentry","category-noticias","tag-brasil","tag-bruno-fernandes","tag-homicidio","tag-justica","tag-ocultacao-de-cadaver","tag-sequestro"],"yoast_head":"<!-- This site is optimized with the Yoast SEO plugin v27.2 - https:\/\/yoast.com\/product\/yoast-seo-wordpress\/ -->\n<title>M\u00e3e de Eliza Samudio exige esclarecimentos ap\u00f3s aparecimento de passaporte - Portal Tela Portugal<\/title>\n<meta name=\"robots\" content=\"index, follow, max-snippet:-1, max-image-preview:large, max-video-preview:-1\" \/>\n<meta property=\"og:locale\" content=\"pt_PT\" \/>\n<meta property=\"og:type\" content=\"article\" \/>\n<meta property=\"og:title\" content=\"M\u00e3e de Eliza Samudio exige esclarecimentos ap\u00f3s aparecimento de passaporte - Portal Tela Portugal\" \/>\n<meta property=\"og:description\" content=\"S\u00f3nia publicou no Instagram que quer respostas e que vai exigir esclarecimentos \u00e0s autoridades, destacando que a hist\u00f3ria est\u00e1 marcada por lacunas. O passaporte de Eliza Samudio foi encontrado num apartamento em Portugal, reacendendo o mist\u00e9rio 15 anos ap\u00f3s o crime. Eliza, aos 25 anos, desapareceu numa viagem de regresso a casa quando ia encontrar o guarda-redes Bruno Fernandes, com quem teve um filho cuja paternidade n\u00e3o era reconhecida. Segundo o G1, em 2010 ela foi levada \u00e0 for\u00e7a do Rio de Janeiro para uma propriedade do atleta, acabando por ficar entregue a Marcos Aparecido dos Santos, alegadamente respons\u00e1vel pela sua morte. Bruno Fernandes foi condenado, em 2013, por homic\u00eddio, oculta\u00e7\u00e3o de cad\u00e1ver e sequestro; est\u00e1 em liberdade condicional desde janeiro de 2023, e o beb\u00e9 Bruninho foi encontrado s\u00e3o em Ribeir\u00e3o das Neves.\" \/>\n<meta property=\"og:url\" content=\"https:\/\/portaltela.pt\/noticias\/2026\/01\/07\/mae-de-eliza-samudio-exige-esclarecimentos-apos-aparecimento-de-passaporte\/\" \/>\n<meta property=\"og:site_name\" content=\"Portal Tela Portugal\" \/>\n<meta property=\"article:published_time\" content=\"2026-01-07T13:48:44+00:00\" \/>\n<meta name=\"author\" content=\"Telinha\" \/>\n<meta name=\"twitter:card\" content=\"summary_large_image\" \/>\n<meta name=\"twitter:label1\" content=\"Escrito por\" \/>\n\t<meta name=\"twitter:data1\" content=\"Telinha\" \/>\n\t<meta name=\"twitter:label2\" content=\"Tempo estimado de leitura\" \/>\n\t<meta name=\"twitter:data2\" content=\"1 minuto\" \/>\n<script type=\"application\/ld+json\" class=\"yoast-schema-graph\">{\"@context\":\"https:\/\/schema.org\",\"@graph\":[{\"@type\":\"Article\",\"@id\":\"https:\/\/portaltela.pt\/noticias\/2026\/01\/07\/mae-de-eliza-samudio-exige-esclarecimentos-apos-aparecimento-de-passaporte\/#article\",\"isPartOf\":{\"@id\":\"https:\/\/portaltela.pt\/noticias\/2026\/01\/07\/mae-de-eliza-samudio-exige-esclarecimentos-apos-aparecimento-de-passaporte\/\"},\"author\":{\"name\":\"Telinha\",\"@id\":\"https:\/\/portaltela.pt\/#\/schema\/person\/c4278d4a6028830caff9ee44b42d32ed\"},\"headline\":\"M\u00e3e de Eliza Samudio exige esclarecimentos ap\u00f3s aparecimento de passaporte\",\"datePublished\":\"2026-01-07T13:48:44+00:00\",\"mainEntityOfPage\":{\"@id\":\"https:\/\/portaltela.pt\/noticias\/2026\/01\/07\/mae-de-eliza-samudio-exige-esclarecimentos-apos-aparecimento-de-passaporte\/\"},\"wordCount\":266,\"image\":{\"@id\":\"https:\/\/portaltela.pt\/noticias\/2026\/01\/07\/mae-de-eliza-samudio-exige-esclarecimentos-apos-aparecimento-de-passaporte\/#primaryimage\"},\"thumbnailUrl\":\"https:\/\/portaltela.pt\/s.01k8rhncp4jt1\/2026\/01\/img_1500x1000uu2013-01-15-20-58-00-166145-im-639032923821111802-1.jpg\",\"keywords\":[\"Brasil\",\"Bruno Fernandes\",\"homic\u00eddio\",\"justi\u00e7a\",\"oculta\u00e7\u00e3o de cad\u00e1ver\",\"sequestro\"],\"articleSection\":[\"Not\u00edcias\"],\"inLanguage\":\"pt-PT\"},{\"@type\":\"WebPage\",\"@id\":\"https:\/\/portaltela.pt\/noticias\/2026\/01\/07\/mae-de-eliza-samudio-exige-esclarecimentos-apos-aparecimento-de-passaporte\/\",\"url\":\"https:\/\/portaltela.pt\/noticias\/2026\/01\/07\/mae-de-eliza-samudio-exige-esclarecimentos-apos-aparecimento-de-passaporte\/\",\"name\":\"M\u00e3e de Eliza Samudio exige esclarecimentos ap\u00f3s aparecimento de passaporte - Portal Tela Portugal\",\"isPartOf\":{\"@id\":\"https:\/\/portaltela.pt\/#website\"},\"primaryImageOfPage\":{\"@id\":\"https:\/\/portaltela.pt\/noticias\/2026\/01\/07\/mae-de-eliza-samudio-exige-esclarecimentos-apos-aparecimento-de-passaporte\/#primaryimage\"},\"image\":{\"@id\":\"https:\/\/portaltela.pt\/noticias\/2026\/01\/07\/mae-de-eliza-samudio-exige-esclarecimentos-apos-aparecimento-de-passaporte\/#primaryimage\"},\"thumbnailUrl\":\"https:\/\/portaltela.pt\/s.01k8rhncp4jt1\/2026\/01\/img_1500x1000uu2013-01-15-20-58-00-166145-im-639032923821111802-1.jpg\",\"datePublished\":\"2026-01-07T13:48:44+00:00\",\"author\":{\"@id\":\"https:\/\/portaltela.pt\/#\/schema\/person\/c4278d4a6028830caff9ee44b42d32ed\"},\"breadcrumb\":{\"@id\":\"https:\/\/portaltela.pt\/noticias\/2026\/01\/07\/mae-de-eliza-samudio-exige-esclarecimentos-apos-aparecimento-de-passaporte\/#breadcrumb\"},\"inLanguage\":\"pt-PT\",\"potentialAction\":[{\"@type\":\"ReadAction\",\"target\":[\"https:\/\/portaltela.pt\/noticias\/2026\/01\/07\/mae-de-eliza-samudio-exige-esclarecimentos-apos-aparecimento-de-passaporte\/\"]}]},{\"@type\":\"ImageObject\",\"inLanguage\":\"pt-PT\",\"@id\":\"https:\/\/portaltela.pt\/noticias\/2026\/01\/07\/mae-de-eliza-samudio-exige-esclarecimentos-apos-aparecimento-de-passaporte\/#primaryimage\",\"url\":\"https:\/\/portaltela.pt\/s.01k8rhncp4jt1\/2026\/01\/img_1500x1000uu2013-01-15-20-58-00-166145-im-639032923821111802-1.jpg\",\"contentUrl\":\"https:\/\/portaltela.pt\/s.01k8rhncp4jt1\/2026\/01\/img_1500x1000uu2013-01-15-20-58-00-166145-im-639032923821111802-1.jpg\",\"width\":796,\"height\":448,\"caption\":\"Eliza samudio\"},{\"@type\":\"BreadcrumbList\",\"@id\":\"https:\/\/portaltela.pt\/noticias\/2026\/01\/07\/mae-de-eliza-samudio-exige-esclarecimentos-apos-aparecimento-de-passaporte\/#breadcrumb\",\"itemListElement\":[{\"@type\":\"ListItem\",\"position\":1,\"name\":\"In\u00edcio\",\"item\":\"https:\/\/portaltela.pt\/\"},{\"@type\":\"ListItem\",\"position\":2,\"name\":\"M\u00e3e de Eliza Samudio exige esclarecimentos ap\u00f3s aparecimento de passaporte\"}]},{\"@type\":\"WebSite\",\"@id\":\"https:\/\/portaltela.pt\/#website\",\"url\":\"https:\/\/portaltela.pt\/\",\"name\":\"Portal Tela Portugal\",\"description\":\"\",\"potentialAction\":[{\"@type\":\"SearchAction\",\"target\":{\"@type\":\"EntryPoint\",\"urlTemplate\":\"https:\/\/portaltela.pt\/?s={search_term_string}\"},\"query-input\":{\"@type\":\"PropertyValueSpecification\",\"valueRequired\":true,\"valueName\":\"search_term_string\"}}],\"inLanguage\":\"pt-PT\"},{\"@type\":\"Person\",\"@id\":\"https:\/\/portaltela.pt\/#\/schema\/person\/c4278d4a6028830caff9ee44b42d32ed\",\"name\":\"Telinha\",\"image\":{\"@type\":\"ImageObject\",\"inLanguage\":\"pt-PT\",\"@id\":\"https:\/\/portaltela.pt\/s.01k8rhncp4jt1\/2025\/11\/talking-bot-125x125.png\",\"url\":\"https:\/\/portaltela.pt\/s.01k8rhncp4jt1\/2025\/11\/talking-bot-125x125.png\",\"contentUrl\":\"https:\/\/portaltela.pt\/s.01k8rhncp4jt1\/2025\/11\/talking-bot-125x125.png\",\"caption\":\"Telinha\"},\"sameAs\":[\"https:\/\/portaltela.pt\/\"],\"url\":\"https:\/\/portaltela.pt\/por\/367410592786\/\"}]}<\/script>\n<!-- \/ Yoast SEO plugin. -->","yoast_head_json":{"title":"M\u00e3e de Eliza Samudio exige esclarecimentos ap\u00f3s aparecimento de passaporte - Portal Tela Portugal","robots":{"index":"index","follow":"follow","max-snippet":"max-snippet:-1","max-image-preview":"max-image-preview:large","max-video-preview":"max-video-preview:-1"},"og_locale":"pt_PT","og_type":"article","og_title":"M\u00e3e de Eliza Samudio exige esclarecimentos ap\u00f3s aparecimento de passaporte - Portal Tela Portugal","og_description":"S\u00f3nia publicou no Instagram que quer respostas e que vai exigir esclarecimentos \u00e0s autoridades, destacando que a hist\u00f3ria est\u00e1 marcada por lacunas. O passaporte de Eliza Samudio foi encontrado num apartamento em Portugal, reacendendo o mist\u00e9rio 15 anos ap\u00f3s o crime. Eliza, aos 25 anos, desapareceu numa viagem de regresso a casa quando ia encontrar o guarda-redes Bruno Fernandes, com quem teve um filho cuja paternidade n\u00e3o era reconhecida. Segundo o G1, em 2010 ela foi levada \u00e0 for\u00e7a do Rio de Janeiro para uma propriedade do atleta, acabando por ficar entregue a Marcos Aparecido dos Santos, alegadamente respons\u00e1vel pela sua morte. Bruno Fernandes foi condenado, em 2013, por homic\u00eddio, oculta\u00e7\u00e3o de cad\u00e1ver e sequestro; est\u00e1 em liberdade condicional desde janeiro de 2023, e o beb\u00e9 Bruninho foi encontrado s\u00e3o em Ribeir\u00e3o das Neves.","og_url":"https:\/\/portaltela.pt\/noticias\/2026\/01\/07\/mae-de-eliza-samudio-exige-esclarecimentos-apos-aparecimento-de-passaporte\/","og_site_name":"Portal Tela Portugal","article_published_time":"2026-01-07T13:48:44+00:00","author":"Telinha","twitter_card":"summary_large_image","twitter_misc":{"Escrito por":"Telinha","Tempo estimado de leitura":"1 minuto"},"schema":{"@context":"https:\/\/schema.org","@graph":[{"@type":"Article","@id":"https:\/\/portaltela.pt\/noticias\/2026\/01\/07\/mae-de-eliza-samudio-exige-esclarecimentos-apos-aparecimento-de-passaporte\/#article","isPartOf":{"@id":"https:\/\/portaltela.pt\/noticias\/2026\/01\/07\/mae-de-eliza-samudio-exige-esclarecimentos-apos-aparecimento-de-passaporte\/"},"author":{"name":"Telinha","@id":"https:\/\/portaltela.pt\/#\/schema\/person\/c4278d4a6028830caff9ee44b42d32ed"},"headline":"M\u00e3e de Eliza Samudio exige esclarecimentos ap\u00f3s aparecimento de passaporte","datePublished":"2026-01-07T13:48:44+00:00","mainEntityOfPage":{"@id":"https:\/\/portaltela.pt\/noticias\/2026\/01\/07\/mae-de-eliza-samudio-exige-esclarecimentos-apos-aparecimento-de-passaporte\/"},"wordCount":266,"image":{"@id":"https:\/\/portaltela.pt\/noticias\/2026\/01\/07\/mae-de-eliza-samudio-exige-esclarecimentos-apos-aparecimento-de-passaporte\/#primaryimage"},"thumbnailUrl":"https:\/\/portaltela.pt\/s.01k8rhncp4jt1\/2026\/01\/img_1500x1000uu2013-01-15-20-58-00-166145-im-639032923821111802-1.jpg","keywords":["Brasil","Bruno Fernandes","homic\u00eddio","justi\u00e7a","oculta\u00e7\u00e3o de cad\u00e1ver","sequestro"],"articleSection":["Not\u00edcias"],"inLanguage":"pt-PT"},{"@type":"WebPage","@id":"https:\/\/portaltela.pt\/noticias\/2026\/01\/07\/mae-de-eliza-samudio-exige-esclarecimentos-apos-aparecimento-de-passaporte\/","url":"https:\/\/portaltela.pt\/noticias\/2026\/01\/07\/mae-de-eliza-samudio-exige-esclarecimentos-apos-aparecimento-de-passaporte\/","name":"M\u00e3e de Eliza Samudio exige esclarecimentos ap\u00f3s aparecimento de passaporte - Portal Tela Portugal","isPartOf":{"@id":"https:\/\/portaltela.pt\/#website"},"primaryImageOfPage":{"@id":"https:\/\/portaltela.pt\/noticias\/2026\/01\/07\/mae-de-eliza-samudio-exige-esclarecimentos-apos-aparecimento-de-passaporte\/#primaryimage"},"image":{"@id":"https:\/\/portaltela.pt\/noticias\/2026\/01\/07\/mae-de-eliza-samudio-exige-esclarecimentos-apos-aparecimento-de-passaporte\/#primaryimage"},"thumbnailUrl":"https:\/\/portaltela.pt\/s.01k8rhncp4jt1\/2026\/01\/img_1500x1000uu2013-01-15-20-58-00-166145-im-639032923821111802-1.jpg","datePublished":"2026-01-07T13:48:44+00:00","author":{"@id":"https:\/\/portaltela.pt\/#\/schema\/person\/c4278d4a6028830caff9ee44b42d32ed"},"breadcrumb":{"@id":"https:\/\/portaltela.pt\/noticias\/2026\/01\/07\/mae-de-eliza-samudio-exige-esclarecimentos-apos-aparecimento-de-passaporte\/#breadcrumb"},"inLanguage":"pt-PT","potentialAction":[{"@type":"ReadAction","target":["https:\/\/portaltela.pt\/noticias\/2026\/01\/07\/mae-de-eliza-samudio-exige-esclarecimentos-apos-aparecimento-de-passaporte\/"]}]},{"@type":"ImageObject","inLanguage":"pt-PT","@id":"https:\/\/portaltela.pt\/noticias\/2026\/01\/07\/mae-de-eliza-samudio-exige-esclarecimentos-apos-aparecimento-de-passaporte\/#primaryimage","url":"https:\/\/portaltela.pt\/s.01k8rhncp4jt1\/2026\/01\/img_1500x1000uu2013-01-15-20-58-00-166145-im-639032923821111802-1.jpg","contentUrl":"https:\/\/portaltela.pt\/s.01k8rhncp4jt1\/2026\/01\/img_1500x1000uu2013-01-15-20-58-00-166145-im-639032923821111802-1.jpg","width":796,"height":448,"caption":"Eliza samudio"},{"@type":"BreadcrumbList","@id":"https:\/\/portaltela.pt\/noticias\/2026\/01\/07\/mae-de-eliza-samudio-exige-esclarecimentos-apos-aparecimento-de-passaporte\/#breadcrumb","itemListElement":[{"@type":"ListItem","position":1,"name":"In\u00edcio","item":"https:\/\/portaltela.pt\/"},{"@type":"ListItem","position":2,"name":"M\u00e3e de Eliza Samudio exige esclarecimentos ap\u00f3s aparecimento de passaporte"}]},{"@type":"WebSite","@id":"https:\/\/portaltela.pt\/#website","url":"https:\/\/portaltela.pt\/","name":"Portal Tela Portugal","description":"","potentialAction":[{"@type":"SearchAction","target":{"@type":"EntryPoint","urlTemplate":"https:\/\/portaltela.pt\/?s={search_term_string}"},"query-input":{"@type":"PropertyValueSpecification","valueRequired":true,"valueName":"search_term_string"}}],"inLanguage":"pt-PT"},{"@type":"Person","@id":"https:\/\/portaltela.pt\/#\/schema\/person\/c4278d4a6028830caff9ee44b42d32ed","name":"Telinha","image":{"@type":"ImageObject","inLanguage":"pt-PT","@id":"https:\/\/portaltela.pt\/s.01k8rhncp4jt1\/2025\/11\/talking-bot-125x125.png","url":"https:\/\/portaltela.pt\/s.01k8rhncp4jt1\/2025\/11\/talking-bot-125x125.png","contentUrl":"https:\/\/portaltela.pt\/s.01k8rhncp4jt1\/2025\/11\/talking-bot-125x125.png","caption":"Telinha"},"sameAs":["https:\/\/portaltela.pt\/"],"url":"https:\/\/portaltela.pt\/por\/367410592786\/"}]}},"_links":{"self":[{"href":"https:\/\/portaltela.pt\/api\/wp\/v2\/posts\/123438","targetHints":{"allow":["GET"]}}],"collection":[{"href":"https:\/\/portaltela.pt\/api\/wp\/v2\/posts"}],"about":[{"href":"https:\/\/portaltela.pt\/api\/wp\/v2\/types\/post"}],"author":[{"embeddable":true,"href":"https:\/\/portaltela.pt\/api\/wp\/v2\/users\/2"}],"replies":[{"embeddable":true,"href":"https:\/\/portaltela.pt\/api\/wp\/v2\/comments?post=123438"}],"version-history":[{"count":0,"href":"https:\/\/portaltela.pt\/api\/wp\/v2\/posts\/123438\/revisions"}],"wp:featuredmedia":[{"embeddable":true,"href":"https:\/\/portaltela.pt\/api\/wp\/v2\/media\/123440"}],"wp:attachment":[{"href":"https:\/\/portaltela.pt\/api\/wp\/v2\/media?parent=123438"}],"wp:term":[{"taxonomy":"category","embeddable":true,"href":"https:\/\/portaltela.pt\/api\/wp\/v2\/categories?post=123438"},{"taxonomy":"post_tag","embeddable":true,"href":"https:\/\/portaltela.pt\/api\/wp\/v2\/tags?post=123438"}],"curies":[{"name":"wp","href":"https:\/\/api.w.org\/{rel}","templated":true}]}}