{"id":123398,"date":"2026-01-07T10:16:00","date_gmt":"2026-01-07T13:16:00","guid":{"rendered":"https:\/\/portaltela.pt\/noticias\/2026\/01\/07\/proibicao-de-maquinistas-alcoolizados-entra-em-vigor-em-um-mes-2\/"},"modified":"2026-01-07T10:16:00","modified_gmt":"2026-01-07T13:16:00","slug":"proibicao-de-maquinistas-alcoolizados-entra-em-vigor-em-um-mes-2","status":"publish","type":"post","link":"https:\/\/portaltela.pt\/noticias\/2026\/01\/07\/proibicao-de-maquinistas-alcoolizados-entra-em-vigor-em-um-mes-2\/","title":{"rendered":"Proibi\u00e7\u00e3o de maquinistas alcoolizados entra em vigor em um m\u00eas"},"content":{"rendered":"<p>A lei que pro\u00edbe maquinistas de conduzir sob efeito de \u00e1lcool, estupefacientes ou subst\u00e2ncias psicotr\u00f3picas entra em vigor dentro de 30 dias. Aprovada pela Assembleia da Rep\u00fablica a 19 de dezembro de 2025, foi promulgada pelo Presidente Marcelo Rebelo de Sousa a 27 de dezembro e publicada no Di\u00e1rio da Rep\u00fablica, nesta quarta-feira.<\/p>\n<p>A medida refor\u00e7a as penaliza\u00e7\u00f5es para infra\u00e7\u00f5es associadas \u00e0 condu\u00e7\u00e3o ferrovi\u00e1ria, com o objetivo de melhorar a seguran\u00e7a. O diploma fixa limites de \u00e1lcool e atualiza as taxas de coima, bem como o regime sancionat\u00f3rio aplic\u00e1vel ao setor.<\/p>\n<h3>Onde acontece e quem est\u00e1 envolvido<\/h3>\n<p>A norma aplica-se a maquinistas de servi\u00e7os ferrovi\u00e1rios em Portugal. O texto foi aprovado no Parlamento com oposi\u00e7\u00e3o a considerar a lei razo\u00e1vel, enquanto o Governo salientou a necessidade de harmonizar a legisla\u00e7\u00e3o com o conjunto da rede europeia.<\/p>\n<h3>Detalhes da regulamenta\u00e7\u00e3o<\/h3>\n<p>A lei estabelece um limite de \u00e1lcool no sangue de 0,2 g\/L, alinhando-o com outros pa\u00edses europeus. As coimas variam conforme a gravidade da infra\u00e7\u00e3o, com escalonamento previsto e atualiza\u00e7\u00e3o de taxas ao IMT.<\/p>\n<h3>San\u00e7\u00f5es e suas leituras<\/h3>\n<p>As contraordena\u00e7\u00f5es muito graves passam a custar entre 100.000 e 500.000 euros, ampliando o poder fiscalizador da autoridade reguladora. As contraordena\u00e7\u00f5es graves v\u00e3o de 50.000 a 250.000 euros, e as leves ficam entre 1.000 e 5.000 euros.<\/p>\n<h3>Contexto e impactos<\/h3>\n<p>Proibi\u00e7\u00e3o de maquinistas sob efeito de \u00e1lcool j\u00e1 tinha sido aprovada previamente, em janeiro de 2025, com cr\u00edticas \u00e0 atua\u00e7\u00e3o do Governo anterior sobre a seguran\u00e7a ferrovi\u00e1ria. O atual diploma pretende consolidar regras e responsabilizar mais o setor.<\/p>\n","protected":false},"excerpt":{"rendered":"<ul>\n<li>A lei que pro\u00edbe os maquinistas de conduzir sob o efeito do \u00e1lcool, estupefacientes ou subst\u00e2ncias psicotr\u00f3picas entra em vigor dentro de 30 dias.<\/li>\n<li>A medida, prevista na lei n.\u00ba 4\/2026, foi promulgada pelo Presidente da Rep\u00fablica a 27 de dezembro de 2025 e publicada no Di\u00e1rio da Rep\u00fablica.<\/li>\n<li>O diploma fixa o limite m\u00e1ximo de \u00e1lcool no sangue em 0,2 gramas por litro, e prev\u00ea coimas escalonadas conforme a gravidade da infra\u00e7\u00e3o, com atualiza\u00e7\u00f5es das taxas do Instituto da Mobilidade e dos Transportes.<\/li>\n<li>As contraordena\u00e7\u00f5es muito graves ficam entre 100.000 e 500.000 euros, graves entre 50.000 e 250.000 euros, e leves entre 1.000 e 5.000 euros; a tentativa e a neglig\u00eancia s\u00e3o pun\u00edveis, com redu\u00e7\u00e3o dos limites m\u00e1ximos e m\u00ednimos.<\/li>\n<li>Durante o debate na Assembleia da Rep\u00fablica, a secret\u00e1ria de Estado da Mobilidade, Cristina Pinto Dias, disse que a proposta visa certificar, unificar e integrar a legisla\u00e7\u00e3o de seguran\u00e7a ferrovi\u00e1ria, enquanto a oposi\u00e7\u00e3o classificou a medida de \u00f3bvia e n\u00e3o abordar problemas estruturais.<\/li>\n<\/ul>\n","protected":false},"author":2,"featured_media":123399,"comment_status":"closed","ping_status":"closed","sticky":false,"template":"","format":"standard","meta":{"footnotes":""},"categories":[1],"tags":[605,1953,1124,1014,250],"class_list":["post-123398","post","type-post","status-publish","format-standard","has-post-thumbnail","hentry","category-noticias","tag-conducao-de-veiculo-em-estado-de-embriaguez","tag-conducao-sob-a-influencia-de-alcool","tag-infracoes-de-transito","tag-portugal","tag-seguranca-publica"],"yoast_head":"<!-- This site is optimized with the Yoast SEO plugin v27.2 - https:\/\/yoast.com\/product\/yoast-seo-wordpress\/ -->\n<title>Proibi\u00e7\u00e3o de maquinistas alcoolizados entra em vigor em um m\u00eas - Portal Tela Portugal<\/title>\n<meta name=\"robots\" content=\"index, follow, max-snippet:-1, max-image-preview:large, max-video-preview:-1\" \/>\n<meta property=\"og:locale\" content=\"pt_PT\" \/>\n<meta property=\"og:type\" content=\"article\" \/>\n<meta property=\"og:title\" content=\"Proibi\u00e7\u00e3o de maquinistas alcoolizados entra em vigor em um m\u00eas - Portal Tela Portugal\" \/>\n<meta property=\"og:description\" content=\"A lei que pro\u00edbe os maquinistas de conduzir sob o efeito do \u00e1lcool, estupefacientes ou subst\u00e2ncias psicotr\u00f3picas entra em vigor dentro de 30 dias. A medida, prevista na lei n.\u00ba 4\/2026, foi promulgada pelo Presidente da Rep\u00fablica a 27 de dezembro de 2025 e publicada no Di\u00e1rio da Rep\u00fablica. O diploma fixa o limite m\u00e1ximo de \u00e1lcool no sangue em 0,2 gramas por litro, e prev\u00ea coimas escalonadas conforme a gravidade da infra\u00e7\u00e3o, com atualiza\u00e7\u00f5es das taxas do Instituto da Mobilidade e dos Transportes. As contraordena\u00e7\u00f5es muito graves ficam entre 100.000 e 500.000 euros, graves entre 50.000 e 250.000 euros, e leves entre 1.000 e 5.000 euros; a tentativa e a neglig\u00eancia s\u00e3o pun\u00edveis, com redu\u00e7\u00e3o dos limites m\u00e1ximos e m\u00ednimos. Durante o debate na Assembleia da Rep\u00fablica, a secret\u00e1ria de Estado da Mobilidade, Cristina Pinto Dias, disse que a proposta visa certificar, unificar e integrar a legisla\u00e7\u00e3o de seguran\u00e7a ferrovi\u00e1ria, enquanto a oposi\u00e7\u00e3o classificou a medida de \u00f3bvia e n\u00e3o abordar problemas estruturais.\" \/>\n<meta property=\"og:url\" content=\"https:\/\/portaltela.pt\/noticias\/2026\/01\/07\/proibicao-de-maquinistas-alcoolizados-entra-em-vigor-em-um-mes-2\/\" \/>\n<meta property=\"og:site_name\" content=\"Portal Tela Portugal\" \/>\n<meta property=\"article:published_time\" content=\"2026-01-07T13:16:00+00:00\" \/>\n<meta name=\"author\" content=\"Telinha\" \/>\n<meta name=\"twitter:card\" content=\"summary_large_image\" \/>\n<meta name=\"twitter:label1\" content=\"Escrito por\" \/>\n\t<meta name=\"twitter:data1\" content=\"Telinha\" \/>\n\t<meta name=\"twitter:label2\" content=\"Tempo estimado de leitura\" \/>\n\t<meta name=\"twitter:data2\" content=\"1 minuto\" \/>\n<script type=\"application\/ld+json\" class=\"yoast-schema-graph\">{\"@context\":\"https:\/\/schema.org\",\"@graph\":[{\"@type\":\"Article\",\"@id\":\"https:\/\/portaltela.pt\/noticias\/2026\/01\/07\/proibicao-de-maquinistas-alcoolizados-entra-em-vigor-em-um-mes-2\/#article\",\"isPartOf\":{\"@id\":\"https:\/\/portaltela.pt\/noticias\/2026\/01\/07\/proibicao-de-maquinistas-alcoolizados-entra-em-vigor-em-um-mes-2\/\"},\"author\":{\"name\":\"Telinha\",\"@id\":\"https:\/\/portaltela.pt\/#\/schema\/person\/c4278d4a6028830caff9ee44b42d32ed\"},\"headline\":\"Proibi\u00e7\u00e3o de maquinistas alcoolizados entra em vigor em um m\u00eas\",\"datePublished\":\"2026-01-07T13:16:00+00:00\",\"mainEntityOfPage\":{\"@id\":\"https:\/\/portaltela.pt\/noticias\/2026\/01\/07\/proibicao-de-maquinistas-alcoolizados-entra-em-vigor-em-um-mes-2\/\"},\"wordCount\":286,\"image\":{\"@id\":\"https:\/\/portaltela.pt\/noticias\/2026\/01\/07\/proibicao-de-maquinistas-alcoolizados-entra-em-vigor-em-um-mes-2\/#primaryimage\"},\"thumbnailUrl\":\"https:\/\/portaltela.pt\/s.01k8rhncp4jt1\/2026\/01\/44915850.jpg\",\"keywords\":[\"condu\u00e7\u00e3o de ve\u00edculo em estado de embriaguez\",\"condu\u00e7\u00e3o sob a influ\u00eancia de \u00e1lcool\",\"infra\u00e7\u00f5es de tr\u00e2nsito\",\"Portugal\",\"seguran\u00e7a p\u00fablica\"],\"articleSection\":[\"Not\u00edcias\"],\"inLanguage\":\"pt-PT\"},{\"@type\":\"WebPage\",\"@id\":\"https:\/\/portaltela.pt\/noticias\/2026\/01\/07\/proibicao-de-maquinistas-alcoolizados-entra-em-vigor-em-um-mes-2\/\",\"url\":\"https:\/\/portaltela.pt\/noticias\/2026\/01\/07\/proibicao-de-maquinistas-alcoolizados-entra-em-vigor-em-um-mes-2\/\",\"name\":\"Proibi\u00e7\u00e3o de maquinistas alcoolizados entra em vigor em um m\u00eas - Portal Tela Portugal\",\"isPartOf\":{\"@id\":\"https:\/\/portaltela.pt\/#website\"},\"primaryImageOfPage\":{\"@id\":\"https:\/\/portaltela.pt\/noticias\/2026\/01\/07\/proibicao-de-maquinistas-alcoolizados-entra-em-vigor-em-um-mes-2\/#primaryimage\"},\"image\":{\"@id\":\"https:\/\/portaltela.pt\/noticias\/2026\/01\/07\/proibicao-de-maquinistas-alcoolizados-entra-em-vigor-em-um-mes-2\/#primaryimage\"},\"thumbnailUrl\":\"https:\/\/portaltela.pt\/s.01k8rhncp4jt1\/2026\/01\/44915850.jpg\",\"datePublished\":\"2026-01-07T13:16:00+00:00\",\"author\":{\"@id\":\"https:\/\/portaltela.pt\/#\/schema\/person\/c4278d4a6028830caff9ee44b42d32ed\"},\"breadcrumb\":{\"@id\":\"https:\/\/portaltela.pt\/noticias\/2026\/01\/07\/proibicao-de-maquinistas-alcoolizados-entra-em-vigor-em-um-mes-2\/#breadcrumb\"},\"inLanguage\":\"pt-PT\",\"potentialAction\":[{\"@type\":\"ReadAction\",\"target\":[\"https:\/\/portaltela.pt\/noticias\/2026\/01\/07\/proibicao-de-maquinistas-alcoolizados-entra-em-vigor-em-um-mes-2\/\"]}]},{\"@type\":\"ImageObject\",\"inLanguage\":\"pt-PT\",\"@id\":\"https:\/\/portaltela.pt\/noticias\/2026\/01\/07\/proibicao-de-maquinistas-alcoolizados-entra-em-vigor-em-um-mes-2\/#primaryimage\",\"url\":\"https:\/\/portaltela.pt\/s.01k8rhncp4jt1\/2026\/01\/44915850.jpg\",\"contentUrl\":\"https:\/\/portaltela.pt\/s.01k8rhncp4jt1\/2026\/01\/44915850.jpg\",\"width\":796,\"height\":448,\"caption\":\"Na esta\u00e7\u00e3o da CP de Coimbra-B n\u00e3o circulam comboios e as bilheteiras est\u00e3o encerradas devido \u00e0 greve dos trabalhadores da CP convocada pelo Sindicato Ferrovi\u00e1rio da Revis\u00e3o Comercial Itinerante (SFRCI), em Coimbra, 8 de maio de 2025. PAULO NOVAIS\/LUS\"},{\"@type\":\"BreadcrumbList\",\"@id\":\"https:\/\/portaltela.pt\/noticias\/2026\/01\/07\/proibicao-de-maquinistas-alcoolizados-entra-em-vigor-em-um-mes-2\/#breadcrumb\",\"itemListElement\":[{\"@type\":\"ListItem\",\"position\":1,\"name\":\"In\u00edcio\",\"item\":\"https:\/\/portaltela.pt\/\"},{\"@type\":\"ListItem\",\"position\":2,\"name\":\"Proibi\u00e7\u00e3o de maquinistas alcoolizados entra em vigor em um m\u00eas\"}]},{\"@type\":\"WebSite\",\"@id\":\"https:\/\/portaltela.pt\/#website\",\"url\":\"https:\/\/portaltela.pt\/\",\"name\":\"Portal Tela Portugal\",\"description\":\"\",\"potentialAction\":[{\"@type\":\"SearchAction\",\"target\":{\"@type\":\"EntryPoint\",\"urlTemplate\":\"https:\/\/portaltela.pt\/?s={search_term_string}\"},\"query-input\":{\"@type\":\"PropertyValueSpecification\",\"valueRequired\":true,\"valueName\":\"search_term_string\"}}],\"inLanguage\":\"pt-PT\"},{\"@type\":\"Person\",\"@id\":\"https:\/\/portaltela.pt\/#\/schema\/person\/c4278d4a6028830caff9ee44b42d32ed\",\"name\":\"Telinha\",\"image\":{\"@type\":\"ImageObject\",\"inLanguage\":\"pt-PT\",\"@id\":\"https:\/\/portaltela.pt\/s.01k8rhncp4jt1\/2025\/11\/talking-bot-125x125.png\",\"url\":\"https:\/\/portaltela.pt\/s.01k8rhncp4jt1\/2025\/11\/talking-bot-125x125.png\",\"contentUrl\":\"https:\/\/portaltela.pt\/s.01k8rhncp4jt1\/2025\/11\/talking-bot-125x125.png\",\"caption\":\"Telinha\"},\"sameAs\":[\"https:\/\/portaltela.pt\/\"],\"url\":\"https:\/\/portaltela.pt\/por\/367410592786\/\"}]}<\/script>\n<!-- \/ Yoast SEO plugin. -->","yoast_head_json":{"title":"Proibi\u00e7\u00e3o de maquinistas alcoolizados entra em vigor em um m\u00eas - Portal Tela Portugal","robots":{"index":"index","follow":"follow","max-snippet":"max-snippet:-1","max-image-preview":"max-image-preview:large","max-video-preview":"max-video-preview:-1"},"og_locale":"pt_PT","og_type":"article","og_title":"Proibi\u00e7\u00e3o de maquinistas alcoolizados entra em vigor em um m\u00eas - Portal Tela Portugal","og_description":"A lei que pro\u00edbe os maquinistas de conduzir sob o efeito do \u00e1lcool, estupefacientes ou subst\u00e2ncias psicotr\u00f3picas entra em vigor dentro de 30 dias. A medida, prevista na lei n.\u00ba 4\/2026, foi promulgada pelo Presidente da Rep\u00fablica a 27 de dezembro de 2025 e publicada no Di\u00e1rio da Rep\u00fablica. O diploma fixa o limite m\u00e1ximo de \u00e1lcool no sangue em 0,2 gramas por litro, e prev\u00ea coimas escalonadas conforme a gravidade da infra\u00e7\u00e3o, com atualiza\u00e7\u00f5es das taxas do Instituto da Mobilidade e dos Transportes. As contraordena\u00e7\u00f5es muito graves ficam entre 100.000 e 500.000 euros, graves entre 50.000 e 250.000 euros, e leves entre 1.000 e 5.000 euros; a tentativa e a neglig\u00eancia s\u00e3o pun\u00edveis, com redu\u00e7\u00e3o dos limites m\u00e1ximos e m\u00ednimos. Durante o debate na Assembleia da Rep\u00fablica, a secret\u00e1ria de Estado da Mobilidade, Cristina Pinto Dias, disse que a proposta visa certificar, unificar e integrar a legisla\u00e7\u00e3o de seguran\u00e7a ferrovi\u00e1ria, enquanto a oposi\u00e7\u00e3o classificou a medida de \u00f3bvia e n\u00e3o abordar problemas estruturais.","og_url":"https:\/\/portaltela.pt\/noticias\/2026\/01\/07\/proibicao-de-maquinistas-alcoolizados-entra-em-vigor-em-um-mes-2\/","og_site_name":"Portal Tela Portugal","article_published_time":"2026-01-07T13:16:00+00:00","author":"Telinha","twitter_card":"summary_large_image","twitter_misc":{"Escrito por":"Telinha","Tempo estimado de leitura":"1 minuto"},"schema":{"@context":"https:\/\/schema.org","@graph":[{"@type":"Article","@id":"https:\/\/portaltela.pt\/noticias\/2026\/01\/07\/proibicao-de-maquinistas-alcoolizados-entra-em-vigor-em-um-mes-2\/#article","isPartOf":{"@id":"https:\/\/portaltela.pt\/noticias\/2026\/01\/07\/proibicao-de-maquinistas-alcoolizados-entra-em-vigor-em-um-mes-2\/"},"author":{"name":"Telinha","@id":"https:\/\/portaltela.pt\/#\/schema\/person\/c4278d4a6028830caff9ee44b42d32ed"},"headline":"Proibi\u00e7\u00e3o de maquinistas alcoolizados entra em vigor em um m\u00eas","datePublished":"2026-01-07T13:16:00+00:00","mainEntityOfPage":{"@id":"https:\/\/portaltela.pt\/noticias\/2026\/01\/07\/proibicao-de-maquinistas-alcoolizados-entra-em-vigor-em-um-mes-2\/"},"wordCount":286,"image":{"@id":"https:\/\/portaltela.pt\/noticias\/2026\/01\/07\/proibicao-de-maquinistas-alcoolizados-entra-em-vigor-em-um-mes-2\/#primaryimage"},"thumbnailUrl":"https:\/\/portaltela.pt\/s.01k8rhncp4jt1\/2026\/01\/44915850.jpg","keywords":["condu\u00e7\u00e3o de ve\u00edculo em estado de embriaguez","condu\u00e7\u00e3o sob a influ\u00eancia de \u00e1lcool","infra\u00e7\u00f5es de tr\u00e2nsito","Portugal","seguran\u00e7a p\u00fablica"],"articleSection":["Not\u00edcias"],"inLanguage":"pt-PT"},{"@type":"WebPage","@id":"https:\/\/portaltela.pt\/noticias\/2026\/01\/07\/proibicao-de-maquinistas-alcoolizados-entra-em-vigor-em-um-mes-2\/","url":"https:\/\/portaltela.pt\/noticias\/2026\/01\/07\/proibicao-de-maquinistas-alcoolizados-entra-em-vigor-em-um-mes-2\/","name":"Proibi\u00e7\u00e3o de maquinistas alcoolizados entra em vigor em um m\u00eas - Portal Tela Portugal","isPartOf":{"@id":"https:\/\/portaltela.pt\/#website"},"primaryImageOfPage":{"@id":"https:\/\/portaltela.pt\/noticias\/2026\/01\/07\/proibicao-de-maquinistas-alcoolizados-entra-em-vigor-em-um-mes-2\/#primaryimage"},"image":{"@id":"https:\/\/portaltela.pt\/noticias\/2026\/01\/07\/proibicao-de-maquinistas-alcoolizados-entra-em-vigor-em-um-mes-2\/#primaryimage"},"thumbnailUrl":"https:\/\/portaltela.pt\/s.01k8rhncp4jt1\/2026\/01\/44915850.jpg","datePublished":"2026-01-07T13:16:00+00:00","author":{"@id":"https:\/\/portaltela.pt\/#\/schema\/person\/c4278d4a6028830caff9ee44b42d32ed"},"breadcrumb":{"@id":"https:\/\/portaltela.pt\/noticias\/2026\/01\/07\/proibicao-de-maquinistas-alcoolizados-entra-em-vigor-em-um-mes-2\/#breadcrumb"},"inLanguage":"pt-PT","potentialAction":[{"@type":"ReadAction","target":["https:\/\/portaltela.pt\/noticias\/2026\/01\/07\/proibicao-de-maquinistas-alcoolizados-entra-em-vigor-em-um-mes-2\/"]}]},{"@type":"ImageObject","inLanguage":"pt-PT","@id":"https:\/\/portaltela.pt\/noticias\/2026\/01\/07\/proibicao-de-maquinistas-alcoolizados-entra-em-vigor-em-um-mes-2\/#primaryimage","url":"https:\/\/portaltela.pt\/s.01k8rhncp4jt1\/2026\/01\/44915850.jpg","contentUrl":"https:\/\/portaltela.pt\/s.01k8rhncp4jt1\/2026\/01\/44915850.jpg","width":796,"height":448,"caption":"Na esta\u00e7\u00e3o da CP de Coimbra-B n\u00e3o circulam comboios e as bilheteiras est\u00e3o encerradas devido \u00e0 greve dos trabalhadores da CP convocada pelo Sindicato Ferrovi\u00e1rio da Revis\u00e3o Comercial Itinerante (SFRCI), em Coimbra, 8 de maio de 2025. PAULO NOVAIS\/LUS"},{"@type":"BreadcrumbList","@id":"https:\/\/portaltela.pt\/noticias\/2026\/01\/07\/proibicao-de-maquinistas-alcoolizados-entra-em-vigor-em-um-mes-2\/#breadcrumb","itemListElement":[{"@type":"ListItem","position":1,"name":"In\u00edcio","item":"https:\/\/portaltela.pt\/"},{"@type":"ListItem","position":2,"name":"Proibi\u00e7\u00e3o de maquinistas alcoolizados entra em vigor em um m\u00eas"}]},{"@type":"WebSite","@id":"https:\/\/portaltela.pt\/#website","url":"https:\/\/portaltela.pt\/","name":"Portal Tela Portugal","description":"","potentialAction":[{"@type":"SearchAction","target":{"@type":"EntryPoint","urlTemplate":"https:\/\/portaltela.pt\/?s={search_term_string}"},"query-input":{"@type":"PropertyValueSpecification","valueRequired":true,"valueName":"search_term_string"}}],"inLanguage":"pt-PT"},{"@type":"Person","@id":"https:\/\/portaltela.pt\/#\/schema\/person\/c4278d4a6028830caff9ee44b42d32ed","name":"Telinha","image":{"@type":"ImageObject","inLanguage":"pt-PT","@id":"https:\/\/portaltela.pt\/s.01k8rhncp4jt1\/2025\/11\/talking-bot-125x125.png","url":"https:\/\/portaltela.pt\/s.01k8rhncp4jt1\/2025\/11\/talking-bot-125x125.png","contentUrl":"https:\/\/portaltela.pt\/s.01k8rhncp4jt1\/2025\/11\/talking-bot-125x125.png","caption":"Telinha"},"sameAs":["https:\/\/portaltela.pt\/"],"url":"https:\/\/portaltela.pt\/por\/367410592786\/"}]}},"_links":{"self":[{"href":"https:\/\/portaltela.pt\/api\/wp\/v2\/posts\/123398","targetHints":{"allow":["GET"]}}],"collection":[{"href":"https:\/\/portaltela.pt\/api\/wp\/v2\/posts"}],"about":[{"href":"https:\/\/portaltela.pt\/api\/wp\/v2\/types\/post"}],"author":[{"embeddable":true,"href":"https:\/\/portaltela.pt\/api\/wp\/v2\/users\/2"}],"replies":[{"embeddable":true,"href":"https:\/\/portaltela.pt\/api\/wp\/v2\/comments?post=123398"}],"version-history":[{"count":0,"href":"https:\/\/portaltela.pt\/api\/wp\/v2\/posts\/123398\/revisions"}],"wp:featuredmedia":[{"embeddable":true,"href":"https:\/\/portaltela.pt\/api\/wp\/v2\/media\/123399"}],"wp:attachment":[{"href":"https:\/\/portaltela.pt\/api\/wp\/v2\/media?parent=123398"}],"wp:term":[{"taxonomy":"category","embeddable":true,"href":"https:\/\/portaltela.pt\/api\/wp\/v2\/categories?post=123398"},{"taxonomy":"post_tag","embeddable":true,"href":"https:\/\/portaltela.pt\/api\/wp\/v2\/tags?post=123398"}],"curies":[{"name":"wp","href":"https:\/\/api.w.org\/{rel}","templated":true}]}}