{"id":123394,"date":"2026-01-07T10:17:21","date_gmt":"2026-01-07T13:17:21","guid":{"rendered":"https:\/\/portaltela.pt\/noticias\/2026\/01\/07\/leao-foca-se-em-marcar-golos-para-voltar-aos-triunfos\/"},"modified":"2026-01-07T10:17:21","modified_gmt":"2026-01-07T13:17:21","slug":"leao-foca-se-em-marcar-golos-para-voltar-aos-triunfos","status":"publish","type":"post","link":"https:\/\/portaltela.pt\/desporto\/futebol\/2026\/01\/07\/leao-foca-se-em-marcar-golos-para-voltar-aos-triunfos\/","title":{"rendered":"Le\u00e3o foca-se em marcar golos para voltar aos triunfos"},"content":{"rendered":"<p>Massimiliano Allegri confirmou que o Milan pode alinhar novamente juntos Pulisic e Le\u00e3o no ataque, pela segunda vez esta \u00e9poca. A poss\u00edvel dupla titular enfrentar\u00e1 o G\u00e9nova, numa partida marcada tamb\u00e9m pelo 200.\u00ba jogo do treinador ao leme dos rossoneri.<\/p>\n<p>Pulisic arrastou um problema muscular que o acompanha ocasionalmente e Le\u00e3o ainda sente dores no adutor. Na \u00faltima vez que jogaram juntos, disputaram 20 minutos. Se tudo correr bem hoje e amanh\u00e3, dever\u00e3o estar entre os titulares, mesmo que ainda longe da forma ideal.<\/p>\n<p>Allegri desvalorizou o conceito de estado perfeito, afirmando que o foco \u00e9 chegar a mar\u00e7o em condi\u00e7\u00e3o est\u00e1vel. Sobre Le\u00e3o, sublinhou a press\u00e3o por marcar gols, destacando a import\u00e2ncia de o avan\u00e7ado ter produ\u00e7\u00e3o ofensiva, apesar do desconforto muscular.<\/p>\n<p>Quanto ao G\u00e9nova, o treinador destacou melhorias sob Daniele De Rossi e apontou Lorenzo Colombo como finalizador de relevo. A an\u00e1lise incluiu que os madrugones de ontem afetaram a luta pela Liga dos Campe\u00f5es, com os pontos a ascenderem para 74.<\/p>\n<p>No cap\u00edtulo de mercado, o Milan aguarda neg\u00f3cios est\u00e1veis ap\u00f3s a entrada de Niklas Fullkrug e n\u00e3o antecipa refor\u00e7os significativos. Sobre Maignan, o clube revelou que o guarda-redes impressou-se como suplente em Cagliari e pode ter oportunidades para marcar, dada a necessidade de gols.<\/p>\n<p>Allegri elogiou ainda Luka Modric pela dedica\u00e7\u00e3o e humildade em campo, destacando o seu impacto exemplar para os jovens. A comiss\u00e3o t\u00e9cnica considera-o determinante pela paix\u00e3o pelo futebol, mais do que apenas pela t\u00e9cnica.<\/p>\n","protected":false},"excerpt":{"rendered":"<ul>\n<li>O Milan pode ter Pulisic e Le\u00e3o no onze frente ao G\u00e9nova, quinta-feira, marcando o 200.\u00ba jogo de Allegri ao leme dos rossoneri.<\/li>\n<li>Pulisic e Le\u00e3o j\u00e1 jogaram juntos 20 minutos no jogo anterior; se tudo correr bem, podem ser titulares, apesar de ainda n\u00e3o estarem em plena forma, com Pulisic a lidar com um problema muscular e Le\u00e3o com dores no adutor.<\/li>\n<li>Le\u00e3o precisa de marcar gols para ser o principal refer\u00eancia no campeonato; Nkunku continua indispon\u00edvel e est\u00e1 previsto estar pronto para a Fiorentina, devido ao tornozelo.<\/li>\n<li>Allegri destacou que os pontos na Serie A est\u00e3o mais caros; o G\u00e9nova melhorou com Daniele De Rossi, contando com finalizadores como Lorenzo Colombo.<\/li>\n<li>No mercado, chegou Niklas Fullkrug; o Milan espera um mercado tranquilo e trabalha na renova\u00e7\u00e3o de Maignan, mantendo foco em terminar no top four. O treinador elogiou a paix\u00e3o e a humildade de Luka Modric.<\/li>\n<\/ul>\n","protected":false},"author":2,"featured_media":123396,"comment_status":"closed","ping_status":"closed","sticky":false,"template":"","format":"standard","meta":{"footnotes":""},"categories":[21,24],"tags":[2120,32,242,1875,2577,50],"class_list":["post-123394","post","type-post","status-publish","format-standard","has-post-thumbnail","hentry","category-desporto","category-futebol","tag-ac-milan","tag-futebol","tag-jogadores","tag-leao","tag-luka-modric","tag-mercado-da-bola"],"yoast_head":"<!-- This site is optimized with the Yoast SEO plugin v27.2 - https:\/\/yoast.com\/product\/yoast-seo-wordpress\/ -->\n<title>Le\u00e3o foca-se em marcar golos para voltar aos triunfos - Portal Tela Portugal<\/title>\n<meta name=\"robots\" content=\"index, follow, max-snippet:-1, max-image-preview:large, max-video-preview:-1\" \/>\n<meta property=\"og:locale\" content=\"pt_PT\" \/>\n<meta property=\"og:type\" content=\"article\" \/>\n<meta property=\"og:title\" content=\"Le\u00e3o foca-se em marcar golos para voltar aos triunfos - Portal Tela Portugal\" \/>\n<meta property=\"og:description\" content=\"O Milan pode ter Pulisic e Le\u00e3o no onze frente ao G\u00e9nova, quinta-feira, marcando o 200.\u00ba jogo de Allegri ao leme dos rossoneri. Pulisic e Le\u00e3o j\u00e1 jogaram juntos 20 minutos no jogo anterior; se tudo correr bem, podem ser titulares, apesar de ainda n\u00e3o estarem em plena forma, com Pulisic a lidar com um problema muscular e Le\u00e3o com dores no adutor. Le\u00e3o precisa de marcar gols para ser o principal refer\u00eancia no campeonato; Nkunku continua indispon\u00edvel e est\u00e1 previsto estar pronto para a Fiorentina, devido ao tornozelo. Allegri destacou que os pontos na Serie A est\u00e3o mais caros; o G\u00e9nova melhorou com Daniele De Rossi, contando com finalizadores como Lorenzo Colombo. No mercado, chegou Niklas Fullkrug; o Milan espera um mercado tranquilo e trabalha na renova\u00e7\u00e3o de Maignan, mantendo foco em terminar no top four. O treinador elogiou a paix\u00e3o e a humildade de Luka Modric.\" \/>\n<meta property=\"og:url\" content=\"https:\/\/portaltela.pt\/noticias\/2026\/01\/07\/leao-foca-se-em-marcar-golos-para-voltar-aos-triunfos\/\" \/>\n<meta property=\"og:site_name\" content=\"Portal Tela Portugal\" \/>\n<meta property=\"article:published_time\" content=\"2026-01-07T13:17:21+00:00\" \/>\n<meta name=\"author\" content=\"Telinha\" \/>\n<meta name=\"twitter:card\" content=\"summary_large_image\" \/>\n<meta name=\"twitter:label1\" content=\"Escrito por\" \/>\n\t<meta name=\"twitter:data1\" content=\"Telinha\" \/>\n\t<meta name=\"twitter:label2\" content=\"Tempo estimado de leitura\" \/>\n\t<meta name=\"twitter:data2\" content=\"1 minuto\" \/>\n<script type=\"application\/ld+json\" class=\"yoast-schema-graph\">{\"@context\":\"https:\/\/schema.org\",\"@graph\":[{\"@type\":\"Article\",\"@id\":\"https:\/\/portaltela.pt\/noticias\/2026\/01\/07\/leao-foca-se-em-marcar-golos-para-voltar-aos-triunfos\/#article\",\"isPartOf\":{\"@id\":\"https:\/\/portaltela.pt\/noticias\/2026\/01\/07\/leao-foca-se-em-marcar-golos-para-voltar-aos-triunfos\/\"},\"author\":{\"name\":\"Telinha\",\"@id\":\"https:\/\/portaltela.pt\/#\/schema\/person\/c4278d4a6028830caff9ee44b42d32ed\"},\"headline\":\"Le\u00e3o foca-se em marcar golos para voltar aos triunfos\",\"datePublished\":\"2026-01-07T13:17:21+00:00\",\"mainEntityOfPage\":{\"@id\":\"https:\/\/portaltela.pt\/noticias\/2026\/01\/07\/leao-foca-se-em-marcar-golos-para-voltar-aos-triunfos\/\"},\"wordCount\":276,\"image\":{\"@id\":\"https:\/\/portaltela.pt\/noticias\/2026\/01\/07\/leao-foca-se-em-marcar-golos-para-voltar-aos-triunfos\/#primaryimage\"},\"thumbnailUrl\":\"https:\/\/portaltela.pt\/s.01k8rhncp4jt1\/2026\/01\/c20b2681-a388-44d4-bbee-34de1c1bd211.jpg\",\"keywords\":[\"AC Milan\",\"futebol\",\"jogadores\",\"Le\u00e3o\",\"Luka Modric\",\"mercado da bola\"],\"articleSection\":[\"Desporto\",\"Futebol\"],\"inLanguage\":\"pt-PT\"},{\"@type\":\"WebPage\",\"@id\":\"https:\/\/portaltela.pt\/noticias\/2026\/01\/07\/leao-foca-se-em-marcar-golos-para-voltar-aos-triunfos\/\",\"url\":\"https:\/\/portaltela.pt\/noticias\/2026\/01\/07\/leao-foca-se-em-marcar-golos-para-voltar-aos-triunfos\/\",\"name\":\"Le\u00e3o foca-se em marcar golos para voltar aos triunfos - Portal Tela Portugal\",\"isPartOf\":{\"@id\":\"https:\/\/portaltela.pt\/#website\"},\"primaryImageOfPage\":{\"@id\":\"https:\/\/portaltela.pt\/noticias\/2026\/01\/07\/leao-foca-se-em-marcar-golos-para-voltar-aos-triunfos\/#primaryimage\"},\"image\":{\"@id\":\"https:\/\/portaltela.pt\/noticias\/2026\/01\/07\/leao-foca-se-em-marcar-golos-para-voltar-aos-triunfos\/#primaryimage\"},\"thumbnailUrl\":\"https:\/\/portaltela.pt\/s.01k8rhncp4jt1\/2026\/01\/c20b2681-a388-44d4-bbee-34de1c1bd211.jpg\",\"datePublished\":\"2026-01-07T13:17:21+00:00\",\"author\":{\"@id\":\"https:\/\/portaltela.pt\/#\/schema\/person\/c4278d4a6028830caff9ee44b42d32ed\"},\"breadcrumb\":{\"@id\":\"https:\/\/portaltela.pt\/noticias\/2026\/01\/07\/leao-foca-se-em-marcar-golos-para-voltar-aos-triunfos\/#breadcrumb\"},\"inLanguage\":\"pt-PT\",\"potentialAction\":[{\"@type\":\"ReadAction\",\"target\":[\"https:\/\/portaltela.pt\/noticias\/2026\/01\/07\/leao-foca-se-em-marcar-golos-para-voltar-aos-triunfos\/\"]}]},{\"@type\":\"ImageObject\",\"inLanguage\":\"pt-PT\",\"@id\":\"https:\/\/portaltela.pt\/noticias\/2026\/01\/07\/leao-foca-se-em-marcar-golos-para-voltar-aos-triunfos\/#primaryimage\",\"url\":\"https:\/\/portaltela.pt\/s.01k8rhncp4jt1\/2026\/01\/c20b2681-a388-44d4-bbee-34de1c1bd211.jpg\",\"contentUrl\":\"https:\/\/portaltela.pt\/s.01k8rhncp4jt1\/2026\/01\/c20b2681-a388-44d4-bbee-34de1c1bd211.jpg\",\"width\":796,\"height\":448,\"caption\":\"Rafael Le\u00e3o em a\u00e7\u00e3o com a camisola do Milan\"},{\"@type\":\"BreadcrumbList\",\"@id\":\"https:\/\/portaltela.pt\/noticias\/2026\/01\/07\/leao-foca-se-em-marcar-golos-para-voltar-aos-triunfos\/#breadcrumb\",\"itemListElement\":[{\"@type\":\"ListItem\",\"position\":1,\"name\":\"In\u00edcio\",\"item\":\"https:\/\/portaltela.pt\/\"},{\"@type\":\"ListItem\",\"position\":2,\"name\":\"Le\u00e3o foca-se em marcar golos para voltar aos triunfos\"}]},{\"@type\":\"WebSite\",\"@id\":\"https:\/\/portaltela.pt\/#website\",\"url\":\"https:\/\/portaltela.pt\/\",\"name\":\"Portal Tela Portugal\",\"description\":\"\",\"potentialAction\":[{\"@type\":\"SearchAction\",\"target\":{\"@type\":\"EntryPoint\",\"urlTemplate\":\"https:\/\/portaltela.pt\/?s={search_term_string}\"},\"query-input\":{\"@type\":\"PropertyValueSpecification\",\"valueRequired\":true,\"valueName\":\"search_term_string\"}}],\"inLanguage\":\"pt-PT\"},{\"@type\":\"Person\",\"@id\":\"https:\/\/portaltela.pt\/#\/schema\/person\/c4278d4a6028830caff9ee44b42d32ed\",\"name\":\"Telinha\",\"image\":{\"@type\":\"ImageObject\",\"inLanguage\":\"pt-PT\",\"@id\":\"https:\/\/portaltela.pt\/s.01k8rhncp4jt1\/2025\/11\/talking-bot-125x125.png\",\"url\":\"https:\/\/portaltela.pt\/s.01k8rhncp4jt1\/2025\/11\/talking-bot-125x125.png\",\"contentUrl\":\"https:\/\/portaltela.pt\/s.01k8rhncp4jt1\/2025\/11\/talking-bot-125x125.png\",\"caption\":\"Telinha\"},\"sameAs\":[\"https:\/\/portaltela.pt\/\"],\"url\":\"https:\/\/portaltela.pt\/por\/367410592786\/\"}]}<\/script>\n<!-- \/ Yoast SEO plugin. -->","yoast_head_json":{"title":"Le\u00e3o foca-se em marcar golos para voltar aos triunfos - Portal Tela Portugal","robots":{"index":"index","follow":"follow","max-snippet":"max-snippet:-1","max-image-preview":"max-image-preview:large","max-video-preview":"max-video-preview:-1"},"og_locale":"pt_PT","og_type":"article","og_title":"Le\u00e3o foca-se em marcar golos para voltar aos triunfos - Portal Tela Portugal","og_description":"O Milan pode ter Pulisic e Le\u00e3o no onze frente ao G\u00e9nova, quinta-feira, marcando o 200.\u00ba jogo de Allegri ao leme dos rossoneri. Pulisic e Le\u00e3o j\u00e1 jogaram juntos 20 minutos no jogo anterior; se tudo correr bem, podem ser titulares, apesar de ainda n\u00e3o estarem em plena forma, com Pulisic a lidar com um problema muscular e Le\u00e3o com dores no adutor. Le\u00e3o precisa de marcar gols para ser o principal refer\u00eancia no campeonato; Nkunku continua indispon\u00edvel e est\u00e1 previsto estar pronto para a Fiorentina, devido ao tornozelo. Allegri destacou que os pontos na Serie A est\u00e3o mais caros; o G\u00e9nova melhorou com Daniele De Rossi, contando com finalizadores como Lorenzo Colombo. No mercado, chegou Niklas Fullkrug; o Milan espera um mercado tranquilo e trabalha na renova\u00e7\u00e3o de Maignan, mantendo foco em terminar no top four. O treinador elogiou a paix\u00e3o e a humildade de Luka Modric.","og_url":"https:\/\/portaltela.pt\/noticias\/2026\/01\/07\/leao-foca-se-em-marcar-golos-para-voltar-aos-triunfos\/","og_site_name":"Portal Tela Portugal","article_published_time":"2026-01-07T13:17:21+00:00","author":"Telinha","twitter_card":"summary_large_image","twitter_misc":{"Escrito por":"Telinha","Tempo estimado de leitura":"1 minuto"},"schema":{"@context":"https:\/\/schema.org","@graph":[{"@type":"Article","@id":"https:\/\/portaltela.pt\/noticias\/2026\/01\/07\/leao-foca-se-em-marcar-golos-para-voltar-aos-triunfos\/#article","isPartOf":{"@id":"https:\/\/portaltela.pt\/noticias\/2026\/01\/07\/leao-foca-se-em-marcar-golos-para-voltar-aos-triunfos\/"},"author":{"name":"Telinha","@id":"https:\/\/portaltela.pt\/#\/schema\/person\/c4278d4a6028830caff9ee44b42d32ed"},"headline":"Le\u00e3o foca-se em marcar golos para voltar aos triunfos","datePublished":"2026-01-07T13:17:21+00:00","mainEntityOfPage":{"@id":"https:\/\/portaltela.pt\/noticias\/2026\/01\/07\/leao-foca-se-em-marcar-golos-para-voltar-aos-triunfos\/"},"wordCount":276,"image":{"@id":"https:\/\/portaltela.pt\/noticias\/2026\/01\/07\/leao-foca-se-em-marcar-golos-para-voltar-aos-triunfos\/#primaryimage"},"thumbnailUrl":"https:\/\/portaltela.pt\/s.01k8rhncp4jt1\/2026\/01\/c20b2681-a388-44d4-bbee-34de1c1bd211.jpg","keywords":["AC Milan","futebol","jogadores","Le\u00e3o","Luka Modric","mercado da bola"],"articleSection":["Desporto","Futebol"],"inLanguage":"pt-PT"},{"@type":"WebPage","@id":"https:\/\/portaltela.pt\/noticias\/2026\/01\/07\/leao-foca-se-em-marcar-golos-para-voltar-aos-triunfos\/","url":"https:\/\/portaltela.pt\/noticias\/2026\/01\/07\/leao-foca-se-em-marcar-golos-para-voltar-aos-triunfos\/","name":"Le\u00e3o foca-se em marcar golos para voltar aos triunfos - Portal Tela Portugal","isPartOf":{"@id":"https:\/\/portaltela.pt\/#website"},"primaryImageOfPage":{"@id":"https:\/\/portaltela.pt\/noticias\/2026\/01\/07\/leao-foca-se-em-marcar-golos-para-voltar-aos-triunfos\/#primaryimage"},"image":{"@id":"https:\/\/portaltela.pt\/noticias\/2026\/01\/07\/leao-foca-se-em-marcar-golos-para-voltar-aos-triunfos\/#primaryimage"},"thumbnailUrl":"https:\/\/portaltela.pt\/s.01k8rhncp4jt1\/2026\/01\/c20b2681-a388-44d4-bbee-34de1c1bd211.jpg","datePublished":"2026-01-07T13:17:21+00:00","author":{"@id":"https:\/\/portaltela.pt\/#\/schema\/person\/c4278d4a6028830caff9ee44b42d32ed"},"breadcrumb":{"@id":"https:\/\/portaltela.pt\/noticias\/2026\/01\/07\/leao-foca-se-em-marcar-golos-para-voltar-aos-triunfos\/#breadcrumb"},"inLanguage":"pt-PT","potentialAction":[{"@type":"ReadAction","target":["https:\/\/portaltela.pt\/noticias\/2026\/01\/07\/leao-foca-se-em-marcar-golos-para-voltar-aos-triunfos\/"]}]},{"@type":"ImageObject","inLanguage":"pt-PT","@id":"https:\/\/portaltela.pt\/noticias\/2026\/01\/07\/leao-foca-se-em-marcar-golos-para-voltar-aos-triunfos\/#primaryimage","url":"https:\/\/portaltela.pt\/s.01k8rhncp4jt1\/2026\/01\/c20b2681-a388-44d4-bbee-34de1c1bd211.jpg","contentUrl":"https:\/\/portaltela.pt\/s.01k8rhncp4jt1\/2026\/01\/c20b2681-a388-44d4-bbee-34de1c1bd211.jpg","width":796,"height":448,"caption":"Rafael Le\u00e3o em a\u00e7\u00e3o com a camisola do Milan"},{"@type":"BreadcrumbList","@id":"https:\/\/portaltela.pt\/noticias\/2026\/01\/07\/leao-foca-se-em-marcar-golos-para-voltar-aos-triunfos\/#breadcrumb","itemListElement":[{"@type":"ListItem","position":1,"name":"In\u00edcio","item":"https:\/\/portaltela.pt\/"},{"@type":"ListItem","position":2,"name":"Le\u00e3o foca-se em marcar golos para voltar aos triunfos"}]},{"@type":"WebSite","@id":"https:\/\/portaltela.pt\/#website","url":"https:\/\/portaltela.pt\/","name":"Portal Tela Portugal","description":"","potentialAction":[{"@type":"SearchAction","target":{"@type":"EntryPoint","urlTemplate":"https:\/\/portaltela.pt\/?s={search_term_string}"},"query-input":{"@type":"PropertyValueSpecification","valueRequired":true,"valueName":"search_term_string"}}],"inLanguage":"pt-PT"},{"@type":"Person","@id":"https:\/\/portaltela.pt\/#\/schema\/person\/c4278d4a6028830caff9ee44b42d32ed","name":"Telinha","image":{"@type":"ImageObject","inLanguage":"pt-PT","@id":"https:\/\/portaltela.pt\/s.01k8rhncp4jt1\/2025\/11\/talking-bot-125x125.png","url":"https:\/\/portaltela.pt\/s.01k8rhncp4jt1\/2025\/11\/talking-bot-125x125.png","contentUrl":"https:\/\/portaltela.pt\/s.01k8rhncp4jt1\/2025\/11\/talking-bot-125x125.png","caption":"Telinha"},"sameAs":["https:\/\/portaltela.pt\/"],"url":"https:\/\/portaltela.pt\/por\/367410592786\/"}]}},"_links":{"self":[{"href":"https:\/\/portaltela.pt\/api\/wp\/v2\/posts\/123394","targetHints":{"allow":["GET"]}}],"collection":[{"href":"https:\/\/portaltela.pt\/api\/wp\/v2\/posts"}],"about":[{"href":"https:\/\/portaltela.pt\/api\/wp\/v2\/types\/post"}],"author":[{"embeddable":true,"href":"https:\/\/portaltela.pt\/api\/wp\/v2\/users\/2"}],"replies":[{"embeddable":true,"href":"https:\/\/portaltela.pt\/api\/wp\/v2\/comments?post=123394"}],"version-history":[{"count":0,"href":"https:\/\/portaltela.pt\/api\/wp\/v2\/posts\/123394\/revisions"}],"wp:featuredmedia":[{"embeddable":true,"href":"https:\/\/portaltela.pt\/api\/wp\/v2\/media\/123396"}],"wp:attachment":[{"href":"https:\/\/portaltela.pt\/api\/wp\/v2\/media?parent=123394"}],"wp:term":[{"taxonomy":"category","embeddable":true,"href":"https:\/\/portaltela.pt\/api\/wp\/v2\/categories?post=123394"},{"taxonomy":"post_tag","embeddable":true,"href":"https:\/\/portaltela.pt\/api\/wp\/v2\/tags?post=123394"}],"curies":[{"name":"wp","href":"https:\/\/api.w.org\/{rel}","templated":true}]}}