{"id":123348,"date":"2026-01-07T09:58:00","date_gmt":"2026-01-07T12:58:00","guid":{"rendered":"https:\/\/portaltela.pt\/noticias\/2026\/01\/07\/franca-despede-se-de-brigitte-bardot-em-funeral-em-saint-tropez\/"},"modified":"2026-01-07T09:58:00","modified_gmt":"2026-01-07T12:58:00","slug":"franca-despede-se-de-brigitte-bardot-em-funeral-em-saint-tropez","status":"publish","type":"post","link":"https:\/\/portaltela.pt\/noticias\/internacional\/2026\/01\/07\/franca-despede-se-de-brigitte-bardot-em-funeral-em-saint-tropez\/","title":{"rendered":"Fran\u00e7a despede-se de Brigitte Bardot em funeral em Saint-Tropez"},"content":{"rendered":"<p>O funeral de Brigitte Bardot realizou-se na igreja Notre-Dame-de-l\u2019Assomption, em Saint-Tropez, com uma larga participa\u00e7\u00e3o de f\u00e3s, vizinhos e figuras p\u00fablicas. O cortejo foi seguido na pra\u00e7a central pela multid\u00e3o, que acompanhou a cerim\u00f3nia transmitida em direto pela televis\u00e3o francesa e num \u00e9cran gigante na rua. Bardot morreu aos 91 anos, no final de Dezembro de 2025.<\/p>\n<p>Ao longo do dia, diversas homenagens foram apresentadas no interior da igreja. No altar, ficou exposta uma fotografia a preto e branco da atriz a abra\u00e7ar uma foca, com a legenda Merci Brigitte. Do lado de fora, apoiantes ergueram cartazes em reconhecimento ao seu trabalho no cinema e na defesa dos animais.<\/p>\n<p>Na primeira fila estiveram familiares pr\u00f3ximos, incluindo o filho Nicolas-Jacques Charrier e a neta Th\u00e9a, acompanhada do marido e dos filhos. Entre os presentes estavam membros da pol\u00edtica, da cultura e do cinema, incluindo Aurore Berg\u00e9, Mireille Mathieu e Marine Le Pen, bem como figuras da moda e da imprensa.<\/p>\n<h3>Desloca\u00e7\u00e3o e organiza\u00e7\u00e3o<\/h3>\n<p>A cerim\u00f3nia decorreu \u00e0s 10h locais, com a organiza\u00e7\u00e3o a privilegiar o acesso controlado ao espa\u00e7o. A aus\u00eancia mais marcante foi a do Presidente franc\u00eas Emmanuel Macron, que n\u00e3o participou na homenagem p\u00fablica anunciada para Saint-Tropez. A cerim\u00f3nia contou com presen\u00e7a de convidados estrangeiros, jornalistas e representantes de organiza\u00e7\u00f5es ligadas \u00e0 prote\u00e7\u00e3o animal.<\/p>\n<p>Ao fim da cerim\u00f3nia, o caix\u00e3o foi transportado pela cidade, passando pelas ruas onde a multid\u00e3o prestou uma \u00faltima despedida a Bardot. As coroas de flores e as mensagens de gratid\u00e3o destacaram o legado da atriz e ativista.<\/p>\n","protected":false},"excerpt":{"rendered":"<ul>\n<li>Saint-Tropez recebeu a cerim\u00f3nia f\u00fanebre de Brigitte Bardot, com f\u00e3s e moradores reunidos junto \u00e0 igreja Notre-Dame-de-l\u2019Assomption para o adeus.<\/li>\n<li>O funeral realizou-se por volta das 10h locais e foi transmitido em directo, com a pra\u00e7a da cidade a acompanhar.<\/li>\n<li>O caix\u00e3o, coberto de flores laranjas e amarelas, foi conduzido para a igreja; no interior ficou exposta uma fotografia a preto e branco de Bardot a abra\u00e7ar uma cria de foca, com a dedicat\u00f3ria \u201cMerci Brigitte.\u201d<\/li>\n<li>A fam\u00edlia ocupou a primeira fila, incluindo o filho Nicolas-Jacques Charrier e a neta Th\u00e9a, acompanhados por outros familiares; ao exterior, f\u00e3s e observadores deixaram mensagens e coroas.<\/li>\n<li>Entre as aus\u00eancias esteve o Presidente da Fran\u00e7a, Emmanuel Macron; est\u00e1 prevista uma homenagem p\u00fablica adicional posteriormente.<\/li>\n<\/ul>\n","protected":false},"author":2,"featured_media":123349,"comment_status":"closed","ping_status":"closed","sticky":false,"template":"","format":"standard","meta":{"footnotes":""},"categories":[4,1],"tags":[76,112,1856,506,2571,40],"class_list":["post-123348","post","type-post","status-publish","format-standard","has-post-thumbnail","hentry","category-internacional","category-noticias","tag-celebridades","tag-cinema","tag-franca","tag-imprensa","tag-marine-le-pen","tag-pessoas"],"yoast_head":"<!-- This site is optimized with the Yoast SEO plugin v27.2 - https:\/\/yoast.com\/product\/yoast-seo-wordpress\/ -->\n<title>Fran\u00e7a despede-se de Brigitte Bardot em funeral em Saint-Tropez - Portal Tela Portugal<\/title>\n<meta name=\"robots\" content=\"index, follow, max-snippet:-1, max-image-preview:large, max-video-preview:-1\" \/>\n<meta property=\"og:locale\" content=\"pt_PT\" \/>\n<meta property=\"og:type\" content=\"article\" \/>\n<meta property=\"og:title\" content=\"Fran\u00e7a despede-se de Brigitte Bardot em funeral em Saint-Tropez - Portal Tela Portugal\" \/>\n<meta property=\"og:description\" content=\"Saint-Tropez recebeu a cerim\u00f3nia f\u00fanebre de Brigitte Bardot, com f\u00e3s e moradores reunidos junto \u00e0 igreja Notre-Dame-de-l\u2019Assomption para o adeus. O funeral realizou-se por volta das 10h locais e foi transmitido em directo, com a pra\u00e7a da cidade a acompanhar. O caix\u00e3o, coberto de flores laranjas e amarelas, foi conduzido para a igreja; no interior ficou exposta uma fotografia a preto e branco de Bardot a abra\u00e7ar uma cria de foca, com a dedicat\u00f3ria \u201cMerci Brigitte.\u201d A fam\u00edlia ocupou a primeira fila, incluindo o filho Nicolas-Jacques Charrier e a neta Th\u00e9a, acompanhados por outros familiares; ao exterior, f\u00e3s e observadores deixaram mensagens e coroas. Entre as aus\u00eancias esteve o Presidente da Fran\u00e7a, Emmanuel Macron; est\u00e1 prevista uma homenagem p\u00fablica adicional posteriormente.\" \/>\n<meta property=\"og:url\" content=\"https:\/\/portaltela.pt\/noticias\/2026\/01\/07\/franca-despede-se-de-brigitte-bardot-em-funeral-em-saint-tropez\/\" \/>\n<meta property=\"og:site_name\" content=\"Portal Tela Portugal\" \/>\n<meta property=\"article:published_time\" content=\"2026-01-07T12:58:00+00:00\" \/>\n<meta name=\"author\" content=\"Telinha\" \/>\n<meta name=\"twitter:card\" content=\"summary_large_image\" \/>\n<meta name=\"twitter:label1\" content=\"Escrito por\" \/>\n\t<meta name=\"twitter:data1\" content=\"Telinha\" \/>\n\t<meta name=\"twitter:label2\" content=\"Tempo estimado de leitura\" \/>\n\t<meta name=\"twitter:data2\" content=\"1 minuto\" \/>\n<script type=\"application\/ld+json\" class=\"yoast-schema-graph\">{\"@context\":\"https:\/\/schema.org\",\"@graph\":[{\"@type\":\"Article\",\"@id\":\"https:\/\/portaltela.pt\/noticias\/2026\/01\/07\/franca-despede-se-de-brigitte-bardot-em-funeral-em-saint-tropez\/#article\",\"isPartOf\":{\"@id\":\"https:\/\/portaltela.pt\/noticias\/2026\/01\/07\/franca-despede-se-de-brigitte-bardot-em-funeral-em-saint-tropez\/\"},\"author\":{\"name\":\"Telinha\",\"@id\":\"https:\/\/portaltela.pt\/#\/schema\/person\/c4278d4a6028830caff9ee44b42d32ed\"},\"headline\":\"Fran\u00e7a despede-se de Brigitte Bardot em funeral em Saint-Tropez\",\"datePublished\":\"2026-01-07T12:58:00+00:00\",\"mainEntityOfPage\":{\"@id\":\"https:\/\/portaltela.pt\/noticias\/2026\/01\/07\/franca-despede-se-de-brigitte-bardot-em-funeral-em-saint-tropez\/\"},\"wordCount\":289,\"image\":{\"@id\":\"https:\/\/portaltela.pt\/noticias\/2026\/01\/07\/franca-despede-se-de-brigitte-bardot-em-funeral-em-saint-tropez\/#primaryimage\"},\"thumbnailUrl\":\"https:\/\/portaltela.pt\/s.01k8rhncp4jt1\/2026\/01\/2057099.jpg\",\"keywords\":[\"celebridades\",\"cinema\",\"Fran\u00e7a\",\"imprensa\",\"Marine Le Pen\",\"pessoas\"],\"articleSection\":[\"Internacional\",\"Not\u00edcias\"],\"inLanguage\":\"pt-PT\"},{\"@type\":\"WebPage\",\"@id\":\"https:\/\/portaltela.pt\/noticias\/2026\/01\/07\/franca-despede-se-de-brigitte-bardot-em-funeral-em-saint-tropez\/\",\"url\":\"https:\/\/portaltela.pt\/noticias\/2026\/01\/07\/franca-despede-se-de-brigitte-bardot-em-funeral-em-saint-tropez\/\",\"name\":\"Fran\u00e7a despede-se de Brigitte Bardot em funeral em Saint-Tropez - Portal Tela Portugal\",\"isPartOf\":{\"@id\":\"https:\/\/portaltela.pt\/#website\"},\"primaryImageOfPage\":{\"@id\":\"https:\/\/portaltela.pt\/noticias\/2026\/01\/07\/franca-despede-se-de-brigitte-bardot-em-funeral-em-saint-tropez\/#primaryimage\"},\"image\":{\"@id\":\"https:\/\/portaltela.pt\/noticias\/2026\/01\/07\/franca-despede-se-de-brigitte-bardot-em-funeral-em-saint-tropez\/#primaryimage\"},\"thumbnailUrl\":\"https:\/\/portaltela.pt\/s.01k8rhncp4jt1\/2026\/01\/2057099.jpg\",\"datePublished\":\"2026-01-07T12:58:00+00:00\",\"author\":{\"@id\":\"https:\/\/portaltela.pt\/#\/schema\/person\/c4278d4a6028830caff9ee44b42d32ed\"},\"breadcrumb\":{\"@id\":\"https:\/\/portaltela.pt\/noticias\/2026\/01\/07\/franca-despede-se-de-brigitte-bardot-em-funeral-em-saint-tropez\/#breadcrumb\"},\"inLanguage\":\"pt-PT\",\"potentialAction\":[{\"@type\":\"ReadAction\",\"target\":[\"https:\/\/portaltela.pt\/noticias\/2026\/01\/07\/franca-despede-se-de-brigitte-bardot-em-funeral-em-saint-tropez\/\"]}]},{\"@type\":\"ImageObject\",\"inLanguage\":\"pt-PT\",\"@id\":\"https:\/\/portaltela.pt\/noticias\/2026\/01\/07\/franca-despede-se-de-brigitte-bardot-em-funeral-em-saint-tropez\/#primaryimage\",\"url\":\"https:\/\/portaltela.pt\/s.01k8rhncp4jt1\/2026\/01\/2057099.jpg\",\"contentUrl\":\"https:\/\/portaltela.pt\/s.01k8rhncp4jt1\/2026\/01\/2057099.jpg\",\"width\":796,\"height\":448,\"caption\":\"O caix\u00e3o de Brigitte Bardot na chegada ao funeral\"},{\"@type\":\"BreadcrumbList\",\"@id\":\"https:\/\/portaltela.pt\/noticias\/2026\/01\/07\/franca-despede-se-de-brigitte-bardot-em-funeral-em-saint-tropez\/#breadcrumb\",\"itemListElement\":[{\"@type\":\"ListItem\",\"position\":1,\"name\":\"In\u00edcio\",\"item\":\"https:\/\/portaltela.pt\/\"},{\"@type\":\"ListItem\",\"position\":2,\"name\":\"Fran\u00e7a despede-se de Brigitte Bardot em funeral em Saint-Tropez\"}]},{\"@type\":\"WebSite\",\"@id\":\"https:\/\/portaltela.pt\/#website\",\"url\":\"https:\/\/portaltela.pt\/\",\"name\":\"Portal Tela Portugal\",\"description\":\"\",\"potentialAction\":[{\"@type\":\"SearchAction\",\"target\":{\"@type\":\"EntryPoint\",\"urlTemplate\":\"https:\/\/portaltela.pt\/?s={search_term_string}\"},\"query-input\":{\"@type\":\"PropertyValueSpecification\",\"valueRequired\":true,\"valueName\":\"search_term_string\"}}],\"inLanguage\":\"pt-PT\"},{\"@type\":\"Person\",\"@id\":\"https:\/\/portaltela.pt\/#\/schema\/person\/c4278d4a6028830caff9ee44b42d32ed\",\"name\":\"Telinha\",\"image\":{\"@type\":\"ImageObject\",\"inLanguage\":\"pt-PT\",\"@id\":\"https:\/\/portaltela.pt\/s.01k8rhncp4jt1\/2025\/11\/talking-bot-125x125.png\",\"url\":\"https:\/\/portaltela.pt\/s.01k8rhncp4jt1\/2025\/11\/talking-bot-125x125.png\",\"contentUrl\":\"https:\/\/portaltela.pt\/s.01k8rhncp4jt1\/2025\/11\/talking-bot-125x125.png\",\"caption\":\"Telinha\"},\"sameAs\":[\"https:\/\/portaltela.pt\/\"],\"url\":\"https:\/\/portaltela.pt\/por\/367410592786\/\"}]}<\/script>\n<!-- \/ Yoast SEO plugin. -->","yoast_head_json":{"title":"Fran\u00e7a despede-se de Brigitte Bardot em funeral em Saint-Tropez - Portal Tela Portugal","robots":{"index":"index","follow":"follow","max-snippet":"max-snippet:-1","max-image-preview":"max-image-preview:large","max-video-preview":"max-video-preview:-1"},"og_locale":"pt_PT","og_type":"article","og_title":"Fran\u00e7a despede-se de Brigitte Bardot em funeral em Saint-Tropez - Portal Tela Portugal","og_description":"Saint-Tropez recebeu a cerim\u00f3nia f\u00fanebre de Brigitte Bardot, com f\u00e3s e moradores reunidos junto \u00e0 igreja Notre-Dame-de-l\u2019Assomption para o adeus. O funeral realizou-se por volta das 10h locais e foi transmitido em directo, com a pra\u00e7a da cidade a acompanhar. O caix\u00e3o, coberto de flores laranjas e amarelas, foi conduzido para a igreja; no interior ficou exposta uma fotografia a preto e branco de Bardot a abra\u00e7ar uma cria de foca, com a dedicat\u00f3ria \u201cMerci Brigitte.\u201d A fam\u00edlia ocupou a primeira fila, incluindo o filho Nicolas-Jacques Charrier e a neta Th\u00e9a, acompanhados por outros familiares; ao exterior, f\u00e3s e observadores deixaram mensagens e coroas. Entre as aus\u00eancias esteve o Presidente da Fran\u00e7a, Emmanuel Macron; est\u00e1 prevista uma homenagem p\u00fablica adicional posteriormente.","og_url":"https:\/\/portaltela.pt\/noticias\/2026\/01\/07\/franca-despede-se-de-brigitte-bardot-em-funeral-em-saint-tropez\/","og_site_name":"Portal Tela Portugal","article_published_time":"2026-01-07T12:58:00+00:00","author":"Telinha","twitter_card":"summary_large_image","twitter_misc":{"Escrito por":"Telinha","Tempo estimado de leitura":"1 minuto"},"schema":{"@context":"https:\/\/schema.org","@graph":[{"@type":"Article","@id":"https:\/\/portaltela.pt\/noticias\/2026\/01\/07\/franca-despede-se-de-brigitte-bardot-em-funeral-em-saint-tropez\/#article","isPartOf":{"@id":"https:\/\/portaltela.pt\/noticias\/2026\/01\/07\/franca-despede-se-de-brigitte-bardot-em-funeral-em-saint-tropez\/"},"author":{"name":"Telinha","@id":"https:\/\/portaltela.pt\/#\/schema\/person\/c4278d4a6028830caff9ee44b42d32ed"},"headline":"Fran\u00e7a despede-se de Brigitte Bardot em funeral em Saint-Tropez","datePublished":"2026-01-07T12:58:00+00:00","mainEntityOfPage":{"@id":"https:\/\/portaltela.pt\/noticias\/2026\/01\/07\/franca-despede-se-de-brigitte-bardot-em-funeral-em-saint-tropez\/"},"wordCount":289,"image":{"@id":"https:\/\/portaltela.pt\/noticias\/2026\/01\/07\/franca-despede-se-de-brigitte-bardot-em-funeral-em-saint-tropez\/#primaryimage"},"thumbnailUrl":"https:\/\/portaltela.pt\/s.01k8rhncp4jt1\/2026\/01\/2057099.jpg","keywords":["celebridades","cinema","Fran\u00e7a","imprensa","Marine Le Pen","pessoas"],"articleSection":["Internacional","Not\u00edcias"],"inLanguage":"pt-PT"},{"@type":"WebPage","@id":"https:\/\/portaltela.pt\/noticias\/2026\/01\/07\/franca-despede-se-de-brigitte-bardot-em-funeral-em-saint-tropez\/","url":"https:\/\/portaltela.pt\/noticias\/2026\/01\/07\/franca-despede-se-de-brigitte-bardot-em-funeral-em-saint-tropez\/","name":"Fran\u00e7a despede-se de Brigitte Bardot em funeral em Saint-Tropez - Portal Tela Portugal","isPartOf":{"@id":"https:\/\/portaltela.pt\/#website"},"primaryImageOfPage":{"@id":"https:\/\/portaltela.pt\/noticias\/2026\/01\/07\/franca-despede-se-de-brigitte-bardot-em-funeral-em-saint-tropez\/#primaryimage"},"image":{"@id":"https:\/\/portaltela.pt\/noticias\/2026\/01\/07\/franca-despede-se-de-brigitte-bardot-em-funeral-em-saint-tropez\/#primaryimage"},"thumbnailUrl":"https:\/\/portaltela.pt\/s.01k8rhncp4jt1\/2026\/01\/2057099.jpg","datePublished":"2026-01-07T12:58:00+00:00","author":{"@id":"https:\/\/portaltela.pt\/#\/schema\/person\/c4278d4a6028830caff9ee44b42d32ed"},"breadcrumb":{"@id":"https:\/\/portaltela.pt\/noticias\/2026\/01\/07\/franca-despede-se-de-brigitte-bardot-em-funeral-em-saint-tropez\/#breadcrumb"},"inLanguage":"pt-PT","potentialAction":[{"@type":"ReadAction","target":["https:\/\/portaltela.pt\/noticias\/2026\/01\/07\/franca-despede-se-de-brigitte-bardot-em-funeral-em-saint-tropez\/"]}]},{"@type":"ImageObject","inLanguage":"pt-PT","@id":"https:\/\/portaltela.pt\/noticias\/2026\/01\/07\/franca-despede-se-de-brigitte-bardot-em-funeral-em-saint-tropez\/#primaryimage","url":"https:\/\/portaltela.pt\/s.01k8rhncp4jt1\/2026\/01\/2057099.jpg","contentUrl":"https:\/\/portaltela.pt\/s.01k8rhncp4jt1\/2026\/01\/2057099.jpg","width":796,"height":448,"caption":"O caix\u00e3o de Brigitte Bardot na chegada ao funeral"},{"@type":"BreadcrumbList","@id":"https:\/\/portaltela.pt\/noticias\/2026\/01\/07\/franca-despede-se-de-brigitte-bardot-em-funeral-em-saint-tropez\/#breadcrumb","itemListElement":[{"@type":"ListItem","position":1,"name":"In\u00edcio","item":"https:\/\/portaltela.pt\/"},{"@type":"ListItem","position":2,"name":"Fran\u00e7a despede-se de Brigitte Bardot em funeral em Saint-Tropez"}]},{"@type":"WebSite","@id":"https:\/\/portaltela.pt\/#website","url":"https:\/\/portaltela.pt\/","name":"Portal Tela Portugal","description":"","potentialAction":[{"@type":"SearchAction","target":{"@type":"EntryPoint","urlTemplate":"https:\/\/portaltela.pt\/?s={search_term_string}"},"query-input":{"@type":"PropertyValueSpecification","valueRequired":true,"valueName":"search_term_string"}}],"inLanguage":"pt-PT"},{"@type":"Person","@id":"https:\/\/portaltela.pt\/#\/schema\/person\/c4278d4a6028830caff9ee44b42d32ed","name":"Telinha","image":{"@type":"ImageObject","inLanguage":"pt-PT","@id":"https:\/\/portaltela.pt\/s.01k8rhncp4jt1\/2025\/11\/talking-bot-125x125.png","url":"https:\/\/portaltela.pt\/s.01k8rhncp4jt1\/2025\/11\/talking-bot-125x125.png","contentUrl":"https:\/\/portaltela.pt\/s.01k8rhncp4jt1\/2025\/11\/talking-bot-125x125.png","caption":"Telinha"},"sameAs":["https:\/\/portaltela.pt\/"],"url":"https:\/\/portaltela.pt\/por\/367410592786\/"}]}},"_links":{"self":[{"href":"https:\/\/portaltela.pt\/api\/wp\/v2\/posts\/123348","targetHints":{"allow":["GET"]}}],"collection":[{"href":"https:\/\/portaltela.pt\/api\/wp\/v2\/posts"}],"about":[{"href":"https:\/\/portaltela.pt\/api\/wp\/v2\/types\/post"}],"author":[{"embeddable":true,"href":"https:\/\/portaltela.pt\/api\/wp\/v2\/users\/2"}],"replies":[{"embeddable":true,"href":"https:\/\/portaltela.pt\/api\/wp\/v2\/comments?post=123348"}],"version-history":[{"count":0,"href":"https:\/\/portaltela.pt\/api\/wp\/v2\/posts\/123348\/revisions"}],"wp:featuredmedia":[{"embeddable":true,"href":"https:\/\/portaltela.pt\/api\/wp\/v2\/media\/123349"}],"wp:attachment":[{"href":"https:\/\/portaltela.pt\/api\/wp\/v2\/media?parent=123348"}],"wp:term":[{"taxonomy":"category","embeddable":true,"href":"https:\/\/portaltela.pt\/api\/wp\/v2\/categories?post=123348"},{"taxonomy":"post_tag","embeddable":true,"href":"https:\/\/portaltela.pt\/api\/wp\/v2\/tags?post=123348"}],"curies":[{"name":"wp","href":"https:\/\/api.w.org\/{rel}","templated":true}]}}