{"id":123324,"date":"2026-01-07T09:56:13","date_gmt":"2026-01-07T12:56:13","guid":{"rendered":"https:\/\/portaltela.pt\/noticias\/2026\/01\/07\/guine-equatorial-muda-capital-de-malabo-para-cidade-da-paz\/"},"modified":"2026-01-07T09:56:13","modified_gmt":"2026-01-07T12:56:13","slug":"guine-equatorial-muda-capital-de-malabo-para-cidade-da-paz","status":"publish","type":"post","link":"https:\/\/portaltela.pt\/noticias\/politica\/2026\/01\/07\/guine-equatorial-muda-capital-de-malabo-para-cidade-da-paz\/","title":{"rendered":"Guin\u00e9 Equatorial muda capital de Malabo para Cidade da Paz"},"content":{"rendered":"<p>A Guin\u00e9 Equatorial escolheu a Cidade da Paz como nova capital administrativa, substituindo Malabo. A decis\u00e3o foi anunciada atrav\u00e9s de um decreto assinado pelo Presidente Teodoro Obiang, que aponta a descentraliza\u00e7\u00e3o das fun\u00e7\u00f5es do Estado para promover o desenvolvimento equilibrado e a coes\u00e3o territorial.<\/p>\n<p>O diploma descreve os crescimentos urbanos desordenados em Malabo, na ilha de Bioko, e em Bata, na regi\u00e3o continental, que t\u00eam pressionado servi\u00e7os p\u00fablicos, infraestruturas de transporte e redes de comunica\u00e7\u00e3o, gerando desigualdades regionais. A mudan\u00e7a visa gerir melhor as oportunidades e servi\u00e7os em todo o territ\u00f3rio.<\/p>\n<p>A Cidade da Paz, tamb\u00e9m conhecida como Djibloho ou Oyala, fica a cerca de 70 quil\u00f3metros de Mongomo, cidade natal de Obiang, e junto \u00e0 fronteira com o Gab\u00e3o. Djibloho foi inaugurada como prov\u00edncia em 2017, desenvolvida com infraestruturas modernas e desenhada por um gabinete portugu\u00eas de arquitetura e urbanismo. O Presidente considerou-a localiza\u00e7\u00e3o estrat\u00e9gica para acolher a administra\u00e7\u00e3o p\u00fablica moderna.<\/p>\n","protected":false},"excerpt":{"rendered":"<ul>\n<li>O Presidente Teodoro Obiang designou a Cidade da Paz (Djibloho\/Oyala) como nova capital administrativa da Guin\u00e9 Equatorial, substituindo Malabo.<\/li>\n<li>A mudan\u00e7a decorre da pol\u00edtica de desenvolvimento equilibrado, coes\u00e3o territorial e descentraliza\u00e7\u00e3o das fun\u00e7\u00f5es do Estado.<\/li>\n<li>Malabo e Bata cresceram desordenadamente nas \u00faltimas d\u00e9cadas, gerando press\u00e3o sobre servi\u00e7os, desigualdade regional e sistemas de transporte.<\/li>\n<li>A Cidade da Paz \u00e9 um projeto urbano na zona continental, inaugurado como prov\u00edncia em dois mil e dezessete, a cerca de setenta quil\u00f4metros de Mongomo.<\/li>\n<li>O decreto justifica a escolha pela localiza\u00e7\u00e3o estrat\u00e9gica, capacidade para acolher infraestruturas modernas e conectividade regional; o projeto foi desenvolvido por um gabinete portugu\u00eas de arquitetura.<\/li>\n<\/ul>\n","protected":false},"author":2,"featured_media":123330,"comment_status":"closed","ping_status":"closed","sticky":false,"template":"","format":"standard","meta":{"footnotes":""},"categories":[1,5],"tags":[168,1275,1409,2564,258,2540],"class_list":["post-123324","post","type-post","status-publish","format-standard","has-post-thumbnail","hentry","category-noticias","category-politica","tag-administracao-publica","tag-descentralizacao-territorial","tag-desenvolvimento-regional","tag-guine-equatorial","tag-infraestruturas","tag-territorio"],"yoast_head":"<!-- This site is optimized with the Yoast SEO plugin v27.2 - https:\/\/yoast.com\/product\/yoast-seo-wordpress\/ -->\n<title>Guin\u00e9 Equatorial muda capital de Malabo para Cidade da Paz - Portal Tela Portugal<\/title>\n<meta name=\"robots\" content=\"index, follow, max-snippet:-1, max-image-preview:large, max-video-preview:-1\" \/>\n<meta property=\"og:locale\" content=\"pt_PT\" \/>\n<meta property=\"og:type\" content=\"article\" \/>\n<meta property=\"og:title\" content=\"Guin\u00e9 Equatorial muda capital de Malabo para Cidade da Paz - Portal Tela Portugal\" \/>\n<meta property=\"og:description\" content=\"O Presidente Teodoro Obiang designou a Cidade da Paz (Djibloho\/Oyala) como nova capital administrativa da Guin\u00e9 Equatorial, substituindo Malabo. A mudan\u00e7a decorre da pol\u00edtica de desenvolvimento equilibrado, coes\u00e3o territorial e descentraliza\u00e7\u00e3o das fun\u00e7\u00f5es do Estado. Malabo e Bata cresceram desordenadamente nas \u00faltimas d\u00e9cadas, gerando press\u00e3o sobre servi\u00e7os, desigualdade regional e sistemas de transporte. A Cidade da Paz \u00e9 um projeto urbano na zona continental, inaugurado como prov\u00edncia em dois mil e dezessete, a cerca de setenta quil\u00f4metros de Mongomo. O decreto justifica a escolha pela localiza\u00e7\u00e3o estrat\u00e9gica, capacidade para acolher infraestruturas modernas e conectividade regional; o projeto foi desenvolvido por um gabinete portugu\u00eas de arquitetura.\" \/>\n<meta property=\"og:url\" content=\"https:\/\/portaltela.pt\/noticias\/2026\/01\/07\/guine-equatorial-muda-capital-de-malabo-para-cidade-da-paz\/\" \/>\n<meta property=\"og:site_name\" content=\"Portal Tela Portugal\" \/>\n<meta property=\"article:published_time\" content=\"2026-01-07T12:56:13+00:00\" \/>\n<meta name=\"author\" content=\"Telinha\" \/>\n<meta name=\"twitter:card\" content=\"summary_large_image\" \/>\n<meta name=\"twitter:label1\" content=\"Escrito por\" \/>\n\t<meta name=\"twitter:data1\" content=\"Telinha\" \/>\n\t<meta name=\"twitter:label2\" content=\"Tempo estimado de leitura\" \/>\n\t<meta name=\"twitter:data2\" content=\"1 minuto\" \/>\n<script type=\"application\/ld+json\" class=\"yoast-schema-graph\">{\"@context\":\"https:\/\/schema.org\",\"@graph\":[{\"@type\":\"Article\",\"@id\":\"https:\/\/portaltela.pt\/noticias\/2026\/01\/07\/guine-equatorial-muda-capital-de-malabo-para-cidade-da-paz\/#article\",\"isPartOf\":{\"@id\":\"https:\/\/portaltela.pt\/noticias\/2026\/01\/07\/guine-equatorial-muda-capital-de-malabo-para-cidade-da-paz\/\"},\"author\":{\"name\":\"Telinha\",\"@id\":\"https:\/\/portaltela.pt\/#\/schema\/person\/c4278d4a6028830caff9ee44b42d32ed\"},\"headline\":\"Guin\u00e9 Equatorial muda capital de Malabo para Cidade da Paz\",\"datePublished\":\"2026-01-07T12:56:13+00:00\",\"mainEntityOfPage\":{\"@id\":\"https:\/\/portaltela.pt\/noticias\/2026\/01\/07\/guine-equatorial-muda-capital-de-malabo-para-cidade-da-paz\/\"},\"wordCount\":181,\"image\":{\"@id\":\"https:\/\/portaltela.pt\/noticias\/2026\/01\/07\/guine-equatorial-muda-capital-de-malabo-para-cidade-da-paz\/#primaryimage\"},\"thumbnailUrl\":\"https:\/\/portaltela.pt\/s.01k8rhncp4jt1\/2026\/01\/unnamed-file-1351.jpg\",\"keywords\":[\"administra\u00e7\u00e3o p\u00fablica\",\"descentraliza\u00e7\u00e3o territorial\",\"desenvolvimento regional\",\"Guin\u00e9 Equatorial\",\"infraestruturas\",\"Territ\u00f3rio\"],\"articleSection\":[\"Not\u00edcias\",\"Pol\u00edtica\"],\"inLanguage\":\"pt-PT\"},{\"@type\":\"WebPage\",\"@id\":\"https:\/\/portaltela.pt\/noticias\/2026\/01\/07\/guine-equatorial-muda-capital-de-malabo-para-cidade-da-paz\/\",\"url\":\"https:\/\/portaltela.pt\/noticias\/2026\/01\/07\/guine-equatorial-muda-capital-de-malabo-para-cidade-da-paz\/\",\"name\":\"Guin\u00e9 Equatorial muda capital de Malabo para Cidade da Paz - Portal Tela Portugal\",\"isPartOf\":{\"@id\":\"https:\/\/portaltela.pt\/#website\"},\"primaryImageOfPage\":{\"@id\":\"https:\/\/portaltela.pt\/noticias\/2026\/01\/07\/guine-equatorial-muda-capital-de-malabo-para-cidade-da-paz\/#primaryimage\"},\"image\":{\"@id\":\"https:\/\/portaltela.pt\/noticias\/2026\/01\/07\/guine-equatorial-muda-capital-de-malabo-para-cidade-da-paz\/#primaryimage\"},\"thumbnailUrl\":\"https:\/\/portaltela.pt\/s.01k8rhncp4jt1\/2026\/01\/unnamed-file-1351.jpg\",\"datePublished\":\"2026-01-07T12:56:13+00:00\",\"author\":{\"@id\":\"https:\/\/portaltela.pt\/#\/schema\/person\/c4278d4a6028830caff9ee44b42d32ed\"},\"breadcrumb\":{\"@id\":\"https:\/\/portaltela.pt\/noticias\/2026\/01\/07\/guine-equatorial-muda-capital-de-malabo-para-cidade-da-paz\/#breadcrumb\"},\"inLanguage\":\"pt-PT\",\"potentialAction\":[{\"@type\":\"ReadAction\",\"target\":[\"https:\/\/portaltela.pt\/noticias\/2026\/01\/07\/guine-equatorial-muda-capital-de-malabo-para-cidade-da-paz\/\"]}]},{\"@type\":\"ImageObject\",\"inLanguage\":\"pt-PT\",\"@id\":\"https:\/\/portaltela.pt\/noticias\/2026\/01\/07\/guine-equatorial-muda-capital-de-malabo-para-cidade-da-paz\/#primaryimage\",\"url\":\"https:\/\/portaltela.pt\/s.01k8rhncp4jt1\/2026\/01\/unnamed-file-1351.jpg\",\"contentUrl\":\"https:\/\/portaltela.pt\/s.01k8rhncp4jt1\/2026\/01\/unnamed-file-1351.jpg\",\"width\":796,\"height\":448,\"caption\":\"Guin\u00e9 Equatorial muda capital do pa\u00eds de Malabo para Cidade da Paz\"},{\"@type\":\"BreadcrumbList\",\"@id\":\"https:\/\/portaltela.pt\/noticias\/2026\/01\/07\/guine-equatorial-muda-capital-de-malabo-para-cidade-da-paz\/#breadcrumb\",\"itemListElement\":[{\"@type\":\"ListItem\",\"position\":1,\"name\":\"In\u00edcio\",\"item\":\"https:\/\/portaltela.pt\/\"},{\"@type\":\"ListItem\",\"position\":2,\"name\":\"Guin\u00e9 Equatorial muda capital de Malabo para Cidade da Paz\"}]},{\"@type\":\"WebSite\",\"@id\":\"https:\/\/portaltela.pt\/#website\",\"url\":\"https:\/\/portaltela.pt\/\",\"name\":\"Portal Tela Portugal\",\"description\":\"\",\"potentialAction\":[{\"@type\":\"SearchAction\",\"target\":{\"@type\":\"EntryPoint\",\"urlTemplate\":\"https:\/\/portaltela.pt\/?s={search_term_string}\"},\"query-input\":{\"@type\":\"PropertyValueSpecification\",\"valueRequired\":true,\"valueName\":\"search_term_string\"}}],\"inLanguage\":\"pt-PT\"},{\"@type\":\"Person\",\"@id\":\"https:\/\/portaltela.pt\/#\/schema\/person\/c4278d4a6028830caff9ee44b42d32ed\",\"name\":\"Telinha\",\"image\":{\"@type\":\"ImageObject\",\"inLanguage\":\"pt-PT\",\"@id\":\"https:\/\/portaltela.pt\/s.01k8rhncp4jt1\/2025\/11\/talking-bot-125x125.png\",\"url\":\"https:\/\/portaltela.pt\/s.01k8rhncp4jt1\/2025\/11\/talking-bot-125x125.png\",\"contentUrl\":\"https:\/\/portaltela.pt\/s.01k8rhncp4jt1\/2025\/11\/talking-bot-125x125.png\",\"caption\":\"Telinha\"},\"sameAs\":[\"https:\/\/portaltela.pt\/\"],\"url\":\"https:\/\/portaltela.pt\/por\/367410592786\/\"}]}<\/script>\n<!-- \/ Yoast SEO plugin. -->","yoast_head_json":{"title":"Guin\u00e9 Equatorial muda capital de Malabo para Cidade da Paz - Portal Tela Portugal","robots":{"index":"index","follow":"follow","max-snippet":"max-snippet:-1","max-image-preview":"max-image-preview:large","max-video-preview":"max-video-preview:-1"},"og_locale":"pt_PT","og_type":"article","og_title":"Guin\u00e9 Equatorial muda capital de Malabo para Cidade da Paz - Portal Tela Portugal","og_description":"O Presidente Teodoro Obiang designou a Cidade da Paz (Djibloho\/Oyala) como nova capital administrativa da Guin\u00e9 Equatorial, substituindo Malabo. A mudan\u00e7a decorre da pol\u00edtica de desenvolvimento equilibrado, coes\u00e3o territorial e descentraliza\u00e7\u00e3o das fun\u00e7\u00f5es do Estado. Malabo e Bata cresceram desordenadamente nas \u00faltimas d\u00e9cadas, gerando press\u00e3o sobre servi\u00e7os, desigualdade regional e sistemas de transporte. A Cidade da Paz \u00e9 um projeto urbano na zona continental, inaugurado como prov\u00edncia em dois mil e dezessete, a cerca de setenta quil\u00f4metros de Mongomo. O decreto justifica a escolha pela localiza\u00e7\u00e3o estrat\u00e9gica, capacidade para acolher infraestruturas modernas e conectividade regional; o projeto foi desenvolvido por um gabinete portugu\u00eas de arquitetura.","og_url":"https:\/\/portaltela.pt\/noticias\/2026\/01\/07\/guine-equatorial-muda-capital-de-malabo-para-cidade-da-paz\/","og_site_name":"Portal Tela Portugal","article_published_time":"2026-01-07T12:56:13+00:00","author":"Telinha","twitter_card":"summary_large_image","twitter_misc":{"Escrito por":"Telinha","Tempo estimado de leitura":"1 minuto"},"schema":{"@context":"https:\/\/schema.org","@graph":[{"@type":"Article","@id":"https:\/\/portaltela.pt\/noticias\/2026\/01\/07\/guine-equatorial-muda-capital-de-malabo-para-cidade-da-paz\/#article","isPartOf":{"@id":"https:\/\/portaltela.pt\/noticias\/2026\/01\/07\/guine-equatorial-muda-capital-de-malabo-para-cidade-da-paz\/"},"author":{"name":"Telinha","@id":"https:\/\/portaltela.pt\/#\/schema\/person\/c4278d4a6028830caff9ee44b42d32ed"},"headline":"Guin\u00e9 Equatorial muda capital de Malabo para Cidade da Paz","datePublished":"2026-01-07T12:56:13+00:00","mainEntityOfPage":{"@id":"https:\/\/portaltela.pt\/noticias\/2026\/01\/07\/guine-equatorial-muda-capital-de-malabo-para-cidade-da-paz\/"},"wordCount":181,"image":{"@id":"https:\/\/portaltela.pt\/noticias\/2026\/01\/07\/guine-equatorial-muda-capital-de-malabo-para-cidade-da-paz\/#primaryimage"},"thumbnailUrl":"https:\/\/portaltela.pt\/s.01k8rhncp4jt1\/2026\/01\/unnamed-file-1351.jpg","keywords":["administra\u00e7\u00e3o p\u00fablica","descentraliza\u00e7\u00e3o territorial","desenvolvimento regional","Guin\u00e9 Equatorial","infraestruturas","Territ\u00f3rio"],"articleSection":["Not\u00edcias","Pol\u00edtica"],"inLanguage":"pt-PT"},{"@type":"WebPage","@id":"https:\/\/portaltela.pt\/noticias\/2026\/01\/07\/guine-equatorial-muda-capital-de-malabo-para-cidade-da-paz\/","url":"https:\/\/portaltela.pt\/noticias\/2026\/01\/07\/guine-equatorial-muda-capital-de-malabo-para-cidade-da-paz\/","name":"Guin\u00e9 Equatorial muda capital de Malabo para Cidade da Paz - Portal Tela Portugal","isPartOf":{"@id":"https:\/\/portaltela.pt\/#website"},"primaryImageOfPage":{"@id":"https:\/\/portaltela.pt\/noticias\/2026\/01\/07\/guine-equatorial-muda-capital-de-malabo-para-cidade-da-paz\/#primaryimage"},"image":{"@id":"https:\/\/portaltela.pt\/noticias\/2026\/01\/07\/guine-equatorial-muda-capital-de-malabo-para-cidade-da-paz\/#primaryimage"},"thumbnailUrl":"https:\/\/portaltela.pt\/s.01k8rhncp4jt1\/2026\/01\/unnamed-file-1351.jpg","datePublished":"2026-01-07T12:56:13+00:00","author":{"@id":"https:\/\/portaltela.pt\/#\/schema\/person\/c4278d4a6028830caff9ee44b42d32ed"},"breadcrumb":{"@id":"https:\/\/portaltela.pt\/noticias\/2026\/01\/07\/guine-equatorial-muda-capital-de-malabo-para-cidade-da-paz\/#breadcrumb"},"inLanguage":"pt-PT","potentialAction":[{"@type":"ReadAction","target":["https:\/\/portaltela.pt\/noticias\/2026\/01\/07\/guine-equatorial-muda-capital-de-malabo-para-cidade-da-paz\/"]}]},{"@type":"ImageObject","inLanguage":"pt-PT","@id":"https:\/\/portaltela.pt\/noticias\/2026\/01\/07\/guine-equatorial-muda-capital-de-malabo-para-cidade-da-paz\/#primaryimage","url":"https:\/\/portaltela.pt\/s.01k8rhncp4jt1\/2026\/01\/unnamed-file-1351.jpg","contentUrl":"https:\/\/portaltela.pt\/s.01k8rhncp4jt1\/2026\/01\/unnamed-file-1351.jpg","width":796,"height":448,"caption":"Guin\u00e9 Equatorial muda capital do pa\u00eds de Malabo para Cidade da Paz"},{"@type":"BreadcrumbList","@id":"https:\/\/portaltela.pt\/noticias\/2026\/01\/07\/guine-equatorial-muda-capital-de-malabo-para-cidade-da-paz\/#breadcrumb","itemListElement":[{"@type":"ListItem","position":1,"name":"In\u00edcio","item":"https:\/\/portaltela.pt\/"},{"@type":"ListItem","position":2,"name":"Guin\u00e9 Equatorial muda capital de Malabo para Cidade da Paz"}]},{"@type":"WebSite","@id":"https:\/\/portaltela.pt\/#website","url":"https:\/\/portaltela.pt\/","name":"Portal Tela Portugal","description":"","potentialAction":[{"@type":"SearchAction","target":{"@type":"EntryPoint","urlTemplate":"https:\/\/portaltela.pt\/?s={search_term_string}"},"query-input":{"@type":"PropertyValueSpecification","valueRequired":true,"valueName":"search_term_string"}}],"inLanguage":"pt-PT"},{"@type":"Person","@id":"https:\/\/portaltela.pt\/#\/schema\/person\/c4278d4a6028830caff9ee44b42d32ed","name":"Telinha","image":{"@type":"ImageObject","inLanguage":"pt-PT","@id":"https:\/\/portaltela.pt\/s.01k8rhncp4jt1\/2025\/11\/talking-bot-125x125.png","url":"https:\/\/portaltela.pt\/s.01k8rhncp4jt1\/2025\/11\/talking-bot-125x125.png","contentUrl":"https:\/\/portaltela.pt\/s.01k8rhncp4jt1\/2025\/11\/talking-bot-125x125.png","caption":"Telinha"},"sameAs":["https:\/\/portaltela.pt\/"],"url":"https:\/\/portaltela.pt\/por\/367410592786\/"}]}},"_links":{"self":[{"href":"https:\/\/portaltela.pt\/api\/wp\/v2\/posts\/123324","targetHints":{"allow":["GET"]}}],"collection":[{"href":"https:\/\/portaltela.pt\/api\/wp\/v2\/posts"}],"about":[{"href":"https:\/\/portaltela.pt\/api\/wp\/v2\/types\/post"}],"author":[{"embeddable":true,"href":"https:\/\/portaltela.pt\/api\/wp\/v2\/users\/2"}],"replies":[{"embeddable":true,"href":"https:\/\/portaltela.pt\/api\/wp\/v2\/comments?post=123324"}],"version-history":[{"count":0,"href":"https:\/\/portaltela.pt\/api\/wp\/v2\/posts\/123324\/revisions"}],"wp:featuredmedia":[{"embeddable":true,"href":"https:\/\/portaltela.pt\/api\/wp\/v2\/media\/123330"}],"wp:attachment":[{"href":"https:\/\/portaltela.pt\/api\/wp\/v2\/media?parent=123324"}],"wp:term":[{"taxonomy":"category","embeddable":true,"href":"https:\/\/portaltela.pt\/api\/wp\/v2\/categories?post=123324"},{"taxonomy":"post_tag","embeddable":true,"href":"https:\/\/portaltela.pt\/api\/wp\/v2\/tags?post=123324"}],"curies":[{"name":"wp","href":"https:\/\/api.w.org\/{rel}","templated":true}]}}