{"id":123150,"date":"2026-01-07T09:00:00","date_gmt":"2026-01-07T12:00:00","guid":{"rendered":"https:\/\/portaltela.pt\/noticias\/2026\/01\/07\/natal-foi-marcado-pelo-espirito-de-partilha\/"},"modified":"2026-01-07T09:00:00","modified_gmt":"2026-01-07T12:00:00","slug":"natal-foi-marcado-pelo-espirito-de-partilha","status":"publish","type":"post","link":"https:\/\/portaltela.pt\/noticias\/2026\/01\/07\/natal-foi-marcado-pelo-espirito-de-partilha\/","title":{"rendered":"Natal foi marcado pelo esp\u00edrito de partilha"},"content":{"rendered":"<p>A ceia de Natal organizada pelo Agrupamento 534 contou com a presen\u00e7a de v\u00e1rias figuras da comunidade, num espa\u00e7o limitado pela sua capacidade. Entre os presentes estiveram Serafim Vaz, chefe do agrupamento, Paula Costa, respons\u00e1vel pela log\u00edstica, Amaro Sim\u00f5es, presidente da Assembleia Municipal de Oliveira, e Manuel Moreira, secret\u00e1rio da Junta de Freguesia de Nogueira do Cravo, al\u00e9m de representantes locais. O evento reuniu fam\u00edlias e amigos para celebrar num ambiente simples, mas significativo.<\/p>\n<p>O dirigente destacou o car\u00e1ter familiar da iniciativa, enquadrando a celebra\u00e7\u00e3o como reuni\u00e3o da comunidade escutista, com cada fam\u00edlia a contribuir para a prepara\u00e7\u00e3o e para a confe\u00e7\u00e3o dos alimentos, refor\u00e7ando os la\u00e7os entre todos. A iniciativa funciona como balan\u00e7o do ano que acaba e refor\u00e7a os valores orientadores do trabalho com os jovens.<\/p>\n<p>Voluntariado e coopera\u00e7\u00e3o tamb\u00e9m foram elos centrais, com a log\u00edstica organizada por um grupo de pais e volunt\u00e1rios, enquanto outra equipa tratou da confe\u00e7\u00e3o no dia. A coordena\u00e7\u00e3o do projeto fica a cargo do agrupamento, que j\u00e1 promove este tipo de ceia h\u00e1 v\u00e1rios anos, evidenciando o esp\u00edrito de coopera\u00e7\u00e3o e de servi\u00e7o.<\/p>\n<h3>Encontro da fam\u00edlia escutista<\/h3>\n<p>Os escuteiros s\u00e3o apresentados como uma escola de cidadania, com valores de solidariedade, amizade e partilha, aliados \u00e0 liga\u00e7\u00e3o \u00e0 natureza e ao gosto pela vida ao ar livre. Esta edi\u00e7\u00e3o refor\u00e7a ainda o envolvimento com a comunidade, contribuindo para formar cidad\u00e3os ativos.<\/p>\n<h3>Voluntariado e coopera\u00e7\u00e3o<\/h3>\n<p>A participa\u00e7\u00e3o da comunidade \u00e9 destacada como essencial, com o contributo de pais, volunt\u00e1rios e membros do agrupamento na prepara\u00e7\u00e3o, log\u00edstica e execu\u00e7\u00e3o da ceia, em um esfor\u00e7o coletivo que se tornou uma pr\u00e1tica natural ao longo dos anos.<\/p>\n<h3>Uma escola de valores e cidadania<\/h3>\n<p>Os escuteiros s\u00e3o apresentados como promotores de participa\u00e7\u00e3o c\u00edvica, que encorajam o apoio m\u00fatuo e a constru\u00e7\u00e3o de comunidades mais fortes, especialmente numa altura em que o esp\u00edrito de coopera\u00e7\u00e3o \u00e9 considerado fundamental para enfrentar os tempos atuais.<\/p>\n<h3>Paz e respeito<\/h3>\n<p>A presen\u00e7a da Junta de Freguesia \u00e9 apontada como fundamental, sublinhando o trabalho junto dos jovens e da comunidade. A mensagem central \u00e9 a de paz, respeito e uni\u00e3o, reconhecendo tamb\u00e9m quem trabalha na noite de Natal e n\u00e3o pode estar com a fam\u00edlia.<\/p>\n","protected":false},"excerpt":{"rendered":"<ul>\n<li>Ceia de Natal organizada pelo Agrupamento de Escuteiros 534, limitada pela capacidade do espa\u00e7o, contou com Serafim Vaz e Paula Costa, bem como com Amaro Sim\u00f5es e Manuel Moreira em presen\u00e7a.<\/li>\n<li>Serafim Vaz descreveu a ceia como a reuni\u00e3o da fam\u00edlia escutista, enfatizando os la\u00e7os, a solidariedade e o servi\u00e7o ao pr\u00f3ximo.<\/li>\n<li>Paula Costa, respons\u00e1vel pela log\u00edstica, destacou a coordena\u00e7\u00e3o entre pais e volunt\u00e1rios e que o evento j\u00e1 se realizou h\u00e1 v\u00e1rios anos.<\/li>\n<li>Amaro Sim\u00f5es real\u00e7ou a matriz de valores dos escuteiros, como solidariedade, amizade, partilha e cidadania, com \u00eanfase no envolvimento comunit\u00e1rio.<\/li>\n<li>Manuel Moreira sublinhou o apoio da Junta de Freguesia e desejou paz, respeito e uni\u00e3o, especialmente para quem trabalha na noite de Natal.<\/li>\n<\/ul>\n","protected":false},"author":2,"featured_media":123165,"comment_status":"closed","ping_status":"closed","sticky":false,"template":"","format":"standard","meta":{"footnotes":""},"categories":[1],"tags":[1084,167,370,903,2527,148],"class_list":["post-123150","post","type-post","status-publish","format-standard","has-post-thumbnail","hentry","category-noticias","tag-acao-social","tag-ambiente","tag-cidadania","tag-comunidades","tag-escuteiros","tag-familias"],"yoast_head":"<!-- This site is optimized with the Yoast SEO plugin v27.2 - https:\/\/yoast.com\/product\/yoast-seo-wordpress\/ -->\n<title>Natal foi marcado pelo esp\u00edrito de partilha - Portal Tela Portugal<\/title>\n<meta name=\"robots\" content=\"index, follow, max-snippet:-1, max-image-preview:large, max-video-preview:-1\" \/>\n<meta property=\"og:locale\" content=\"pt_PT\" \/>\n<meta property=\"og:type\" content=\"article\" \/>\n<meta property=\"og:title\" content=\"Natal foi marcado pelo esp\u00edrito de partilha - Portal Tela Portugal\" \/>\n<meta property=\"og:description\" content=\"Ceia de Natal organizada pelo Agrupamento de Escuteiros 534, limitada pela capacidade do espa\u00e7o, contou com Serafim Vaz e Paula Costa, bem como com Amaro Sim\u00f5es e Manuel Moreira em presen\u00e7a. Serafim Vaz descreveu a ceia como a reuni\u00e3o da fam\u00edlia escutista, enfatizando os la\u00e7os, a solidariedade e o servi\u00e7o ao pr\u00f3ximo. Paula Costa, respons\u00e1vel pela log\u00edstica, destacou a coordena\u00e7\u00e3o entre pais e volunt\u00e1rios e que o evento j\u00e1 se realizou h\u00e1 v\u00e1rios anos. Amaro Sim\u00f5es real\u00e7ou a matriz de valores dos escuteiros, como solidariedade, amizade, partilha e cidadania, com \u00eanfase no envolvimento comunit\u00e1rio. Manuel Moreira sublinhou o apoio da Junta de Freguesia e desejou paz, respeito e uni\u00e3o, especialmente para quem trabalha na noite de Natal.\" \/>\n<meta property=\"og:url\" content=\"https:\/\/portaltela.pt\/noticias\/2026\/01\/07\/natal-foi-marcado-pelo-espirito-de-partilha\/\" \/>\n<meta property=\"og:site_name\" content=\"Portal Tela Portugal\" \/>\n<meta property=\"article:published_time\" content=\"2026-01-07T12:00:00+00:00\" \/>\n<meta name=\"author\" content=\"Telinha\" \/>\n<meta name=\"twitter:card\" content=\"summary_large_image\" \/>\n<meta name=\"twitter:label1\" content=\"Escrito por\" \/>\n\t<meta name=\"twitter:data1\" content=\"Telinha\" \/>\n\t<meta name=\"twitter:label2\" content=\"Tempo estimado de leitura\" \/>\n\t<meta name=\"twitter:data2\" content=\"2 minutos\" \/>\n<script type=\"application\/ld+json\" class=\"yoast-schema-graph\">{\"@context\":\"https:\/\/schema.org\",\"@graph\":[{\"@type\":\"Article\",\"@id\":\"https:\/\/portaltela.pt\/noticias\/2026\/01\/07\/natal-foi-marcado-pelo-espirito-de-partilha\/#article\",\"isPartOf\":{\"@id\":\"https:\/\/portaltela.pt\/noticias\/2026\/01\/07\/natal-foi-marcado-pelo-espirito-de-partilha\/\"},\"author\":{\"name\":\"Telinha\",\"@id\":\"https:\/\/portaltela.pt\/#\/schema\/person\/c4278d4a6028830caff9ee44b42d32ed\"},\"headline\":\"Natal foi marcado pelo esp\u00edrito de partilha\",\"datePublished\":\"2026-01-07T12:00:00+00:00\",\"mainEntityOfPage\":{\"@id\":\"https:\/\/portaltela.pt\/noticias\/2026\/01\/07\/natal-foi-marcado-pelo-espirito-de-partilha\/\"},\"wordCount\":417,\"image\":{\"@id\":\"https:\/\/portaltela.pt\/noticias\/2026\/01\/07\/natal-foi-marcado-pelo-espirito-de-partilha\/#primaryimage\"},\"thumbnailUrl\":\"https:\/\/portaltela.pt\/s.01k8rhncp4jt1\/2026\/01\/unnamed-file-1338.jpg\",\"keywords\":[\"A\u00e7\u00e3o Social\",\"ambiente\",\"cidadania\",\"comunidades\",\"Escuteiros\",\"fam\u00edlias\"],\"articleSection\":[\"Not\u00edcias\"],\"inLanguage\":\"pt-PT\"},{\"@type\":\"WebPage\",\"@id\":\"https:\/\/portaltela.pt\/noticias\/2026\/01\/07\/natal-foi-marcado-pelo-espirito-de-partilha\/\",\"url\":\"https:\/\/portaltela.pt\/noticias\/2026\/01\/07\/natal-foi-marcado-pelo-espirito-de-partilha\/\",\"name\":\"Natal foi marcado pelo esp\u00edrito de partilha - Portal Tela Portugal\",\"isPartOf\":{\"@id\":\"https:\/\/portaltela.pt\/#website\"},\"primaryImageOfPage\":{\"@id\":\"https:\/\/portaltela.pt\/noticias\/2026\/01\/07\/natal-foi-marcado-pelo-espirito-de-partilha\/#primaryimage\"},\"image\":{\"@id\":\"https:\/\/portaltela.pt\/noticias\/2026\/01\/07\/natal-foi-marcado-pelo-espirito-de-partilha\/#primaryimage\"},\"thumbnailUrl\":\"https:\/\/portaltela.pt\/s.01k8rhncp4jt1\/2026\/01\/unnamed-file-1338.jpg\",\"datePublished\":\"2026-01-07T12:00:00+00:00\",\"author\":{\"@id\":\"https:\/\/portaltela.pt\/#\/schema\/person\/c4278d4a6028830caff9ee44b42d32ed\"},\"breadcrumb\":{\"@id\":\"https:\/\/portaltela.pt\/noticias\/2026\/01\/07\/natal-foi-marcado-pelo-espirito-de-partilha\/#breadcrumb\"},\"inLanguage\":\"pt-PT\",\"potentialAction\":[{\"@type\":\"ReadAction\",\"target\":[\"https:\/\/portaltela.pt\/noticias\/2026\/01\/07\/natal-foi-marcado-pelo-espirito-de-partilha\/\"]}]},{\"@type\":\"ImageObject\",\"inLanguage\":\"pt-PT\",\"@id\":\"https:\/\/portaltela.pt\/noticias\/2026\/01\/07\/natal-foi-marcado-pelo-espirito-de-partilha\/#primaryimage\",\"url\":\"https:\/\/portaltela.pt\/s.01k8rhncp4jt1\/2026\/01\/unnamed-file-1338.jpg\",\"contentUrl\":\"https:\/\/portaltela.pt\/s.01k8rhncp4jt1\/2026\/01\/unnamed-file-1338.jpg\",\"width\":796,\"height\":448,\"caption\":\"Esp\u00edrito de partilha marcou o Natal\"},{\"@type\":\"BreadcrumbList\",\"@id\":\"https:\/\/portaltela.pt\/noticias\/2026\/01\/07\/natal-foi-marcado-pelo-espirito-de-partilha\/#breadcrumb\",\"itemListElement\":[{\"@type\":\"ListItem\",\"position\":1,\"name\":\"In\u00edcio\",\"item\":\"https:\/\/portaltela.pt\/\"},{\"@type\":\"ListItem\",\"position\":2,\"name\":\"Natal foi marcado pelo esp\u00edrito de partilha\"}]},{\"@type\":\"WebSite\",\"@id\":\"https:\/\/portaltela.pt\/#website\",\"url\":\"https:\/\/portaltela.pt\/\",\"name\":\"Portal Tela Portugal\",\"description\":\"\",\"potentialAction\":[{\"@type\":\"SearchAction\",\"target\":{\"@type\":\"EntryPoint\",\"urlTemplate\":\"https:\/\/portaltela.pt\/?s={search_term_string}\"},\"query-input\":{\"@type\":\"PropertyValueSpecification\",\"valueRequired\":true,\"valueName\":\"search_term_string\"}}],\"inLanguage\":\"pt-PT\"},{\"@type\":\"Person\",\"@id\":\"https:\/\/portaltela.pt\/#\/schema\/person\/c4278d4a6028830caff9ee44b42d32ed\",\"name\":\"Telinha\",\"image\":{\"@type\":\"ImageObject\",\"inLanguage\":\"pt-PT\",\"@id\":\"https:\/\/portaltela.pt\/s.01k8rhncp4jt1\/2025\/11\/talking-bot-125x125.png\",\"url\":\"https:\/\/portaltela.pt\/s.01k8rhncp4jt1\/2025\/11\/talking-bot-125x125.png\",\"contentUrl\":\"https:\/\/portaltela.pt\/s.01k8rhncp4jt1\/2025\/11\/talking-bot-125x125.png\",\"caption\":\"Telinha\"},\"sameAs\":[\"https:\/\/portaltela.pt\/\"],\"url\":\"https:\/\/portaltela.pt\/por\/367410592786\/\"}]}<\/script>\n<!-- \/ Yoast SEO plugin. -->","yoast_head_json":{"title":"Natal foi marcado pelo esp\u00edrito de partilha - Portal Tela Portugal","robots":{"index":"index","follow":"follow","max-snippet":"max-snippet:-1","max-image-preview":"max-image-preview:large","max-video-preview":"max-video-preview:-1"},"og_locale":"pt_PT","og_type":"article","og_title":"Natal foi marcado pelo esp\u00edrito de partilha - Portal Tela Portugal","og_description":"Ceia de Natal organizada pelo Agrupamento de Escuteiros 534, limitada pela capacidade do espa\u00e7o, contou com Serafim Vaz e Paula Costa, bem como com Amaro Sim\u00f5es e Manuel Moreira em presen\u00e7a. Serafim Vaz descreveu a ceia como a reuni\u00e3o da fam\u00edlia escutista, enfatizando os la\u00e7os, a solidariedade e o servi\u00e7o ao pr\u00f3ximo. Paula Costa, respons\u00e1vel pela log\u00edstica, destacou a coordena\u00e7\u00e3o entre pais e volunt\u00e1rios e que o evento j\u00e1 se realizou h\u00e1 v\u00e1rios anos. Amaro Sim\u00f5es real\u00e7ou a matriz de valores dos escuteiros, como solidariedade, amizade, partilha e cidadania, com \u00eanfase no envolvimento comunit\u00e1rio. Manuel Moreira sublinhou o apoio da Junta de Freguesia e desejou paz, respeito e uni\u00e3o, especialmente para quem trabalha na noite de Natal.","og_url":"https:\/\/portaltela.pt\/noticias\/2026\/01\/07\/natal-foi-marcado-pelo-espirito-de-partilha\/","og_site_name":"Portal Tela Portugal","article_published_time":"2026-01-07T12:00:00+00:00","author":"Telinha","twitter_card":"summary_large_image","twitter_misc":{"Escrito por":"Telinha","Tempo estimado de leitura":"2 minutos"},"schema":{"@context":"https:\/\/schema.org","@graph":[{"@type":"Article","@id":"https:\/\/portaltela.pt\/noticias\/2026\/01\/07\/natal-foi-marcado-pelo-espirito-de-partilha\/#article","isPartOf":{"@id":"https:\/\/portaltela.pt\/noticias\/2026\/01\/07\/natal-foi-marcado-pelo-espirito-de-partilha\/"},"author":{"name":"Telinha","@id":"https:\/\/portaltela.pt\/#\/schema\/person\/c4278d4a6028830caff9ee44b42d32ed"},"headline":"Natal foi marcado pelo esp\u00edrito de partilha","datePublished":"2026-01-07T12:00:00+00:00","mainEntityOfPage":{"@id":"https:\/\/portaltela.pt\/noticias\/2026\/01\/07\/natal-foi-marcado-pelo-espirito-de-partilha\/"},"wordCount":417,"image":{"@id":"https:\/\/portaltela.pt\/noticias\/2026\/01\/07\/natal-foi-marcado-pelo-espirito-de-partilha\/#primaryimage"},"thumbnailUrl":"https:\/\/portaltela.pt\/s.01k8rhncp4jt1\/2026\/01\/unnamed-file-1338.jpg","keywords":["A\u00e7\u00e3o Social","ambiente","cidadania","comunidades","Escuteiros","fam\u00edlias"],"articleSection":["Not\u00edcias"],"inLanguage":"pt-PT"},{"@type":"WebPage","@id":"https:\/\/portaltela.pt\/noticias\/2026\/01\/07\/natal-foi-marcado-pelo-espirito-de-partilha\/","url":"https:\/\/portaltela.pt\/noticias\/2026\/01\/07\/natal-foi-marcado-pelo-espirito-de-partilha\/","name":"Natal foi marcado pelo esp\u00edrito de partilha - Portal Tela Portugal","isPartOf":{"@id":"https:\/\/portaltela.pt\/#website"},"primaryImageOfPage":{"@id":"https:\/\/portaltela.pt\/noticias\/2026\/01\/07\/natal-foi-marcado-pelo-espirito-de-partilha\/#primaryimage"},"image":{"@id":"https:\/\/portaltela.pt\/noticias\/2026\/01\/07\/natal-foi-marcado-pelo-espirito-de-partilha\/#primaryimage"},"thumbnailUrl":"https:\/\/portaltela.pt\/s.01k8rhncp4jt1\/2026\/01\/unnamed-file-1338.jpg","datePublished":"2026-01-07T12:00:00+00:00","author":{"@id":"https:\/\/portaltela.pt\/#\/schema\/person\/c4278d4a6028830caff9ee44b42d32ed"},"breadcrumb":{"@id":"https:\/\/portaltela.pt\/noticias\/2026\/01\/07\/natal-foi-marcado-pelo-espirito-de-partilha\/#breadcrumb"},"inLanguage":"pt-PT","potentialAction":[{"@type":"ReadAction","target":["https:\/\/portaltela.pt\/noticias\/2026\/01\/07\/natal-foi-marcado-pelo-espirito-de-partilha\/"]}]},{"@type":"ImageObject","inLanguage":"pt-PT","@id":"https:\/\/portaltela.pt\/noticias\/2026\/01\/07\/natal-foi-marcado-pelo-espirito-de-partilha\/#primaryimage","url":"https:\/\/portaltela.pt\/s.01k8rhncp4jt1\/2026\/01\/unnamed-file-1338.jpg","contentUrl":"https:\/\/portaltela.pt\/s.01k8rhncp4jt1\/2026\/01\/unnamed-file-1338.jpg","width":796,"height":448,"caption":"Esp\u00edrito de partilha marcou o Natal"},{"@type":"BreadcrumbList","@id":"https:\/\/portaltela.pt\/noticias\/2026\/01\/07\/natal-foi-marcado-pelo-espirito-de-partilha\/#breadcrumb","itemListElement":[{"@type":"ListItem","position":1,"name":"In\u00edcio","item":"https:\/\/portaltela.pt\/"},{"@type":"ListItem","position":2,"name":"Natal foi marcado pelo esp\u00edrito de partilha"}]},{"@type":"WebSite","@id":"https:\/\/portaltela.pt\/#website","url":"https:\/\/portaltela.pt\/","name":"Portal Tela Portugal","description":"","potentialAction":[{"@type":"SearchAction","target":{"@type":"EntryPoint","urlTemplate":"https:\/\/portaltela.pt\/?s={search_term_string}"},"query-input":{"@type":"PropertyValueSpecification","valueRequired":true,"valueName":"search_term_string"}}],"inLanguage":"pt-PT"},{"@type":"Person","@id":"https:\/\/portaltela.pt\/#\/schema\/person\/c4278d4a6028830caff9ee44b42d32ed","name":"Telinha","image":{"@type":"ImageObject","inLanguage":"pt-PT","@id":"https:\/\/portaltela.pt\/s.01k8rhncp4jt1\/2025\/11\/talking-bot-125x125.png","url":"https:\/\/portaltela.pt\/s.01k8rhncp4jt1\/2025\/11\/talking-bot-125x125.png","contentUrl":"https:\/\/portaltela.pt\/s.01k8rhncp4jt1\/2025\/11\/talking-bot-125x125.png","caption":"Telinha"},"sameAs":["https:\/\/portaltela.pt\/"],"url":"https:\/\/portaltela.pt\/por\/367410592786\/"}]}},"_links":{"self":[{"href":"https:\/\/portaltela.pt\/api\/wp\/v2\/posts\/123150","targetHints":{"allow":["GET"]}}],"collection":[{"href":"https:\/\/portaltela.pt\/api\/wp\/v2\/posts"}],"about":[{"href":"https:\/\/portaltela.pt\/api\/wp\/v2\/types\/post"}],"author":[{"embeddable":true,"href":"https:\/\/portaltela.pt\/api\/wp\/v2\/users\/2"}],"replies":[{"embeddable":true,"href":"https:\/\/portaltela.pt\/api\/wp\/v2\/comments?post=123150"}],"version-history":[{"count":0,"href":"https:\/\/portaltela.pt\/api\/wp\/v2\/posts\/123150\/revisions"}],"wp:featuredmedia":[{"embeddable":true,"href":"https:\/\/portaltela.pt\/api\/wp\/v2\/media\/123165"}],"wp:attachment":[{"href":"https:\/\/portaltela.pt\/api\/wp\/v2\/media?parent=123150"}],"wp:term":[{"taxonomy":"category","embeddable":true,"href":"https:\/\/portaltela.pt\/api\/wp\/v2\/categories?post=123150"},{"taxonomy":"post_tag","embeddable":true,"href":"https:\/\/portaltela.pt\/api\/wp\/v2\/tags?post=123150"}],"curies":[{"name":"wp","href":"https:\/\/api.w.org\/{rel}","templated":true}]}}