{"id":123053,"date":"2026-01-07T08:17:17","date_gmt":"2026-01-07T11:17:17","guid":{"rendered":"https:\/\/portaltela.pt\/noticias\/2026\/01\/07\/exportacoes-lusofonas-para-a-china-caem-4-ate-novembro\/"},"modified":"2026-01-07T08:17:17","modified_gmt":"2026-01-07T11:17:17","slug":"exportacoes-lusofonas-para-a-china-caem-4-ate-novembro","status":"publish","type":"post","link":"https:\/\/portaltela.pt\/noticias\/economia\/2026\/01\/07\/exportacoes-lusofonas-para-a-china-caem-4-ate-novembro\/","title":{"rendered":"Exporta\u00e7\u00f5es lus\u00f3fonas para a China caem 4% at\u00e9 novembro"},"content":{"rendered":"<p>Entre janeiro e novembro de 2025, as exporta\u00e7\u00f5es dos pa\u00edses lus\u00f3fonos para a China ca\u00edram 4% face ao mesmo per\u00edodo de 2024, segundo dados oficiais. O valor total vendido ao mercado chin\u00eas situou-se em 80,5 mil milh\u00f5es de d\u00f3lares. A informa\u00e7\u00e3o foi recolhida pelos servi\u00e7os aduaneiros chineses e compilada pelo F\u00f3rum de Macau.<\/p>\n<p>Segundo o relat\u00f3rio divulgado, este \u00e9 o n\u00edvel mais baixo para os primeiros 11 meses de um ano desde o in\u00edcio da pandemia de covid-19. A quebra resulta, sobretudo, do desempenho do Brasil, maior fornecedor lus\u00f3fono, com uma descida de 2,7%, para 105,4 mil milh\u00f5es de d\u00f3lares.<\/p>\n<h3>Desempenho por pa\u00eds<\/h3>\n<p>Angola registou uma queda de 10,8%, situando as exporta\u00e7\u00f5es em 14,4 mil milh\u00f5es de d\u00f3lares. Portugal viu as exporta\u00e7\u00f5es para a China baixar 7,7%, para 2,66 mil milh\u00f5es de d\u00f3lares. Seis dos nove pa\u00edses lus\u00f3fonos analisados registaram quedas.<\/p>\n<p>Mo\u00e7ambique teve uma contrac\u00e7\u00e3o de 8,7%, para 1,48 mil milh\u00f5es de d\u00f3lares, enquanto a Guin\u00e9 Equatorial recuou 27%, para 710,2 milh\u00f5es de d\u00f3lares. Cabo Verde reduziu-se 38,9% nas remessas para a China, ainda que as vendas mercantis tenham somado apenas cerca de 8 mil d\u00f3lares.<\/p>\n<p>Timor-Leste destacou-se pela evolu\u00e7\u00e3o oposta, com vendas a subir de 636 mil d\u00f3lares nos 11 meses de 2024 para 27 milh\u00f5es de d\u00f3lares no mesmo per\u00edodo de 2025.<\/p>\n","protected":false},"excerpt":{"rendered":"<ul>\n<li>As exporta\u00e7\u00f5es lus\u00f3fonas para a China ca\u00edram 4% nos primeiros 11 meses de 2025, para 80,5 mil milh\u00f5es de d\u00f3lares.<\/li>\n<li>Brasil foi o principal fornecedor, com vendas a 105,4 mil milh\u00f5es de d\u00f3lares, queda de 2,7%.<\/li>\n<li>Angola registou queda de 10,8%, para 14,4 mil milh\u00f5es; Portugal caiu 7,7%, para 2,66 mil milh\u00f5es.<\/li>\n<li>Mo\u00e7ambique caiu 8,7%, para 1,48 mil milh\u00f5es, e a Guin\u00e9 Equatorial caiu 27%, para 710,2 milh\u00f5es.<\/li>\n<li>Timor-Leste foi a exce\u00e7\u00e3o, com vendas a subir para 27 milh\u00f5es de d\u00f3lares; Cabo Verde caiu 38,9% (cerca de oito mil d\u00f3lares).<\/li>\n<\/ul>\n","protected":false},"author":2,"featured_media":123067,"comment_status":"closed","ping_status":"closed","sticky":false,"template":"","format":"standard","meta":{"footnotes":""},"categories":[2,1],"tags":[244,28,2541,2564,1911,1014],"class_list":["post-123053","post","type-post","status-publish","format-standard","has-post-thumbnail","hentry","category-economia","category-noticias","tag-comercio","tag-economia","tag-exportacoes","tag-guine-equatorial","tag-mocambique","tag-portugal"],"yoast_head":"<!-- This site is optimized with the Yoast SEO plugin v27.2 - https:\/\/yoast.com\/product\/yoast-seo-wordpress\/ -->\n<title>Exporta\u00e7\u00f5es lus\u00f3fonas para a China caem 4% at\u00e9 novembro - Portal Tela Portugal<\/title>\n<meta name=\"robots\" content=\"index, follow, max-snippet:-1, max-image-preview:large, max-video-preview:-1\" \/>\n<meta property=\"og:locale\" content=\"pt_PT\" \/>\n<meta property=\"og:type\" content=\"article\" \/>\n<meta property=\"og:title\" content=\"Exporta\u00e7\u00f5es lus\u00f3fonas para a China caem 4% at\u00e9 novembro - Portal Tela Portugal\" \/>\n<meta property=\"og:description\" content=\"As exporta\u00e7\u00f5es lus\u00f3fonas para a China ca\u00edram 4% nos primeiros 11 meses de 2025, para 80,5 mil milh\u00f5es de d\u00f3lares. Brasil foi o principal fornecedor, com vendas a 105,4 mil milh\u00f5es de d\u00f3lares, queda de 2,7%. Angola registou queda de 10,8%, para 14,4 mil milh\u00f5es; Portugal caiu 7,7%, para 2,66 mil milh\u00f5es. Mo\u00e7ambique caiu 8,7%, para 1,48 mil milh\u00f5es, e a Guin\u00e9 Equatorial caiu 27%, para 710,2 milh\u00f5es. Timor-Leste foi a exce\u00e7\u00e3o, com vendas a subir para 27 milh\u00f5es de d\u00f3lares; Cabo Verde caiu 38,9% (cerca de oito mil d\u00f3lares).\" \/>\n<meta property=\"og:url\" content=\"https:\/\/portaltela.pt\/noticias\/2026\/01\/07\/exportacoes-lusofonas-para-a-china-caem-4-ate-novembro\/\" \/>\n<meta property=\"og:site_name\" content=\"Portal Tela Portugal\" \/>\n<meta property=\"article:published_time\" content=\"2026-01-07T11:17:17+00:00\" \/>\n<meta name=\"author\" content=\"Telinha\" \/>\n<meta name=\"twitter:card\" content=\"summary_large_image\" \/>\n<meta name=\"twitter:label1\" content=\"Escrito por\" \/>\n\t<meta name=\"twitter:data1\" content=\"Telinha\" \/>\n\t<meta name=\"twitter:label2\" content=\"Tempo estimado de leitura\" \/>\n\t<meta name=\"twitter:data2\" content=\"1 minuto\" \/>\n<script type=\"application\/ld+json\" class=\"yoast-schema-graph\">{\"@context\":\"https:\/\/schema.org\",\"@graph\":[{\"@type\":\"Article\",\"@id\":\"https:\/\/portaltela.pt\/noticias\/2026\/01\/07\/exportacoes-lusofonas-para-a-china-caem-4-ate-novembro\/#article\",\"isPartOf\":{\"@id\":\"https:\/\/portaltela.pt\/noticias\/2026\/01\/07\/exportacoes-lusofonas-para-a-china-caem-4-ate-novembro\/\"},\"author\":{\"name\":\"Telinha\",\"@id\":\"https:\/\/portaltela.pt\/#\/schema\/person\/c4278d4a6028830caff9ee44b42d32ed\"},\"headline\":\"Exporta\u00e7\u00f5es lus\u00f3fonas para a China caem 4% at\u00e9 novembro\",\"datePublished\":\"2026-01-07T11:17:17+00:00\",\"mainEntityOfPage\":{\"@id\":\"https:\/\/portaltela.pt\/noticias\/2026\/01\/07\/exportacoes-lusofonas-para-a-china-caem-4-ate-novembro\/\"},\"wordCount\":239,\"image\":{\"@id\":\"https:\/\/portaltela.pt\/noticias\/2026\/01\/07\/exportacoes-lusofonas-para-a-china-caem-4-ate-novembro\/#primaryimage\"},\"thumbnailUrl\":\"https:\/\/portaltela.pt\/s.01k8rhncp4jt1\/2026\/01\/unnamed-file-1323.jpg\",\"keywords\":[\"com\u00e9rcio\",\"economia\",\"exporta\u00e7\u00f5es\",\"Guin\u00e9 Equatorial\",\"Mo\u00e7ambique\",\"Portugal\"],\"articleSection\":[\"Economia\",\"Not\u00edcias\"],\"inLanguage\":\"pt-PT\"},{\"@type\":\"WebPage\",\"@id\":\"https:\/\/portaltela.pt\/noticias\/2026\/01\/07\/exportacoes-lusofonas-para-a-china-caem-4-ate-novembro\/\",\"url\":\"https:\/\/portaltela.pt\/noticias\/2026\/01\/07\/exportacoes-lusofonas-para-a-china-caem-4-ate-novembro\/\",\"name\":\"Exporta\u00e7\u00f5es lus\u00f3fonas para a China caem 4% at\u00e9 novembro - Portal Tela Portugal\",\"isPartOf\":{\"@id\":\"https:\/\/portaltela.pt\/#website\"},\"primaryImageOfPage\":{\"@id\":\"https:\/\/portaltela.pt\/noticias\/2026\/01\/07\/exportacoes-lusofonas-para-a-china-caem-4-ate-novembro\/#primaryimage\"},\"image\":{\"@id\":\"https:\/\/portaltela.pt\/noticias\/2026\/01\/07\/exportacoes-lusofonas-para-a-china-caem-4-ate-novembro\/#primaryimage\"},\"thumbnailUrl\":\"https:\/\/portaltela.pt\/s.01k8rhncp4jt1\/2026\/01\/unnamed-file-1323.jpg\",\"datePublished\":\"2026-01-07T11:17:17+00:00\",\"author\":{\"@id\":\"https:\/\/portaltela.pt\/#\/schema\/person\/c4278d4a6028830caff9ee44b42d32ed\"},\"breadcrumb\":{\"@id\":\"https:\/\/portaltela.pt\/noticias\/2026\/01\/07\/exportacoes-lusofonas-para-a-china-caem-4-ate-novembro\/#breadcrumb\"},\"inLanguage\":\"pt-PT\",\"potentialAction\":[{\"@type\":\"ReadAction\",\"target\":[\"https:\/\/portaltela.pt\/noticias\/2026\/01\/07\/exportacoes-lusofonas-para-a-china-caem-4-ate-novembro\/\"]}]},{\"@type\":\"ImageObject\",\"inLanguage\":\"pt-PT\",\"@id\":\"https:\/\/portaltela.pt\/noticias\/2026\/01\/07\/exportacoes-lusofonas-para-a-china-caem-4-ate-novembro\/#primaryimage\",\"url\":\"https:\/\/portaltela.pt\/s.01k8rhncp4jt1\/2026\/01\/unnamed-file-1323.jpg\",\"contentUrl\":\"https:\/\/portaltela.pt\/s.01k8rhncp4jt1\/2026\/01\/unnamed-file-1323.jpg\",\"width\":796,\"height\":448,\"caption\":\"Exporta\u00e7\u00f5es lus\u00f3fonas para a China caem mais de um quarto at\u00e9 Abril\"},{\"@type\":\"BreadcrumbList\",\"@id\":\"https:\/\/portaltela.pt\/noticias\/2026\/01\/07\/exportacoes-lusofonas-para-a-china-caem-4-ate-novembro\/#breadcrumb\",\"itemListElement\":[{\"@type\":\"ListItem\",\"position\":1,\"name\":\"In\u00edcio\",\"item\":\"https:\/\/portaltela.pt\/\"},{\"@type\":\"ListItem\",\"position\":2,\"name\":\"Exporta\u00e7\u00f5es lus\u00f3fonas para a China caem 4% at\u00e9 novembro\"}]},{\"@type\":\"WebSite\",\"@id\":\"https:\/\/portaltela.pt\/#website\",\"url\":\"https:\/\/portaltela.pt\/\",\"name\":\"Portal Tela Portugal\",\"description\":\"\",\"potentialAction\":[{\"@type\":\"SearchAction\",\"target\":{\"@type\":\"EntryPoint\",\"urlTemplate\":\"https:\/\/portaltela.pt\/?s={search_term_string}\"},\"query-input\":{\"@type\":\"PropertyValueSpecification\",\"valueRequired\":true,\"valueName\":\"search_term_string\"}}],\"inLanguage\":\"pt-PT\"},{\"@type\":\"Person\",\"@id\":\"https:\/\/portaltela.pt\/#\/schema\/person\/c4278d4a6028830caff9ee44b42d32ed\",\"name\":\"Telinha\",\"image\":{\"@type\":\"ImageObject\",\"inLanguage\":\"pt-PT\",\"@id\":\"https:\/\/portaltela.pt\/s.01k8rhncp4jt1\/2025\/11\/talking-bot-125x125.png\",\"url\":\"https:\/\/portaltela.pt\/s.01k8rhncp4jt1\/2025\/11\/talking-bot-125x125.png\",\"contentUrl\":\"https:\/\/portaltela.pt\/s.01k8rhncp4jt1\/2025\/11\/talking-bot-125x125.png\",\"caption\":\"Telinha\"},\"sameAs\":[\"https:\/\/portaltela.pt\/\"],\"url\":\"https:\/\/portaltela.pt\/por\/367410592786\/\"}]}<\/script>\n<!-- \/ Yoast SEO plugin. -->","yoast_head_json":{"title":"Exporta\u00e7\u00f5es lus\u00f3fonas para a China caem 4% at\u00e9 novembro - Portal Tela Portugal","robots":{"index":"index","follow":"follow","max-snippet":"max-snippet:-1","max-image-preview":"max-image-preview:large","max-video-preview":"max-video-preview:-1"},"og_locale":"pt_PT","og_type":"article","og_title":"Exporta\u00e7\u00f5es lus\u00f3fonas para a China caem 4% at\u00e9 novembro - Portal Tela Portugal","og_description":"As exporta\u00e7\u00f5es lus\u00f3fonas para a China ca\u00edram 4% nos primeiros 11 meses de 2025, para 80,5 mil milh\u00f5es de d\u00f3lares. Brasil foi o principal fornecedor, com vendas a 105,4 mil milh\u00f5es de d\u00f3lares, queda de 2,7%. Angola registou queda de 10,8%, para 14,4 mil milh\u00f5es; Portugal caiu 7,7%, para 2,66 mil milh\u00f5es. Mo\u00e7ambique caiu 8,7%, para 1,48 mil milh\u00f5es, e a Guin\u00e9 Equatorial caiu 27%, para 710,2 milh\u00f5es. Timor-Leste foi a exce\u00e7\u00e3o, com vendas a subir para 27 milh\u00f5es de d\u00f3lares; Cabo Verde caiu 38,9% (cerca de oito mil d\u00f3lares).","og_url":"https:\/\/portaltela.pt\/noticias\/2026\/01\/07\/exportacoes-lusofonas-para-a-china-caem-4-ate-novembro\/","og_site_name":"Portal Tela Portugal","article_published_time":"2026-01-07T11:17:17+00:00","author":"Telinha","twitter_card":"summary_large_image","twitter_misc":{"Escrito por":"Telinha","Tempo estimado de leitura":"1 minuto"},"schema":{"@context":"https:\/\/schema.org","@graph":[{"@type":"Article","@id":"https:\/\/portaltela.pt\/noticias\/2026\/01\/07\/exportacoes-lusofonas-para-a-china-caem-4-ate-novembro\/#article","isPartOf":{"@id":"https:\/\/portaltela.pt\/noticias\/2026\/01\/07\/exportacoes-lusofonas-para-a-china-caem-4-ate-novembro\/"},"author":{"name":"Telinha","@id":"https:\/\/portaltela.pt\/#\/schema\/person\/c4278d4a6028830caff9ee44b42d32ed"},"headline":"Exporta\u00e7\u00f5es lus\u00f3fonas para a China caem 4% at\u00e9 novembro","datePublished":"2026-01-07T11:17:17+00:00","mainEntityOfPage":{"@id":"https:\/\/portaltela.pt\/noticias\/2026\/01\/07\/exportacoes-lusofonas-para-a-china-caem-4-ate-novembro\/"},"wordCount":239,"image":{"@id":"https:\/\/portaltela.pt\/noticias\/2026\/01\/07\/exportacoes-lusofonas-para-a-china-caem-4-ate-novembro\/#primaryimage"},"thumbnailUrl":"https:\/\/portaltela.pt\/s.01k8rhncp4jt1\/2026\/01\/unnamed-file-1323.jpg","keywords":["com\u00e9rcio","economia","exporta\u00e7\u00f5es","Guin\u00e9 Equatorial","Mo\u00e7ambique","Portugal"],"articleSection":["Economia","Not\u00edcias"],"inLanguage":"pt-PT"},{"@type":"WebPage","@id":"https:\/\/portaltela.pt\/noticias\/2026\/01\/07\/exportacoes-lusofonas-para-a-china-caem-4-ate-novembro\/","url":"https:\/\/portaltela.pt\/noticias\/2026\/01\/07\/exportacoes-lusofonas-para-a-china-caem-4-ate-novembro\/","name":"Exporta\u00e7\u00f5es lus\u00f3fonas para a China caem 4% at\u00e9 novembro - Portal Tela Portugal","isPartOf":{"@id":"https:\/\/portaltela.pt\/#website"},"primaryImageOfPage":{"@id":"https:\/\/portaltela.pt\/noticias\/2026\/01\/07\/exportacoes-lusofonas-para-a-china-caem-4-ate-novembro\/#primaryimage"},"image":{"@id":"https:\/\/portaltela.pt\/noticias\/2026\/01\/07\/exportacoes-lusofonas-para-a-china-caem-4-ate-novembro\/#primaryimage"},"thumbnailUrl":"https:\/\/portaltela.pt\/s.01k8rhncp4jt1\/2026\/01\/unnamed-file-1323.jpg","datePublished":"2026-01-07T11:17:17+00:00","author":{"@id":"https:\/\/portaltela.pt\/#\/schema\/person\/c4278d4a6028830caff9ee44b42d32ed"},"breadcrumb":{"@id":"https:\/\/portaltela.pt\/noticias\/2026\/01\/07\/exportacoes-lusofonas-para-a-china-caem-4-ate-novembro\/#breadcrumb"},"inLanguage":"pt-PT","potentialAction":[{"@type":"ReadAction","target":["https:\/\/portaltela.pt\/noticias\/2026\/01\/07\/exportacoes-lusofonas-para-a-china-caem-4-ate-novembro\/"]}]},{"@type":"ImageObject","inLanguage":"pt-PT","@id":"https:\/\/portaltela.pt\/noticias\/2026\/01\/07\/exportacoes-lusofonas-para-a-china-caem-4-ate-novembro\/#primaryimage","url":"https:\/\/portaltela.pt\/s.01k8rhncp4jt1\/2026\/01\/unnamed-file-1323.jpg","contentUrl":"https:\/\/portaltela.pt\/s.01k8rhncp4jt1\/2026\/01\/unnamed-file-1323.jpg","width":796,"height":448,"caption":"Exporta\u00e7\u00f5es lus\u00f3fonas para a China caem mais de um quarto at\u00e9 Abril"},{"@type":"BreadcrumbList","@id":"https:\/\/portaltela.pt\/noticias\/2026\/01\/07\/exportacoes-lusofonas-para-a-china-caem-4-ate-novembro\/#breadcrumb","itemListElement":[{"@type":"ListItem","position":1,"name":"In\u00edcio","item":"https:\/\/portaltela.pt\/"},{"@type":"ListItem","position":2,"name":"Exporta\u00e7\u00f5es lus\u00f3fonas para a China caem 4% at\u00e9 novembro"}]},{"@type":"WebSite","@id":"https:\/\/portaltela.pt\/#website","url":"https:\/\/portaltela.pt\/","name":"Portal Tela Portugal","description":"","potentialAction":[{"@type":"SearchAction","target":{"@type":"EntryPoint","urlTemplate":"https:\/\/portaltela.pt\/?s={search_term_string}"},"query-input":{"@type":"PropertyValueSpecification","valueRequired":true,"valueName":"search_term_string"}}],"inLanguage":"pt-PT"},{"@type":"Person","@id":"https:\/\/portaltela.pt\/#\/schema\/person\/c4278d4a6028830caff9ee44b42d32ed","name":"Telinha","image":{"@type":"ImageObject","inLanguage":"pt-PT","@id":"https:\/\/portaltela.pt\/s.01k8rhncp4jt1\/2025\/11\/talking-bot-125x125.png","url":"https:\/\/portaltela.pt\/s.01k8rhncp4jt1\/2025\/11\/talking-bot-125x125.png","contentUrl":"https:\/\/portaltela.pt\/s.01k8rhncp4jt1\/2025\/11\/talking-bot-125x125.png","caption":"Telinha"},"sameAs":["https:\/\/portaltela.pt\/"],"url":"https:\/\/portaltela.pt\/por\/367410592786\/"}]}},"_links":{"self":[{"href":"https:\/\/portaltela.pt\/api\/wp\/v2\/posts\/123053","targetHints":{"allow":["GET"]}}],"collection":[{"href":"https:\/\/portaltela.pt\/api\/wp\/v2\/posts"}],"about":[{"href":"https:\/\/portaltela.pt\/api\/wp\/v2\/types\/post"}],"author":[{"embeddable":true,"href":"https:\/\/portaltela.pt\/api\/wp\/v2\/users\/2"}],"replies":[{"embeddable":true,"href":"https:\/\/portaltela.pt\/api\/wp\/v2\/comments?post=123053"}],"version-history":[{"count":0,"href":"https:\/\/portaltela.pt\/api\/wp\/v2\/posts\/123053\/revisions"}],"wp:featuredmedia":[{"embeddable":true,"href":"https:\/\/portaltela.pt\/api\/wp\/v2\/media\/123067"}],"wp:attachment":[{"href":"https:\/\/portaltela.pt\/api\/wp\/v2\/media?parent=123053"}],"wp:term":[{"taxonomy":"category","embeddable":true,"href":"https:\/\/portaltela.pt\/api\/wp\/v2\/categories?post=123053"},{"taxonomy":"post_tag","embeddable":true,"href":"https:\/\/portaltela.pt\/api\/wp\/v2\/tags?post=123053"}],"curies":[{"name":"wp","href":"https:\/\/api.w.org\/{rel}","templated":true}]}}