{"id":123033,"date":"2026-01-07T08:10:00","date_gmt":"2026-01-07T11:10:00","guid":{"rendered":"https:\/\/portaltela.pt\/noticias\/2026\/01\/07\/finge-roubo-de-camara-na-passagem-de-ano-em-lisboa-para-acionar-seguro\/"},"modified":"2026-01-07T08:10:00","modified_gmt":"2026-01-07T11:10:00","slug":"finge-roubo-de-camara-na-passagem-de-ano-em-lisboa-para-acionar-seguro","status":"publish","type":"post","link":"https:\/\/portaltela.pt\/noticias\/2026\/01\/07\/finge-roubo-de-camara-na-passagem-de-ano-em-lisboa-para-acionar-seguro\/","title":{"rendered":"Finge roubo de c\u00e2mara na passagem de ano em Lisboa para acionar seguro"},"content":{"rendered":"<p>Um jovem de 21 anos foi detido pela PSP de Sintra ap\u00f3s alegadamente simular um roubo de c\u00e2mara durante a passagem de ano em Lisboa, para acionar o seguro. A pol\u00edcia descreve o caso como uma tentativa de indemniza\u00e7\u00e3o indevida.<\/p>\n<p>O incidente ter\u00e1 ocorrido quando ele afirmou ter sido empurrado por um desconhecido, durante a celebra\u00e7\u00e3o de fogo de artif\u00edcio, o que alegadamente levou \u00e0 perda da c\u00e2mara de filmar. O relato foi apresentado numa esquadra da PSP.<\/p>\n<p>Durante a investiga\u00e7\u00e3o, foram detetadas incongru\u00eancias no depoimento. Confrontado com as inconsist\u00eancias, o jovem acabou por admitir que n\u00e3o tinha sido v\u00edtima de crime, reconhecendo que tinha perdido a c\u00e2mara e decidiu apresentar a queixa para obter indemniza\u00e7\u00e3o.<\/p>\n<h3>Investiga\u00e7\u00e3o e deten\u00e7\u00e3o<\/h3>\n<p>O suspeito foi detido no dia 2 de janeiro por simula\u00e7\u00e3o de crime. Ficou libertado posteriormente, ficando notificado para comparecer no tribunal competente para o primeiro interrogat\u00f3rio judicial.<\/p>\n<p>A PSP n\u00e3o revela a identidade do jovem. O caso segue agora para a avalia\u00e7\u00e3o judicial, sem conclus\u00f5es finais ainda retiradas pela autoridade. A for\u00e7a policial n\u00e3o adianta datas adicionais sem nova decis\u00e3o.<\/p>\n","protected":false},"excerpt":{"rendered":"<ul>\n<li>Um jovem de 21 anos foi detido pela PSP de Sintra ap\u00f3s alegar ter sido v\u00edtima de roubo durante a passagem de ano em Lisboa, para acionar o seguro.<\/li>\n<li>A narrativa dizia que filmava os fogos de artif\u00edcio, foi empurrado por algu\u00e9m desconhecido e ficou sem a c\u00e2mara alegadamente roubada.<\/li>\n<li>A investiga\u00e7\u00e3o comprovou incongru\u00eancias no relato; o jovem confessou que n\u00e3o foi v\u00edtima de roubo e que tinha perdido a c\u00e2mara, tendo registado a ocorr\u00eancia para receber indemniza\u00e7\u00e3o.<\/li>\n<li>Foi detido no dia 2 de janeiro por simula\u00e7\u00e3o de crime; foi libertado e notificado para comparecer em tribunal para o primeiro interrogat\u00f3rio.<\/li>\n<\/ul>\n","protected":false},"author":2,"featured_media":123039,"comment_status":"closed","ping_status":"closed","sticky":false,"template":"","format":"standard","meta":{"footnotes":""},"categories":[1],"tags":[147,1216,2372,981,554,1110],"class_list":["post-123033","post","type-post","status-publish","format-standard","has-post-thumbnail","hentry","category-noticias","tag-crime","tag-falsa-comunicacao-de-crime","tag-indenizacao","tag-lisboa","tag-policia-publica","tag-sintra"],"yoast_head":"<!-- This site is optimized with the Yoast SEO plugin v27.2 - https:\/\/yoast.com\/product\/yoast-seo-wordpress\/ -->\n<title>Finge roubo de c\u00e2mara na passagem de ano em Lisboa para acionar seguro - Portal Tela Portugal<\/title>\n<meta name=\"robots\" content=\"index, follow, max-snippet:-1, max-image-preview:large, max-video-preview:-1\" \/>\n<meta property=\"og:locale\" content=\"pt_PT\" \/>\n<meta property=\"og:type\" content=\"article\" \/>\n<meta property=\"og:title\" content=\"Finge roubo de c\u00e2mara na passagem de ano em Lisboa para acionar seguro - Portal Tela Portugal\" \/>\n<meta property=\"og:description\" content=\"Um jovem de 21 anos foi detido pela PSP de Sintra ap\u00f3s alegar ter sido v\u00edtima de roubo durante a passagem de ano em Lisboa, para acionar o seguro. A narrativa dizia que filmava os fogos de artif\u00edcio, foi empurrado por algu\u00e9m desconhecido e ficou sem a c\u00e2mara alegadamente roubada. A investiga\u00e7\u00e3o comprovou incongru\u00eancias no relato; o jovem confessou que n\u00e3o foi v\u00edtima de roubo e que tinha perdido a c\u00e2mara, tendo registado a ocorr\u00eancia para receber indemniza\u00e7\u00e3o. Foi detido no dia 2 de janeiro por simula\u00e7\u00e3o de crime; foi libertado e notificado para comparecer em tribunal para o primeiro interrogat\u00f3rio.\" \/>\n<meta property=\"og:url\" content=\"https:\/\/portaltela.pt\/noticias\/2026\/01\/07\/finge-roubo-de-camara-na-passagem-de-ano-em-lisboa-para-acionar-seguro\/\" \/>\n<meta property=\"og:site_name\" content=\"Portal Tela Portugal\" \/>\n<meta property=\"article:published_time\" content=\"2026-01-07T11:10:00+00:00\" \/>\n<meta name=\"author\" content=\"Telinha\" \/>\n<meta name=\"twitter:card\" content=\"summary_large_image\" \/>\n<meta name=\"twitter:label1\" content=\"Escrito por\" \/>\n\t<meta name=\"twitter:data1\" content=\"Telinha\" \/>\n\t<meta name=\"twitter:label2\" content=\"Tempo estimado de leitura\" \/>\n\t<meta name=\"twitter:data2\" content=\"1 minuto\" \/>\n<script type=\"application\/ld+json\" class=\"yoast-schema-graph\">{\"@context\":\"https:\/\/schema.org\",\"@graph\":[{\"@type\":\"Article\",\"@id\":\"https:\/\/portaltela.pt\/noticias\/2026\/01\/07\/finge-roubo-de-camara-na-passagem-de-ano-em-lisboa-para-acionar-seguro\/#article\",\"isPartOf\":{\"@id\":\"https:\/\/portaltela.pt\/noticias\/2026\/01\/07\/finge-roubo-de-camara-na-passagem-de-ano-em-lisboa-para-acionar-seguro\/\"},\"author\":{\"name\":\"Telinha\",\"@id\":\"https:\/\/portaltela.pt\/#\/schema\/person\/c4278d4a6028830caff9ee44b42d32ed\"},\"headline\":\"Finge roubo de c\u00e2mara na passagem de ano em Lisboa para acionar seguro\",\"datePublished\":\"2026-01-07T11:10:00+00:00\",\"mainEntityOfPage\":{\"@id\":\"https:\/\/portaltela.pt\/noticias\/2026\/01\/07\/finge-roubo-de-camara-na-passagem-de-ano-em-lisboa-para-acionar-seguro\/\"},\"wordCount\":215,\"image\":{\"@id\":\"https:\/\/portaltela.pt\/noticias\/2026\/01\/07\/finge-roubo-de-camara-na-passagem-de-ano-em-lisboa-para-acionar-seguro\/#primaryimage\"},\"thumbnailUrl\":\"https:\/\/portaltela.pt\/s.01k8rhncp4jt1\/2026\/01\/image-351.jpg\",\"keywords\":[\"crime\",\"falsa comunica\u00e7\u00e3o de crime\",\"indeniza\u00e7\u00e3o\",\"Lisboa\",\"pol\u00edcia p\u00fablica\",\"Sintra\"],\"articleSection\":[\"Not\u00edcias\"],\"inLanguage\":\"pt-PT\"},{\"@type\":\"WebPage\",\"@id\":\"https:\/\/portaltela.pt\/noticias\/2026\/01\/07\/finge-roubo-de-camara-na-passagem-de-ano-em-lisboa-para-acionar-seguro\/\",\"url\":\"https:\/\/portaltela.pt\/noticias\/2026\/01\/07\/finge-roubo-de-camara-na-passagem-de-ano-em-lisboa-para-acionar-seguro\/\",\"name\":\"Finge roubo de c\u00e2mara na passagem de ano em Lisboa para acionar seguro - Portal Tela Portugal\",\"isPartOf\":{\"@id\":\"https:\/\/portaltela.pt\/#website\"},\"primaryImageOfPage\":{\"@id\":\"https:\/\/portaltela.pt\/noticias\/2026\/01\/07\/finge-roubo-de-camara-na-passagem-de-ano-em-lisboa-para-acionar-seguro\/#primaryimage\"},\"image\":{\"@id\":\"https:\/\/portaltela.pt\/noticias\/2026\/01\/07\/finge-roubo-de-camara-na-passagem-de-ano-em-lisboa-para-acionar-seguro\/#primaryimage\"},\"thumbnailUrl\":\"https:\/\/portaltela.pt\/s.01k8rhncp4jt1\/2026\/01\/image-351.jpg\",\"datePublished\":\"2026-01-07T11:10:00+00:00\",\"author\":{\"@id\":\"https:\/\/portaltela.pt\/#\/schema\/person\/c4278d4a6028830caff9ee44b42d32ed\"},\"breadcrumb\":{\"@id\":\"https:\/\/portaltela.pt\/noticias\/2026\/01\/07\/finge-roubo-de-camara-na-passagem-de-ano-em-lisboa-para-acionar-seguro\/#breadcrumb\"},\"inLanguage\":\"pt-PT\",\"potentialAction\":[{\"@type\":\"ReadAction\",\"target\":[\"https:\/\/portaltela.pt\/noticias\/2026\/01\/07\/finge-roubo-de-camara-na-passagem-de-ano-em-lisboa-para-acionar-seguro\/\"]}]},{\"@type\":\"ImageObject\",\"inLanguage\":\"pt-PT\",\"@id\":\"https:\/\/portaltela.pt\/noticias\/2026\/01\/07\/finge-roubo-de-camara-na-passagem-de-ano-em-lisboa-para-acionar-seguro\/#primaryimage\",\"url\":\"https:\/\/portaltela.pt\/s.01k8rhncp4jt1\/2026\/01\/image-351.jpg\",\"contentUrl\":\"https:\/\/portaltela.pt\/s.01k8rhncp4jt1\/2026\/01\/image-351.jpg\",\"width\":796,\"height\":448,\"caption\":\"Por a den\u00fancia apresentar algumas incongru\u00eancias, o homem foi inquirido e confrontado com alguns factos pelos pol\u00edcias\"},{\"@type\":\"BreadcrumbList\",\"@id\":\"https:\/\/portaltela.pt\/noticias\/2026\/01\/07\/finge-roubo-de-camara-na-passagem-de-ano-em-lisboa-para-acionar-seguro\/#breadcrumb\",\"itemListElement\":[{\"@type\":\"ListItem\",\"position\":1,\"name\":\"In\u00edcio\",\"item\":\"https:\/\/portaltela.pt\/\"},{\"@type\":\"ListItem\",\"position\":2,\"name\":\"Finge roubo de c\u00e2mara na passagem de ano em Lisboa para acionar seguro\"}]},{\"@type\":\"WebSite\",\"@id\":\"https:\/\/portaltela.pt\/#website\",\"url\":\"https:\/\/portaltela.pt\/\",\"name\":\"Portal Tela Portugal\",\"description\":\"\",\"potentialAction\":[{\"@type\":\"SearchAction\",\"target\":{\"@type\":\"EntryPoint\",\"urlTemplate\":\"https:\/\/portaltela.pt\/?s={search_term_string}\"},\"query-input\":{\"@type\":\"PropertyValueSpecification\",\"valueRequired\":true,\"valueName\":\"search_term_string\"}}],\"inLanguage\":\"pt-PT\"},{\"@type\":\"Person\",\"@id\":\"https:\/\/portaltela.pt\/#\/schema\/person\/c4278d4a6028830caff9ee44b42d32ed\",\"name\":\"Telinha\",\"image\":{\"@type\":\"ImageObject\",\"inLanguage\":\"pt-PT\",\"@id\":\"https:\/\/portaltela.pt\/s.01k8rhncp4jt1\/2025\/11\/talking-bot-125x125.png\",\"url\":\"https:\/\/portaltela.pt\/s.01k8rhncp4jt1\/2025\/11\/talking-bot-125x125.png\",\"contentUrl\":\"https:\/\/portaltela.pt\/s.01k8rhncp4jt1\/2025\/11\/talking-bot-125x125.png\",\"caption\":\"Telinha\"},\"sameAs\":[\"https:\/\/portaltela.pt\/\"],\"url\":\"https:\/\/portaltela.pt\/por\/367410592786\/\"}]}<\/script>\n<!-- \/ Yoast SEO plugin. -->","yoast_head_json":{"title":"Finge roubo de c\u00e2mara na passagem de ano em Lisboa para acionar seguro - Portal Tela Portugal","robots":{"index":"index","follow":"follow","max-snippet":"max-snippet:-1","max-image-preview":"max-image-preview:large","max-video-preview":"max-video-preview:-1"},"og_locale":"pt_PT","og_type":"article","og_title":"Finge roubo de c\u00e2mara na passagem de ano em Lisboa para acionar seguro - Portal Tela Portugal","og_description":"Um jovem de 21 anos foi detido pela PSP de Sintra ap\u00f3s alegar ter sido v\u00edtima de roubo durante a passagem de ano em Lisboa, para acionar o seguro. A narrativa dizia que filmava os fogos de artif\u00edcio, foi empurrado por algu\u00e9m desconhecido e ficou sem a c\u00e2mara alegadamente roubada. A investiga\u00e7\u00e3o comprovou incongru\u00eancias no relato; o jovem confessou que n\u00e3o foi v\u00edtima de roubo e que tinha perdido a c\u00e2mara, tendo registado a ocorr\u00eancia para receber indemniza\u00e7\u00e3o. Foi detido no dia 2 de janeiro por simula\u00e7\u00e3o de crime; foi libertado e notificado para comparecer em tribunal para o primeiro interrogat\u00f3rio.","og_url":"https:\/\/portaltela.pt\/noticias\/2026\/01\/07\/finge-roubo-de-camara-na-passagem-de-ano-em-lisboa-para-acionar-seguro\/","og_site_name":"Portal Tela Portugal","article_published_time":"2026-01-07T11:10:00+00:00","author":"Telinha","twitter_card":"summary_large_image","twitter_misc":{"Escrito por":"Telinha","Tempo estimado de leitura":"1 minuto"},"schema":{"@context":"https:\/\/schema.org","@graph":[{"@type":"Article","@id":"https:\/\/portaltela.pt\/noticias\/2026\/01\/07\/finge-roubo-de-camara-na-passagem-de-ano-em-lisboa-para-acionar-seguro\/#article","isPartOf":{"@id":"https:\/\/portaltela.pt\/noticias\/2026\/01\/07\/finge-roubo-de-camara-na-passagem-de-ano-em-lisboa-para-acionar-seguro\/"},"author":{"name":"Telinha","@id":"https:\/\/portaltela.pt\/#\/schema\/person\/c4278d4a6028830caff9ee44b42d32ed"},"headline":"Finge roubo de c\u00e2mara na passagem de ano em Lisboa para acionar seguro","datePublished":"2026-01-07T11:10:00+00:00","mainEntityOfPage":{"@id":"https:\/\/portaltela.pt\/noticias\/2026\/01\/07\/finge-roubo-de-camara-na-passagem-de-ano-em-lisboa-para-acionar-seguro\/"},"wordCount":215,"image":{"@id":"https:\/\/portaltela.pt\/noticias\/2026\/01\/07\/finge-roubo-de-camara-na-passagem-de-ano-em-lisboa-para-acionar-seguro\/#primaryimage"},"thumbnailUrl":"https:\/\/portaltela.pt\/s.01k8rhncp4jt1\/2026\/01\/image-351.jpg","keywords":["crime","falsa comunica\u00e7\u00e3o de crime","indeniza\u00e7\u00e3o","Lisboa","pol\u00edcia p\u00fablica","Sintra"],"articleSection":["Not\u00edcias"],"inLanguage":"pt-PT"},{"@type":"WebPage","@id":"https:\/\/portaltela.pt\/noticias\/2026\/01\/07\/finge-roubo-de-camara-na-passagem-de-ano-em-lisboa-para-acionar-seguro\/","url":"https:\/\/portaltela.pt\/noticias\/2026\/01\/07\/finge-roubo-de-camara-na-passagem-de-ano-em-lisboa-para-acionar-seguro\/","name":"Finge roubo de c\u00e2mara na passagem de ano em Lisboa para acionar seguro - Portal Tela Portugal","isPartOf":{"@id":"https:\/\/portaltela.pt\/#website"},"primaryImageOfPage":{"@id":"https:\/\/portaltela.pt\/noticias\/2026\/01\/07\/finge-roubo-de-camara-na-passagem-de-ano-em-lisboa-para-acionar-seguro\/#primaryimage"},"image":{"@id":"https:\/\/portaltela.pt\/noticias\/2026\/01\/07\/finge-roubo-de-camara-na-passagem-de-ano-em-lisboa-para-acionar-seguro\/#primaryimage"},"thumbnailUrl":"https:\/\/portaltela.pt\/s.01k8rhncp4jt1\/2026\/01\/image-351.jpg","datePublished":"2026-01-07T11:10:00+00:00","author":{"@id":"https:\/\/portaltela.pt\/#\/schema\/person\/c4278d4a6028830caff9ee44b42d32ed"},"breadcrumb":{"@id":"https:\/\/portaltela.pt\/noticias\/2026\/01\/07\/finge-roubo-de-camara-na-passagem-de-ano-em-lisboa-para-acionar-seguro\/#breadcrumb"},"inLanguage":"pt-PT","potentialAction":[{"@type":"ReadAction","target":["https:\/\/portaltela.pt\/noticias\/2026\/01\/07\/finge-roubo-de-camara-na-passagem-de-ano-em-lisboa-para-acionar-seguro\/"]}]},{"@type":"ImageObject","inLanguage":"pt-PT","@id":"https:\/\/portaltela.pt\/noticias\/2026\/01\/07\/finge-roubo-de-camara-na-passagem-de-ano-em-lisboa-para-acionar-seguro\/#primaryimage","url":"https:\/\/portaltela.pt\/s.01k8rhncp4jt1\/2026\/01\/image-351.jpg","contentUrl":"https:\/\/portaltela.pt\/s.01k8rhncp4jt1\/2026\/01\/image-351.jpg","width":796,"height":448,"caption":"Por a den\u00fancia apresentar algumas incongru\u00eancias, o homem foi inquirido e confrontado com alguns factos pelos pol\u00edcias"},{"@type":"BreadcrumbList","@id":"https:\/\/portaltela.pt\/noticias\/2026\/01\/07\/finge-roubo-de-camara-na-passagem-de-ano-em-lisboa-para-acionar-seguro\/#breadcrumb","itemListElement":[{"@type":"ListItem","position":1,"name":"In\u00edcio","item":"https:\/\/portaltela.pt\/"},{"@type":"ListItem","position":2,"name":"Finge roubo de c\u00e2mara na passagem de ano em Lisboa para acionar seguro"}]},{"@type":"WebSite","@id":"https:\/\/portaltela.pt\/#website","url":"https:\/\/portaltela.pt\/","name":"Portal Tela Portugal","description":"","potentialAction":[{"@type":"SearchAction","target":{"@type":"EntryPoint","urlTemplate":"https:\/\/portaltela.pt\/?s={search_term_string}"},"query-input":{"@type":"PropertyValueSpecification","valueRequired":true,"valueName":"search_term_string"}}],"inLanguage":"pt-PT"},{"@type":"Person","@id":"https:\/\/portaltela.pt\/#\/schema\/person\/c4278d4a6028830caff9ee44b42d32ed","name":"Telinha","image":{"@type":"ImageObject","inLanguage":"pt-PT","@id":"https:\/\/portaltela.pt\/s.01k8rhncp4jt1\/2025\/11\/talking-bot-125x125.png","url":"https:\/\/portaltela.pt\/s.01k8rhncp4jt1\/2025\/11\/talking-bot-125x125.png","contentUrl":"https:\/\/portaltela.pt\/s.01k8rhncp4jt1\/2025\/11\/talking-bot-125x125.png","caption":"Telinha"},"sameAs":["https:\/\/portaltela.pt\/"],"url":"https:\/\/portaltela.pt\/por\/367410592786\/"}]}},"_links":{"self":[{"href":"https:\/\/portaltela.pt\/api\/wp\/v2\/posts\/123033","targetHints":{"allow":["GET"]}}],"collection":[{"href":"https:\/\/portaltela.pt\/api\/wp\/v2\/posts"}],"about":[{"href":"https:\/\/portaltela.pt\/api\/wp\/v2\/types\/post"}],"author":[{"embeddable":true,"href":"https:\/\/portaltela.pt\/api\/wp\/v2\/users\/2"}],"replies":[{"embeddable":true,"href":"https:\/\/portaltela.pt\/api\/wp\/v2\/comments?post=123033"}],"version-history":[{"count":0,"href":"https:\/\/portaltela.pt\/api\/wp\/v2\/posts\/123033\/revisions"}],"wp:featuredmedia":[{"embeddable":true,"href":"https:\/\/portaltela.pt\/api\/wp\/v2\/media\/123039"}],"wp:attachment":[{"href":"https:\/\/portaltela.pt\/api\/wp\/v2\/media?parent=123033"}],"wp:term":[{"taxonomy":"category","embeddable":true,"href":"https:\/\/portaltela.pt\/api\/wp\/v2\/categories?post=123033"},{"taxonomy":"post_tag","embeddable":true,"href":"https:\/\/portaltela.pt\/api\/wp\/v2\/tags?post=123033"}],"curies":[{"name":"wp","href":"https:\/\/api.w.org\/{rel}","templated":true}]}}