{"id":122891,"date":"2026-01-07T07:42:25","date_gmt":"2026-01-07T10:42:25","guid":{"rendered":"https:\/\/portaltela.pt\/noticias\/2026\/01\/07\/governo-apresentara-nova-proposta-sobre-premio-salarial-em-breve\/"},"modified":"2026-01-07T07:42:25","modified_gmt":"2026-01-07T10:42:25","slug":"governo-apresentara-nova-proposta-sobre-premio-salarial-em-breve","status":"publish","type":"post","link":"https:\/\/portaltela.pt\/noticias\/economia\/2026\/01\/07\/governo-apresentara-nova-proposta-sobre-premio-salarial-em-breve\/","title":{"rendered":"Governo apresentar\u00e1 nova proposta sobre pr\u00e9mio salarial em breve"},"content":{"rendered":"<p>O Governo vai apresentar uma nova proposta sobre o pr\u00e9mio salarial. O an\u00fancio foi feito pelo ministro das Finan\u00e7as, Joaquim Miranda Sarmento, durante uma audi\u00e7\u00e3o no parlamento nesta quarta-feira. A medida enquadra-se na revis\u00e3o do regime de atribui\u00e7\u00e3o do pr\u00e9mio, com foco em clarificar condi\u00e7\u00f5es e prazos.<\/p>\n<p>Sarmento disse aos deputados que, para quem se inscreveu em 2024, o pagamento ocorreu em 2024 e 2025, e que o Governo est\u00e1 a trabalhar numa proposta atualizada. O objetivo \u00e9 responder a d\u00favidas sobre a aplica\u00e7\u00e3o do apoio, cuja legisla\u00e7\u00e3o permanece em vigor, mas est\u00e1 a ser revista.<\/p>\n<h3>Pr\u00f3ximos passos<\/h3>\n<p>O ministro indicou que a nova proposta ser\u00e1 apresentada em breve, sem detalhar prazos. A revis\u00e3o ocorre no contexto de ajustes ao regime salarial p\u00fablico, com especial aten\u00e7\u00e3o \u00e0 sua sustentabilidade e \u00e0 equidade entre trabalhadores.<\/p>\n","protected":false},"excerpt":{"rendered":"<ul>\n<li>O Governo vai apresentar em breve uma nova proposta sobre o pr\u00e9mio salarial, informou o ministro das Finan\u00e7as, Joaquim Miranda Sarmento.<\/li>\n<li>A afirma\u00e7\u00e3o foi feita durante uma audi\u00e7\u00e3o no parlamento, respondendo a quest\u00f5es sobre o ponto de situa\u00e7\u00e3o do pr\u00e9mio salarial.<\/li>\n<li>O ministro referiu que quem se inscreveu em 2024 recebeu o pagamento em 2024 e 2025.<\/li>\n<li>O Governo est\u00e1 a rever a quest\u00e3o do pr\u00e9mio salarial, conforme indicado pelo ministro.<\/li>\n<li>A lei que regula o pr\u00e9mio permanece em vigor, mas o Governo tomou a decis\u00e3o de a rever.<\/li>\n<\/ul>\n","protected":false},"author":2,"featured_media":122896,"comment_status":"closed","ping_status":"closed","sticky":false,"template":"","format":"standard","meta":{"footnotes":""},"categories":[2],"tags":[168,2115,733,34,133,2201],"class_list":["post-122891","post","type-post","status-publish","format-standard","has-post-thumbnail","hentry","category-economia","tag-administracao-publica","tag-comissao-de-remuneracoes","tag-financas-publicas","tag-governo","tag-politicas-publicas","tag-trabalho"],"yoast_head":"<!-- This site is optimized with the Yoast SEO plugin v27.2 - https:\/\/yoast.com\/product\/yoast-seo-wordpress\/ -->\n<title>Governo apresentar\u00e1 nova proposta sobre pr\u00e9mio salarial em breve - Portal Tela Portugal<\/title>\n<meta name=\"robots\" content=\"index, follow, max-snippet:-1, max-image-preview:large, max-video-preview:-1\" \/>\n<meta property=\"og:locale\" content=\"pt_PT\" \/>\n<meta property=\"og:type\" content=\"article\" \/>\n<meta property=\"og:title\" content=\"Governo apresentar\u00e1 nova proposta sobre pr\u00e9mio salarial em breve - Portal Tela Portugal\" \/>\n<meta property=\"og:description\" content=\"O Governo vai apresentar em breve uma nova proposta sobre o pr\u00e9mio salarial, informou o ministro das Finan\u00e7as, Joaquim Miranda Sarmento. A afirma\u00e7\u00e3o foi feita durante uma audi\u00e7\u00e3o no parlamento, respondendo a quest\u00f5es sobre o ponto de situa\u00e7\u00e3o do pr\u00e9mio salarial. O ministro referiu que quem se inscreveu em 2024 recebeu o pagamento em 2024 e 2025. O Governo est\u00e1 a rever a quest\u00e3o do pr\u00e9mio salarial, conforme indicado pelo ministro. A lei que regula o pr\u00e9mio permanece em vigor, mas o Governo tomou a decis\u00e3o de a rever.\" \/>\n<meta property=\"og:url\" content=\"https:\/\/portaltela.pt\/noticias\/2026\/01\/07\/governo-apresentara-nova-proposta-sobre-premio-salarial-em-breve\/\" \/>\n<meta property=\"og:site_name\" content=\"Portal Tela Portugal\" \/>\n<meta property=\"article:published_time\" content=\"2026-01-07T10:42:25+00:00\" \/>\n<meta name=\"author\" content=\"Telinha\" \/>\n<meta name=\"twitter:card\" content=\"summary_large_image\" \/>\n<meta name=\"twitter:label1\" content=\"Escrito por\" \/>\n\t<meta name=\"twitter:data1\" content=\"Telinha\" \/>\n\t<meta name=\"twitter:label2\" content=\"Tempo estimado de leitura\" \/>\n\t<meta name=\"twitter:data2\" content=\"1 minuto\" \/>\n<script type=\"application\/ld+json\" class=\"yoast-schema-graph\">{\"@context\":\"https:\/\/schema.org\",\"@graph\":[{\"@type\":\"Article\",\"@id\":\"https:\/\/portaltela.pt\/noticias\/2026\/01\/07\/governo-apresentara-nova-proposta-sobre-premio-salarial-em-breve\/#article\",\"isPartOf\":{\"@id\":\"https:\/\/portaltela.pt\/noticias\/2026\/01\/07\/governo-apresentara-nova-proposta-sobre-premio-salarial-em-breve\/\"},\"author\":{\"name\":\"Telinha\",\"@id\":\"https:\/\/portaltela.pt\/#\/schema\/person\/c4278d4a6028830caff9ee44b42d32ed\"},\"headline\":\"Governo apresentar\u00e1 nova proposta sobre pr\u00e9mio salarial em breve\",\"datePublished\":\"2026-01-07T10:42:25+00:00\",\"mainEntityOfPage\":{\"@id\":\"https:\/\/portaltela.pt\/noticias\/2026\/01\/07\/governo-apresentara-nova-proposta-sobre-premio-salarial-em-breve\/\"},\"wordCount\":153,\"image\":{\"@id\":\"https:\/\/portaltela.pt\/noticias\/2026\/01\/07\/governo-apresentara-nova-proposta-sobre-premio-salarial-em-breve\/#primaryimage\"},\"thumbnailUrl\":\"https:\/\/portaltela.pt\/s.01k8rhncp4jt1\/2026\/01\/img_1500x1000uu2024-06-26-14-20-00-1689444.jpg\",\"keywords\":[\"administra\u00e7\u00e3o p\u00fablica\",\"Comiss\u00e3o de Remunera\u00e7\u00f5es\",\"finan\u00e7as p\u00fablicas\",\"governo\",\"pol\u00edticas p\u00fablicas\",\"trabalho\"],\"articleSection\":[\"Economia\"],\"inLanguage\":\"pt-PT\"},{\"@type\":\"WebPage\",\"@id\":\"https:\/\/portaltela.pt\/noticias\/2026\/01\/07\/governo-apresentara-nova-proposta-sobre-premio-salarial-em-breve\/\",\"url\":\"https:\/\/portaltela.pt\/noticias\/2026\/01\/07\/governo-apresentara-nova-proposta-sobre-premio-salarial-em-breve\/\",\"name\":\"Governo apresentar\u00e1 nova proposta sobre pr\u00e9mio salarial em breve - Portal Tela Portugal\",\"isPartOf\":{\"@id\":\"https:\/\/portaltela.pt\/#website\"},\"primaryImageOfPage\":{\"@id\":\"https:\/\/portaltela.pt\/noticias\/2026\/01\/07\/governo-apresentara-nova-proposta-sobre-premio-salarial-em-breve\/#primaryimage\"},\"image\":{\"@id\":\"https:\/\/portaltela.pt\/noticias\/2026\/01\/07\/governo-apresentara-nova-proposta-sobre-premio-salarial-em-breve\/#primaryimage\"},\"thumbnailUrl\":\"https:\/\/portaltela.pt\/s.01k8rhncp4jt1\/2026\/01\/img_1500x1000uu2024-06-26-14-20-00-1689444.jpg\",\"datePublished\":\"2026-01-07T10:42:25+00:00\",\"author\":{\"@id\":\"https:\/\/portaltela.pt\/#\/schema\/person\/c4278d4a6028830caff9ee44b42d32ed\"},\"breadcrumb\":{\"@id\":\"https:\/\/portaltela.pt\/noticias\/2026\/01\/07\/governo-apresentara-nova-proposta-sobre-premio-salarial-em-breve\/#breadcrumb\"},\"inLanguage\":\"pt-PT\",\"potentialAction\":[{\"@type\":\"ReadAction\",\"target\":[\"https:\/\/portaltela.pt\/noticias\/2026\/01\/07\/governo-apresentara-nova-proposta-sobre-premio-salarial-em-breve\/\"]}]},{\"@type\":\"ImageObject\",\"inLanguage\":\"pt-PT\",\"@id\":\"https:\/\/portaltela.pt\/noticias\/2026\/01\/07\/governo-apresentara-nova-proposta-sobre-premio-salarial-em-breve\/#primaryimage\",\"url\":\"https:\/\/portaltela.pt\/s.01k8rhncp4jt1\/2026\/01\/img_1500x1000uu2024-06-26-14-20-00-1689444.jpg\",\"contentUrl\":\"https:\/\/portaltela.pt\/s.01k8rhncp4jt1\/2026\/01\/img_1500x1000uu2024-06-26-14-20-00-1689444.jpg\",\"width\":796,\"height\":448,\"caption\":\"Joaquim Miranda Sarmento\"},{\"@type\":\"BreadcrumbList\",\"@id\":\"https:\/\/portaltela.pt\/noticias\/2026\/01\/07\/governo-apresentara-nova-proposta-sobre-premio-salarial-em-breve\/#breadcrumb\",\"itemListElement\":[{\"@type\":\"ListItem\",\"position\":1,\"name\":\"In\u00edcio\",\"item\":\"https:\/\/portaltela.pt\/\"},{\"@type\":\"ListItem\",\"position\":2,\"name\":\"Governo apresentar\u00e1 nova proposta sobre pr\u00e9mio salarial em breve\"}]},{\"@type\":\"WebSite\",\"@id\":\"https:\/\/portaltela.pt\/#website\",\"url\":\"https:\/\/portaltela.pt\/\",\"name\":\"Portal Tela Portugal\",\"description\":\"\",\"potentialAction\":[{\"@type\":\"SearchAction\",\"target\":{\"@type\":\"EntryPoint\",\"urlTemplate\":\"https:\/\/portaltela.pt\/?s={search_term_string}\"},\"query-input\":{\"@type\":\"PropertyValueSpecification\",\"valueRequired\":true,\"valueName\":\"search_term_string\"}}],\"inLanguage\":\"pt-PT\"},{\"@type\":\"Person\",\"@id\":\"https:\/\/portaltela.pt\/#\/schema\/person\/c4278d4a6028830caff9ee44b42d32ed\",\"name\":\"Telinha\",\"image\":{\"@type\":\"ImageObject\",\"inLanguage\":\"pt-PT\",\"@id\":\"https:\/\/portaltela.pt\/s.01k8rhncp4jt1\/2025\/11\/talking-bot-125x125.png\",\"url\":\"https:\/\/portaltela.pt\/s.01k8rhncp4jt1\/2025\/11\/talking-bot-125x125.png\",\"contentUrl\":\"https:\/\/portaltela.pt\/s.01k8rhncp4jt1\/2025\/11\/talking-bot-125x125.png\",\"caption\":\"Telinha\"},\"sameAs\":[\"https:\/\/portaltela.pt\/\"],\"url\":\"https:\/\/portaltela.pt\/por\/367410592786\/\"}]}<\/script>\n<!-- \/ Yoast SEO plugin. -->","yoast_head_json":{"title":"Governo apresentar\u00e1 nova proposta sobre pr\u00e9mio salarial em breve - Portal Tela Portugal","robots":{"index":"index","follow":"follow","max-snippet":"max-snippet:-1","max-image-preview":"max-image-preview:large","max-video-preview":"max-video-preview:-1"},"og_locale":"pt_PT","og_type":"article","og_title":"Governo apresentar\u00e1 nova proposta sobre pr\u00e9mio salarial em breve - Portal Tela Portugal","og_description":"O Governo vai apresentar em breve uma nova proposta sobre o pr\u00e9mio salarial, informou o ministro das Finan\u00e7as, Joaquim Miranda Sarmento. A afirma\u00e7\u00e3o foi feita durante uma audi\u00e7\u00e3o no parlamento, respondendo a quest\u00f5es sobre o ponto de situa\u00e7\u00e3o do pr\u00e9mio salarial. O ministro referiu que quem se inscreveu em 2024 recebeu o pagamento em 2024 e 2025. O Governo est\u00e1 a rever a quest\u00e3o do pr\u00e9mio salarial, conforme indicado pelo ministro. A lei que regula o pr\u00e9mio permanece em vigor, mas o Governo tomou a decis\u00e3o de a rever.","og_url":"https:\/\/portaltela.pt\/noticias\/2026\/01\/07\/governo-apresentara-nova-proposta-sobre-premio-salarial-em-breve\/","og_site_name":"Portal Tela Portugal","article_published_time":"2026-01-07T10:42:25+00:00","author":"Telinha","twitter_card":"summary_large_image","twitter_misc":{"Escrito por":"Telinha","Tempo estimado de leitura":"1 minuto"},"schema":{"@context":"https:\/\/schema.org","@graph":[{"@type":"Article","@id":"https:\/\/portaltela.pt\/noticias\/2026\/01\/07\/governo-apresentara-nova-proposta-sobre-premio-salarial-em-breve\/#article","isPartOf":{"@id":"https:\/\/portaltela.pt\/noticias\/2026\/01\/07\/governo-apresentara-nova-proposta-sobre-premio-salarial-em-breve\/"},"author":{"name":"Telinha","@id":"https:\/\/portaltela.pt\/#\/schema\/person\/c4278d4a6028830caff9ee44b42d32ed"},"headline":"Governo apresentar\u00e1 nova proposta sobre pr\u00e9mio salarial em breve","datePublished":"2026-01-07T10:42:25+00:00","mainEntityOfPage":{"@id":"https:\/\/portaltela.pt\/noticias\/2026\/01\/07\/governo-apresentara-nova-proposta-sobre-premio-salarial-em-breve\/"},"wordCount":153,"image":{"@id":"https:\/\/portaltela.pt\/noticias\/2026\/01\/07\/governo-apresentara-nova-proposta-sobre-premio-salarial-em-breve\/#primaryimage"},"thumbnailUrl":"https:\/\/portaltela.pt\/s.01k8rhncp4jt1\/2026\/01\/img_1500x1000uu2024-06-26-14-20-00-1689444.jpg","keywords":["administra\u00e7\u00e3o p\u00fablica","Comiss\u00e3o de Remunera\u00e7\u00f5es","finan\u00e7as p\u00fablicas","governo","pol\u00edticas p\u00fablicas","trabalho"],"articleSection":["Economia"],"inLanguage":"pt-PT"},{"@type":"WebPage","@id":"https:\/\/portaltela.pt\/noticias\/2026\/01\/07\/governo-apresentara-nova-proposta-sobre-premio-salarial-em-breve\/","url":"https:\/\/portaltela.pt\/noticias\/2026\/01\/07\/governo-apresentara-nova-proposta-sobre-premio-salarial-em-breve\/","name":"Governo apresentar\u00e1 nova proposta sobre pr\u00e9mio salarial em breve - Portal Tela Portugal","isPartOf":{"@id":"https:\/\/portaltela.pt\/#website"},"primaryImageOfPage":{"@id":"https:\/\/portaltela.pt\/noticias\/2026\/01\/07\/governo-apresentara-nova-proposta-sobre-premio-salarial-em-breve\/#primaryimage"},"image":{"@id":"https:\/\/portaltela.pt\/noticias\/2026\/01\/07\/governo-apresentara-nova-proposta-sobre-premio-salarial-em-breve\/#primaryimage"},"thumbnailUrl":"https:\/\/portaltela.pt\/s.01k8rhncp4jt1\/2026\/01\/img_1500x1000uu2024-06-26-14-20-00-1689444.jpg","datePublished":"2026-01-07T10:42:25+00:00","author":{"@id":"https:\/\/portaltela.pt\/#\/schema\/person\/c4278d4a6028830caff9ee44b42d32ed"},"breadcrumb":{"@id":"https:\/\/portaltela.pt\/noticias\/2026\/01\/07\/governo-apresentara-nova-proposta-sobre-premio-salarial-em-breve\/#breadcrumb"},"inLanguage":"pt-PT","potentialAction":[{"@type":"ReadAction","target":["https:\/\/portaltela.pt\/noticias\/2026\/01\/07\/governo-apresentara-nova-proposta-sobre-premio-salarial-em-breve\/"]}]},{"@type":"ImageObject","inLanguage":"pt-PT","@id":"https:\/\/portaltela.pt\/noticias\/2026\/01\/07\/governo-apresentara-nova-proposta-sobre-premio-salarial-em-breve\/#primaryimage","url":"https:\/\/portaltela.pt\/s.01k8rhncp4jt1\/2026\/01\/img_1500x1000uu2024-06-26-14-20-00-1689444.jpg","contentUrl":"https:\/\/portaltela.pt\/s.01k8rhncp4jt1\/2026\/01\/img_1500x1000uu2024-06-26-14-20-00-1689444.jpg","width":796,"height":448,"caption":"Joaquim Miranda Sarmento"},{"@type":"BreadcrumbList","@id":"https:\/\/portaltela.pt\/noticias\/2026\/01\/07\/governo-apresentara-nova-proposta-sobre-premio-salarial-em-breve\/#breadcrumb","itemListElement":[{"@type":"ListItem","position":1,"name":"In\u00edcio","item":"https:\/\/portaltela.pt\/"},{"@type":"ListItem","position":2,"name":"Governo apresentar\u00e1 nova proposta sobre pr\u00e9mio salarial em breve"}]},{"@type":"WebSite","@id":"https:\/\/portaltela.pt\/#website","url":"https:\/\/portaltela.pt\/","name":"Portal Tela Portugal","description":"","potentialAction":[{"@type":"SearchAction","target":{"@type":"EntryPoint","urlTemplate":"https:\/\/portaltela.pt\/?s={search_term_string}"},"query-input":{"@type":"PropertyValueSpecification","valueRequired":true,"valueName":"search_term_string"}}],"inLanguage":"pt-PT"},{"@type":"Person","@id":"https:\/\/portaltela.pt\/#\/schema\/person\/c4278d4a6028830caff9ee44b42d32ed","name":"Telinha","image":{"@type":"ImageObject","inLanguage":"pt-PT","@id":"https:\/\/portaltela.pt\/s.01k8rhncp4jt1\/2025\/11\/talking-bot-125x125.png","url":"https:\/\/portaltela.pt\/s.01k8rhncp4jt1\/2025\/11\/talking-bot-125x125.png","contentUrl":"https:\/\/portaltela.pt\/s.01k8rhncp4jt1\/2025\/11\/talking-bot-125x125.png","caption":"Telinha"},"sameAs":["https:\/\/portaltela.pt\/"],"url":"https:\/\/portaltela.pt\/por\/367410592786\/"}]}},"_links":{"self":[{"href":"https:\/\/portaltela.pt\/api\/wp\/v2\/posts\/122891","targetHints":{"allow":["GET"]}}],"collection":[{"href":"https:\/\/portaltela.pt\/api\/wp\/v2\/posts"}],"about":[{"href":"https:\/\/portaltela.pt\/api\/wp\/v2\/types\/post"}],"author":[{"embeddable":true,"href":"https:\/\/portaltela.pt\/api\/wp\/v2\/users\/2"}],"replies":[{"embeddable":true,"href":"https:\/\/portaltela.pt\/api\/wp\/v2\/comments?post=122891"}],"version-history":[{"count":0,"href":"https:\/\/portaltela.pt\/api\/wp\/v2\/posts\/122891\/revisions"}],"wp:featuredmedia":[{"embeddable":true,"href":"https:\/\/portaltela.pt\/api\/wp\/v2\/media\/122896"}],"wp:attachment":[{"href":"https:\/\/portaltela.pt\/api\/wp\/v2\/media?parent=122891"}],"wp:term":[{"taxonomy":"category","embeddable":true,"href":"https:\/\/portaltela.pt\/api\/wp\/v2\/categories?post=122891"},{"taxonomy":"post_tag","embeddable":true,"href":"https:\/\/portaltela.pt\/api\/wp\/v2\/tags?post=122891"}],"curies":[{"name":"wp","href":"https:\/\/api.w.org\/{rel}","templated":true}]}}