{"id":122856,"date":"2026-01-07T07:26:12","date_gmt":"2026-01-07T10:26:12","guid":{"rendered":"https:\/\/portaltela.pt\/noticias\/2026\/01\/07\/portugal-ultrapassa-meta-de-25-milhoes-de-vacinados-contra-gripe\/"},"modified":"2026-01-07T07:26:12","modified_gmt":"2026-01-07T10:26:12","slug":"portugal-ultrapassa-meta-de-25-milhoes-de-vacinados-contra-gripe","status":"publish","type":"post","link":"https:\/\/portaltela.pt\/noticias\/2026\/01\/07\/portugal-ultrapassa-meta-de-25-milhoes-de-vacinados-contra-gripe\/","title":{"rendered":"Portugal ultrapassa meta de 2,5 milh\u00f5es de vacinados contra gripe"},"content":{"rendered":"<p>Portugal j\u00e1 ultrapassou a meta de 2,5 milh\u00f5es de pessoas vacinadas contra a gripe, com 2.507.573 registos desde o in\u00edcio da campanha em 23 de setembro. Na \u00faltima semana foram administradas 13.903 doses, segundo o relat\u00f3rio da Dire\u00e7\u00e3o-Geral da Sa\u00fade (DGS).<\/p>\n<p>Do total, 1.341.224 pessoas vacinadas contra a gripe receberam a vacina em unidades do Servi\u00e7o Nacional de Sa\u00fade (SNS) e 1.163.852 em farm\u00e1cias. Quanto \u00e0 Covid-19, foram vacinadas mais 3.418 pessoas no \u00faltimo per\u00edodo, elevando o total para 1.327.218.<\/p>\n<p>A campanha sazonal 2025-2026 decorre at\u00e9 30 de abril de 2026 e abrange unidades de sa\u00fade do SNS e 2.500 farm\u00e1cias comunit\u00e1rias. A DGS definiu objetivos de cerca de 2,5 milh\u00f5es de vacinas contra gripe e 1,5 milh\u00e3o contra Covid-19.<\/p>\n<h3>Cobertura por faixa et\u00e1ria da gripe<\/h3>\n<p>As coberturas variam por idade: maior que 85 anos 86,98%, 80-84 anos 78,11%, 70-79 anos 74,47%, e 65+ anos 72,69%.<\/p>\n<h3>Cobertura por faixa et\u00e1ria da Covid-19<\/h3>\n<p>Para Covid-19, a cobertura \u00e9 mais baixa: &gt;85 anos 59,15%, 80-84 anos 47,82%, 70-79 anos 42,90%, 65+ anos 42,94%.<\/p>\n<p>As autoridades de sa\u00fade mant\u00eam o apelo \u00e0 vacina\u00e7\u00e3o devido ao aumento de infe\u00e7\u00f5es respirat\u00f3rias e \u00e0 procura mais elevada de urg\u00eancias, do INEM e da Linha SNS 24. A DGS recomenda a vacina\u00e7\u00e3o contra gripe e Covid-19 a todos os maiores de 60 anos, aos doentes cr\u00f3nicos de todas as idades e aos profissionais de sa\u00fade.<\/p>\n","protected":false},"excerpt":{"rendered":"<ul>\n<li>Portugal ultrapassou a meta de 2,5 milh\u00f5es de pessoas vacinadas contra a gripe, totalizando 2.507.573 desde 23 de setembro; foram 1.341.224 no SNS e 1.163.852 em farm\u00e1cias, com mais 13.903 doses na \u00faltima semana.<\/li>\n<li>A campanha sazonal outono-inverno 2025-2026 decorre at\u00e9 30 de abril de 2026, com o objetivo de vacinar cerca de 2,5 milh\u00f5es contra a gripe e 1,5 milh\u00e3o contra a covid-19.<\/li>\n<li>Contra a covid-19, total de vacinados sobe para 1.327.218, com mais 3.418 pessoas vacinadas nos \u00faltimos sete dias; 698.859 no SNS e 627.155 em farm\u00e1cias.<\/li>\n<li>A cobertura de gripe por idade est\u00e1 em 86,98% (&gt;85 anos), 78,11% (80-84), 74,47% (70-79) e 72,69% (&gt;65).<\/li>\n<li>A cobertura de covid-19 \u00e9 mais baixa: 59,15% (&gt;85), 47,82% (80-84), 42,90% (70-79) e 42,94% (&gt;65); autoridades refor\u00e7am o apelo \u00e0 vacina\u00e7\u00e3o face ao aumento de infe\u00e7\u00f5es respirat\u00f3rias.<\/li>\n<\/ul>\n","protected":false},"author":2,"featured_media":122858,"comment_status":"closed","ping_status":"closed","sticky":false,"template":"","format":"standard","meta":{"footnotes":""},"categories":[1],"tags":[1859,1905,2342,1014,271,1775],"class_list":["post-122856","post","type-post","status-publish","format-standard","has-post-thumbnail","hentry","category-noticias","tag-farmacias-comunitarias","tag-gripe","tag-infeccao-respiratoria-aguda","tag-portugal","tag-saude-publica","tag-sns"],"yoast_head":"<!-- This site is optimized with the Yoast SEO plugin v27.2 - https:\/\/yoast.com\/product\/yoast-seo-wordpress\/ -->\n<title>Portugal ultrapassa meta de 2,5 milh\u00f5es de vacinados contra gripe - Portal Tela Portugal<\/title>\n<meta name=\"robots\" content=\"index, follow, max-snippet:-1, max-image-preview:large, max-video-preview:-1\" \/>\n<meta property=\"og:locale\" content=\"pt_PT\" \/>\n<meta property=\"og:type\" content=\"article\" \/>\n<meta property=\"og:title\" content=\"Portugal ultrapassa meta de 2,5 milh\u00f5es de vacinados contra gripe - Portal Tela Portugal\" \/>\n<meta property=\"og:description\" content=\"Portugal ultrapassou a meta de 2,5 milh\u00f5es de pessoas vacinadas contra a gripe, totalizando 2.507.573 desde 23 de setembro; foram 1.341.224 no SNS e 1.163.852 em farm\u00e1cias, com mais 13.903 doses na \u00faltima semana. A campanha sazonal outono-inverno 2025-2026 decorre at\u00e9 30 de abril de 2026, com o objetivo de vacinar cerca de 2,5 milh\u00f5es contra a gripe e 1,5 milh\u00e3o contra a covid-19. Contra a covid-19, total de vacinados sobe para 1.327.218, com mais 3.418 pessoas vacinadas nos \u00faltimos sete dias; 698.859 no SNS e 627.155 em farm\u00e1cias. A cobertura de gripe por idade est\u00e1 em 86,98% (&gt;85 anos), 78,11% (80-84), 74,47% (70-79) e 72,69% (&gt;65). A cobertura de covid-19 \u00e9 mais baixa: 59,15% (&gt;85), 47,82% (80-84), 42,90% (70-79) e 42,94% (&gt;65); autoridades refor\u00e7am o apelo \u00e0 vacina\u00e7\u00e3o face ao aumento de infe\u00e7\u00f5es respirat\u00f3rias.\" \/>\n<meta property=\"og:url\" content=\"https:\/\/portaltela.pt\/noticias\/2026\/01\/07\/portugal-ultrapassa-meta-de-25-milhoes-de-vacinados-contra-gripe\/\" \/>\n<meta property=\"og:site_name\" content=\"Portal Tela Portugal\" \/>\n<meta property=\"article:published_time\" content=\"2026-01-07T10:26:12+00:00\" \/>\n<meta name=\"author\" content=\"Telinha\" \/>\n<meta name=\"twitter:card\" content=\"summary_large_image\" \/>\n<meta name=\"twitter:label1\" content=\"Escrito por\" \/>\n\t<meta name=\"twitter:data1\" content=\"Telinha\" \/>\n\t<meta name=\"twitter:label2\" content=\"Tempo estimado de leitura\" \/>\n\t<meta name=\"twitter:data2\" content=\"1 minuto\" \/>\n<script type=\"application\/ld+json\" class=\"yoast-schema-graph\">{\"@context\":\"https:\/\/schema.org\",\"@graph\":[{\"@type\":\"Article\",\"@id\":\"https:\/\/portaltela.pt\/noticias\/2026\/01\/07\/portugal-ultrapassa-meta-de-25-milhoes-de-vacinados-contra-gripe\/#article\",\"isPartOf\":{\"@id\":\"https:\/\/portaltela.pt\/noticias\/2026\/01\/07\/portugal-ultrapassa-meta-de-25-milhoes-de-vacinados-contra-gripe\/\"},\"author\":{\"name\":\"Telinha\",\"@id\":\"https:\/\/portaltela.pt\/#\/schema\/person\/c4278d4a6028830caff9ee44b42d32ed\"},\"headline\":\"Portugal ultrapassa meta de 2,5 milh\u00f5es de vacinados contra gripe\",\"datePublished\":\"2026-01-07T10:26:12+00:00\",\"mainEntityOfPage\":{\"@id\":\"https:\/\/portaltela.pt\/noticias\/2026\/01\/07\/portugal-ultrapassa-meta-de-25-milhoes-de-vacinados-contra-gripe\/\"},\"wordCount\":233,\"image\":{\"@id\":\"https:\/\/portaltela.pt\/noticias\/2026\/01\/07\/portugal-ultrapassa-meta-de-25-milhoes-de-vacinados-contra-gripe\/#primaryimage\"},\"thumbnailUrl\":\"https:\/\/portaltela.pt\/s.01k8rhncp4jt1\/2026\/01\/img_1500x1000uu2023-09-22-20-46-22-1449526.jpg\",\"keywords\":[\"farm\u00e1cias comunit\u00e1rias\",\"gripe\",\"infec\u00e7\u00e3o respirat\u00f3ria aguda\",\"Portugal\",\"sa\u00fade p\u00fablica\",\"SNS\"],\"articleSection\":[\"Not\u00edcias\"],\"inLanguage\":\"pt-PT\"},{\"@type\":\"WebPage\",\"@id\":\"https:\/\/portaltela.pt\/noticias\/2026\/01\/07\/portugal-ultrapassa-meta-de-25-milhoes-de-vacinados-contra-gripe\/\",\"url\":\"https:\/\/portaltela.pt\/noticias\/2026\/01\/07\/portugal-ultrapassa-meta-de-25-milhoes-de-vacinados-contra-gripe\/\",\"name\":\"Portugal ultrapassa meta de 2,5 milh\u00f5es de vacinados contra gripe - Portal Tela Portugal\",\"isPartOf\":{\"@id\":\"https:\/\/portaltela.pt\/#website\"},\"primaryImageOfPage\":{\"@id\":\"https:\/\/portaltela.pt\/noticias\/2026\/01\/07\/portugal-ultrapassa-meta-de-25-milhoes-de-vacinados-contra-gripe\/#primaryimage\"},\"image\":{\"@id\":\"https:\/\/portaltela.pt\/noticias\/2026\/01\/07\/portugal-ultrapassa-meta-de-25-milhoes-de-vacinados-contra-gripe\/#primaryimage\"},\"thumbnailUrl\":\"https:\/\/portaltela.pt\/s.01k8rhncp4jt1\/2026\/01\/img_1500x1000uu2023-09-22-20-46-22-1449526.jpg\",\"datePublished\":\"2026-01-07T10:26:12+00:00\",\"author\":{\"@id\":\"https:\/\/portaltela.pt\/#\/schema\/person\/c4278d4a6028830caff9ee44b42d32ed\"},\"breadcrumb\":{\"@id\":\"https:\/\/portaltela.pt\/noticias\/2026\/01\/07\/portugal-ultrapassa-meta-de-25-milhoes-de-vacinados-contra-gripe\/#breadcrumb\"},\"inLanguage\":\"pt-PT\",\"potentialAction\":[{\"@type\":\"ReadAction\",\"target\":[\"https:\/\/portaltela.pt\/noticias\/2026\/01\/07\/portugal-ultrapassa-meta-de-25-milhoes-de-vacinados-contra-gripe\/\"]}]},{\"@type\":\"ImageObject\",\"inLanguage\":\"pt-PT\",\"@id\":\"https:\/\/portaltela.pt\/noticias\/2026\/01\/07\/portugal-ultrapassa-meta-de-25-milhoes-de-vacinados-contra-gripe\/#primaryimage\",\"url\":\"https:\/\/portaltela.pt\/s.01k8rhncp4jt1\/2026\/01\/img_1500x1000uu2023-09-22-20-46-22-1449526.jpg\",\"contentUrl\":\"https:\/\/portaltela.pt\/s.01k8rhncp4jt1\/2026\/01\/img_1500x1000uu2023-09-22-20-46-22-1449526.jpg\",\"width\":796,\"height\":448,\"caption\":\"Vacinas contra a gripe\"},{\"@type\":\"BreadcrumbList\",\"@id\":\"https:\/\/portaltela.pt\/noticias\/2026\/01\/07\/portugal-ultrapassa-meta-de-25-milhoes-de-vacinados-contra-gripe\/#breadcrumb\",\"itemListElement\":[{\"@type\":\"ListItem\",\"position\":1,\"name\":\"In\u00edcio\",\"item\":\"https:\/\/portaltela.pt\/\"},{\"@type\":\"ListItem\",\"position\":2,\"name\":\"Portugal ultrapassa meta de 2,5 milh\u00f5es de vacinados contra gripe\"}]},{\"@type\":\"WebSite\",\"@id\":\"https:\/\/portaltela.pt\/#website\",\"url\":\"https:\/\/portaltela.pt\/\",\"name\":\"Portal Tela Portugal\",\"description\":\"\",\"potentialAction\":[{\"@type\":\"SearchAction\",\"target\":{\"@type\":\"EntryPoint\",\"urlTemplate\":\"https:\/\/portaltela.pt\/?s={search_term_string}\"},\"query-input\":{\"@type\":\"PropertyValueSpecification\",\"valueRequired\":true,\"valueName\":\"search_term_string\"}}],\"inLanguage\":\"pt-PT\"},{\"@type\":\"Person\",\"@id\":\"https:\/\/portaltela.pt\/#\/schema\/person\/c4278d4a6028830caff9ee44b42d32ed\",\"name\":\"Telinha\",\"image\":{\"@type\":\"ImageObject\",\"inLanguage\":\"pt-PT\",\"@id\":\"https:\/\/portaltela.pt\/s.01k8rhncp4jt1\/2025\/11\/talking-bot-125x125.png\",\"url\":\"https:\/\/portaltela.pt\/s.01k8rhncp4jt1\/2025\/11\/talking-bot-125x125.png\",\"contentUrl\":\"https:\/\/portaltela.pt\/s.01k8rhncp4jt1\/2025\/11\/talking-bot-125x125.png\",\"caption\":\"Telinha\"},\"sameAs\":[\"https:\/\/portaltela.pt\/\"],\"url\":\"https:\/\/portaltela.pt\/por\/367410592786\/\"}]}<\/script>\n<!-- \/ Yoast SEO plugin. -->","yoast_head_json":{"title":"Portugal ultrapassa meta de 2,5 milh\u00f5es de vacinados contra gripe - Portal Tela Portugal","robots":{"index":"index","follow":"follow","max-snippet":"max-snippet:-1","max-image-preview":"max-image-preview:large","max-video-preview":"max-video-preview:-1"},"og_locale":"pt_PT","og_type":"article","og_title":"Portugal ultrapassa meta de 2,5 milh\u00f5es de vacinados contra gripe - Portal Tela Portugal","og_description":"Portugal ultrapassou a meta de 2,5 milh\u00f5es de pessoas vacinadas contra a gripe, totalizando 2.507.573 desde 23 de setembro; foram 1.341.224 no SNS e 1.163.852 em farm\u00e1cias, com mais 13.903 doses na \u00faltima semana. A campanha sazonal outono-inverno 2025-2026 decorre at\u00e9 30 de abril de 2026, com o objetivo de vacinar cerca de 2,5 milh\u00f5es contra a gripe e 1,5 milh\u00e3o contra a covid-19. Contra a covid-19, total de vacinados sobe para 1.327.218, com mais 3.418 pessoas vacinadas nos \u00faltimos sete dias; 698.859 no SNS e 627.155 em farm\u00e1cias. A cobertura de gripe por idade est\u00e1 em 86,98% (&gt;85 anos), 78,11% (80-84), 74,47% (70-79) e 72,69% (&gt;65). A cobertura de covid-19 \u00e9 mais baixa: 59,15% (&gt;85), 47,82% (80-84), 42,90% (70-79) e 42,94% (&gt;65); autoridades refor\u00e7am o apelo \u00e0 vacina\u00e7\u00e3o face ao aumento de infe\u00e7\u00f5es respirat\u00f3rias.","og_url":"https:\/\/portaltela.pt\/noticias\/2026\/01\/07\/portugal-ultrapassa-meta-de-25-milhoes-de-vacinados-contra-gripe\/","og_site_name":"Portal Tela Portugal","article_published_time":"2026-01-07T10:26:12+00:00","author":"Telinha","twitter_card":"summary_large_image","twitter_misc":{"Escrito por":"Telinha","Tempo estimado de leitura":"1 minuto"},"schema":{"@context":"https:\/\/schema.org","@graph":[{"@type":"Article","@id":"https:\/\/portaltela.pt\/noticias\/2026\/01\/07\/portugal-ultrapassa-meta-de-25-milhoes-de-vacinados-contra-gripe\/#article","isPartOf":{"@id":"https:\/\/portaltela.pt\/noticias\/2026\/01\/07\/portugal-ultrapassa-meta-de-25-milhoes-de-vacinados-contra-gripe\/"},"author":{"name":"Telinha","@id":"https:\/\/portaltela.pt\/#\/schema\/person\/c4278d4a6028830caff9ee44b42d32ed"},"headline":"Portugal ultrapassa meta de 2,5 milh\u00f5es de vacinados contra gripe","datePublished":"2026-01-07T10:26:12+00:00","mainEntityOfPage":{"@id":"https:\/\/portaltela.pt\/noticias\/2026\/01\/07\/portugal-ultrapassa-meta-de-25-milhoes-de-vacinados-contra-gripe\/"},"wordCount":233,"image":{"@id":"https:\/\/portaltela.pt\/noticias\/2026\/01\/07\/portugal-ultrapassa-meta-de-25-milhoes-de-vacinados-contra-gripe\/#primaryimage"},"thumbnailUrl":"https:\/\/portaltela.pt\/s.01k8rhncp4jt1\/2026\/01\/img_1500x1000uu2023-09-22-20-46-22-1449526.jpg","keywords":["farm\u00e1cias comunit\u00e1rias","gripe","infec\u00e7\u00e3o respirat\u00f3ria aguda","Portugal","sa\u00fade p\u00fablica","SNS"],"articleSection":["Not\u00edcias"],"inLanguage":"pt-PT"},{"@type":"WebPage","@id":"https:\/\/portaltela.pt\/noticias\/2026\/01\/07\/portugal-ultrapassa-meta-de-25-milhoes-de-vacinados-contra-gripe\/","url":"https:\/\/portaltela.pt\/noticias\/2026\/01\/07\/portugal-ultrapassa-meta-de-25-milhoes-de-vacinados-contra-gripe\/","name":"Portugal ultrapassa meta de 2,5 milh\u00f5es de vacinados contra gripe - Portal Tela Portugal","isPartOf":{"@id":"https:\/\/portaltela.pt\/#website"},"primaryImageOfPage":{"@id":"https:\/\/portaltela.pt\/noticias\/2026\/01\/07\/portugal-ultrapassa-meta-de-25-milhoes-de-vacinados-contra-gripe\/#primaryimage"},"image":{"@id":"https:\/\/portaltela.pt\/noticias\/2026\/01\/07\/portugal-ultrapassa-meta-de-25-milhoes-de-vacinados-contra-gripe\/#primaryimage"},"thumbnailUrl":"https:\/\/portaltela.pt\/s.01k8rhncp4jt1\/2026\/01\/img_1500x1000uu2023-09-22-20-46-22-1449526.jpg","datePublished":"2026-01-07T10:26:12+00:00","author":{"@id":"https:\/\/portaltela.pt\/#\/schema\/person\/c4278d4a6028830caff9ee44b42d32ed"},"breadcrumb":{"@id":"https:\/\/portaltela.pt\/noticias\/2026\/01\/07\/portugal-ultrapassa-meta-de-25-milhoes-de-vacinados-contra-gripe\/#breadcrumb"},"inLanguage":"pt-PT","potentialAction":[{"@type":"ReadAction","target":["https:\/\/portaltela.pt\/noticias\/2026\/01\/07\/portugal-ultrapassa-meta-de-25-milhoes-de-vacinados-contra-gripe\/"]}]},{"@type":"ImageObject","inLanguage":"pt-PT","@id":"https:\/\/portaltela.pt\/noticias\/2026\/01\/07\/portugal-ultrapassa-meta-de-25-milhoes-de-vacinados-contra-gripe\/#primaryimage","url":"https:\/\/portaltela.pt\/s.01k8rhncp4jt1\/2026\/01\/img_1500x1000uu2023-09-22-20-46-22-1449526.jpg","contentUrl":"https:\/\/portaltela.pt\/s.01k8rhncp4jt1\/2026\/01\/img_1500x1000uu2023-09-22-20-46-22-1449526.jpg","width":796,"height":448,"caption":"Vacinas contra a gripe"},{"@type":"BreadcrumbList","@id":"https:\/\/portaltela.pt\/noticias\/2026\/01\/07\/portugal-ultrapassa-meta-de-25-milhoes-de-vacinados-contra-gripe\/#breadcrumb","itemListElement":[{"@type":"ListItem","position":1,"name":"In\u00edcio","item":"https:\/\/portaltela.pt\/"},{"@type":"ListItem","position":2,"name":"Portugal ultrapassa meta de 2,5 milh\u00f5es de vacinados contra gripe"}]},{"@type":"WebSite","@id":"https:\/\/portaltela.pt\/#website","url":"https:\/\/portaltela.pt\/","name":"Portal Tela Portugal","description":"","potentialAction":[{"@type":"SearchAction","target":{"@type":"EntryPoint","urlTemplate":"https:\/\/portaltela.pt\/?s={search_term_string}"},"query-input":{"@type":"PropertyValueSpecification","valueRequired":true,"valueName":"search_term_string"}}],"inLanguage":"pt-PT"},{"@type":"Person","@id":"https:\/\/portaltela.pt\/#\/schema\/person\/c4278d4a6028830caff9ee44b42d32ed","name":"Telinha","image":{"@type":"ImageObject","inLanguage":"pt-PT","@id":"https:\/\/portaltela.pt\/s.01k8rhncp4jt1\/2025\/11\/talking-bot-125x125.png","url":"https:\/\/portaltela.pt\/s.01k8rhncp4jt1\/2025\/11\/talking-bot-125x125.png","contentUrl":"https:\/\/portaltela.pt\/s.01k8rhncp4jt1\/2025\/11\/talking-bot-125x125.png","caption":"Telinha"},"sameAs":["https:\/\/portaltela.pt\/"],"url":"https:\/\/portaltela.pt\/por\/367410592786\/"}]}},"_links":{"self":[{"href":"https:\/\/portaltela.pt\/api\/wp\/v2\/posts\/122856","targetHints":{"allow":["GET"]}}],"collection":[{"href":"https:\/\/portaltela.pt\/api\/wp\/v2\/posts"}],"about":[{"href":"https:\/\/portaltela.pt\/api\/wp\/v2\/types\/post"}],"author":[{"embeddable":true,"href":"https:\/\/portaltela.pt\/api\/wp\/v2\/users\/2"}],"replies":[{"embeddable":true,"href":"https:\/\/portaltela.pt\/api\/wp\/v2\/comments?post=122856"}],"version-history":[{"count":0,"href":"https:\/\/portaltela.pt\/api\/wp\/v2\/posts\/122856\/revisions"}],"wp:featuredmedia":[{"embeddable":true,"href":"https:\/\/portaltela.pt\/api\/wp\/v2\/media\/122858"}],"wp:attachment":[{"href":"https:\/\/portaltela.pt\/api\/wp\/v2\/media?parent=122856"}],"wp:term":[{"taxonomy":"category","embeddable":true,"href":"https:\/\/portaltela.pt\/api\/wp\/v2\/categories?post=122856"},{"taxonomy":"post_tag","embeddable":true,"href":"https:\/\/portaltela.pt\/api\/wp\/v2\/tags?post=122856"}],"curies":[{"name":"wp","href":"https:\/\/api.w.org\/{rel}","templated":true}]}}