{"id":122775,"date":"2026-01-07T06:56:24","date_gmt":"2026-01-07T09:56:24","guid":{"rendered":"https:\/\/portaltela.pt\/noticias\/2026\/01\/07\/circulacao-de-comboios-da-fertagus-volta-ao-normal\/"},"modified":"2026-01-07T06:56:24","modified_gmt":"2026-01-07T09:56:24","slug":"circulacao-de-comboios-da-fertagus-volta-ao-normal","status":"publish","type":"post","link":"https:\/\/portaltela.pt\/noticias\/2026\/01\/07\/circulacao-de-comboios-da-fertagus-volta-ao-normal\/","title":{"rendered":"Circula\u00e7\u00e3o de comboios da Fertagus volta ao normal"},"content":{"rendered":"<p>A Fertagus informou que a circula\u00e7\u00e3o de comboios na linha que liga Lisboa \u00e0 Margem Sul voltou a funcionar normalmente, ap\u00f3s interrup\u00e7\u00f5es provocadas por um carril partido. O regresso \u00e0 normalidade ocorreu ap\u00f3s resolvidos os constrangimentos no tro\u00e7o entre Sete Rios e Entrecampos.<\/p>\n<p>Segundo a empresa, a circula\u00e7\u00e3o foi reposta ao longo da tarde em via \u00fanica entre Sete Rios e Roma-Areeiro. A informa\u00e7\u00e3o foi publicada pela Fertagus \u00e0s 09:10, via rede social, afirmando que o servi\u00e7o decorre dentro da normalidade.<\/p>\n<p>Antes disso, a Fertagus j\u00e1 tinha comunicado que, devido \u00e0 ocorr\u00eancia, a circula\u00e7\u00e3o entre Sete Rios e Entrecampos ocorria com restri\u00e7\u00e3o de velocidade, o que poderia causar atrasos. A rede de Fertagus abrange 14 esta\u00e7\u00f5es, ligando Lisboa a Set\u00fabal, com passagem pela Ponte 25 de Abril.<\/p>\n<p>A Fertagus \u00e9 a concession\u00e1ria de transporte ferrovi\u00e1rio no eixo norte-sul. A oferta de servi\u00e7o inclui 10 esta\u00e7\u00f5es na margem sul, e 4 na margem norte, distribu\u00eddas entre Sete Rios, Entrecampos, Roma-Areeiro e Campolide.<\/p>\n","protected":false},"excerpt":{"rendered":"<ul>\n<li>\u00c0 ter\u00e7a-feira, a circula\u00e7\u00e3o de comboios da Fertagus ficou interrompida devido a um carril partido entre Entrecampos e Sete Rios.<\/li>\n<li>A circula\u00e7\u00e3o foi reposta \u00e0 tarde em via \u00fanica entre Sete Rios e Roma-Areeiro, e depois normalizada em toda a linha Lisboa\u2013Margem Sul.<\/li>\n<li>A Fertagus informou, numa publica\u00e7\u00e3o \u00e0s 09:10 na rede social Facebook, que voltaram a funcionar as condi\u00e7\u00f5es normais no tro\u00e7o entre Sete Rios e Entrecampos.<\/li>\n<li>Inicialmente, a circula\u00e7\u00e3o entre Sete Rios e Entrecampos decorreu com restri\u00e7\u00e3o de velocidade, o que pode ter causado atrasos.<\/li>\n<li>A Fertagus opera o eixo norte\u2013sul, ligando Lisboa a Set\u00fabal, com travessia da ponte 25 de Abril e 14 esta\u00e7\u00f5es (dez na Margem Sul, quatro na Margem Norte).<\/li>\n<\/ul>\n","protected":false},"author":2,"featured_media":122784,"comment_status":"closed","ping_status":"closed","sticky":false,"template":"","format":"standard","meta":{"footnotes":""},"categories":[1],"tags":[2480,1615,981,994,192,363],"class_list":["post-122775","post","type-post","status-publish","format-standard","has-post-thumbnail","hentry","category-noticias","tag-entrecampos","tag-infraestrutura","tag-lisboa","tag-setubal","tag-transporte","tag-transportes"],"yoast_head":"<!-- This site is optimized with the Yoast SEO plugin v27.2 - https:\/\/yoast.com\/product\/yoast-seo-wordpress\/ -->\n<title>Circula\u00e7\u00e3o de comboios da Fertagus volta ao normal - Portal Tela Portugal<\/title>\n<meta name=\"robots\" content=\"index, follow, max-snippet:-1, max-image-preview:large, max-video-preview:-1\" \/>\n<meta property=\"og:locale\" content=\"pt_PT\" \/>\n<meta property=\"og:type\" content=\"article\" \/>\n<meta property=\"og:title\" content=\"Circula\u00e7\u00e3o de comboios da Fertagus volta ao normal - Portal Tela Portugal\" \/>\n<meta property=\"og:description\" content=\"\u00c0 ter\u00e7a-feira, a circula\u00e7\u00e3o de comboios da Fertagus ficou interrompida devido a um carril partido entre Entrecampos e Sete Rios. A circula\u00e7\u00e3o foi reposta \u00e0 tarde em via \u00fanica entre Sete Rios e Roma-Areeiro, e depois normalizada em toda a linha Lisboa\u2013Margem Sul. A Fertagus informou, numa publica\u00e7\u00e3o \u00e0s 09:10 na rede social Facebook, que voltaram a funcionar as condi\u00e7\u00f5es normais no tro\u00e7o entre Sete Rios e Entrecampos. Inicialmente, a circula\u00e7\u00e3o entre Sete Rios e Entrecampos decorreu com restri\u00e7\u00e3o de velocidade, o que pode ter causado atrasos. A Fertagus opera o eixo norte\u2013sul, ligando Lisboa a Set\u00fabal, com travessia da ponte 25 de Abril e 14 esta\u00e7\u00f5es (dez na Margem Sul, quatro na Margem Norte).\" \/>\n<meta property=\"og:url\" content=\"https:\/\/portaltela.pt\/noticias\/2026\/01\/07\/circulacao-de-comboios-da-fertagus-volta-ao-normal\/\" \/>\n<meta property=\"og:site_name\" content=\"Portal Tela Portugal\" \/>\n<meta property=\"article:published_time\" content=\"2026-01-07T09:56:24+00:00\" \/>\n<meta name=\"author\" content=\"Telinha\" \/>\n<meta name=\"twitter:card\" content=\"summary_large_image\" \/>\n<meta name=\"twitter:label1\" content=\"Escrito por\" \/>\n\t<meta name=\"twitter:data1\" content=\"Telinha\" \/>\n\t<meta name=\"twitter:label2\" content=\"Tempo estimado de leitura\" \/>\n\t<meta name=\"twitter:data2\" content=\"1 minuto\" \/>\n<script type=\"application\/ld+json\" class=\"yoast-schema-graph\">{\"@context\":\"https:\/\/schema.org\",\"@graph\":[{\"@type\":\"Article\",\"@id\":\"https:\/\/portaltela.pt\/noticias\/2026\/01\/07\/circulacao-de-comboios-da-fertagus-volta-ao-normal\/#article\",\"isPartOf\":{\"@id\":\"https:\/\/portaltela.pt\/noticias\/2026\/01\/07\/circulacao-de-comboios-da-fertagus-volta-ao-normal\/\"},\"author\":{\"name\":\"Telinha\",\"@id\":\"https:\/\/portaltela.pt\/#\/schema\/person\/c4278d4a6028830caff9ee44b42d32ed\"},\"headline\":\"Circula\u00e7\u00e3o de comboios da Fertagus volta ao normal\",\"datePublished\":\"2026-01-07T09:56:24+00:00\",\"mainEntityOfPage\":{\"@id\":\"https:\/\/portaltela.pt\/noticias\/2026\/01\/07\/circulacao-de-comboios-da-fertagus-volta-ao-normal\/\"},\"wordCount\":179,\"image\":{\"@id\":\"https:\/\/portaltela.pt\/noticias\/2026\/01\/07\/circulacao-de-comboios-da-fertagus-volta-ao-normal\/#primaryimage\"},\"thumbnailUrl\":\"https:\/\/portaltela.pt\/s.01k8rhncp4jt1\/2026\/01\/img_1500x1000uu2016-10-17-08-35-00-570127.jpg\",\"keywords\":[\"Entrecampos\",\"infraestrutura\",\"Lisboa\",\"Set\u00fabal\",\"transporte\",\"transportes\"],\"articleSection\":[\"Not\u00edcias\"],\"inLanguage\":\"pt-PT\"},{\"@type\":\"WebPage\",\"@id\":\"https:\/\/portaltela.pt\/noticias\/2026\/01\/07\/circulacao-de-comboios-da-fertagus-volta-ao-normal\/\",\"url\":\"https:\/\/portaltela.pt\/noticias\/2026\/01\/07\/circulacao-de-comboios-da-fertagus-volta-ao-normal\/\",\"name\":\"Circula\u00e7\u00e3o de comboios da Fertagus volta ao normal - Portal Tela Portugal\",\"isPartOf\":{\"@id\":\"https:\/\/portaltela.pt\/#website\"},\"primaryImageOfPage\":{\"@id\":\"https:\/\/portaltela.pt\/noticias\/2026\/01\/07\/circulacao-de-comboios-da-fertagus-volta-ao-normal\/#primaryimage\"},\"image\":{\"@id\":\"https:\/\/portaltela.pt\/noticias\/2026\/01\/07\/circulacao-de-comboios-da-fertagus-volta-ao-normal\/#primaryimage\"},\"thumbnailUrl\":\"https:\/\/portaltela.pt\/s.01k8rhncp4jt1\/2026\/01\/img_1500x1000uu2016-10-17-08-35-00-570127.jpg\",\"datePublished\":\"2026-01-07T09:56:24+00:00\",\"author\":{\"@id\":\"https:\/\/portaltela.pt\/#\/schema\/person\/c4278d4a6028830caff9ee44b42d32ed\"},\"breadcrumb\":{\"@id\":\"https:\/\/portaltela.pt\/noticias\/2026\/01\/07\/circulacao-de-comboios-da-fertagus-volta-ao-normal\/#breadcrumb\"},\"inLanguage\":\"pt-PT\",\"potentialAction\":[{\"@type\":\"ReadAction\",\"target\":[\"https:\/\/portaltela.pt\/noticias\/2026\/01\/07\/circulacao-de-comboios-da-fertagus-volta-ao-normal\/\"]}]},{\"@type\":\"ImageObject\",\"inLanguage\":\"pt-PT\",\"@id\":\"https:\/\/portaltela.pt\/noticias\/2026\/01\/07\/circulacao-de-comboios-da-fertagus-volta-ao-normal\/#primaryimage\",\"url\":\"https:\/\/portaltela.pt\/s.01k8rhncp4jt1\/2026\/01\/img_1500x1000uu2016-10-17-08-35-00-570127.jpg\",\"contentUrl\":\"https:\/\/portaltela.pt\/s.01k8rhncp4jt1\/2026\/01\/img_1500x1000uu2016-10-17-08-35-00-570127.jpg\",\"width\":796,\"height\":448,\"caption\":\"Fertagus\"},{\"@type\":\"BreadcrumbList\",\"@id\":\"https:\/\/portaltela.pt\/noticias\/2026\/01\/07\/circulacao-de-comboios-da-fertagus-volta-ao-normal\/#breadcrumb\",\"itemListElement\":[{\"@type\":\"ListItem\",\"position\":1,\"name\":\"In\u00edcio\",\"item\":\"https:\/\/portaltela.pt\/\"},{\"@type\":\"ListItem\",\"position\":2,\"name\":\"Circula\u00e7\u00e3o de comboios da Fertagus volta ao normal\"}]},{\"@type\":\"WebSite\",\"@id\":\"https:\/\/portaltela.pt\/#website\",\"url\":\"https:\/\/portaltela.pt\/\",\"name\":\"Portal Tela Portugal\",\"description\":\"\",\"potentialAction\":[{\"@type\":\"SearchAction\",\"target\":{\"@type\":\"EntryPoint\",\"urlTemplate\":\"https:\/\/portaltela.pt\/?s={search_term_string}\"},\"query-input\":{\"@type\":\"PropertyValueSpecification\",\"valueRequired\":true,\"valueName\":\"search_term_string\"}}],\"inLanguage\":\"pt-PT\"},{\"@type\":\"Person\",\"@id\":\"https:\/\/portaltela.pt\/#\/schema\/person\/c4278d4a6028830caff9ee44b42d32ed\",\"name\":\"Telinha\",\"image\":{\"@type\":\"ImageObject\",\"inLanguage\":\"pt-PT\",\"@id\":\"https:\/\/portaltela.pt\/s.01k8rhncp4jt1\/2025\/11\/talking-bot-125x125.png\",\"url\":\"https:\/\/portaltela.pt\/s.01k8rhncp4jt1\/2025\/11\/talking-bot-125x125.png\",\"contentUrl\":\"https:\/\/portaltela.pt\/s.01k8rhncp4jt1\/2025\/11\/talking-bot-125x125.png\",\"caption\":\"Telinha\"},\"sameAs\":[\"https:\/\/portaltela.pt\/\"],\"url\":\"https:\/\/portaltela.pt\/por\/367410592786\/\"}]}<\/script>\n<!-- \/ Yoast SEO plugin. -->","yoast_head_json":{"title":"Circula\u00e7\u00e3o de comboios da Fertagus volta ao normal - Portal Tela Portugal","robots":{"index":"index","follow":"follow","max-snippet":"max-snippet:-1","max-image-preview":"max-image-preview:large","max-video-preview":"max-video-preview:-1"},"og_locale":"pt_PT","og_type":"article","og_title":"Circula\u00e7\u00e3o de comboios da Fertagus volta ao normal - Portal Tela Portugal","og_description":"\u00c0 ter\u00e7a-feira, a circula\u00e7\u00e3o de comboios da Fertagus ficou interrompida devido a um carril partido entre Entrecampos e Sete Rios. A circula\u00e7\u00e3o foi reposta \u00e0 tarde em via \u00fanica entre Sete Rios e Roma-Areeiro, e depois normalizada em toda a linha Lisboa\u2013Margem Sul. A Fertagus informou, numa publica\u00e7\u00e3o \u00e0s 09:10 na rede social Facebook, que voltaram a funcionar as condi\u00e7\u00f5es normais no tro\u00e7o entre Sete Rios e Entrecampos. Inicialmente, a circula\u00e7\u00e3o entre Sete Rios e Entrecampos decorreu com restri\u00e7\u00e3o de velocidade, o que pode ter causado atrasos. A Fertagus opera o eixo norte\u2013sul, ligando Lisboa a Set\u00fabal, com travessia da ponte 25 de Abril e 14 esta\u00e7\u00f5es (dez na Margem Sul, quatro na Margem Norte).","og_url":"https:\/\/portaltela.pt\/noticias\/2026\/01\/07\/circulacao-de-comboios-da-fertagus-volta-ao-normal\/","og_site_name":"Portal Tela Portugal","article_published_time":"2026-01-07T09:56:24+00:00","author":"Telinha","twitter_card":"summary_large_image","twitter_misc":{"Escrito por":"Telinha","Tempo estimado de leitura":"1 minuto"},"schema":{"@context":"https:\/\/schema.org","@graph":[{"@type":"Article","@id":"https:\/\/portaltela.pt\/noticias\/2026\/01\/07\/circulacao-de-comboios-da-fertagus-volta-ao-normal\/#article","isPartOf":{"@id":"https:\/\/portaltela.pt\/noticias\/2026\/01\/07\/circulacao-de-comboios-da-fertagus-volta-ao-normal\/"},"author":{"name":"Telinha","@id":"https:\/\/portaltela.pt\/#\/schema\/person\/c4278d4a6028830caff9ee44b42d32ed"},"headline":"Circula\u00e7\u00e3o de comboios da Fertagus volta ao normal","datePublished":"2026-01-07T09:56:24+00:00","mainEntityOfPage":{"@id":"https:\/\/portaltela.pt\/noticias\/2026\/01\/07\/circulacao-de-comboios-da-fertagus-volta-ao-normal\/"},"wordCount":179,"image":{"@id":"https:\/\/portaltela.pt\/noticias\/2026\/01\/07\/circulacao-de-comboios-da-fertagus-volta-ao-normal\/#primaryimage"},"thumbnailUrl":"https:\/\/portaltela.pt\/s.01k8rhncp4jt1\/2026\/01\/img_1500x1000uu2016-10-17-08-35-00-570127.jpg","keywords":["Entrecampos","infraestrutura","Lisboa","Set\u00fabal","transporte","transportes"],"articleSection":["Not\u00edcias"],"inLanguage":"pt-PT"},{"@type":"WebPage","@id":"https:\/\/portaltela.pt\/noticias\/2026\/01\/07\/circulacao-de-comboios-da-fertagus-volta-ao-normal\/","url":"https:\/\/portaltela.pt\/noticias\/2026\/01\/07\/circulacao-de-comboios-da-fertagus-volta-ao-normal\/","name":"Circula\u00e7\u00e3o de comboios da Fertagus volta ao normal - Portal Tela Portugal","isPartOf":{"@id":"https:\/\/portaltela.pt\/#website"},"primaryImageOfPage":{"@id":"https:\/\/portaltela.pt\/noticias\/2026\/01\/07\/circulacao-de-comboios-da-fertagus-volta-ao-normal\/#primaryimage"},"image":{"@id":"https:\/\/portaltela.pt\/noticias\/2026\/01\/07\/circulacao-de-comboios-da-fertagus-volta-ao-normal\/#primaryimage"},"thumbnailUrl":"https:\/\/portaltela.pt\/s.01k8rhncp4jt1\/2026\/01\/img_1500x1000uu2016-10-17-08-35-00-570127.jpg","datePublished":"2026-01-07T09:56:24+00:00","author":{"@id":"https:\/\/portaltela.pt\/#\/schema\/person\/c4278d4a6028830caff9ee44b42d32ed"},"breadcrumb":{"@id":"https:\/\/portaltela.pt\/noticias\/2026\/01\/07\/circulacao-de-comboios-da-fertagus-volta-ao-normal\/#breadcrumb"},"inLanguage":"pt-PT","potentialAction":[{"@type":"ReadAction","target":["https:\/\/portaltela.pt\/noticias\/2026\/01\/07\/circulacao-de-comboios-da-fertagus-volta-ao-normal\/"]}]},{"@type":"ImageObject","inLanguage":"pt-PT","@id":"https:\/\/portaltela.pt\/noticias\/2026\/01\/07\/circulacao-de-comboios-da-fertagus-volta-ao-normal\/#primaryimage","url":"https:\/\/portaltela.pt\/s.01k8rhncp4jt1\/2026\/01\/img_1500x1000uu2016-10-17-08-35-00-570127.jpg","contentUrl":"https:\/\/portaltela.pt\/s.01k8rhncp4jt1\/2026\/01\/img_1500x1000uu2016-10-17-08-35-00-570127.jpg","width":796,"height":448,"caption":"Fertagus"},{"@type":"BreadcrumbList","@id":"https:\/\/portaltela.pt\/noticias\/2026\/01\/07\/circulacao-de-comboios-da-fertagus-volta-ao-normal\/#breadcrumb","itemListElement":[{"@type":"ListItem","position":1,"name":"In\u00edcio","item":"https:\/\/portaltela.pt\/"},{"@type":"ListItem","position":2,"name":"Circula\u00e7\u00e3o de comboios da Fertagus volta ao normal"}]},{"@type":"WebSite","@id":"https:\/\/portaltela.pt\/#website","url":"https:\/\/portaltela.pt\/","name":"Portal Tela Portugal","description":"","potentialAction":[{"@type":"SearchAction","target":{"@type":"EntryPoint","urlTemplate":"https:\/\/portaltela.pt\/?s={search_term_string}"},"query-input":{"@type":"PropertyValueSpecification","valueRequired":true,"valueName":"search_term_string"}}],"inLanguage":"pt-PT"},{"@type":"Person","@id":"https:\/\/portaltela.pt\/#\/schema\/person\/c4278d4a6028830caff9ee44b42d32ed","name":"Telinha","image":{"@type":"ImageObject","inLanguage":"pt-PT","@id":"https:\/\/portaltela.pt\/s.01k8rhncp4jt1\/2025\/11\/talking-bot-125x125.png","url":"https:\/\/portaltela.pt\/s.01k8rhncp4jt1\/2025\/11\/talking-bot-125x125.png","contentUrl":"https:\/\/portaltela.pt\/s.01k8rhncp4jt1\/2025\/11\/talking-bot-125x125.png","caption":"Telinha"},"sameAs":["https:\/\/portaltela.pt\/"],"url":"https:\/\/portaltela.pt\/por\/367410592786\/"}]}},"_links":{"self":[{"href":"https:\/\/portaltela.pt\/api\/wp\/v2\/posts\/122775","targetHints":{"allow":["GET"]}}],"collection":[{"href":"https:\/\/portaltela.pt\/api\/wp\/v2\/posts"}],"about":[{"href":"https:\/\/portaltela.pt\/api\/wp\/v2\/types\/post"}],"author":[{"embeddable":true,"href":"https:\/\/portaltela.pt\/api\/wp\/v2\/users\/2"}],"replies":[{"embeddable":true,"href":"https:\/\/portaltela.pt\/api\/wp\/v2\/comments?post=122775"}],"version-history":[{"count":0,"href":"https:\/\/portaltela.pt\/api\/wp\/v2\/posts\/122775\/revisions"}],"wp:featuredmedia":[{"embeddable":true,"href":"https:\/\/portaltela.pt\/api\/wp\/v2\/media\/122784"}],"wp:attachment":[{"href":"https:\/\/portaltela.pt\/api\/wp\/v2\/media?parent=122775"}],"wp:term":[{"taxonomy":"category","embeddable":true,"href":"https:\/\/portaltela.pt\/api\/wp\/v2\/categories?post=122775"},{"taxonomy":"post_tag","embeddable":true,"href":"https:\/\/portaltela.pt\/api\/wp\/v2\/tags?post=122775"}],"curies":[{"name":"wp","href":"https:\/\/api.w.org\/{rel}","templated":true}]}}