{"id":122624,"date":"2026-01-07T05:38:00","date_gmt":"2026-01-07T08:38:00","guid":{"rendered":"https:\/\/portaltela.pt\/noticias\/2026\/01\/07\/ordem-quer-farmaceuticos-especializados-integrados-no-sns\/"},"modified":"2026-01-07T05:38:00","modified_gmt":"2026-01-07T08:38:00","slug":"ordem-quer-farmaceuticos-especializados-integrados-no-sns","status":"publish","type":"post","link":"https:\/\/portaltela.pt\/noticias\/2026\/01\/07\/ordem-quer-farmaceuticos-especializados-integrados-no-sns\/","title":{"rendered":"Ordem quer farmac\u00eauticos especializados integrados no SNS"},"content":{"rendered":"<p>A Ordem dos Farmac\u00eauticos alertou a necessidade de definir os modelos de integra\u00e7\u00e3o no SNS para os profissionais que v\u00e3o concluir a resid\u00eancia farmac\u00eautica, conferindo-lhes uma especialidade. O apelo foi feito numa altura em que o programa enfrenta procura elevada.<\/p>\n<p>O programa de resid\u00eancia farmac\u00eautica arrancou em 2023 e tem, atualmente, cerca de 500 farmac\u00eauticos inscritos, distribu\u00eddos entre as \u00e1reas de Farm\u00e1cia Hospitalar, An\u00e1lises Cl\u00ednicas e Gen\u00e9tica Humana. Em janeiro, mais de 150 iniciaram um novo ciclo.<\/p>\n<p>A OF sublinha que a forma\u00e7\u00e3o, estruturada em quatro anos, une teoria e pr\u00e1tica e est\u00e1 a produzir uma nova gera\u00e7\u00e3o de especialistas. O baston\u00e1rio, Helder Mota Filipe, participou na sess\u00e3o de abertura do novo ciclo na Faculdade de Farm\u00e1cia da Universidade de Lisboa.<\/p>\n<h3>Necessidade de definir modelos de integra\u00e7\u00e3o no SNS<\/h3>\n<p>A institui\u00e7\u00e3o destaca que, com a conclus\u00e3o dos primeiros farmac\u00eauticos especialistas, \u00e9 \u201ccrucial\u201d definirem-se rapidamente as vias de entrada no sistema de sa\u00fade. O objetivo \u00e9 fortalecer a Carreira Farmac\u00eautica do SNS com profissionais altamente qualificados.<\/p>\n<p>Atualmente, o total de residentes \u00e9 composto por cerca de 400 em Farm\u00e1cia Hospitalar, 100 em An\u00e1lises Cl\u00ednicas e 20 em Gen\u00e9tica Humana. O equil\u00edbrio entre \u00e1reas \u00e9 apontado como fator relevante para planeamento de recursos humanos.<\/p>\n<p>A sess\u00e3o de abertura contou ainda com a presen\u00e7a de dirigentes da Administra\u00e7\u00e3o Central do Sistema de Sa\u00fade e da Comiss\u00e3o Nacional da Resid\u00eancia Farmac\u00eautica, refor\u00e7ando o envolvimento institucional na mat\u00e9ria. A OF manifesta disposi\u00e7\u00e3o para colaborar com as autoridades competentes.<\/p>\n<p>A organiza\u00e7\u00e3o afirma acompanhar de perto o desenvolvimento da resid\u00eancia e est\u00e1 dispon\u00edvel para contribuir na defini\u00e7\u00e3o de solu\u00e7\u00f5es que assegurem a sustentabilidade do SNS e a valoriza\u00e7\u00e3o dos farmac\u00eauticos especialistas, visando a qualidade dos cuidados.<\/p>\n","protected":false},"excerpt":{"rendered":"<ul>\n<li>A resid\u00eancia farmac\u00eautica arrancou em 2023 e, atualmente, cerca de 500 farmac\u00eauticos seguem o programa, distribu\u00eddos por quatro anos (aproximadamente 400 em Farm\u00e1cia Hospitalar, 100 em An\u00e1lises Cl\u00ednicas e 20 em Gen\u00e9tica Humana).<\/li>\n<li>Mais de 150 farmac\u00eauticos iniciaram, no in\u00edcio de janeiro, um novo ciclo da resid\u00eancia, juntando-se aos mais de 400 que j\u00e1 estavam nos anos anteriores.<\/li>\n<li>A Ordem dos Farmac\u00eauticos alerta para a necessidade de definir, com anteced\u00eancia, os modelos de integra\u00e7\u00e3o dos residentes que v\u00e3o concluir a forma\u00e7\u00e3o no SNS, nomeadamente na Carreira Farmac\u00eautica.<\/li>\n<li>A  sess\u00e3o de lan\u00e7amento do novo ciclo decorreu na Faculdade de Farm\u00e1cia da Universidade de Lisboa, com a presen\u00e7a do baston\u00e1rio H\u00e9lder Mota Filipe e de dirigentes da Administra\u00e7\u00e3o Central do Sistema de Sa\u00fade e da Comiss\u00e3o Nacional da Resid\u00eancia Farmac\u00eautica.<\/li>\n<li>O baston\u00e1rio sublinha a import\u00e2ncia de acolher recursos humanos altamente qualificados para ajudar a enfrentar problemas estruturais do SNS, reconhecendo o investimento envolvido na forma\u00e7\u00e3o de quatro anos e na qualifica\u00e7\u00e3o dos profissionais.<\/li>\n<\/ul>\n","protected":false},"author":2,"featured_media":122627,"comment_status":"closed","ping_status":"closed","sticky":false,"template":"","format":"standard","meta":{"footnotes":""},"categories":[1],"tags":[168,2554,235,2553,2555,271],"class_list":["post-122624","post","type-post","status-publish","format-standard","has-post-thumbnail","hentry","category-noticias","tag-administracao-publica","tag-analises-clinicas","tag-carreira","tag-farmacia-hospitalar","tag-genetica-humana","tag-saude-publica"],"yoast_head":"<!-- This site is optimized with the Yoast SEO plugin v27.2 - https:\/\/yoast.com\/product\/yoast-seo-wordpress\/ -->\n<title>Ordem quer farmac\u00eauticos especializados integrados no SNS - Portal Tela Portugal<\/title>\n<meta name=\"robots\" content=\"index, follow, max-snippet:-1, max-image-preview:large, max-video-preview:-1\" \/>\n<meta property=\"og:locale\" content=\"pt_PT\" \/>\n<meta property=\"og:type\" content=\"article\" \/>\n<meta property=\"og:title\" content=\"Ordem quer farmac\u00eauticos especializados integrados no SNS - Portal Tela Portugal\" \/>\n<meta property=\"og:description\" content=\"A resid\u00eancia farmac\u00eautica arrancou em 2023 e, atualmente, cerca de 500 farmac\u00eauticos seguem o programa, distribu\u00eddos por quatro anos (aproximadamente 400 em Farm\u00e1cia Hospitalar, 100 em An\u00e1lises Cl\u00ednicas e 20 em Gen\u00e9tica Humana). Mais de 150 farmac\u00eauticos iniciaram, no in\u00edcio de janeiro, um novo ciclo da resid\u00eancia, juntando-se aos mais de 400 que j\u00e1 estavam nos anos anteriores. A Ordem dos Farmac\u00eauticos alerta para a necessidade de definir, com anteced\u00eancia, os modelos de integra\u00e7\u00e3o dos residentes que v\u00e3o concluir a forma\u00e7\u00e3o no SNS, nomeadamente na Carreira Farmac\u00eautica. A sess\u00e3o de lan\u00e7amento do novo ciclo decorreu na Faculdade de Farm\u00e1cia da Universidade de Lisboa, com a presen\u00e7a do baston\u00e1rio H\u00e9lder Mota Filipe e de dirigentes da Administra\u00e7\u00e3o Central do Sistema de Sa\u00fade e da Comiss\u00e3o Nacional da Resid\u00eancia Farmac\u00eautica. O baston\u00e1rio sublinha a import\u00e2ncia de acolher recursos humanos altamente qualificados para ajudar a enfrentar problemas estruturais do SNS, reconhecendo o investimento envolvido na forma\u00e7\u00e3o de quatro anos e na qualifica\u00e7\u00e3o dos profissionais.\" \/>\n<meta property=\"og:url\" content=\"https:\/\/portaltela.pt\/noticias\/2026\/01\/07\/ordem-quer-farmaceuticos-especializados-integrados-no-sns\/\" \/>\n<meta property=\"og:site_name\" content=\"Portal Tela Portugal\" \/>\n<meta property=\"article:published_time\" content=\"2026-01-07T08:38:00+00:00\" \/>\n<meta name=\"author\" content=\"Telinha\" \/>\n<meta name=\"twitter:card\" content=\"summary_large_image\" \/>\n<meta name=\"twitter:label1\" content=\"Escrito por\" \/>\n\t<meta name=\"twitter:data1\" content=\"Telinha\" \/>\n\t<meta name=\"twitter:label2\" content=\"Tempo estimado de leitura\" \/>\n\t<meta name=\"twitter:data2\" content=\"2 minutos\" \/>\n<script type=\"application\/ld+json\" class=\"yoast-schema-graph\">{\"@context\":\"https:\/\/schema.org\",\"@graph\":[{\"@type\":\"Article\",\"@id\":\"https:\/\/portaltela.pt\/noticias\/2026\/01\/07\/ordem-quer-farmaceuticos-especializados-integrados-no-sns\/#article\",\"isPartOf\":{\"@id\":\"https:\/\/portaltela.pt\/noticias\/2026\/01\/07\/ordem-quer-farmaceuticos-especializados-integrados-no-sns\/\"},\"author\":{\"name\":\"Telinha\",\"@id\":\"https:\/\/portaltela.pt\/#\/schema\/person\/c4278d4a6028830caff9ee44b42d32ed\"},\"headline\":\"Ordem quer farmac\u00eauticos especializados integrados no SNS\",\"datePublished\":\"2026-01-07T08:38:00+00:00\",\"mainEntityOfPage\":{\"@id\":\"https:\/\/portaltela.pt\/noticias\/2026\/01\/07\/ordem-quer-farmaceuticos-especializados-integrados-no-sns\/\"},\"wordCount\":324,\"image\":{\"@id\":\"https:\/\/portaltela.pt\/noticias\/2026\/01\/07\/ordem-quer-farmaceuticos-especializados-integrados-no-sns\/#primaryimage\"},\"thumbnailUrl\":\"https:\/\/portaltela.pt\/s.01k8rhncp4jt1\/2026\/01\/dventura-farmacia-1-scaled-1.jpg\",\"keywords\":[\"administra\u00e7\u00e3o p\u00fablica\",\"An\u00e1lises Cl\u00ednicas\",\"Carreira\",\"Farm\u00e1cia Hospitalar\",\"Gen\u00e9tica Humana\",\"sa\u00fade p\u00fablica\"],\"articleSection\":[\"Not\u00edcias\"],\"inLanguage\":\"pt-PT\"},{\"@type\":\"WebPage\",\"@id\":\"https:\/\/portaltela.pt\/noticias\/2026\/01\/07\/ordem-quer-farmaceuticos-especializados-integrados-no-sns\/\",\"url\":\"https:\/\/portaltela.pt\/noticias\/2026\/01\/07\/ordem-quer-farmaceuticos-especializados-integrados-no-sns\/\",\"name\":\"Ordem quer farmac\u00eauticos especializados integrados no SNS - Portal Tela Portugal\",\"isPartOf\":{\"@id\":\"https:\/\/portaltela.pt\/#website\"},\"primaryImageOfPage\":{\"@id\":\"https:\/\/portaltela.pt\/noticias\/2026\/01\/07\/ordem-quer-farmaceuticos-especializados-integrados-no-sns\/#primaryimage\"},\"image\":{\"@id\":\"https:\/\/portaltela.pt\/noticias\/2026\/01\/07\/ordem-quer-farmaceuticos-especializados-integrados-no-sns\/#primaryimage\"},\"thumbnailUrl\":\"https:\/\/portaltela.pt\/s.01k8rhncp4jt1\/2026\/01\/dventura-farmacia-1-scaled-1.jpg\",\"datePublished\":\"2026-01-07T08:38:00+00:00\",\"author\":{\"@id\":\"https:\/\/portaltela.pt\/#\/schema\/person\/c4278d4a6028830caff9ee44b42d32ed\"},\"breadcrumb\":{\"@id\":\"https:\/\/portaltela.pt\/noticias\/2026\/01\/07\/ordem-quer-farmaceuticos-especializados-integrados-no-sns\/#breadcrumb\"},\"inLanguage\":\"pt-PT\",\"potentialAction\":[{\"@type\":\"ReadAction\",\"target\":[\"https:\/\/portaltela.pt\/noticias\/2026\/01\/07\/ordem-quer-farmaceuticos-especializados-integrados-no-sns\/\"]}]},{\"@type\":\"ImageObject\",\"inLanguage\":\"pt-PT\",\"@id\":\"https:\/\/portaltela.pt\/noticias\/2026\/01\/07\/ordem-quer-farmaceuticos-especializados-integrados-no-sns\/#primaryimage\",\"url\":\"https:\/\/portaltela.pt\/s.01k8rhncp4jt1\/2026\/01\/dventura-farmacia-1-scaled-1.jpg\",\"contentUrl\":\"https:\/\/portaltela.pt\/s.01k8rhncp4jt1\/2026\/01\/dventura-farmacia-1-scaled-1.jpg\",\"width\":796,\"height\":448,\"caption\":\"Programa de especializa\u00e7\u00e3o demora quatro anos at\u00e9 estar conclu\u00eddo\"},{\"@type\":\"BreadcrumbList\",\"@id\":\"https:\/\/portaltela.pt\/noticias\/2026\/01\/07\/ordem-quer-farmaceuticos-especializados-integrados-no-sns\/#breadcrumb\",\"itemListElement\":[{\"@type\":\"ListItem\",\"position\":1,\"name\":\"In\u00edcio\",\"item\":\"https:\/\/portaltela.pt\/\"},{\"@type\":\"ListItem\",\"position\":2,\"name\":\"Ordem quer farmac\u00eauticos especializados integrados no SNS\"}]},{\"@type\":\"WebSite\",\"@id\":\"https:\/\/portaltela.pt\/#website\",\"url\":\"https:\/\/portaltela.pt\/\",\"name\":\"Portal Tela Portugal\",\"description\":\"\",\"potentialAction\":[{\"@type\":\"SearchAction\",\"target\":{\"@type\":\"EntryPoint\",\"urlTemplate\":\"https:\/\/portaltela.pt\/?s={search_term_string}\"},\"query-input\":{\"@type\":\"PropertyValueSpecification\",\"valueRequired\":true,\"valueName\":\"search_term_string\"}}],\"inLanguage\":\"pt-PT\"},{\"@type\":\"Person\",\"@id\":\"https:\/\/portaltela.pt\/#\/schema\/person\/c4278d4a6028830caff9ee44b42d32ed\",\"name\":\"Telinha\",\"image\":{\"@type\":\"ImageObject\",\"inLanguage\":\"pt-PT\",\"@id\":\"https:\/\/portaltela.pt\/s.01k8rhncp4jt1\/2025\/11\/talking-bot-125x125.png\",\"url\":\"https:\/\/portaltela.pt\/s.01k8rhncp4jt1\/2025\/11\/talking-bot-125x125.png\",\"contentUrl\":\"https:\/\/portaltela.pt\/s.01k8rhncp4jt1\/2025\/11\/talking-bot-125x125.png\",\"caption\":\"Telinha\"},\"sameAs\":[\"https:\/\/portaltela.pt\/\"],\"url\":\"https:\/\/portaltela.pt\/por\/367410592786\/\"}]}<\/script>\n<!-- \/ Yoast SEO plugin. -->","yoast_head_json":{"title":"Ordem quer farmac\u00eauticos especializados integrados no SNS - Portal Tela Portugal","robots":{"index":"index","follow":"follow","max-snippet":"max-snippet:-1","max-image-preview":"max-image-preview:large","max-video-preview":"max-video-preview:-1"},"og_locale":"pt_PT","og_type":"article","og_title":"Ordem quer farmac\u00eauticos especializados integrados no SNS - Portal Tela Portugal","og_description":"A resid\u00eancia farmac\u00eautica arrancou em 2023 e, atualmente, cerca de 500 farmac\u00eauticos seguem o programa, distribu\u00eddos por quatro anos (aproximadamente 400 em Farm\u00e1cia Hospitalar, 100 em An\u00e1lises Cl\u00ednicas e 20 em Gen\u00e9tica Humana). Mais de 150 farmac\u00eauticos iniciaram, no in\u00edcio de janeiro, um novo ciclo da resid\u00eancia, juntando-se aos mais de 400 que j\u00e1 estavam nos anos anteriores. A Ordem dos Farmac\u00eauticos alerta para a necessidade de definir, com anteced\u00eancia, os modelos de integra\u00e7\u00e3o dos residentes que v\u00e3o concluir a forma\u00e7\u00e3o no SNS, nomeadamente na Carreira Farmac\u00eautica. A sess\u00e3o de lan\u00e7amento do novo ciclo decorreu na Faculdade de Farm\u00e1cia da Universidade de Lisboa, com a presen\u00e7a do baston\u00e1rio H\u00e9lder Mota Filipe e de dirigentes da Administra\u00e7\u00e3o Central do Sistema de Sa\u00fade e da Comiss\u00e3o Nacional da Resid\u00eancia Farmac\u00eautica. O baston\u00e1rio sublinha a import\u00e2ncia de acolher recursos humanos altamente qualificados para ajudar a enfrentar problemas estruturais do SNS, reconhecendo o investimento envolvido na forma\u00e7\u00e3o de quatro anos e na qualifica\u00e7\u00e3o dos profissionais.","og_url":"https:\/\/portaltela.pt\/noticias\/2026\/01\/07\/ordem-quer-farmaceuticos-especializados-integrados-no-sns\/","og_site_name":"Portal Tela Portugal","article_published_time":"2026-01-07T08:38:00+00:00","author":"Telinha","twitter_card":"summary_large_image","twitter_misc":{"Escrito por":"Telinha","Tempo estimado de leitura":"2 minutos"},"schema":{"@context":"https:\/\/schema.org","@graph":[{"@type":"Article","@id":"https:\/\/portaltela.pt\/noticias\/2026\/01\/07\/ordem-quer-farmaceuticos-especializados-integrados-no-sns\/#article","isPartOf":{"@id":"https:\/\/portaltela.pt\/noticias\/2026\/01\/07\/ordem-quer-farmaceuticos-especializados-integrados-no-sns\/"},"author":{"name":"Telinha","@id":"https:\/\/portaltela.pt\/#\/schema\/person\/c4278d4a6028830caff9ee44b42d32ed"},"headline":"Ordem quer farmac\u00eauticos especializados integrados no SNS","datePublished":"2026-01-07T08:38:00+00:00","mainEntityOfPage":{"@id":"https:\/\/portaltela.pt\/noticias\/2026\/01\/07\/ordem-quer-farmaceuticos-especializados-integrados-no-sns\/"},"wordCount":324,"image":{"@id":"https:\/\/portaltela.pt\/noticias\/2026\/01\/07\/ordem-quer-farmaceuticos-especializados-integrados-no-sns\/#primaryimage"},"thumbnailUrl":"https:\/\/portaltela.pt\/s.01k8rhncp4jt1\/2026\/01\/dventura-farmacia-1-scaled-1.jpg","keywords":["administra\u00e7\u00e3o p\u00fablica","An\u00e1lises Cl\u00ednicas","Carreira","Farm\u00e1cia Hospitalar","Gen\u00e9tica Humana","sa\u00fade p\u00fablica"],"articleSection":["Not\u00edcias"],"inLanguage":"pt-PT"},{"@type":"WebPage","@id":"https:\/\/portaltela.pt\/noticias\/2026\/01\/07\/ordem-quer-farmaceuticos-especializados-integrados-no-sns\/","url":"https:\/\/portaltela.pt\/noticias\/2026\/01\/07\/ordem-quer-farmaceuticos-especializados-integrados-no-sns\/","name":"Ordem quer farmac\u00eauticos especializados integrados no SNS - Portal Tela Portugal","isPartOf":{"@id":"https:\/\/portaltela.pt\/#website"},"primaryImageOfPage":{"@id":"https:\/\/portaltela.pt\/noticias\/2026\/01\/07\/ordem-quer-farmaceuticos-especializados-integrados-no-sns\/#primaryimage"},"image":{"@id":"https:\/\/portaltela.pt\/noticias\/2026\/01\/07\/ordem-quer-farmaceuticos-especializados-integrados-no-sns\/#primaryimage"},"thumbnailUrl":"https:\/\/portaltela.pt\/s.01k8rhncp4jt1\/2026\/01\/dventura-farmacia-1-scaled-1.jpg","datePublished":"2026-01-07T08:38:00+00:00","author":{"@id":"https:\/\/portaltela.pt\/#\/schema\/person\/c4278d4a6028830caff9ee44b42d32ed"},"breadcrumb":{"@id":"https:\/\/portaltela.pt\/noticias\/2026\/01\/07\/ordem-quer-farmaceuticos-especializados-integrados-no-sns\/#breadcrumb"},"inLanguage":"pt-PT","potentialAction":[{"@type":"ReadAction","target":["https:\/\/portaltela.pt\/noticias\/2026\/01\/07\/ordem-quer-farmaceuticos-especializados-integrados-no-sns\/"]}]},{"@type":"ImageObject","inLanguage":"pt-PT","@id":"https:\/\/portaltela.pt\/noticias\/2026\/01\/07\/ordem-quer-farmaceuticos-especializados-integrados-no-sns\/#primaryimage","url":"https:\/\/portaltela.pt\/s.01k8rhncp4jt1\/2026\/01\/dventura-farmacia-1-scaled-1.jpg","contentUrl":"https:\/\/portaltela.pt\/s.01k8rhncp4jt1\/2026\/01\/dventura-farmacia-1-scaled-1.jpg","width":796,"height":448,"caption":"Programa de especializa\u00e7\u00e3o demora quatro anos at\u00e9 estar conclu\u00eddo"},{"@type":"BreadcrumbList","@id":"https:\/\/portaltela.pt\/noticias\/2026\/01\/07\/ordem-quer-farmaceuticos-especializados-integrados-no-sns\/#breadcrumb","itemListElement":[{"@type":"ListItem","position":1,"name":"In\u00edcio","item":"https:\/\/portaltela.pt\/"},{"@type":"ListItem","position":2,"name":"Ordem quer farmac\u00eauticos especializados integrados no SNS"}]},{"@type":"WebSite","@id":"https:\/\/portaltela.pt\/#website","url":"https:\/\/portaltela.pt\/","name":"Portal Tela Portugal","description":"","potentialAction":[{"@type":"SearchAction","target":{"@type":"EntryPoint","urlTemplate":"https:\/\/portaltela.pt\/?s={search_term_string}"},"query-input":{"@type":"PropertyValueSpecification","valueRequired":true,"valueName":"search_term_string"}}],"inLanguage":"pt-PT"},{"@type":"Person","@id":"https:\/\/portaltela.pt\/#\/schema\/person\/c4278d4a6028830caff9ee44b42d32ed","name":"Telinha","image":{"@type":"ImageObject","inLanguage":"pt-PT","@id":"https:\/\/portaltela.pt\/s.01k8rhncp4jt1\/2025\/11\/talking-bot-125x125.png","url":"https:\/\/portaltela.pt\/s.01k8rhncp4jt1\/2025\/11\/talking-bot-125x125.png","contentUrl":"https:\/\/portaltela.pt\/s.01k8rhncp4jt1\/2025\/11\/talking-bot-125x125.png","caption":"Telinha"},"sameAs":["https:\/\/portaltela.pt\/"],"url":"https:\/\/portaltela.pt\/por\/367410592786\/"}]}},"_links":{"self":[{"href":"https:\/\/portaltela.pt\/api\/wp\/v2\/posts\/122624","targetHints":{"allow":["GET"]}}],"collection":[{"href":"https:\/\/portaltela.pt\/api\/wp\/v2\/posts"}],"about":[{"href":"https:\/\/portaltela.pt\/api\/wp\/v2\/types\/post"}],"author":[{"embeddable":true,"href":"https:\/\/portaltela.pt\/api\/wp\/v2\/users\/2"}],"replies":[{"embeddable":true,"href":"https:\/\/portaltela.pt\/api\/wp\/v2\/comments?post=122624"}],"version-history":[{"count":0,"href":"https:\/\/portaltela.pt\/api\/wp\/v2\/posts\/122624\/revisions"}],"wp:featuredmedia":[{"embeddable":true,"href":"https:\/\/portaltela.pt\/api\/wp\/v2\/media\/122627"}],"wp:attachment":[{"href":"https:\/\/portaltela.pt\/api\/wp\/v2\/media?parent=122624"}],"wp:term":[{"taxonomy":"category","embeddable":true,"href":"https:\/\/portaltela.pt\/api\/wp\/v2\/categories?post=122624"},{"taxonomy":"post_tag","embeddable":true,"href":"https:\/\/portaltela.pt\/api\/wp\/v2\/tags?post=122624"}],"curies":[{"name":"wp","href":"https:\/\/api.w.org\/{rel}","templated":true}]}}