{"id":122477,"date":"2026-01-07T04:31:00","date_gmt":"2026-01-07T07:31:00","guid":{"rendered":"https:\/\/portaltela.pt\/noticias\/2026\/01\/07\/viseu-psp-detem-dois-condutores-alcoolizados-e-um-sem-carta\/"},"modified":"2026-01-07T04:31:00","modified_gmt":"2026-01-07T07:31:00","slug":"viseu-psp-detem-dois-condutores-alcoolizados-e-um-sem-carta","status":"publish","type":"post","link":"https:\/\/portaltela.pt\/noticias\/2026\/01\/07\/viseu-psp-detem-dois-condutores-alcoolizados-e-um-sem-carta\/","title":{"rendered":"Viseu: PSP det\u00e9m dois condutores alcoolizados e um sem carta"},"content":{"rendered":"<p>A Pol\u00edcia de Seguran\u00e7a P\u00fablica (PSP) deteve tr\u00eas pessoas em a\u00e7\u00f5es distintas, uma em Lamego por condu\u00e7\u00e3o sem carta e duas em Viseu por alcoolemia acima do limite legal, acima de 1,2 g\/L. A interven\u00e7\u00e3o ocorreu em contexto de fiscaliza\u00e7\u00e3o rodovi\u00e1ria.<\/p>\n<p>Em Lamego, na Rua da Boavista, a PSP intercetou um homem de 37 anos que conduzia sem habilita\u00e7\u00e3o legal. O emprego de meios legais levou \u00e0 apreens\u00e3o do ve\u00edculo e \u00e0 identifica\u00e7\u00e3o do condutor.<\/p>\n<p>Em Viseu, dois homens, com 40 e 56 anos, foram fiscalizados pela PSP, ocorrendo na Rua Nova da Esculca e na Avenida Em\u00eddio Navarro, respetivamente. Ambos estavam ao volante sob influ\u00eancia do \u00e1lcool.<\/p>\n<p>Os ap\u00f3s-operacionais registaram TAS de 2,091 g\/L e 1,99 g\/L, para os dois cidad\u00e3os detidos em Viseu. Os casos seguem os tr\u00e2mites legais previstos para condu\u00e7\u00e3o sob intoxica\u00e7\u00e3o e condu\u00e7\u00e3o sem carta.<\/p>\n<p>Mais not\u00edcias podem ser acompanhadas na Esta\u00e7\u00e3o Di\u00e1ria \u2013 96.8 FM, com informa\u00e7\u00f5es atualizadas sobre estes e outros acontecimentos.<\/p>\n","protected":false},"excerpt":{"rendered":"<ul>\n<li>Na Rua da Boavista, em Lamego, a PSP intercetou um homem de 37 anos a conduzir sem carta.<\/li>\n<li>Em Viseu, dois homens, de 40 e 56 anos, foram detidos por condu\u00e7\u00e3o sob o efeito do \u00e1lcool.<\/li>\n<li>O primeiro apresentou TAS de 2,091 g\/l na Rua Nova da Esculca; o segundo, 1,99 g\/l, na Avenida Em\u00eddio Navarro.<\/li>\n<\/ul>\n","protected":false},"author":2,"featured_media":122480,"comment_status":"closed","ping_status":"closed","sticky":false,"template":"","format":"standard","meta":{"footnotes":""},"categories":[1],"tags":[605,1806,1692,1014,1381,1171],"class_list":["post-122477","post","type-post","status-publish","format-standard","has-post-thumbnail","hentry","category-noticias","tag-conducao-de-veiculo-em-estado-de-embriaguez","tag-falta-de-habilitacao","tag-fiscalizacao-de-transito","tag-portugal","tag-psp","tag-viseu"],"yoast_head":"<!-- This site is optimized with the Yoast SEO plugin v27.2 - https:\/\/yoast.com\/product\/yoast-seo-wordpress\/ -->\n<title>Viseu: PSP det\u00e9m dois condutores alcoolizados e um sem carta - Portal Tela Portugal<\/title>\n<meta name=\"robots\" content=\"index, follow, max-snippet:-1, max-image-preview:large, max-video-preview:-1\" \/>\n<meta property=\"og:locale\" content=\"pt_PT\" \/>\n<meta property=\"og:type\" content=\"article\" \/>\n<meta property=\"og:title\" content=\"Viseu: PSP det\u00e9m dois condutores alcoolizados e um sem carta - Portal Tela Portugal\" \/>\n<meta property=\"og:description\" content=\"Na Rua da Boavista, em Lamego, a PSP intercetou um homem de 37 anos a conduzir sem carta. Em Viseu, dois homens, de 40 e 56 anos, foram detidos por condu\u00e7\u00e3o sob o efeito do \u00e1lcool. O primeiro apresentou TAS de 2,091 g\/l na Rua Nova da Esculca; o segundo, 1,99 g\/l, na Avenida Em\u00eddio Navarro.\" \/>\n<meta property=\"og:url\" content=\"https:\/\/portaltela.pt\/noticias\/2026\/01\/07\/viseu-psp-detem-dois-condutores-alcoolizados-e-um-sem-carta\/\" \/>\n<meta property=\"og:site_name\" content=\"Portal Tela Portugal\" \/>\n<meta property=\"article:published_time\" content=\"2026-01-07T07:31:00+00:00\" \/>\n<meta name=\"author\" content=\"Telinha\" \/>\n<meta name=\"twitter:card\" content=\"summary_large_image\" \/>\n<meta name=\"twitter:label1\" content=\"Escrito por\" \/>\n\t<meta name=\"twitter:data1\" content=\"Telinha\" \/>\n\t<meta name=\"twitter:label2\" content=\"Tempo estimado de leitura\" \/>\n\t<meta name=\"twitter:data2\" content=\"1 minuto\" \/>\n<script type=\"application\/ld+json\" class=\"yoast-schema-graph\">{\"@context\":\"https:\/\/schema.org\",\"@graph\":[{\"@type\":\"Article\",\"@id\":\"https:\/\/portaltela.pt\/noticias\/2026\/01\/07\/viseu-psp-detem-dois-condutores-alcoolizados-e-um-sem-carta\/#article\",\"isPartOf\":{\"@id\":\"https:\/\/portaltela.pt\/noticias\/2026\/01\/07\/viseu-psp-detem-dois-condutores-alcoolizados-e-um-sem-carta\/\"},\"author\":{\"name\":\"Telinha\",\"@id\":\"https:\/\/portaltela.pt\/#\/schema\/person\/c4278d4a6028830caff9ee44b42d32ed\"},\"headline\":\"Viseu: PSP det\u00e9m dois condutores alcoolizados e um sem carta\",\"datePublished\":\"2026-01-07T07:31:00+00:00\",\"mainEntityOfPage\":{\"@id\":\"https:\/\/portaltela.pt\/noticias\/2026\/01\/07\/viseu-psp-detem-dois-condutores-alcoolizados-e-um-sem-carta\/\"},\"wordCount\":188,\"image\":{\"@id\":\"https:\/\/portaltela.pt\/noticias\/2026\/01\/07\/viseu-psp-detem-dois-condutores-alcoolizados-e-um-sem-carta\/#primaryimage\"},\"thumbnailUrl\":\"https:\/\/portaltela.pt\/s.01k8rhncp4jt1\/2026\/01\/psp-viseu.jpg\",\"keywords\":[\"condu\u00e7\u00e3o de ve\u00edculo em estado de embriaguez\",\"falta de habilita\u00e7\u00e3o\",\"fiscaliza\u00e7\u00e3o de tr\u00e2nsito\",\"Portugal\",\"PSP\",\"Viseu\"],\"articleSection\":[\"Not\u00edcias\"],\"inLanguage\":\"pt-PT\"},{\"@type\":\"WebPage\",\"@id\":\"https:\/\/portaltela.pt\/noticias\/2026\/01\/07\/viseu-psp-detem-dois-condutores-alcoolizados-e-um-sem-carta\/\",\"url\":\"https:\/\/portaltela.pt\/noticias\/2026\/01\/07\/viseu-psp-detem-dois-condutores-alcoolizados-e-um-sem-carta\/\",\"name\":\"Viseu: PSP det\u00e9m dois condutores alcoolizados e um sem carta - Portal Tela Portugal\",\"isPartOf\":{\"@id\":\"https:\/\/portaltela.pt\/#website\"},\"primaryImageOfPage\":{\"@id\":\"https:\/\/portaltela.pt\/noticias\/2026\/01\/07\/viseu-psp-detem-dois-condutores-alcoolizados-e-um-sem-carta\/#primaryimage\"},\"image\":{\"@id\":\"https:\/\/portaltela.pt\/noticias\/2026\/01\/07\/viseu-psp-detem-dois-condutores-alcoolizados-e-um-sem-carta\/#primaryimage\"},\"thumbnailUrl\":\"https:\/\/portaltela.pt\/s.01k8rhncp4jt1\/2026\/01\/psp-viseu.jpg\",\"datePublished\":\"2026-01-07T07:31:00+00:00\",\"author\":{\"@id\":\"https:\/\/portaltela.pt\/#\/schema\/person\/c4278d4a6028830caff9ee44b42d32ed\"},\"breadcrumb\":{\"@id\":\"https:\/\/portaltela.pt\/noticias\/2026\/01\/07\/viseu-psp-detem-dois-condutores-alcoolizados-e-um-sem-carta\/#breadcrumb\"},\"inLanguage\":\"pt-PT\",\"potentialAction\":[{\"@type\":\"ReadAction\",\"target\":[\"https:\/\/portaltela.pt\/noticias\/2026\/01\/07\/viseu-psp-detem-dois-condutores-alcoolizados-e-um-sem-carta\/\"]}]},{\"@type\":\"ImageObject\",\"inLanguage\":\"pt-PT\",\"@id\":\"https:\/\/portaltela.pt\/noticias\/2026\/01\/07\/viseu-psp-detem-dois-condutores-alcoolizados-e-um-sem-carta\/#primaryimage\",\"url\":\"https:\/\/portaltela.pt\/s.01k8rhncp4jt1\/2026\/01\/psp-viseu.jpg\",\"contentUrl\":\"https:\/\/portaltela.pt\/s.01k8rhncp4jt1\/2026\/01\/psp-viseu.jpg\",\"width\":796,\"height\":448,\"caption\":\"Viseu: Meia Maratona condiciona tr\u00e2nsito na cidade\"},{\"@type\":\"BreadcrumbList\",\"@id\":\"https:\/\/portaltela.pt\/noticias\/2026\/01\/07\/viseu-psp-detem-dois-condutores-alcoolizados-e-um-sem-carta\/#breadcrumb\",\"itemListElement\":[{\"@type\":\"ListItem\",\"position\":1,\"name\":\"In\u00edcio\",\"item\":\"https:\/\/portaltela.pt\/\"},{\"@type\":\"ListItem\",\"position\":2,\"name\":\"Viseu: PSP det\u00e9m dois condutores alcoolizados e um sem carta\"}]},{\"@type\":\"WebSite\",\"@id\":\"https:\/\/portaltela.pt\/#website\",\"url\":\"https:\/\/portaltela.pt\/\",\"name\":\"Portal Tela Portugal\",\"description\":\"\",\"potentialAction\":[{\"@type\":\"SearchAction\",\"target\":{\"@type\":\"EntryPoint\",\"urlTemplate\":\"https:\/\/portaltela.pt\/?s={search_term_string}\"},\"query-input\":{\"@type\":\"PropertyValueSpecification\",\"valueRequired\":true,\"valueName\":\"search_term_string\"}}],\"inLanguage\":\"pt-PT\"},{\"@type\":\"Person\",\"@id\":\"https:\/\/portaltela.pt\/#\/schema\/person\/c4278d4a6028830caff9ee44b42d32ed\",\"name\":\"Telinha\",\"image\":{\"@type\":\"ImageObject\",\"inLanguage\":\"pt-PT\",\"@id\":\"https:\/\/portaltela.pt\/s.01k8rhncp4jt1\/2025\/11\/talking-bot-125x125.png\",\"url\":\"https:\/\/portaltela.pt\/s.01k8rhncp4jt1\/2025\/11\/talking-bot-125x125.png\",\"contentUrl\":\"https:\/\/portaltela.pt\/s.01k8rhncp4jt1\/2025\/11\/talking-bot-125x125.png\",\"caption\":\"Telinha\"},\"sameAs\":[\"https:\/\/portaltela.pt\/\"],\"url\":\"https:\/\/portaltela.pt\/por\/367410592786\/\"}]}<\/script>\n<!-- \/ Yoast SEO plugin. -->","yoast_head_json":{"title":"Viseu: PSP det\u00e9m dois condutores alcoolizados e um sem carta - Portal Tela Portugal","robots":{"index":"index","follow":"follow","max-snippet":"max-snippet:-1","max-image-preview":"max-image-preview:large","max-video-preview":"max-video-preview:-1"},"og_locale":"pt_PT","og_type":"article","og_title":"Viseu: PSP det\u00e9m dois condutores alcoolizados e um sem carta - Portal Tela Portugal","og_description":"Na Rua da Boavista, em Lamego, a PSP intercetou um homem de 37 anos a conduzir sem carta. Em Viseu, dois homens, de 40 e 56 anos, foram detidos por condu\u00e7\u00e3o sob o efeito do \u00e1lcool. O primeiro apresentou TAS de 2,091 g\/l na Rua Nova da Esculca; o segundo, 1,99 g\/l, na Avenida Em\u00eddio Navarro.","og_url":"https:\/\/portaltela.pt\/noticias\/2026\/01\/07\/viseu-psp-detem-dois-condutores-alcoolizados-e-um-sem-carta\/","og_site_name":"Portal Tela Portugal","article_published_time":"2026-01-07T07:31:00+00:00","author":"Telinha","twitter_card":"summary_large_image","twitter_misc":{"Escrito por":"Telinha","Tempo estimado de leitura":"1 minuto"},"schema":{"@context":"https:\/\/schema.org","@graph":[{"@type":"Article","@id":"https:\/\/portaltela.pt\/noticias\/2026\/01\/07\/viseu-psp-detem-dois-condutores-alcoolizados-e-um-sem-carta\/#article","isPartOf":{"@id":"https:\/\/portaltela.pt\/noticias\/2026\/01\/07\/viseu-psp-detem-dois-condutores-alcoolizados-e-um-sem-carta\/"},"author":{"name":"Telinha","@id":"https:\/\/portaltela.pt\/#\/schema\/person\/c4278d4a6028830caff9ee44b42d32ed"},"headline":"Viseu: PSP det\u00e9m dois condutores alcoolizados e um sem carta","datePublished":"2026-01-07T07:31:00+00:00","mainEntityOfPage":{"@id":"https:\/\/portaltela.pt\/noticias\/2026\/01\/07\/viseu-psp-detem-dois-condutores-alcoolizados-e-um-sem-carta\/"},"wordCount":188,"image":{"@id":"https:\/\/portaltela.pt\/noticias\/2026\/01\/07\/viseu-psp-detem-dois-condutores-alcoolizados-e-um-sem-carta\/#primaryimage"},"thumbnailUrl":"https:\/\/portaltela.pt\/s.01k8rhncp4jt1\/2026\/01\/psp-viseu.jpg","keywords":["condu\u00e7\u00e3o de ve\u00edculo em estado de embriaguez","falta de habilita\u00e7\u00e3o","fiscaliza\u00e7\u00e3o de tr\u00e2nsito","Portugal","PSP","Viseu"],"articleSection":["Not\u00edcias"],"inLanguage":"pt-PT"},{"@type":"WebPage","@id":"https:\/\/portaltela.pt\/noticias\/2026\/01\/07\/viseu-psp-detem-dois-condutores-alcoolizados-e-um-sem-carta\/","url":"https:\/\/portaltela.pt\/noticias\/2026\/01\/07\/viseu-psp-detem-dois-condutores-alcoolizados-e-um-sem-carta\/","name":"Viseu: PSP det\u00e9m dois condutores alcoolizados e um sem carta - Portal Tela Portugal","isPartOf":{"@id":"https:\/\/portaltela.pt\/#website"},"primaryImageOfPage":{"@id":"https:\/\/portaltela.pt\/noticias\/2026\/01\/07\/viseu-psp-detem-dois-condutores-alcoolizados-e-um-sem-carta\/#primaryimage"},"image":{"@id":"https:\/\/portaltela.pt\/noticias\/2026\/01\/07\/viseu-psp-detem-dois-condutores-alcoolizados-e-um-sem-carta\/#primaryimage"},"thumbnailUrl":"https:\/\/portaltela.pt\/s.01k8rhncp4jt1\/2026\/01\/psp-viseu.jpg","datePublished":"2026-01-07T07:31:00+00:00","author":{"@id":"https:\/\/portaltela.pt\/#\/schema\/person\/c4278d4a6028830caff9ee44b42d32ed"},"breadcrumb":{"@id":"https:\/\/portaltela.pt\/noticias\/2026\/01\/07\/viseu-psp-detem-dois-condutores-alcoolizados-e-um-sem-carta\/#breadcrumb"},"inLanguage":"pt-PT","potentialAction":[{"@type":"ReadAction","target":["https:\/\/portaltela.pt\/noticias\/2026\/01\/07\/viseu-psp-detem-dois-condutores-alcoolizados-e-um-sem-carta\/"]}]},{"@type":"ImageObject","inLanguage":"pt-PT","@id":"https:\/\/portaltela.pt\/noticias\/2026\/01\/07\/viseu-psp-detem-dois-condutores-alcoolizados-e-um-sem-carta\/#primaryimage","url":"https:\/\/portaltela.pt\/s.01k8rhncp4jt1\/2026\/01\/psp-viseu.jpg","contentUrl":"https:\/\/portaltela.pt\/s.01k8rhncp4jt1\/2026\/01\/psp-viseu.jpg","width":796,"height":448,"caption":"Viseu: Meia Maratona condiciona tr\u00e2nsito na cidade"},{"@type":"BreadcrumbList","@id":"https:\/\/portaltela.pt\/noticias\/2026\/01\/07\/viseu-psp-detem-dois-condutores-alcoolizados-e-um-sem-carta\/#breadcrumb","itemListElement":[{"@type":"ListItem","position":1,"name":"In\u00edcio","item":"https:\/\/portaltela.pt\/"},{"@type":"ListItem","position":2,"name":"Viseu: PSP det\u00e9m dois condutores alcoolizados e um sem carta"}]},{"@type":"WebSite","@id":"https:\/\/portaltela.pt\/#website","url":"https:\/\/portaltela.pt\/","name":"Portal Tela Portugal","description":"","potentialAction":[{"@type":"SearchAction","target":{"@type":"EntryPoint","urlTemplate":"https:\/\/portaltela.pt\/?s={search_term_string}"},"query-input":{"@type":"PropertyValueSpecification","valueRequired":true,"valueName":"search_term_string"}}],"inLanguage":"pt-PT"},{"@type":"Person","@id":"https:\/\/portaltela.pt\/#\/schema\/person\/c4278d4a6028830caff9ee44b42d32ed","name":"Telinha","image":{"@type":"ImageObject","inLanguage":"pt-PT","@id":"https:\/\/portaltela.pt\/s.01k8rhncp4jt1\/2025\/11\/talking-bot-125x125.png","url":"https:\/\/portaltela.pt\/s.01k8rhncp4jt1\/2025\/11\/talking-bot-125x125.png","contentUrl":"https:\/\/portaltela.pt\/s.01k8rhncp4jt1\/2025\/11\/talking-bot-125x125.png","caption":"Telinha"},"sameAs":["https:\/\/portaltela.pt\/"],"url":"https:\/\/portaltela.pt\/por\/367410592786\/"}]}},"_links":{"self":[{"href":"https:\/\/portaltela.pt\/api\/wp\/v2\/posts\/122477","targetHints":{"allow":["GET"]}}],"collection":[{"href":"https:\/\/portaltela.pt\/api\/wp\/v2\/posts"}],"about":[{"href":"https:\/\/portaltela.pt\/api\/wp\/v2\/types\/post"}],"author":[{"embeddable":true,"href":"https:\/\/portaltela.pt\/api\/wp\/v2\/users\/2"}],"replies":[{"embeddable":true,"href":"https:\/\/portaltela.pt\/api\/wp\/v2\/comments?post=122477"}],"version-history":[{"count":0,"href":"https:\/\/portaltela.pt\/api\/wp\/v2\/posts\/122477\/revisions"}],"wp:featuredmedia":[{"embeddable":true,"href":"https:\/\/portaltela.pt\/api\/wp\/v2\/media\/122480"}],"wp:attachment":[{"href":"https:\/\/portaltela.pt\/api\/wp\/v2\/media?parent=122477"}],"wp:term":[{"taxonomy":"category","embeddable":true,"href":"https:\/\/portaltela.pt\/api\/wp\/v2\/categories?post=122477"},{"taxonomy":"post_tag","embeddable":true,"href":"https:\/\/portaltela.pt\/api\/wp\/v2\/tags?post=122477"}],"curies":[{"name":"wp","href":"https:\/\/api.w.org\/{rel}","templated":true}]}}