{"id":122399,"date":"2026-01-07T04:28:00","date_gmt":"2026-01-07T07:28:00","guid":{"rendered":"https:\/\/portaltela.pt\/noticias\/2026\/01\/07\/comboios-da-fertagus-circulam-com-restricoes-de-velocidade\/"},"modified":"2026-01-07T04:28:00","modified_gmt":"2026-01-07T07:28:00","slug":"comboios-da-fertagus-circulam-com-restricoes-de-velocidade","status":"publish","type":"post","link":"https:\/\/portaltela.pt\/noticias\/2026\/01\/07\/comboios-da-fertagus-circulam-com-restricoes-de-velocidade\/","title":{"rendered":"Comboios da Fertagus circulam com restri\u00e7\u00f5es de velocidade"},"content":{"rendered":"<p>A Fertagus, respons\u00e1vel pela liga\u00e7\u00e3o entre Lisboa e a Margem Sul, est\u00e1 a realizar a circula\u00e7\u00e3o de comboios com restri\u00e7\u00f5es de velocidade entre Sete Rios e Entrecampos, \u00e0s 7h de hoje. A medida pretende mitigar o risco em consequ\u00eancia da ocorr\u00eancia no tra\u00e7ado.<\/p>\n<p>Na ter\u00e7a-feira ocorreu a interrup\u00e7\u00e3o da circula\u00e7\u00e3o devido a um carril partido no tro\u00e7o entre Entrecampos e Sete Rios. A circula\u00e7\u00e3o foi reposta \u00e0 tarde, em via \u00fanica entre Sete Rios e Roma-Areeiro.<\/p>\n<p>Segundo a Fertagus, o dispatch relativo ao dia 6\/01\/2026 indica que os comboios entre Sete Rios e Entrecampos circulam com restri\u00e7\u00e3o de velocidade, o que pode originar atrasos. A transportadora gerencia o eixo norte-sul, inclusive a travessia da ponte 25 de Abril, servindo 14 esta\u00e7\u00f5es.<\/p>\n<p>Dez esta\u00e7\u00f5es ficam na margem sul do Tejo (Set\u00fabal, Palmela, Venda do Alcaide, Pinhal Novo, Penalva, Coina, Fogueteiro, Foros de Amora, Corroios e Pragal) e quatro na margem norte (Campolide, Sete Rios, Entrecampos e Roma-Areeiro). A rede \u00e9 operada pela Fertagus, concession\u00e1ria do servi\u00e7o ferrovi\u00e1rio entre Lisboa e Set\u00fabal.<\/p>\n","protected":false},"excerpt":{"rendered":"<ul>\n<li>A Fertagus informou que, \u00e0s sete horas, a circula\u00e7\u00e3o entre Sete Rios e Entrecampos decorre com restri\u00e7\u00e3o de velocidade, o que pode causar atrasos.<\/li>\n<li>Na ter\u00e7a-feira houve interrup\u00e7\u00e3o da circula\u00e7\u00e3o devido a um carril partido entre Entrecampos e Sete Rios, com reposi\u00e7\u00e3o \u00e0 tarde em via \u00fanica entre Sete Rios e Roma-Areeiro.<\/li>\n<li>A transportadora indicou que poder\u00e3o verificar-se atrasos na circula\u00e7\u00e3o devido \u00e0 situa\u00e7\u00e3o.<\/li>\n<li>A Fertagus \u00e9 a concession\u00e1ria do transporte ferrovi\u00e1rio entre Lisboa e a Margem Sul, incluindo a travessia da ponte 25 de Abril, com servi\u00e7o para 14 esta\u00e7\u00f5es.<\/li>\n<li>Do total de esta\u00e7\u00f5es, dez ficam na margem sul e quatro na margem norte do Tejo.<\/li>\n<\/ul>\n","protected":false},"author":2,"featured_media":122405,"comment_status":"closed","ping_status":"closed","sticky":false,"template":"","format":"standard","meta":{"footnotes":""},"categories":[1],"tags":[2480,981,2110,994,1629,363],"class_list":["post-122399","post","type-post","status-publish","format-standard","has-post-thumbnail","hentry","category-noticias","tag-entrecampos","tag-lisboa","tag-mobilidade","tag-setubal","tag-transito","tag-transportes"],"yoast_head":"<!-- This site is optimized with the Yoast SEO plugin v27.2 - https:\/\/yoast.com\/product\/yoast-seo-wordpress\/ -->\n<title>Comboios da Fertagus circulam com restri\u00e7\u00f5es de velocidade - Portal Tela Portugal<\/title>\n<meta name=\"robots\" content=\"index, follow, max-snippet:-1, max-image-preview:large, max-video-preview:-1\" \/>\n<meta property=\"og:locale\" content=\"pt_PT\" \/>\n<meta property=\"og:type\" content=\"article\" \/>\n<meta property=\"og:title\" content=\"Comboios da Fertagus circulam com restri\u00e7\u00f5es de velocidade - Portal Tela Portugal\" \/>\n<meta property=\"og:description\" content=\"A Fertagus informou que, \u00e0s sete horas, a circula\u00e7\u00e3o entre Sete Rios e Entrecampos decorre com restri\u00e7\u00e3o de velocidade, o que pode causar atrasos. Na ter\u00e7a-feira houve interrup\u00e7\u00e3o da circula\u00e7\u00e3o devido a um carril partido entre Entrecampos e Sete Rios, com reposi\u00e7\u00e3o \u00e0 tarde em via \u00fanica entre Sete Rios e Roma-Areeiro. A transportadora indicou que poder\u00e3o verificar-se atrasos na circula\u00e7\u00e3o devido \u00e0 situa\u00e7\u00e3o. A Fertagus \u00e9 a concession\u00e1ria do transporte ferrovi\u00e1rio entre Lisboa e a Margem Sul, incluindo a travessia da ponte 25 de Abril, com servi\u00e7o para 14 esta\u00e7\u00f5es. Do total de esta\u00e7\u00f5es, dez ficam na margem sul e quatro na margem norte do Tejo.\" \/>\n<meta property=\"og:url\" content=\"https:\/\/portaltela.pt\/noticias\/2026\/01\/07\/comboios-da-fertagus-circulam-com-restricoes-de-velocidade\/\" \/>\n<meta property=\"og:site_name\" content=\"Portal Tela Portugal\" \/>\n<meta property=\"article:published_time\" content=\"2026-01-07T07:28:00+00:00\" \/>\n<meta name=\"author\" content=\"Telinha\" \/>\n<meta name=\"twitter:card\" content=\"summary_large_image\" \/>\n<meta name=\"twitter:label1\" content=\"Escrito por\" \/>\n\t<meta name=\"twitter:data1\" content=\"Telinha\" \/>\n\t<meta name=\"twitter:label2\" content=\"Tempo estimado de leitura\" \/>\n\t<meta name=\"twitter:data2\" content=\"1 minuto\" \/>\n<script type=\"application\/ld+json\" class=\"yoast-schema-graph\">{\"@context\":\"https:\/\/schema.org\",\"@graph\":[{\"@type\":\"Article\",\"@id\":\"https:\/\/portaltela.pt\/noticias\/2026\/01\/07\/comboios-da-fertagus-circulam-com-restricoes-de-velocidade\/#article\",\"isPartOf\":{\"@id\":\"https:\/\/portaltela.pt\/noticias\/2026\/01\/07\/comboios-da-fertagus-circulam-com-restricoes-de-velocidade\/\"},\"author\":{\"name\":\"Telinha\",\"@id\":\"https:\/\/portaltela.pt\/#\/schema\/person\/c4278d4a6028830caff9ee44b42d32ed\"},\"headline\":\"Comboios da Fertagus circulam com restri\u00e7\u00f5es de velocidade\",\"datePublished\":\"2026-01-07T07:28:00+00:00\",\"mainEntityOfPage\":{\"@id\":\"https:\/\/portaltela.pt\/noticias\/2026\/01\/07\/comboios-da-fertagus-circulam-com-restricoes-de-velocidade\/\"},\"wordCount\":194,\"image\":{\"@id\":\"https:\/\/portaltela.pt\/noticias\/2026\/01\/07\/comboios-da-fertagus-circulam-com-restricoes-de-velocidade\/#primaryimage\"},\"thumbnailUrl\":\"https:\/\/portaltela.pt\/s.01k8rhncp4jt1\/2026\/01\/image-337.jpg\",\"keywords\":[\"Entrecampos\",\"Lisboa\",\"mobilidade\",\"Set\u00fabal\",\"tr\u00e2nsito\",\"transportes\"],\"articleSection\":[\"Not\u00edcias\"],\"inLanguage\":\"pt-PT\"},{\"@type\":\"WebPage\",\"@id\":\"https:\/\/portaltela.pt\/noticias\/2026\/01\/07\/comboios-da-fertagus-circulam-com-restricoes-de-velocidade\/\",\"url\":\"https:\/\/portaltela.pt\/noticias\/2026\/01\/07\/comboios-da-fertagus-circulam-com-restricoes-de-velocidade\/\",\"name\":\"Comboios da Fertagus circulam com restri\u00e7\u00f5es de velocidade - Portal Tela Portugal\",\"isPartOf\":{\"@id\":\"https:\/\/portaltela.pt\/#website\"},\"primaryImageOfPage\":{\"@id\":\"https:\/\/portaltela.pt\/noticias\/2026\/01\/07\/comboios-da-fertagus-circulam-com-restricoes-de-velocidade\/#primaryimage\"},\"image\":{\"@id\":\"https:\/\/portaltela.pt\/noticias\/2026\/01\/07\/comboios-da-fertagus-circulam-com-restricoes-de-velocidade\/#primaryimage\"},\"thumbnailUrl\":\"https:\/\/portaltela.pt\/s.01k8rhncp4jt1\/2026\/01\/image-337.jpg\",\"datePublished\":\"2026-01-07T07:28:00+00:00\",\"author\":{\"@id\":\"https:\/\/portaltela.pt\/#\/schema\/person\/c4278d4a6028830caff9ee44b42d32ed\"},\"breadcrumb\":{\"@id\":\"https:\/\/portaltela.pt\/noticias\/2026\/01\/07\/comboios-da-fertagus-circulam-com-restricoes-de-velocidade\/#breadcrumb\"},\"inLanguage\":\"pt-PT\",\"potentialAction\":[{\"@type\":\"ReadAction\",\"target\":[\"https:\/\/portaltela.pt\/noticias\/2026\/01\/07\/comboios-da-fertagus-circulam-com-restricoes-de-velocidade\/\"]}]},{\"@type\":\"ImageObject\",\"inLanguage\":\"pt-PT\",\"@id\":\"https:\/\/portaltela.pt\/noticias\/2026\/01\/07\/comboios-da-fertagus-circulam-com-restricoes-de-velocidade\/#primaryimage\",\"url\":\"https:\/\/portaltela.pt\/s.01k8rhncp4jt1\/2026\/01\/image-337.jpg\",\"contentUrl\":\"https:\/\/portaltela.pt\/s.01k8rhncp4jt1\/2026\/01\/image-337.jpg\",\"width\":796,\"height\":448,\"caption\":\"Imagem de contexto do artigo Circula\u00e7\u00e3o de comboios da Fertagus com restri\u00e7\u00f5es de velocidade\"},{\"@type\":\"BreadcrumbList\",\"@id\":\"https:\/\/portaltela.pt\/noticias\/2026\/01\/07\/comboios-da-fertagus-circulam-com-restricoes-de-velocidade\/#breadcrumb\",\"itemListElement\":[{\"@type\":\"ListItem\",\"position\":1,\"name\":\"In\u00edcio\",\"item\":\"https:\/\/portaltela.pt\/\"},{\"@type\":\"ListItem\",\"position\":2,\"name\":\"Comboios da Fertagus circulam com restri\u00e7\u00f5es de velocidade\"}]},{\"@type\":\"WebSite\",\"@id\":\"https:\/\/portaltela.pt\/#website\",\"url\":\"https:\/\/portaltela.pt\/\",\"name\":\"Portal Tela Portugal\",\"description\":\"\",\"potentialAction\":[{\"@type\":\"SearchAction\",\"target\":{\"@type\":\"EntryPoint\",\"urlTemplate\":\"https:\/\/portaltela.pt\/?s={search_term_string}\"},\"query-input\":{\"@type\":\"PropertyValueSpecification\",\"valueRequired\":true,\"valueName\":\"search_term_string\"}}],\"inLanguage\":\"pt-PT\"},{\"@type\":\"Person\",\"@id\":\"https:\/\/portaltela.pt\/#\/schema\/person\/c4278d4a6028830caff9ee44b42d32ed\",\"name\":\"Telinha\",\"image\":{\"@type\":\"ImageObject\",\"inLanguage\":\"pt-PT\",\"@id\":\"https:\/\/portaltela.pt\/s.01k8rhncp4jt1\/2025\/11\/talking-bot-125x125.png\",\"url\":\"https:\/\/portaltela.pt\/s.01k8rhncp4jt1\/2025\/11\/talking-bot-125x125.png\",\"contentUrl\":\"https:\/\/portaltela.pt\/s.01k8rhncp4jt1\/2025\/11\/talking-bot-125x125.png\",\"caption\":\"Telinha\"},\"sameAs\":[\"https:\/\/portaltela.pt\/\"],\"url\":\"https:\/\/portaltela.pt\/por\/367410592786\/\"}]}<\/script>\n<!-- \/ Yoast SEO plugin. -->","yoast_head_json":{"title":"Comboios da Fertagus circulam com restri\u00e7\u00f5es de velocidade - Portal Tela Portugal","robots":{"index":"index","follow":"follow","max-snippet":"max-snippet:-1","max-image-preview":"max-image-preview:large","max-video-preview":"max-video-preview:-1"},"og_locale":"pt_PT","og_type":"article","og_title":"Comboios da Fertagus circulam com restri\u00e7\u00f5es de velocidade - Portal Tela Portugal","og_description":"A Fertagus informou que, \u00e0s sete horas, a circula\u00e7\u00e3o entre Sete Rios e Entrecampos decorre com restri\u00e7\u00e3o de velocidade, o que pode causar atrasos. Na ter\u00e7a-feira houve interrup\u00e7\u00e3o da circula\u00e7\u00e3o devido a um carril partido entre Entrecampos e Sete Rios, com reposi\u00e7\u00e3o \u00e0 tarde em via \u00fanica entre Sete Rios e Roma-Areeiro. A transportadora indicou que poder\u00e3o verificar-se atrasos na circula\u00e7\u00e3o devido \u00e0 situa\u00e7\u00e3o. A Fertagus \u00e9 a concession\u00e1ria do transporte ferrovi\u00e1rio entre Lisboa e a Margem Sul, incluindo a travessia da ponte 25 de Abril, com servi\u00e7o para 14 esta\u00e7\u00f5es. Do total de esta\u00e7\u00f5es, dez ficam na margem sul e quatro na margem norte do Tejo.","og_url":"https:\/\/portaltela.pt\/noticias\/2026\/01\/07\/comboios-da-fertagus-circulam-com-restricoes-de-velocidade\/","og_site_name":"Portal Tela Portugal","article_published_time":"2026-01-07T07:28:00+00:00","author":"Telinha","twitter_card":"summary_large_image","twitter_misc":{"Escrito por":"Telinha","Tempo estimado de leitura":"1 minuto"},"schema":{"@context":"https:\/\/schema.org","@graph":[{"@type":"Article","@id":"https:\/\/portaltela.pt\/noticias\/2026\/01\/07\/comboios-da-fertagus-circulam-com-restricoes-de-velocidade\/#article","isPartOf":{"@id":"https:\/\/portaltela.pt\/noticias\/2026\/01\/07\/comboios-da-fertagus-circulam-com-restricoes-de-velocidade\/"},"author":{"name":"Telinha","@id":"https:\/\/portaltela.pt\/#\/schema\/person\/c4278d4a6028830caff9ee44b42d32ed"},"headline":"Comboios da Fertagus circulam com restri\u00e7\u00f5es de velocidade","datePublished":"2026-01-07T07:28:00+00:00","mainEntityOfPage":{"@id":"https:\/\/portaltela.pt\/noticias\/2026\/01\/07\/comboios-da-fertagus-circulam-com-restricoes-de-velocidade\/"},"wordCount":194,"image":{"@id":"https:\/\/portaltela.pt\/noticias\/2026\/01\/07\/comboios-da-fertagus-circulam-com-restricoes-de-velocidade\/#primaryimage"},"thumbnailUrl":"https:\/\/portaltela.pt\/s.01k8rhncp4jt1\/2026\/01\/image-337.jpg","keywords":["Entrecampos","Lisboa","mobilidade","Set\u00fabal","tr\u00e2nsito","transportes"],"articleSection":["Not\u00edcias"],"inLanguage":"pt-PT"},{"@type":"WebPage","@id":"https:\/\/portaltela.pt\/noticias\/2026\/01\/07\/comboios-da-fertagus-circulam-com-restricoes-de-velocidade\/","url":"https:\/\/portaltela.pt\/noticias\/2026\/01\/07\/comboios-da-fertagus-circulam-com-restricoes-de-velocidade\/","name":"Comboios da Fertagus circulam com restri\u00e7\u00f5es de velocidade - Portal Tela Portugal","isPartOf":{"@id":"https:\/\/portaltela.pt\/#website"},"primaryImageOfPage":{"@id":"https:\/\/portaltela.pt\/noticias\/2026\/01\/07\/comboios-da-fertagus-circulam-com-restricoes-de-velocidade\/#primaryimage"},"image":{"@id":"https:\/\/portaltela.pt\/noticias\/2026\/01\/07\/comboios-da-fertagus-circulam-com-restricoes-de-velocidade\/#primaryimage"},"thumbnailUrl":"https:\/\/portaltela.pt\/s.01k8rhncp4jt1\/2026\/01\/image-337.jpg","datePublished":"2026-01-07T07:28:00+00:00","author":{"@id":"https:\/\/portaltela.pt\/#\/schema\/person\/c4278d4a6028830caff9ee44b42d32ed"},"breadcrumb":{"@id":"https:\/\/portaltela.pt\/noticias\/2026\/01\/07\/comboios-da-fertagus-circulam-com-restricoes-de-velocidade\/#breadcrumb"},"inLanguage":"pt-PT","potentialAction":[{"@type":"ReadAction","target":["https:\/\/portaltela.pt\/noticias\/2026\/01\/07\/comboios-da-fertagus-circulam-com-restricoes-de-velocidade\/"]}]},{"@type":"ImageObject","inLanguage":"pt-PT","@id":"https:\/\/portaltela.pt\/noticias\/2026\/01\/07\/comboios-da-fertagus-circulam-com-restricoes-de-velocidade\/#primaryimage","url":"https:\/\/portaltela.pt\/s.01k8rhncp4jt1\/2026\/01\/image-337.jpg","contentUrl":"https:\/\/portaltela.pt\/s.01k8rhncp4jt1\/2026\/01\/image-337.jpg","width":796,"height":448,"caption":"Imagem de contexto do artigo Circula\u00e7\u00e3o de comboios da Fertagus com restri\u00e7\u00f5es de velocidade"},{"@type":"BreadcrumbList","@id":"https:\/\/portaltela.pt\/noticias\/2026\/01\/07\/comboios-da-fertagus-circulam-com-restricoes-de-velocidade\/#breadcrumb","itemListElement":[{"@type":"ListItem","position":1,"name":"In\u00edcio","item":"https:\/\/portaltela.pt\/"},{"@type":"ListItem","position":2,"name":"Comboios da Fertagus circulam com restri\u00e7\u00f5es de velocidade"}]},{"@type":"WebSite","@id":"https:\/\/portaltela.pt\/#website","url":"https:\/\/portaltela.pt\/","name":"Portal Tela Portugal","description":"","potentialAction":[{"@type":"SearchAction","target":{"@type":"EntryPoint","urlTemplate":"https:\/\/portaltela.pt\/?s={search_term_string}"},"query-input":{"@type":"PropertyValueSpecification","valueRequired":true,"valueName":"search_term_string"}}],"inLanguage":"pt-PT"},{"@type":"Person","@id":"https:\/\/portaltela.pt\/#\/schema\/person\/c4278d4a6028830caff9ee44b42d32ed","name":"Telinha","image":{"@type":"ImageObject","inLanguage":"pt-PT","@id":"https:\/\/portaltela.pt\/s.01k8rhncp4jt1\/2025\/11\/talking-bot-125x125.png","url":"https:\/\/portaltela.pt\/s.01k8rhncp4jt1\/2025\/11\/talking-bot-125x125.png","contentUrl":"https:\/\/portaltela.pt\/s.01k8rhncp4jt1\/2025\/11\/talking-bot-125x125.png","caption":"Telinha"},"sameAs":["https:\/\/portaltela.pt\/"],"url":"https:\/\/portaltela.pt\/por\/367410592786\/"}]}},"_links":{"self":[{"href":"https:\/\/portaltela.pt\/api\/wp\/v2\/posts\/122399","targetHints":{"allow":["GET"]}}],"collection":[{"href":"https:\/\/portaltela.pt\/api\/wp\/v2\/posts"}],"about":[{"href":"https:\/\/portaltela.pt\/api\/wp\/v2\/types\/post"}],"author":[{"embeddable":true,"href":"https:\/\/portaltela.pt\/api\/wp\/v2\/users\/2"}],"replies":[{"embeddable":true,"href":"https:\/\/portaltela.pt\/api\/wp\/v2\/comments?post=122399"}],"version-history":[{"count":0,"href":"https:\/\/portaltela.pt\/api\/wp\/v2\/posts\/122399\/revisions"}],"wp:featuredmedia":[{"embeddable":true,"href":"https:\/\/portaltela.pt\/api\/wp\/v2\/media\/122405"}],"wp:attachment":[{"href":"https:\/\/portaltela.pt\/api\/wp\/v2\/media?parent=122399"}],"wp:term":[{"taxonomy":"category","embeddable":true,"href":"https:\/\/portaltela.pt\/api\/wp\/v2\/categories?post=122399"},{"taxonomy":"post_tag","embeddable":true,"href":"https:\/\/portaltela.pt\/api\/wp\/v2\/tags?post=122399"}],"curies":[{"name":"wp","href":"https:\/\/api.w.org\/{rel}","templated":true}]}}