{"id":122390,"date":"2026-01-07T04:00:27","date_gmt":"2026-01-07T07:00:27","guid":{"rendered":"https:\/\/portaltela.pt\/noticias\/2026\/01\/07\/consciencia-ainda-conta-tecnologia-avanca-mais-rapido-que-a-etica\/"},"modified":"2026-01-07T04:00:27","modified_gmt":"2026-01-07T07:00:27","slug":"consciencia-ainda-conta-tecnologia-avanca-mais-rapido-que-a-etica","status":"publish","type":"post","link":"https:\/\/portaltela.pt\/noticias\/2026\/01\/07\/consciencia-ainda-conta-tecnologia-avanca-mais-rapido-que-a-etica\/","title":{"rendered":"Consci\u00eancia ainda conta? Tecnologia avan\u00e7a mais r\u00e1pido que a \u00e9tica"},"content":{"rendered":"<p>Num artigo que coloca a \u00e9tica \u00e0 frente do ritmo da tecnologia, analisa-se o papel da consci\u00eancia na era da intelig\u00eancia artificial. O texto discute se as m\u00e1quinas podem ter consci\u00eancia e questiona se esta \u00e9 a \u00faltima fronteira a que a humanidade deve chegar.<\/p>\n<p>A discuss\u00e3o parte da ideia de que a IA avan\u00e7a mais rapidamente do que o pensamento humano acompanha. A obra sugere que o problema n\u00e3o \u00e9 apenas a m\u00e1quina, mas a forma como a sociedade delega decis\u00f5es por conveni\u00eancia.<\/p>\n<p>A refer\u00eancia central lembra que a consci\u00eancia n\u00e3o resulta do c\u00e1lculo, mas do corpo, do sentir e da vulnerabilidade. O argumento sustenta que a experi\u00eancia humana envolve fragilidade e dor, elementos ausentes nas m\u00e1quinas.<\/p>\n<p>A leitura afirma que as m\u00e1quinas n\u00e3o sentem dor nem teme a morte. Podem ser desligadas ou substitu\u00eddas, sem biografia nem destino. O conceito de consci\u00eancia, segundo o texto, nasce da fragilidade da vida.<\/p>\n<p>Confundimos linguagem com experi\u00eancia: a m\u00e1quina pode descrever, mas n\u00e3o sente. Compreender envolve ser afetado pelo que se compreende, algo que as m\u00e1quinas n\u00e3o atingem.<\/p>\n<p>A IA pode descrever o amor ou analisar o medo, mas n\u00e3o vive essas experi\u00eancias. A consci\u00eancia, aponta o texto, ocorre num organismo que reconhece a finitude.<\/p>\n<p>O verdadeiro risco, segundo a an\u00e1lise, n\u00e3o \u00e9 a m\u00e1quina tornar-se consciente, mas o humano abdicar da sua pr\u00f3pria consci\u00eancia em nome da conveni\u00eancia. A responsabilidade \u00e9 substitu\u00edda pela efici\u00eancia.<\/p>\n<p>A obra afirma que a consci\u00eancia \u00e9 inc\u00f3moda e exige escolhas, falhas e d\u00favida. Sem esse peso, a vida pode transformar-se num sistema funcional e vazio.<\/p>\n<p>Se as m\u00e1quinas parecerem cada vez mais conscientes, a pergunta n\u00e3o ser\u00e1 tecnol\u00f3gica, mas \u00e9tica: quando a consci\u00eancia deixar de contar, quem responde pelo que \u00e9 feito em nosso nome?<\/p>\n","protected":false},"excerpt":{"rendered":"<ul>\n<li>O texto questiona se o problema n\u00e3o \u00e9 a nossa pr\u00f3pria consci\u00eancia, \u00e0 medida que a tecnologia avan\u00e7a mais depressa que a \u00e9tica.<\/li>\n<li>A consci\u00eancia \u00e9 apresentada como nascida do corpo e do sentir, n\u00e3o da simples intelig\u00eancia ou do c\u00e1lculo.<\/li>\n<li>M\u00e1quinas n\u00e3o sentem dor, n\u00e3o tem biografia nem destino; o seu desempenho n\u00e3o equivale \u00e0 consci\u00eancia.<\/li>\n<li>O maior risco atual \u00e9 o humano abdicar da consci\u00eancia em favor da conveni\u00eancia e da efici\u00eancia.<\/li>\n<li>Se as m\u00e1quinas parecerem mais conscientes, pode ser por termos deixado de sentir; resta perguntar quem responde pelo que \u00e9 feito em nosso nome.<\/li>\n<\/ul>\n","protected":false},"author":2,"featured_media":122400,"comment_status":"closed","ping_status":"closed","sticky":false,"template":"","format":"standard","meta":{"footnotes":""},"categories":[],"tags":[1992,82,51,40,2422,2318],"class_list":["post-122390","post","type-post","status-publish","format-standard","has-post-thumbnail","hentry","tag-ciencia","tag-futuro","tag-inteligencia-artificial","tag-pessoas","tag-responsabilidade-social","tag-sociedade"],"yoast_head":"<!-- This site is optimized with the Yoast SEO plugin v27.2 - https:\/\/yoast.com\/product\/yoast-seo-wordpress\/ -->\n<title>Consci\u00eancia ainda conta? Tecnologia avan\u00e7a mais r\u00e1pido que a \u00e9tica - Portal Tela Portugal<\/title>\n<meta name=\"robots\" content=\"index, follow, max-snippet:-1, max-image-preview:large, max-video-preview:-1\" \/>\n<meta property=\"og:locale\" content=\"pt_PT\" \/>\n<meta property=\"og:type\" content=\"article\" \/>\n<meta property=\"og:title\" content=\"Consci\u00eancia ainda conta? Tecnologia avan\u00e7a mais r\u00e1pido que a \u00e9tica - Portal Tela Portugal\" \/>\n<meta property=\"og:description\" content=\"O texto questiona se o problema n\u00e3o \u00e9 a nossa pr\u00f3pria consci\u00eancia, \u00e0 medida que a tecnologia avan\u00e7a mais depressa que a \u00e9tica. A consci\u00eancia \u00e9 apresentada como nascida do corpo e do sentir, n\u00e3o da simples intelig\u00eancia ou do c\u00e1lculo. M\u00e1quinas n\u00e3o sentem dor, n\u00e3o tem biografia nem destino; o seu desempenho n\u00e3o equivale \u00e0 consci\u00eancia. O maior risco atual \u00e9 o humano abdicar da consci\u00eancia em favor da conveni\u00eancia e da efici\u00eancia. Se as m\u00e1quinas parecerem mais conscientes, pode ser por termos deixado de sentir; resta perguntar quem responde pelo que \u00e9 feito em nosso nome.\" \/>\n<meta property=\"og:url\" content=\"https:\/\/portaltela.pt\/noticias\/2026\/01\/07\/consciencia-ainda-conta-tecnologia-avanca-mais-rapido-que-a-etica\/\" \/>\n<meta property=\"og:site_name\" content=\"Portal Tela Portugal\" \/>\n<meta property=\"article:published_time\" content=\"2026-01-07T07:00:27+00:00\" \/>\n<meta name=\"author\" content=\"Telinha\" \/>\n<meta name=\"twitter:card\" content=\"summary_large_image\" \/>\n<meta name=\"twitter:label1\" content=\"Escrito por\" \/>\n\t<meta name=\"twitter:data1\" content=\"Telinha\" \/>\n\t<meta name=\"twitter:label2\" content=\"Tempo estimado de leitura\" \/>\n\t<meta name=\"twitter:data2\" content=\"2 minutos\" \/>\n<script type=\"application\/ld+json\" class=\"yoast-schema-graph\">{\"@context\":\"https:\/\/schema.org\",\"@graph\":[{\"@type\":\"Article\",\"@id\":\"https:\/\/portaltela.pt\/noticias\/2026\/01\/07\/consciencia-ainda-conta-tecnologia-avanca-mais-rapido-que-a-etica\/#article\",\"isPartOf\":{\"@id\":\"https:\/\/portaltela.pt\/noticias\/2026\/01\/07\/consciencia-ainda-conta-tecnologia-avanca-mais-rapido-que-a-etica\/\"},\"author\":{\"name\":\"Telinha\",\"@id\":\"https:\/\/portaltela.pt\/#\/schema\/person\/c4278d4a6028830caff9ee44b42d32ed\"},\"headline\":\"Consci\u00eancia ainda conta? Tecnologia avan\u00e7a mais r\u00e1pido que a \u00e9tica\",\"datePublished\":\"2026-01-07T07:00:27+00:00\",\"mainEntityOfPage\":{\"@id\":\"https:\/\/portaltela.pt\/noticias\/2026\/01\/07\/consciencia-ainda-conta-tecnologia-avanca-mais-rapido-que-a-etica\/\"},\"wordCount\":339,\"image\":{\"@id\":\"https:\/\/portaltela.pt\/noticias\/2026\/01\/07\/consciencia-ainda-conta-tecnologia-avanca-mais-rapido-que-a-etica\/#primaryimage\"},\"thumbnailUrl\":\"https:\/\/portaltela.pt\/s.01k8rhncp4jt1\/2026\/01\/unnamed-file-1247.jpg\",\"keywords\":[\"ci\u00eancia\",\"futuro\",\"intelig\u00eancia artificial\",\"pessoas\",\"Responsabilidade Social\",\"sociedade\"],\"inLanguage\":\"pt-PT\"},{\"@type\":\"WebPage\",\"@id\":\"https:\/\/portaltela.pt\/noticias\/2026\/01\/07\/consciencia-ainda-conta-tecnologia-avanca-mais-rapido-que-a-etica\/\",\"url\":\"https:\/\/portaltela.pt\/noticias\/2026\/01\/07\/consciencia-ainda-conta-tecnologia-avanca-mais-rapido-que-a-etica\/\",\"name\":\"Consci\u00eancia ainda conta? Tecnologia avan\u00e7a mais r\u00e1pido que a \u00e9tica - Portal Tela Portugal\",\"isPartOf\":{\"@id\":\"https:\/\/portaltela.pt\/#website\"},\"primaryImageOfPage\":{\"@id\":\"https:\/\/portaltela.pt\/noticias\/2026\/01\/07\/consciencia-ainda-conta-tecnologia-avanca-mais-rapido-que-a-etica\/#primaryimage\"},\"image\":{\"@id\":\"https:\/\/portaltela.pt\/noticias\/2026\/01\/07\/consciencia-ainda-conta-tecnologia-avanca-mais-rapido-que-a-etica\/#primaryimage\"},\"thumbnailUrl\":\"https:\/\/portaltela.pt\/s.01k8rhncp4jt1\/2026\/01\/unnamed-file-1247.jpg\",\"datePublished\":\"2026-01-07T07:00:27+00:00\",\"author\":{\"@id\":\"https:\/\/portaltela.pt\/#\/schema\/person\/c4278d4a6028830caff9ee44b42d32ed\"},\"breadcrumb\":{\"@id\":\"https:\/\/portaltela.pt\/noticias\/2026\/01\/07\/consciencia-ainda-conta-tecnologia-avanca-mais-rapido-que-a-etica\/#breadcrumb\"},\"inLanguage\":\"pt-PT\",\"potentialAction\":[{\"@type\":\"ReadAction\",\"target\":[\"https:\/\/portaltela.pt\/noticias\/2026\/01\/07\/consciencia-ainda-conta-tecnologia-avanca-mais-rapido-que-a-etica\/\"]}]},{\"@type\":\"ImageObject\",\"inLanguage\":\"pt-PT\",\"@id\":\"https:\/\/portaltela.pt\/noticias\/2026\/01\/07\/consciencia-ainda-conta-tecnologia-avanca-mais-rapido-que-a-etica\/#primaryimage\",\"url\":\"https:\/\/portaltela.pt\/s.01k8rhncp4jt1\/2026\/01\/unnamed-file-1247.jpg\",\"contentUrl\":\"https:\/\/portaltela.pt\/s.01k8rhncp4jt1\/2026\/01\/unnamed-file-1247.jpg\",\"width\":796,\"height\":448,\"caption\":\"Contra a pregui\u00e7a mental\"},{\"@type\":\"BreadcrumbList\",\"@id\":\"https:\/\/portaltela.pt\/noticias\/2026\/01\/07\/consciencia-ainda-conta-tecnologia-avanca-mais-rapido-que-a-etica\/#breadcrumb\",\"itemListElement\":[{\"@type\":\"ListItem\",\"position\":1,\"name\":\"In\u00edcio\",\"item\":\"https:\/\/portaltela.pt\/\"},{\"@type\":\"ListItem\",\"position\":2,\"name\":\"Consci\u00eancia ainda conta? Tecnologia avan\u00e7a mais r\u00e1pido que a \u00e9tica\"}]},{\"@type\":\"WebSite\",\"@id\":\"https:\/\/portaltela.pt\/#website\",\"url\":\"https:\/\/portaltela.pt\/\",\"name\":\"Portal Tela Portugal\",\"description\":\"\",\"potentialAction\":[{\"@type\":\"SearchAction\",\"target\":{\"@type\":\"EntryPoint\",\"urlTemplate\":\"https:\/\/portaltela.pt\/?s={search_term_string}\"},\"query-input\":{\"@type\":\"PropertyValueSpecification\",\"valueRequired\":true,\"valueName\":\"search_term_string\"}}],\"inLanguage\":\"pt-PT\"},{\"@type\":\"Person\",\"@id\":\"https:\/\/portaltela.pt\/#\/schema\/person\/c4278d4a6028830caff9ee44b42d32ed\",\"name\":\"Telinha\",\"image\":{\"@type\":\"ImageObject\",\"inLanguage\":\"pt-PT\",\"@id\":\"https:\/\/portaltela.pt\/s.01k8rhncp4jt1\/2025\/11\/talking-bot-125x125.png\",\"url\":\"https:\/\/portaltela.pt\/s.01k8rhncp4jt1\/2025\/11\/talking-bot-125x125.png\",\"contentUrl\":\"https:\/\/portaltela.pt\/s.01k8rhncp4jt1\/2025\/11\/talking-bot-125x125.png\",\"caption\":\"Telinha\"},\"sameAs\":[\"https:\/\/portaltela.pt\/\"],\"url\":\"https:\/\/portaltela.pt\/por\/367410592786\/\"}]}<\/script>\n<!-- \/ Yoast SEO plugin. -->","yoast_head_json":{"title":"Consci\u00eancia ainda conta? Tecnologia avan\u00e7a mais r\u00e1pido que a \u00e9tica - Portal Tela Portugal","robots":{"index":"index","follow":"follow","max-snippet":"max-snippet:-1","max-image-preview":"max-image-preview:large","max-video-preview":"max-video-preview:-1"},"og_locale":"pt_PT","og_type":"article","og_title":"Consci\u00eancia ainda conta? Tecnologia avan\u00e7a mais r\u00e1pido que a \u00e9tica - Portal Tela Portugal","og_description":"O texto questiona se o problema n\u00e3o \u00e9 a nossa pr\u00f3pria consci\u00eancia, \u00e0 medida que a tecnologia avan\u00e7a mais depressa que a \u00e9tica. A consci\u00eancia \u00e9 apresentada como nascida do corpo e do sentir, n\u00e3o da simples intelig\u00eancia ou do c\u00e1lculo. M\u00e1quinas n\u00e3o sentem dor, n\u00e3o tem biografia nem destino; o seu desempenho n\u00e3o equivale \u00e0 consci\u00eancia. O maior risco atual \u00e9 o humano abdicar da consci\u00eancia em favor da conveni\u00eancia e da efici\u00eancia. Se as m\u00e1quinas parecerem mais conscientes, pode ser por termos deixado de sentir; resta perguntar quem responde pelo que \u00e9 feito em nosso nome.","og_url":"https:\/\/portaltela.pt\/noticias\/2026\/01\/07\/consciencia-ainda-conta-tecnologia-avanca-mais-rapido-que-a-etica\/","og_site_name":"Portal Tela Portugal","article_published_time":"2026-01-07T07:00:27+00:00","author":"Telinha","twitter_card":"summary_large_image","twitter_misc":{"Escrito por":"Telinha","Tempo estimado de leitura":"2 minutos"},"schema":{"@context":"https:\/\/schema.org","@graph":[{"@type":"Article","@id":"https:\/\/portaltela.pt\/noticias\/2026\/01\/07\/consciencia-ainda-conta-tecnologia-avanca-mais-rapido-que-a-etica\/#article","isPartOf":{"@id":"https:\/\/portaltela.pt\/noticias\/2026\/01\/07\/consciencia-ainda-conta-tecnologia-avanca-mais-rapido-que-a-etica\/"},"author":{"name":"Telinha","@id":"https:\/\/portaltela.pt\/#\/schema\/person\/c4278d4a6028830caff9ee44b42d32ed"},"headline":"Consci\u00eancia ainda conta? Tecnologia avan\u00e7a mais r\u00e1pido que a \u00e9tica","datePublished":"2026-01-07T07:00:27+00:00","mainEntityOfPage":{"@id":"https:\/\/portaltela.pt\/noticias\/2026\/01\/07\/consciencia-ainda-conta-tecnologia-avanca-mais-rapido-que-a-etica\/"},"wordCount":339,"image":{"@id":"https:\/\/portaltela.pt\/noticias\/2026\/01\/07\/consciencia-ainda-conta-tecnologia-avanca-mais-rapido-que-a-etica\/#primaryimage"},"thumbnailUrl":"https:\/\/portaltela.pt\/s.01k8rhncp4jt1\/2026\/01\/unnamed-file-1247.jpg","keywords":["ci\u00eancia","futuro","intelig\u00eancia artificial","pessoas","Responsabilidade Social","sociedade"],"inLanguage":"pt-PT"},{"@type":"WebPage","@id":"https:\/\/portaltela.pt\/noticias\/2026\/01\/07\/consciencia-ainda-conta-tecnologia-avanca-mais-rapido-que-a-etica\/","url":"https:\/\/portaltela.pt\/noticias\/2026\/01\/07\/consciencia-ainda-conta-tecnologia-avanca-mais-rapido-que-a-etica\/","name":"Consci\u00eancia ainda conta? Tecnologia avan\u00e7a mais r\u00e1pido que a \u00e9tica - Portal Tela Portugal","isPartOf":{"@id":"https:\/\/portaltela.pt\/#website"},"primaryImageOfPage":{"@id":"https:\/\/portaltela.pt\/noticias\/2026\/01\/07\/consciencia-ainda-conta-tecnologia-avanca-mais-rapido-que-a-etica\/#primaryimage"},"image":{"@id":"https:\/\/portaltela.pt\/noticias\/2026\/01\/07\/consciencia-ainda-conta-tecnologia-avanca-mais-rapido-que-a-etica\/#primaryimage"},"thumbnailUrl":"https:\/\/portaltela.pt\/s.01k8rhncp4jt1\/2026\/01\/unnamed-file-1247.jpg","datePublished":"2026-01-07T07:00:27+00:00","author":{"@id":"https:\/\/portaltela.pt\/#\/schema\/person\/c4278d4a6028830caff9ee44b42d32ed"},"breadcrumb":{"@id":"https:\/\/portaltela.pt\/noticias\/2026\/01\/07\/consciencia-ainda-conta-tecnologia-avanca-mais-rapido-que-a-etica\/#breadcrumb"},"inLanguage":"pt-PT","potentialAction":[{"@type":"ReadAction","target":["https:\/\/portaltela.pt\/noticias\/2026\/01\/07\/consciencia-ainda-conta-tecnologia-avanca-mais-rapido-que-a-etica\/"]}]},{"@type":"ImageObject","inLanguage":"pt-PT","@id":"https:\/\/portaltela.pt\/noticias\/2026\/01\/07\/consciencia-ainda-conta-tecnologia-avanca-mais-rapido-que-a-etica\/#primaryimage","url":"https:\/\/portaltela.pt\/s.01k8rhncp4jt1\/2026\/01\/unnamed-file-1247.jpg","contentUrl":"https:\/\/portaltela.pt\/s.01k8rhncp4jt1\/2026\/01\/unnamed-file-1247.jpg","width":796,"height":448,"caption":"Contra a pregui\u00e7a mental"},{"@type":"BreadcrumbList","@id":"https:\/\/portaltela.pt\/noticias\/2026\/01\/07\/consciencia-ainda-conta-tecnologia-avanca-mais-rapido-que-a-etica\/#breadcrumb","itemListElement":[{"@type":"ListItem","position":1,"name":"In\u00edcio","item":"https:\/\/portaltela.pt\/"},{"@type":"ListItem","position":2,"name":"Consci\u00eancia ainda conta? Tecnologia avan\u00e7a mais r\u00e1pido que a \u00e9tica"}]},{"@type":"WebSite","@id":"https:\/\/portaltela.pt\/#website","url":"https:\/\/portaltela.pt\/","name":"Portal Tela Portugal","description":"","potentialAction":[{"@type":"SearchAction","target":{"@type":"EntryPoint","urlTemplate":"https:\/\/portaltela.pt\/?s={search_term_string}"},"query-input":{"@type":"PropertyValueSpecification","valueRequired":true,"valueName":"search_term_string"}}],"inLanguage":"pt-PT"},{"@type":"Person","@id":"https:\/\/portaltela.pt\/#\/schema\/person\/c4278d4a6028830caff9ee44b42d32ed","name":"Telinha","image":{"@type":"ImageObject","inLanguage":"pt-PT","@id":"https:\/\/portaltela.pt\/s.01k8rhncp4jt1\/2025\/11\/talking-bot-125x125.png","url":"https:\/\/portaltela.pt\/s.01k8rhncp4jt1\/2025\/11\/talking-bot-125x125.png","contentUrl":"https:\/\/portaltela.pt\/s.01k8rhncp4jt1\/2025\/11\/talking-bot-125x125.png","caption":"Telinha"},"sameAs":["https:\/\/portaltela.pt\/"],"url":"https:\/\/portaltela.pt\/por\/367410592786\/"}]}},"_links":{"self":[{"href":"https:\/\/portaltela.pt\/api\/wp\/v2\/posts\/122390","targetHints":{"allow":["GET"]}}],"collection":[{"href":"https:\/\/portaltela.pt\/api\/wp\/v2\/posts"}],"about":[{"href":"https:\/\/portaltela.pt\/api\/wp\/v2\/types\/post"}],"author":[{"embeddable":true,"href":"https:\/\/portaltela.pt\/api\/wp\/v2\/users\/2"}],"replies":[{"embeddable":true,"href":"https:\/\/portaltela.pt\/api\/wp\/v2\/comments?post=122390"}],"version-history":[{"count":0,"href":"https:\/\/portaltela.pt\/api\/wp\/v2\/posts\/122390\/revisions"}],"wp:featuredmedia":[{"embeddable":true,"href":"https:\/\/portaltela.pt\/api\/wp\/v2\/media\/122400"}],"wp:attachment":[{"href":"https:\/\/portaltela.pt\/api\/wp\/v2\/media?parent=122390"}],"wp:term":[{"taxonomy":"category","embeddable":true,"href":"https:\/\/portaltela.pt\/api\/wp\/v2\/categories?post=122390"},{"taxonomy":"post_tag","embeddable":true,"href":"https:\/\/portaltela.pt\/api\/wp\/v2\/tags?post=122390"}],"curies":[{"name":"wp","href":"https:\/\/api.w.org\/{rel}","templated":true}]}}