{"id":122222,"date":"2026-01-06T22:37:00","date_gmt":"2026-01-07T01:37:00","guid":{"rendered":"https:\/\/portaltela.pt\/noticias\/2026\/01\/06\/seguranca-social-e-cga-aplicam-novas-tabelas-de-irs-em-fevereiro\/"},"modified":"2026-01-06T22:37:00","modified_gmt":"2026-01-07T01:37:00","slug":"seguranca-social-e-cga-aplicam-novas-tabelas-de-irs-em-fevereiro","status":"publish","type":"post","link":"https:\/\/portaltela.pt\/noticias\/economia\/2026\/01\/06\/seguranca-social-e-cga-aplicam-novas-tabelas-de-irs-em-fevereiro\/","title":{"rendered":"Seguran\u00e7a Social e CGA aplicam novas tabelas de IRS em fevereiro"},"content":{"rendered":"<p>A Seguran\u00e7a Social e a Caixa Geral de Aposenta\u00e7\u00f5es v\u00e3o aplicar as novas tabelas de reten\u00e7\u00e3o na fonte do IRS apenas em fevereiro. O objetivo \u00e9 corrigir, no m\u00eas seguinte, o imposto cobrado a mais em janeiro. A confirma\u00e7\u00e3o partiu de uma fonte oficial do Minist\u00e9rio do Trabalho.<\/p>\n<p>Segundo o Minist\u00e9rio do Trabalho, Solidariedade e Seguran\u00e7a Social, as novas tabelas foram publicadas depois do processamento das pens\u00f5es de janeiro. A retifica\u00e7\u00e3o da reten\u00e7\u00e3o ser\u00e1, assim, efetuada em fevereiro.<\/p>\n<p>As pens\u00f5es de janeiro ficar\u00e3o sujeitas \u00e0s tabelas anteriores, com efeitos retroativos a fevereiro as novas tabelas ser\u00e3o aplicadas ao rendimento de 2026. O acerto relativo a janeiro ser\u00e1 realizado no processamento de fevereiro, segundo o minist\u00e9rio.<\/p>\n<h3>Quem est\u00e1 envolvido e quando<\/h3>\n<p>As pens\u00f5es da Seguran\u00e7a Social ser\u00e3o pagas a 8 de janeiro, e as da CGA a 19 de janeiro. As novas tabelas foram divulgadas no Portal das Finan\u00e7as e num suplemento ao Di\u00e1rio da Rep\u00fablica. As mudan\u00e7as entram em vigor a 1 de janeiro de 2026, com efeitos ao longo de todo o ano.<\/p>\n<h3>Detalhes das altera\u00e7\u00f5es<\/h3>\n<p>As novas taxas s\u00e3o, em m\u00e9dia, mais baixas do que as anteriores, refletindo medidas do Or\u00e7amento do Estado para 2026. O governo reduziu taxas nos 2.\u00ba a 5.\u00ba escal\u00f5es, atualizou os valores dos 9 degraus de rendimento em 3,51% e aumentou o m\u00ednimo de exist\u00eancia para 12.880 euros. Pens\u00f5es at\u00e9 920 euros brutto mant\u00eam isen\u00e7\u00e3o de IRS.<\/p>\n","protected":false},"excerpt":{"rendered":"<ul>\n<li>As novas tabelas de reten\u00e7\u00e3o na fonte do IRS ser\u00e3o aplicadas em fevereiro pela Seguran\u00e7a Social e pela CGA, com retifica\u00e7\u00e3o do que foi cobrado a mais em janeiro.<\/li>\n<li>No processamento de fevereiro ser\u00e3o aplicadas as tabelas de 2026 ao pr\u00f3prio m\u00eas, devolvendo o valor cobrado em excesso relativo a janeiro.<\/li>\n<li>O desconto de IRS correspondente a pens\u00f5es de janeiro baseia-se nas tabelas anteriores, em vigor em dezembro.<\/li>\n<li>As pens\u00f5es da Seguran\u00e7a Social s\u00e3o pagas no dia 8 de janeiro e as da Caixa Geral de Aposenta\u00e7\u00f5es no dia 19 de janeiro.<\/li>\n<li>As novas taxas, mais baixas que as de final de 2025, resultam de medidas do Or\u00e7amento do Estado para 2026, com isen\u00e7\u00e3o de IRS para pens\u00f5es at\u00e9 920 euros brutos.<\/li>\n<\/ul>\n","protected":false},"author":2,"featured_media":122236,"comment_status":"closed","ping_status":"closed","sticky":false,"template":"","format":"standard","meta":{"footnotes":""},"categories":[2,1],"tags":[1896,28,195,1769,1434],"class_list":["post-122222","post","type-post","status-publish","format-standard","has-post-thumbnail","hentry","category-economia","category-noticias","tag-caixa-geral-de-aposentacoes","tag-economia","tag-informacao","tag-orcamento-territorio","tag-publicacoes-economiques"],"yoast_head":"<!-- This site is optimized with the Yoast SEO plugin v27.2 - https:\/\/yoast.com\/product\/yoast-seo-wordpress\/ -->\n<title>Seguran\u00e7a Social e CGA aplicam novas tabelas de IRS em fevereiro - Portal Tela Portugal<\/title>\n<meta name=\"robots\" content=\"index, follow, max-snippet:-1, max-image-preview:large, max-video-preview:-1\" \/>\n<meta property=\"og:locale\" content=\"pt_PT\" \/>\n<meta property=\"og:type\" content=\"article\" \/>\n<meta property=\"og:title\" content=\"Seguran\u00e7a Social e CGA aplicam novas tabelas de IRS em fevereiro - Portal Tela Portugal\" \/>\n<meta property=\"og:description\" content=\"As novas tabelas de reten\u00e7\u00e3o na fonte do IRS ser\u00e3o aplicadas em fevereiro pela Seguran\u00e7a Social e pela CGA, com retifica\u00e7\u00e3o do que foi cobrado a mais em janeiro. No processamento de fevereiro ser\u00e3o aplicadas as tabelas de 2026 ao pr\u00f3prio m\u00eas, devolvendo o valor cobrado em excesso relativo a janeiro. O desconto de IRS correspondente a pens\u00f5es de janeiro baseia-se nas tabelas anteriores, em vigor em dezembro. As pens\u00f5es da Seguran\u00e7a Social s\u00e3o pagas no dia 8 de janeiro e as da Caixa Geral de Aposenta\u00e7\u00f5es no dia 19 de janeiro. As novas taxas, mais baixas que as de final de 2025, resultam de medidas do Or\u00e7amento do Estado para 2026, com isen\u00e7\u00e3o de IRS para pens\u00f5es at\u00e9 920 euros brutos.\" \/>\n<meta property=\"og:url\" content=\"https:\/\/portaltela.pt\/noticias\/2026\/01\/06\/seguranca-social-e-cga-aplicam-novas-tabelas-de-irs-em-fevereiro\/\" \/>\n<meta property=\"og:site_name\" content=\"Portal Tela Portugal\" \/>\n<meta property=\"article:published_time\" content=\"2026-01-07T01:37:00+00:00\" \/>\n<meta name=\"author\" content=\"Telinha\" \/>\n<meta name=\"twitter:card\" content=\"summary_large_image\" \/>\n<meta name=\"twitter:label1\" content=\"Escrito por\" \/>\n\t<meta name=\"twitter:data1\" content=\"Telinha\" \/>\n\t<meta name=\"twitter:label2\" content=\"Tempo estimado de leitura\" \/>\n\t<meta name=\"twitter:data2\" content=\"1 minuto\" \/>\n<script type=\"application\/ld+json\" class=\"yoast-schema-graph\">{\"@context\":\"https:\/\/schema.org\",\"@graph\":[{\"@type\":\"Article\",\"@id\":\"https:\/\/portaltela.pt\/noticias\/2026\/01\/06\/seguranca-social-e-cga-aplicam-novas-tabelas-de-irs-em-fevereiro\/#article\",\"isPartOf\":{\"@id\":\"https:\/\/portaltela.pt\/noticias\/2026\/01\/06\/seguranca-social-e-cga-aplicam-novas-tabelas-de-irs-em-fevereiro\/\"},\"author\":{\"name\":\"Telinha\",\"@id\":\"https:\/\/portaltela.pt\/#\/schema\/person\/c4278d4a6028830caff9ee44b42d32ed\"},\"headline\":\"Seguran\u00e7a Social e CGA aplicam novas tabelas de IRS em fevereiro\",\"datePublished\":\"2026-01-07T01:37:00+00:00\",\"mainEntityOfPage\":{\"@id\":\"https:\/\/portaltela.pt\/noticias\/2026\/01\/06\/seguranca-social-e-cga-aplicam-novas-tabelas-de-irs-em-fevereiro\/\"},\"wordCount\":266,\"image\":{\"@id\":\"https:\/\/portaltela.pt\/noticias\/2026\/01\/06\/seguranca-social-e-cga-aplicam-novas-tabelas-de-irs-em-fevereiro\/#primaryimage\"},\"thumbnailUrl\":\"https:\/\/portaltela.pt\/s.01k8rhncp4jt1\/2026\/01\/image-328.jpg\",\"keywords\":[\"Caixa Geral de Aposenta\u00e7\u00f5es\",\"economia\",\"informa\u00e7\u00e3o\",\"Or\u00e7amento\/Territ\u00f3rio\",\"publica\u00e7\u00f5es \u00e9conomiques\"],\"articleSection\":[\"Economia\",\"Not\u00edcias\"],\"inLanguage\":\"pt-PT\"},{\"@type\":\"WebPage\",\"@id\":\"https:\/\/portaltela.pt\/noticias\/2026\/01\/06\/seguranca-social-e-cga-aplicam-novas-tabelas-de-irs-em-fevereiro\/\",\"url\":\"https:\/\/portaltela.pt\/noticias\/2026\/01\/06\/seguranca-social-e-cga-aplicam-novas-tabelas-de-irs-em-fevereiro\/\",\"name\":\"Seguran\u00e7a Social e CGA aplicam novas tabelas de IRS em fevereiro - Portal Tela Portugal\",\"isPartOf\":{\"@id\":\"https:\/\/portaltela.pt\/#website\"},\"primaryImageOfPage\":{\"@id\":\"https:\/\/portaltela.pt\/noticias\/2026\/01\/06\/seguranca-social-e-cga-aplicam-novas-tabelas-de-irs-em-fevereiro\/#primaryimage\"},\"image\":{\"@id\":\"https:\/\/portaltela.pt\/noticias\/2026\/01\/06\/seguranca-social-e-cga-aplicam-novas-tabelas-de-irs-em-fevereiro\/#primaryimage\"},\"thumbnailUrl\":\"https:\/\/portaltela.pt\/s.01k8rhncp4jt1\/2026\/01\/image-328.jpg\",\"datePublished\":\"2026-01-07T01:37:00+00:00\",\"author\":{\"@id\":\"https:\/\/portaltela.pt\/#\/schema\/person\/c4278d4a6028830caff9ee44b42d32ed\"},\"breadcrumb\":{\"@id\":\"https:\/\/portaltela.pt\/noticias\/2026\/01\/06\/seguranca-social-e-cga-aplicam-novas-tabelas-de-irs-em-fevereiro\/#breadcrumb\"},\"inLanguage\":\"pt-PT\",\"potentialAction\":[{\"@type\":\"ReadAction\",\"target\":[\"https:\/\/portaltela.pt\/noticias\/2026\/01\/06\/seguranca-social-e-cga-aplicam-novas-tabelas-de-irs-em-fevereiro\/\"]}]},{\"@type\":\"ImageObject\",\"inLanguage\":\"pt-PT\",\"@id\":\"https:\/\/portaltela.pt\/noticias\/2026\/01\/06\/seguranca-social-e-cga-aplicam-novas-tabelas-de-irs-em-fevereiro\/#primaryimage\",\"url\":\"https:\/\/portaltela.pt\/s.01k8rhncp4jt1\/2026\/01\/image-328.jpg\",\"contentUrl\":\"https:\/\/portaltela.pt\/s.01k8rhncp4jt1\/2026\/01\/image-328.jpg\",\"width\":796,\"height\":448,\"caption\":\"As pens\u00f5es da Seguran\u00e7a Social ser\u00e3o pagas na pr\u00f3xima quinta-feira, 8 de janeiro, e as da CGA s\u00e3o pagas dia 19\"},{\"@type\":\"BreadcrumbList\",\"@id\":\"https:\/\/portaltela.pt\/noticias\/2026\/01\/06\/seguranca-social-e-cga-aplicam-novas-tabelas-de-irs-em-fevereiro\/#breadcrumb\",\"itemListElement\":[{\"@type\":\"ListItem\",\"position\":1,\"name\":\"In\u00edcio\",\"item\":\"https:\/\/portaltela.pt\/\"},{\"@type\":\"ListItem\",\"position\":2,\"name\":\"Seguran\u00e7a Social e CGA aplicam novas tabelas de IRS em fevereiro\"}]},{\"@type\":\"WebSite\",\"@id\":\"https:\/\/portaltela.pt\/#website\",\"url\":\"https:\/\/portaltela.pt\/\",\"name\":\"Portal Tela Portugal\",\"description\":\"\",\"potentialAction\":[{\"@type\":\"SearchAction\",\"target\":{\"@type\":\"EntryPoint\",\"urlTemplate\":\"https:\/\/portaltela.pt\/?s={search_term_string}\"},\"query-input\":{\"@type\":\"PropertyValueSpecification\",\"valueRequired\":true,\"valueName\":\"search_term_string\"}}],\"inLanguage\":\"pt-PT\"},{\"@type\":\"Person\",\"@id\":\"https:\/\/portaltela.pt\/#\/schema\/person\/c4278d4a6028830caff9ee44b42d32ed\",\"name\":\"Telinha\",\"image\":{\"@type\":\"ImageObject\",\"inLanguage\":\"pt-PT\",\"@id\":\"https:\/\/portaltela.pt\/s.01k8rhncp4jt1\/2025\/11\/talking-bot-125x125.png\",\"url\":\"https:\/\/portaltela.pt\/s.01k8rhncp4jt1\/2025\/11\/talking-bot-125x125.png\",\"contentUrl\":\"https:\/\/portaltela.pt\/s.01k8rhncp4jt1\/2025\/11\/talking-bot-125x125.png\",\"caption\":\"Telinha\"},\"sameAs\":[\"https:\/\/portaltela.pt\/\"],\"url\":\"https:\/\/portaltela.pt\/por\/367410592786\/\"}]}<\/script>\n<!-- \/ Yoast SEO plugin. -->","yoast_head_json":{"title":"Seguran\u00e7a Social e CGA aplicam novas tabelas de IRS em fevereiro - Portal Tela Portugal","robots":{"index":"index","follow":"follow","max-snippet":"max-snippet:-1","max-image-preview":"max-image-preview:large","max-video-preview":"max-video-preview:-1"},"og_locale":"pt_PT","og_type":"article","og_title":"Seguran\u00e7a Social e CGA aplicam novas tabelas de IRS em fevereiro - Portal Tela Portugal","og_description":"As novas tabelas de reten\u00e7\u00e3o na fonte do IRS ser\u00e3o aplicadas em fevereiro pela Seguran\u00e7a Social e pela CGA, com retifica\u00e7\u00e3o do que foi cobrado a mais em janeiro. No processamento de fevereiro ser\u00e3o aplicadas as tabelas de 2026 ao pr\u00f3prio m\u00eas, devolvendo o valor cobrado em excesso relativo a janeiro. O desconto de IRS correspondente a pens\u00f5es de janeiro baseia-se nas tabelas anteriores, em vigor em dezembro. As pens\u00f5es da Seguran\u00e7a Social s\u00e3o pagas no dia 8 de janeiro e as da Caixa Geral de Aposenta\u00e7\u00f5es no dia 19 de janeiro. As novas taxas, mais baixas que as de final de 2025, resultam de medidas do Or\u00e7amento do Estado para 2026, com isen\u00e7\u00e3o de IRS para pens\u00f5es at\u00e9 920 euros brutos.","og_url":"https:\/\/portaltela.pt\/noticias\/2026\/01\/06\/seguranca-social-e-cga-aplicam-novas-tabelas-de-irs-em-fevereiro\/","og_site_name":"Portal Tela Portugal","article_published_time":"2026-01-07T01:37:00+00:00","author":"Telinha","twitter_card":"summary_large_image","twitter_misc":{"Escrito por":"Telinha","Tempo estimado de leitura":"1 minuto"},"schema":{"@context":"https:\/\/schema.org","@graph":[{"@type":"Article","@id":"https:\/\/portaltela.pt\/noticias\/2026\/01\/06\/seguranca-social-e-cga-aplicam-novas-tabelas-de-irs-em-fevereiro\/#article","isPartOf":{"@id":"https:\/\/portaltela.pt\/noticias\/2026\/01\/06\/seguranca-social-e-cga-aplicam-novas-tabelas-de-irs-em-fevereiro\/"},"author":{"name":"Telinha","@id":"https:\/\/portaltela.pt\/#\/schema\/person\/c4278d4a6028830caff9ee44b42d32ed"},"headline":"Seguran\u00e7a Social e CGA aplicam novas tabelas de IRS em fevereiro","datePublished":"2026-01-07T01:37:00+00:00","mainEntityOfPage":{"@id":"https:\/\/portaltela.pt\/noticias\/2026\/01\/06\/seguranca-social-e-cga-aplicam-novas-tabelas-de-irs-em-fevereiro\/"},"wordCount":266,"image":{"@id":"https:\/\/portaltela.pt\/noticias\/2026\/01\/06\/seguranca-social-e-cga-aplicam-novas-tabelas-de-irs-em-fevereiro\/#primaryimage"},"thumbnailUrl":"https:\/\/portaltela.pt\/s.01k8rhncp4jt1\/2026\/01\/image-328.jpg","keywords":["Caixa Geral de Aposenta\u00e7\u00f5es","economia","informa\u00e7\u00e3o","Or\u00e7amento\/Territ\u00f3rio","publica\u00e7\u00f5es \u00e9conomiques"],"articleSection":["Economia","Not\u00edcias"],"inLanguage":"pt-PT"},{"@type":"WebPage","@id":"https:\/\/portaltela.pt\/noticias\/2026\/01\/06\/seguranca-social-e-cga-aplicam-novas-tabelas-de-irs-em-fevereiro\/","url":"https:\/\/portaltela.pt\/noticias\/2026\/01\/06\/seguranca-social-e-cga-aplicam-novas-tabelas-de-irs-em-fevereiro\/","name":"Seguran\u00e7a Social e CGA aplicam novas tabelas de IRS em fevereiro - Portal Tela Portugal","isPartOf":{"@id":"https:\/\/portaltela.pt\/#website"},"primaryImageOfPage":{"@id":"https:\/\/portaltela.pt\/noticias\/2026\/01\/06\/seguranca-social-e-cga-aplicam-novas-tabelas-de-irs-em-fevereiro\/#primaryimage"},"image":{"@id":"https:\/\/portaltela.pt\/noticias\/2026\/01\/06\/seguranca-social-e-cga-aplicam-novas-tabelas-de-irs-em-fevereiro\/#primaryimage"},"thumbnailUrl":"https:\/\/portaltela.pt\/s.01k8rhncp4jt1\/2026\/01\/image-328.jpg","datePublished":"2026-01-07T01:37:00+00:00","author":{"@id":"https:\/\/portaltela.pt\/#\/schema\/person\/c4278d4a6028830caff9ee44b42d32ed"},"breadcrumb":{"@id":"https:\/\/portaltela.pt\/noticias\/2026\/01\/06\/seguranca-social-e-cga-aplicam-novas-tabelas-de-irs-em-fevereiro\/#breadcrumb"},"inLanguage":"pt-PT","potentialAction":[{"@type":"ReadAction","target":["https:\/\/portaltela.pt\/noticias\/2026\/01\/06\/seguranca-social-e-cga-aplicam-novas-tabelas-de-irs-em-fevereiro\/"]}]},{"@type":"ImageObject","inLanguage":"pt-PT","@id":"https:\/\/portaltela.pt\/noticias\/2026\/01\/06\/seguranca-social-e-cga-aplicam-novas-tabelas-de-irs-em-fevereiro\/#primaryimage","url":"https:\/\/portaltela.pt\/s.01k8rhncp4jt1\/2026\/01\/image-328.jpg","contentUrl":"https:\/\/portaltela.pt\/s.01k8rhncp4jt1\/2026\/01\/image-328.jpg","width":796,"height":448,"caption":"As pens\u00f5es da Seguran\u00e7a Social ser\u00e3o pagas na pr\u00f3xima quinta-feira, 8 de janeiro, e as da CGA s\u00e3o pagas dia 19"},{"@type":"BreadcrumbList","@id":"https:\/\/portaltela.pt\/noticias\/2026\/01\/06\/seguranca-social-e-cga-aplicam-novas-tabelas-de-irs-em-fevereiro\/#breadcrumb","itemListElement":[{"@type":"ListItem","position":1,"name":"In\u00edcio","item":"https:\/\/portaltela.pt\/"},{"@type":"ListItem","position":2,"name":"Seguran\u00e7a Social e CGA aplicam novas tabelas de IRS em fevereiro"}]},{"@type":"WebSite","@id":"https:\/\/portaltela.pt\/#website","url":"https:\/\/portaltela.pt\/","name":"Portal Tela Portugal","description":"","potentialAction":[{"@type":"SearchAction","target":{"@type":"EntryPoint","urlTemplate":"https:\/\/portaltela.pt\/?s={search_term_string}"},"query-input":{"@type":"PropertyValueSpecification","valueRequired":true,"valueName":"search_term_string"}}],"inLanguage":"pt-PT"},{"@type":"Person","@id":"https:\/\/portaltela.pt\/#\/schema\/person\/c4278d4a6028830caff9ee44b42d32ed","name":"Telinha","image":{"@type":"ImageObject","inLanguage":"pt-PT","@id":"https:\/\/portaltela.pt\/s.01k8rhncp4jt1\/2025\/11\/talking-bot-125x125.png","url":"https:\/\/portaltela.pt\/s.01k8rhncp4jt1\/2025\/11\/talking-bot-125x125.png","contentUrl":"https:\/\/portaltela.pt\/s.01k8rhncp4jt1\/2025\/11\/talking-bot-125x125.png","caption":"Telinha"},"sameAs":["https:\/\/portaltela.pt\/"],"url":"https:\/\/portaltela.pt\/por\/367410592786\/"}]}},"_links":{"self":[{"href":"https:\/\/portaltela.pt\/api\/wp\/v2\/posts\/122222","targetHints":{"allow":["GET"]}}],"collection":[{"href":"https:\/\/portaltela.pt\/api\/wp\/v2\/posts"}],"about":[{"href":"https:\/\/portaltela.pt\/api\/wp\/v2\/types\/post"}],"author":[{"embeddable":true,"href":"https:\/\/portaltela.pt\/api\/wp\/v2\/users\/2"}],"replies":[{"embeddable":true,"href":"https:\/\/portaltela.pt\/api\/wp\/v2\/comments?post=122222"}],"version-history":[{"count":0,"href":"https:\/\/portaltela.pt\/api\/wp\/v2\/posts\/122222\/revisions"}],"wp:featuredmedia":[{"embeddable":true,"href":"https:\/\/portaltela.pt\/api\/wp\/v2\/media\/122236"}],"wp:attachment":[{"href":"https:\/\/portaltela.pt\/api\/wp\/v2\/media?parent=122222"}],"wp:term":[{"taxonomy":"category","embeddable":true,"href":"https:\/\/portaltela.pt\/api\/wp\/v2\/categories?post=122222"},{"taxonomy":"post_tag","embeddable":true,"href":"https:\/\/portaltela.pt\/api\/wp\/v2\/tags?post=122222"}],"curies":[{"name":"wp","href":"https:\/\/api.w.org\/{rel}","templated":true}]}}