{"id":121628,"date":"2026-01-06T16:32:00","date_gmt":"2026-01-06T19:32:00","guid":{"rendered":"https:\/\/portaltela.pt\/noticias\/2026\/01\/06\/fotografias-revelam-o-ecra-do-primeiro-iphone-dobravel\/"},"modified":"2026-01-06T16:32:00","modified_gmt":"2026-01-06T19:32:00","slug":"fotografias-revelam-o-ecra-do-primeiro-iphone-dobravel","status":"publish","type":"post","link":"https:\/\/portaltela.pt\/noticias\/2026\/01\/06\/fotografias-revelam-o-ecra-do-primeiro-iphone-dobravel\/","title":{"rendered":"Fotografias revelam o ecr\u00e3 do primeiro iPhone dobr\u00e1vel"},"content":{"rendered":"<p>A Samsung mostrou, na CES em Las Vegas, um novo ecr\u00e3 flex\u00edvel para telem\u00f3veis dobr\u00e1veis. O painel, projetado para ser utilizado num poss\u00edvel iPhone dobr\u00e1vel, alimenta as especula\u00e7\u00f5es sobre o lan\u00e7amento do primeiro iPhone Fold em setembro. A revela\u00e7\u00e3o ocorre num evento de tecnologia de grande visibilidade.<\/p>\n<p>Segundo rumores, a Apple dever\u00e1 apresentar um iPhone com ecr\u00e3 dobr\u00e1vel ainda neste ano, mantendo o design sem vincos vis\u00edveis na zona da dobradi\u00e7a. A Samsung, fornecedora de ecr\u00e3s, \u00e9 apontada como a parceira principal para o telem\u00f3vel da gigante de Cupertino.<\/p>\n<p>O v\u00eddeo partilhado pela comunidade tecnol\u00f3gica e o conte\u00fado de Ice Universe na X sugerem que o ecr\u00e3 exibido pela Samsung n\u00e3o apresenta vinco significativo. A publica\u00e7\u00e3o indica que a tecnologia de ecr\u00e3 pode tamb\u00e9m beneficiar um poss\u00edvel segundo modelo da Samsung, com lan\u00e7amento previsto para o fim do ano.<\/p>\n<p>O v\u00eddeo de refer\u00eancia \u00e9 do canal Front Page Tech no YouTube e resume rumores sobre o iPhone Fold. A an\u00e1lise descreve o painel como de alta qualidade, com potencial para c\u00e2mera sob o ecr\u00e3. A expectativa aponta para um lan\u00e7amento prov\u00e1vel em setembro, alinhado com previs\u00f5es anteriores.<\/p>\n<ul>\n<li>Al\u00e9m disso, o ecr\u00e3 apresentado pode servir como base tecnol\u00f3gica para futuros dispositivos da Apple e da Samsung.<\/li>\n<li>N\u00e3o foram confirmadas especifica\u00e7\u00f5es oficiais nem datas adicionais pela Apple.<\/li>\n<\/ul>\n","protected":false},"excerpt":{"rendered":"<ul>\n<li>A Samsung mostrou no CES uma nova tela flex\u00edvel para telem\u00f3veis dobr\u00e1veis, sendo apontada como potencial fornecedora dos pain\u00e9is para o iPhone Fold.<\/li>\n<li>A apresenta\u00e7\u00e3o alimenta a expectativa de que o iPhone Fold poder\u00e1 estrear em setembro, marcando a entrada da Apple nos telem\u00f3veis dobr\u00e1veis.<\/li>\n<li>Rumores anteriores sugeriam que o vinco na zona da dobradi\u00e7a seria quase invis\u00edvel no primeiro iPhone dobr\u00e1vel.<\/li>\n<li>Um v\u00eddeo do canal Front Page Tech, partilhado pela Ice Universe, refor\u00e7a a ideia de que a tela n\u00e3o apresenta vinco e usa tecnologia de c\u00e2mara por baixo do ecr\u00e3.<\/li>\n<li>Al\u00e9m do iPhone Fold, a Samsung dever\u00e1 lan\u00e7ar um novo telem\u00f3vel dobr\u00e1vel com a mesma tecnologia at\u00e9 ao final do ano.<\/li>\n<\/ul>\n","protected":false},"author":2,"featured_media":121637,"comment_status":"closed","ping_status":"closed","sticky":false,"template":"","format":"standard","meta":{"footnotes":""},"categories":[1],"tags":[82,195,33,153,1852],"class_list":["post-121628","post","type-post","status-publish","format-standard","has-post-thumbnail","hentry","category-noticias","tag-futuro","tag-informacao","tag-inovacao","tag-tecnologia","tag-telemovel"],"yoast_head":"<!-- This site is optimized with the Yoast SEO plugin v27.2 - https:\/\/yoast.com\/product\/yoast-seo-wordpress\/ -->\n<title>Fotografias revelam o ecr\u00e3 do primeiro iPhone dobr\u00e1vel - Portal Tela Portugal<\/title>\n<meta name=\"robots\" content=\"index, follow, max-snippet:-1, max-image-preview:large, max-video-preview:-1\" \/>\n<meta property=\"og:locale\" content=\"pt_PT\" \/>\n<meta property=\"og:type\" content=\"article\" \/>\n<meta property=\"og:title\" content=\"Fotografias revelam o ecr\u00e3 do primeiro iPhone dobr\u00e1vel - Portal Tela Portugal\" \/>\n<meta property=\"og:description\" content=\"A Samsung mostrou no CES uma nova tela flex\u00edvel para telem\u00f3veis dobr\u00e1veis, sendo apontada como potencial fornecedora dos pain\u00e9is para o iPhone Fold. A apresenta\u00e7\u00e3o alimenta a expectativa de que o iPhone Fold poder\u00e1 estrear em setembro, marcando a entrada da Apple nos telem\u00f3veis dobr\u00e1veis. Rumores anteriores sugeriam que o vinco na zona da dobradi\u00e7a seria quase invis\u00edvel no primeiro iPhone dobr\u00e1vel. Um v\u00eddeo do canal Front Page Tech, partilhado pela Ice Universe, refor\u00e7a a ideia de que a tela n\u00e3o apresenta vinco e usa tecnologia de c\u00e2mara por baixo do ecr\u00e3. Al\u00e9m do iPhone Fold, a Samsung dever\u00e1 lan\u00e7ar um novo telem\u00f3vel dobr\u00e1vel com a mesma tecnologia at\u00e9 ao final do ano.\" \/>\n<meta property=\"og:url\" content=\"https:\/\/portaltela.pt\/noticias\/2026\/01\/06\/fotografias-revelam-o-ecra-do-primeiro-iphone-dobravel\/\" \/>\n<meta property=\"og:site_name\" content=\"Portal Tela Portugal\" \/>\n<meta property=\"article:published_time\" content=\"2026-01-06T19:32:00+00:00\" \/>\n<meta name=\"author\" content=\"Telinha\" \/>\n<meta name=\"twitter:card\" content=\"summary_large_image\" \/>\n<meta name=\"twitter:label1\" content=\"Escrito por\" \/>\n\t<meta name=\"twitter:data1\" content=\"Telinha\" \/>\n\t<meta name=\"twitter:label2\" content=\"Tempo estimado de leitura\" \/>\n\t<meta name=\"twitter:data2\" content=\"1 minuto\" \/>\n<script type=\"application\/ld+json\" class=\"yoast-schema-graph\">{\"@context\":\"https:\/\/schema.org\",\"@graph\":[{\"@type\":\"Article\",\"@id\":\"https:\/\/portaltela.pt\/noticias\/2026\/01\/06\/fotografias-revelam-o-ecra-do-primeiro-iphone-dobravel\/#article\",\"isPartOf\":{\"@id\":\"https:\/\/portaltela.pt\/noticias\/2026\/01\/06\/fotografias-revelam-o-ecra-do-primeiro-iphone-dobravel\/\"},\"author\":{\"name\":\"Telinha\",\"@id\":\"https:\/\/portaltela.pt\/#\/schema\/person\/c4278d4a6028830caff9ee44b42d32ed\"},\"headline\":\"Fotografias revelam o ecr\u00e3 do primeiro iPhone dobr\u00e1vel\",\"datePublished\":\"2026-01-06T19:32:00+00:00\",\"mainEntityOfPage\":{\"@id\":\"https:\/\/portaltela.pt\/noticias\/2026\/01\/06\/fotografias-revelam-o-ecra-do-primeiro-iphone-dobravel\/\"},\"wordCount\":254,\"image\":{\"@id\":\"https:\/\/portaltela.pt\/noticias\/2026\/01\/06\/fotografias-revelam-o-ecra-do-primeiro-iphone-dobravel\/#primaryimage\"},\"thumbnailUrl\":\"https:\/\/portaltela.pt\/s.01k8rhncp4jt1\/2026\/01\/unnamed-file-1177.jpg\",\"keywords\":[\"futuro\",\"informa\u00e7\u00e3o\",\"inova\u00e7\u00e3o\",\"tecnologia\",\"telem\u00f3vel\"],\"articleSection\":[\"Not\u00edcias\"],\"inLanguage\":\"pt-PT\"},{\"@type\":\"WebPage\",\"@id\":\"https:\/\/portaltela.pt\/noticias\/2026\/01\/06\/fotografias-revelam-o-ecra-do-primeiro-iphone-dobravel\/\",\"url\":\"https:\/\/portaltela.pt\/noticias\/2026\/01\/06\/fotografias-revelam-o-ecra-do-primeiro-iphone-dobravel\/\",\"name\":\"Fotografias revelam o ecr\u00e3 do primeiro iPhone dobr\u00e1vel - Portal Tela Portugal\",\"isPartOf\":{\"@id\":\"https:\/\/portaltela.pt\/#website\"},\"primaryImageOfPage\":{\"@id\":\"https:\/\/portaltela.pt\/noticias\/2026\/01\/06\/fotografias-revelam-o-ecra-do-primeiro-iphone-dobravel\/#primaryimage\"},\"image\":{\"@id\":\"https:\/\/portaltela.pt\/noticias\/2026\/01\/06\/fotografias-revelam-o-ecra-do-primeiro-iphone-dobravel\/#primaryimage\"},\"thumbnailUrl\":\"https:\/\/portaltela.pt\/s.01k8rhncp4jt1\/2026\/01\/unnamed-file-1177.jpg\",\"datePublished\":\"2026-01-06T19:32:00+00:00\",\"author\":{\"@id\":\"https:\/\/portaltela.pt\/#\/schema\/person\/c4278d4a6028830caff9ee44b42d32ed\"},\"breadcrumb\":{\"@id\":\"https:\/\/portaltela.pt\/noticias\/2026\/01\/06\/fotografias-revelam-o-ecra-do-primeiro-iphone-dobravel\/#breadcrumb\"},\"inLanguage\":\"pt-PT\",\"potentialAction\":[{\"@type\":\"ReadAction\",\"target\":[\"https:\/\/portaltela.pt\/noticias\/2026\/01\/06\/fotografias-revelam-o-ecra-do-primeiro-iphone-dobravel\/\"]}]},{\"@type\":\"ImageObject\",\"inLanguage\":\"pt-PT\",\"@id\":\"https:\/\/portaltela.pt\/noticias\/2026\/01\/06\/fotografias-revelam-o-ecra-do-primeiro-iphone-dobravel\/#primaryimage\",\"url\":\"https:\/\/portaltela.pt\/s.01k8rhncp4jt1\/2026\/01\/unnamed-file-1177.jpg\",\"contentUrl\":\"https:\/\/portaltela.pt\/s.01k8rhncp4jt1\/2026\/01\/unnamed-file-1177.jpg\",\"width\":796,\"height\":448,\"caption\":\"Fotografias mostram o (impressionante) ecr\u00e3 do primeiro iPhone dobr\u00e1vel\"},{\"@type\":\"BreadcrumbList\",\"@id\":\"https:\/\/portaltela.pt\/noticias\/2026\/01\/06\/fotografias-revelam-o-ecra-do-primeiro-iphone-dobravel\/#breadcrumb\",\"itemListElement\":[{\"@type\":\"ListItem\",\"position\":1,\"name\":\"In\u00edcio\",\"item\":\"https:\/\/portaltela.pt\/\"},{\"@type\":\"ListItem\",\"position\":2,\"name\":\"Fotografias revelam o ecr\u00e3 do primeiro iPhone dobr\u00e1vel\"}]},{\"@type\":\"WebSite\",\"@id\":\"https:\/\/portaltela.pt\/#website\",\"url\":\"https:\/\/portaltela.pt\/\",\"name\":\"Portal Tela Portugal\",\"description\":\"\",\"potentialAction\":[{\"@type\":\"SearchAction\",\"target\":{\"@type\":\"EntryPoint\",\"urlTemplate\":\"https:\/\/portaltela.pt\/?s={search_term_string}\"},\"query-input\":{\"@type\":\"PropertyValueSpecification\",\"valueRequired\":true,\"valueName\":\"search_term_string\"}}],\"inLanguage\":\"pt-PT\"},{\"@type\":\"Person\",\"@id\":\"https:\/\/portaltela.pt\/#\/schema\/person\/c4278d4a6028830caff9ee44b42d32ed\",\"name\":\"Telinha\",\"image\":{\"@type\":\"ImageObject\",\"inLanguage\":\"pt-PT\",\"@id\":\"https:\/\/portaltela.pt\/s.01k8rhncp4jt1\/2025\/11\/talking-bot-125x125.png\",\"url\":\"https:\/\/portaltela.pt\/s.01k8rhncp4jt1\/2025\/11\/talking-bot-125x125.png\",\"contentUrl\":\"https:\/\/portaltela.pt\/s.01k8rhncp4jt1\/2025\/11\/talking-bot-125x125.png\",\"caption\":\"Telinha\"},\"sameAs\":[\"https:\/\/portaltela.pt\/\"],\"url\":\"https:\/\/portaltela.pt\/por\/367410592786\/\"}]}<\/script>\n<!-- \/ Yoast SEO plugin. -->","yoast_head_json":{"title":"Fotografias revelam o ecr\u00e3 do primeiro iPhone dobr\u00e1vel - Portal Tela Portugal","robots":{"index":"index","follow":"follow","max-snippet":"max-snippet:-1","max-image-preview":"max-image-preview:large","max-video-preview":"max-video-preview:-1"},"og_locale":"pt_PT","og_type":"article","og_title":"Fotografias revelam o ecr\u00e3 do primeiro iPhone dobr\u00e1vel - Portal Tela Portugal","og_description":"A Samsung mostrou no CES uma nova tela flex\u00edvel para telem\u00f3veis dobr\u00e1veis, sendo apontada como potencial fornecedora dos pain\u00e9is para o iPhone Fold. A apresenta\u00e7\u00e3o alimenta a expectativa de que o iPhone Fold poder\u00e1 estrear em setembro, marcando a entrada da Apple nos telem\u00f3veis dobr\u00e1veis. Rumores anteriores sugeriam que o vinco na zona da dobradi\u00e7a seria quase invis\u00edvel no primeiro iPhone dobr\u00e1vel. Um v\u00eddeo do canal Front Page Tech, partilhado pela Ice Universe, refor\u00e7a a ideia de que a tela n\u00e3o apresenta vinco e usa tecnologia de c\u00e2mara por baixo do ecr\u00e3. Al\u00e9m do iPhone Fold, a Samsung dever\u00e1 lan\u00e7ar um novo telem\u00f3vel dobr\u00e1vel com a mesma tecnologia at\u00e9 ao final do ano.","og_url":"https:\/\/portaltela.pt\/noticias\/2026\/01\/06\/fotografias-revelam-o-ecra-do-primeiro-iphone-dobravel\/","og_site_name":"Portal Tela Portugal","article_published_time":"2026-01-06T19:32:00+00:00","author":"Telinha","twitter_card":"summary_large_image","twitter_misc":{"Escrito por":"Telinha","Tempo estimado de leitura":"1 minuto"},"schema":{"@context":"https:\/\/schema.org","@graph":[{"@type":"Article","@id":"https:\/\/portaltela.pt\/noticias\/2026\/01\/06\/fotografias-revelam-o-ecra-do-primeiro-iphone-dobravel\/#article","isPartOf":{"@id":"https:\/\/portaltela.pt\/noticias\/2026\/01\/06\/fotografias-revelam-o-ecra-do-primeiro-iphone-dobravel\/"},"author":{"name":"Telinha","@id":"https:\/\/portaltela.pt\/#\/schema\/person\/c4278d4a6028830caff9ee44b42d32ed"},"headline":"Fotografias revelam o ecr\u00e3 do primeiro iPhone dobr\u00e1vel","datePublished":"2026-01-06T19:32:00+00:00","mainEntityOfPage":{"@id":"https:\/\/portaltela.pt\/noticias\/2026\/01\/06\/fotografias-revelam-o-ecra-do-primeiro-iphone-dobravel\/"},"wordCount":254,"image":{"@id":"https:\/\/portaltela.pt\/noticias\/2026\/01\/06\/fotografias-revelam-o-ecra-do-primeiro-iphone-dobravel\/#primaryimage"},"thumbnailUrl":"https:\/\/portaltela.pt\/s.01k8rhncp4jt1\/2026\/01\/unnamed-file-1177.jpg","keywords":["futuro","informa\u00e7\u00e3o","inova\u00e7\u00e3o","tecnologia","telem\u00f3vel"],"articleSection":["Not\u00edcias"],"inLanguage":"pt-PT"},{"@type":"WebPage","@id":"https:\/\/portaltela.pt\/noticias\/2026\/01\/06\/fotografias-revelam-o-ecra-do-primeiro-iphone-dobravel\/","url":"https:\/\/portaltela.pt\/noticias\/2026\/01\/06\/fotografias-revelam-o-ecra-do-primeiro-iphone-dobravel\/","name":"Fotografias revelam o ecr\u00e3 do primeiro iPhone dobr\u00e1vel - Portal Tela Portugal","isPartOf":{"@id":"https:\/\/portaltela.pt\/#website"},"primaryImageOfPage":{"@id":"https:\/\/portaltela.pt\/noticias\/2026\/01\/06\/fotografias-revelam-o-ecra-do-primeiro-iphone-dobravel\/#primaryimage"},"image":{"@id":"https:\/\/portaltela.pt\/noticias\/2026\/01\/06\/fotografias-revelam-o-ecra-do-primeiro-iphone-dobravel\/#primaryimage"},"thumbnailUrl":"https:\/\/portaltela.pt\/s.01k8rhncp4jt1\/2026\/01\/unnamed-file-1177.jpg","datePublished":"2026-01-06T19:32:00+00:00","author":{"@id":"https:\/\/portaltela.pt\/#\/schema\/person\/c4278d4a6028830caff9ee44b42d32ed"},"breadcrumb":{"@id":"https:\/\/portaltela.pt\/noticias\/2026\/01\/06\/fotografias-revelam-o-ecra-do-primeiro-iphone-dobravel\/#breadcrumb"},"inLanguage":"pt-PT","potentialAction":[{"@type":"ReadAction","target":["https:\/\/portaltela.pt\/noticias\/2026\/01\/06\/fotografias-revelam-o-ecra-do-primeiro-iphone-dobravel\/"]}]},{"@type":"ImageObject","inLanguage":"pt-PT","@id":"https:\/\/portaltela.pt\/noticias\/2026\/01\/06\/fotografias-revelam-o-ecra-do-primeiro-iphone-dobravel\/#primaryimage","url":"https:\/\/portaltela.pt\/s.01k8rhncp4jt1\/2026\/01\/unnamed-file-1177.jpg","contentUrl":"https:\/\/portaltela.pt\/s.01k8rhncp4jt1\/2026\/01\/unnamed-file-1177.jpg","width":796,"height":448,"caption":"Fotografias mostram o (impressionante) ecr\u00e3 do primeiro iPhone dobr\u00e1vel"},{"@type":"BreadcrumbList","@id":"https:\/\/portaltela.pt\/noticias\/2026\/01\/06\/fotografias-revelam-o-ecra-do-primeiro-iphone-dobravel\/#breadcrumb","itemListElement":[{"@type":"ListItem","position":1,"name":"In\u00edcio","item":"https:\/\/portaltela.pt\/"},{"@type":"ListItem","position":2,"name":"Fotografias revelam o ecr\u00e3 do primeiro iPhone dobr\u00e1vel"}]},{"@type":"WebSite","@id":"https:\/\/portaltela.pt\/#website","url":"https:\/\/portaltela.pt\/","name":"Portal Tela Portugal","description":"","potentialAction":[{"@type":"SearchAction","target":{"@type":"EntryPoint","urlTemplate":"https:\/\/portaltela.pt\/?s={search_term_string}"},"query-input":{"@type":"PropertyValueSpecification","valueRequired":true,"valueName":"search_term_string"}}],"inLanguage":"pt-PT"},{"@type":"Person","@id":"https:\/\/portaltela.pt\/#\/schema\/person\/c4278d4a6028830caff9ee44b42d32ed","name":"Telinha","image":{"@type":"ImageObject","inLanguage":"pt-PT","@id":"https:\/\/portaltela.pt\/s.01k8rhncp4jt1\/2025\/11\/talking-bot-125x125.png","url":"https:\/\/portaltela.pt\/s.01k8rhncp4jt1\/2025\/11\/talking-bot-125x125.png","contentUrl":"https:\/\/portaltela.pt\/s.01k8rhncp4jt1\/2025\/11\/talking-bot-125x125.png","caption":"Telinha"},"sameAs":["https:\/\/portaltela.pt\/"],"url":"https:\/\/portaltela.pt\/por\/367410592786\/"}]}},"_links":{"self":[{"href":"https:\/\/portaltela.pt\/api\/wp\/v2\/posts\/121628","targetHints":{"allow":["GET"]}}],"collection":[{"href":"https:\/\/portaltela.pt\/api\/wp\/v2\/posts"}],"about":[{"href":"https:\/\/portaltela.pt\/api\/wp\/v2\/types\/post"}],"author":[{"embeddable":true,"href":"https:\/\/portaltela.pt\/api\/wp\/v2\/users\/2"}],"replies":[{"embeddable":true,"href":"https:\/\/portaltela.pt\/api\/wp\/v2\/comments?post=121628"}],"version-history":[{"count":0,"href":"https:\/\/portaltela.pt\/api\/wp\/v2\/posts\/121628\/revisions"}],"wp:featuredmedia":[{"embeddable":true,"href":"https:\/\/portaltela.pt\/api\/wp\/v2\/media\/121637"}],"wp:attachment":[{"href":"https:\/\/portaltela.pt\/api\/wp\/v2\/media?parent=121628"}],"wp:term":[{"taxonomy":"category","embeddable":true,"href":"https:\/\/portaltela.pt\/api\/wp\/v2\/categories?post=121628"},{"taxonomy":"post_tag","embeddable":true,"href":"https:\/\/portaltela.pt\/api\/wp\/v2\/tags?post=121628"}],"curies":[{"name":"wp","href":"https:\/\/api.w.org\/{rel}","templated":true}]}}