{"id":121379,"date":"2026-01-06T15:11:00","date_gmt":"2026-01-06T18:11:00","guid":{"rendered":"https:\/\/portaltela.pt\/noticias\/2026\/01\/06\/amorim-vai-de-postura-reativa-a-saida-rapida-de-carrington\/"},"modified":"2026-01-06T15:11:00","modified_gmt":"2026-01-06T18:11:00","slug":"amorim-vai-de-postura-reativa-a-saida-rapida-de-carrington","status":"publish","type":"post","link":"https:\/\/portaltela.pt\/desporto\/futebol\/2026\/01\/06\/amorim-vai-de-postura-reativa-a-saida-rapida-de-carrington\/","title":{"rendered":"Amorim vai de postura reativa \u00e0 sa\u00edda r\u00e1pida de Carrington"},"content":{"rendered":"<p>Ruben Amorim foi despedido do Manchester United, 14 meses ap\u00f3s a chegada ao clube. Darren Fletcher assume interinamente o treino, enquanto o United procura a melhor solu\u00e7\u00e3o para o futuro, agora ou no ver\u00e3o. O clube corre com um novo rumo sem o t\u00e9cnico portugu\u00eas.<\/p>\n<p>A decis\u00e3o ocorreu ap\u00f3s um ciclo marcado por resultados fracos e pela insist\u00eancia num sistema que dividiu opini\u00f5es dentro da estrutura. O clube anunciou o afastamento na manh\u00e3 de segunda-feira, poucos dias depois do embate com Leeds, que intensificou a press\u00e3o.<\/p>\n<p>Nos bastidores, surgem relatos sobre tens\u00e3o entre Amorim e o departamento de scouting, bem como diverg\u00eancias com o diretor desportivo Jason Wilcox. Jim Ratcliffe, propriet\u00e1rio da INEOS, tamb\u00e9m pediu uma mudan\u00e7a t\u00e1tica mais atrevida, segundo a imprensa brit\u00e2nica.<\/p>\n<p>A sa\u00edda aproximou o clube de uma reestrutura\u00e7\u00e3o de longo prazo. O The Athletic descreve a rea\u00e7\u00e3o do clube, com o treinador a deixar Carrington de forma r\u00e1pida e os adjuntos a acompanharem o processo de afastamento.<\/p>\n<p>Para o topo do clube, o foco passa pela escolha de um substituto. Entre os nomes em an\u00e1lise est\u00e3o op\u00e7\u00f5es para liderar at\u00e9 ao fim da temporada ou j\u00e1 na pr\u00f3xima \u00e9poca. A dire\u00e7\u00e3o mant\u00e9m negociaciones em aberto com diferentes perfis.<\/p>\n<p>No mercado, o Manchester United pondera refor\u00e7os estrat\u00e9gicos para o ver\u00e3o, incluindo posi\u00e7\u00f5es-chave como defesa e ataque. A prioridade \u00e9 encontrar um timoneiro que encaixe no ADN do clube e conduza o futebol ofensivo desejado.<\/p>\n<p>Darren Fletcher, com historial no clube e rela\u00e7\u00e3o pr\u00f3xima com os jogadores, foi escolhido para orientar a equipa interinamente. A solu\u00e7\u00e3o poder\u00e1 estender-se at\u00e9 ao surgimento de um novo treinador definitivo.<\/p>\n<p>Entre os cen\u00e1rios discutidos aparece a possibilidade de Solskjaer regressar, bem como nomes como Oliver Glasner e Gareth Southgate. Outros t\u00e9cnicos com experi\u00eancia na Premier League tamb\u00e9m s\u00e3o avaliados para liderar o processo de renova\u00e7\u00e3o.<\/p>\n","protected":false},"excerpt":{"rendered":"<ul>\n<li>Ruben Amorim foi despedido do Manchester United; Darren Fletcher assumiu interinamente, com a equipa a preparar a sua sucess\u00e3o para este ver\u00e3o ou j\u00e1 neste ver\u00e3o.<\/li>\n<li>A dire\u00e7\u00e3o analisa manter o sistema atual ou mudar para um desenho com quatro defesas e laterais que subam, depois de 14 meses de resultados desfavor\u00e1veis.<\/li>\n<li>Reportagens destacam que o an\u00fancio da sa\u00edda foi marcado por tens\u00e3o entre Amorim e a dire\u00e7\u00e3o, incluindo reuni\u00e3o com o diretor de futebol Jason Wilcox e uma compensa\u00e7\u00e3o de cerca de 10 milh\u00f5es de libras para a equipa t\u00e9cnica.<\/li>\n<li>Os propriet\u00e1rios e ex-funcion\u00e1rios expressaram a necessidade de evoluir o modelo de treino e de refor\u00e7ar o plantel com escolhas mais ajustadas ao ADN do United, segundo v\u00e1rias fontes.<\/li>\n<li>A lista de potenciais substitutos j\u00e1 inclu\u00eda nomes como Ole Gunnar Solskjaer, Oliver Glasner e Gareth Southgate, com outras hip\u00f3teses de experi\u00eancia na Premier League a integrar o debate.<\/li>\n<\/ul>\n","protected":false},"author":2,"featured_media":121387,"comment_status":"closed","ping_status":"closed","sticky":false,"template":"","format":"standard","meta":{"footnotes":""},"categories":[21,24],"tags":[2513,152,32,2392,2420,2477],"class_list":["post-121379","post","type-post","status-publish","format-standard","has-post-thumbnail","hentry","category-desporto","category-futebol","tag-darren-fletcher","tag-desporto","tag-futebol","tag-gareth-southgate","tag-oliver-glasner","tag-treinadores"],"yoast_head":"<!-- This site is optimized with the Yoast SEO plugin v27.2 - https:\/\/yoast.com\/product\/yoast-seo-wordpress\/ -->\n<title>Amorim vai de postura reativa \u00e0 sa\u00edda r\u00e1pida de Carrington - Portal Tela Portugal<\/title>\n<meta name=\"robots\" content=\"index, follow, max-snippet:-1, max-image-preview:large, max-video-preview:-1\" \/>\n<meta property=\"og:locale\" content=\"pt_PT\" \/>\n<meta property=\"og:type\" content=\"article\" \/>\n<meta property=\"og:title\" content=\"Amorim vai de postura reativa \u00e0 sa\u00edda r\u00e1pida de Carrington - Portal Tela Portugal\" \/>\n<meta property=\"og:description\" content=\"Ruben Amorim foi despedido do Manchester United; Darren Fletcher assumiu interinamente, com a equipa a preparar a sua sucess\u00e3o para este ver\u00e3o ou j\u00e1 neste ver\u00e3o. A dire\u00e7\u00e3o analisa manter o sistema atual ou mudar para um desenho com quatro defesas e laterais que subam, depois de 14 meses de resultados desfavor\u00e1veis. Reportagens destacam que o an\u00fancio da sa\u00edda foi marcado por tens\u00e3o entre Amorim e a dire\u00e7\u00e3o, incluindo reuni\u00e3o com o diretor de futebol Jason Wilcox e uma compensa\u00e7\u00e3o de cerca de 10 milh\u00f5es de libras para a equipa t\u00e9cnica. Os propriet\u00e1rios e ex-funcion\u00e1rios expressaram a necessidade de evoluir o modelo de treino e de refor\u00e7ar o plantel com escolhas mais ajustadas ao ADN do United, segundo v\u00e1rias fontes. A lista de potenciais substitutos j\u00e1 inclu\u00eda nomes como Ole Gunnar Solskjaer, Oliver Glasner e Gareth Southgate, com outras hip\u00f3teses de experi\u00eancia na Premier League a integrar o debate.\" \/>\n<meta property=\"og:url\" content=\"https:\/\/portaltela.pt\/noticias\/2026\/01\/06\/amorim-vai-de-postura-reativa-a-saida-rapida-de-carrington\/\" \/>\n<meta property=\"og:site_name\" content=\"Portal Tela Portugal\" \/>\n<meta property=\"article:published_time\" content=\"2026-01-06T18:11:00+00:00\" \/>\n<meta name=\"author\" content=\"Telinha\" \/>\n<meta name=\"twitter:card\" content=\"summary_large_image\" \/>\n<meta name=\"twitter:label1\" content=\"Escrito por\" \/>\n\t<meta name=\"twitter:data1\" content=\"Telinha\" \/>\n\t<meta name=\"twitter:label2\" content=\"Tempo estimado de leitura\" \/>\n\t<meta name=\"twitter:data2\" content=\"2 minutos\" \/>\n<script type=\"application\/ld+json\" class=\"yoast-schema-graph\">{\"@context\":\"https:\/\/schema.org\",\"@graph\":[{\"@type\":\"Article\",\"@id\":\"https:\/\/portaltela.pt\/noticias\/2026\/01\/06\/amorim-vai-de-postura-reativa-a-saida-rapida-de-carrington\/#article\",\"isPartOf\":{\"@id\":\"https:\/\/portaltela.pt\/noticias\/2026\/01\/06\/amorim-vai-de-postura-reativa-a-saida-rapida-de-carrington\/\"},\"author\":{\"name\":\"Telinha\",\"@id\":\"https:\/\/portaltela.pt\/#\/schema\/person\/c4278d4a6028830caff9ee44b42d32ed\"},\"headline\":\"Amorim vai de postura reativa \u00e0 sa\u00edda r\u00e1pida de Carrington\",\"datePublished\":\"2026-01-06T18:11:00+00:00\",\"mainEntityOfPage\":{\"@id\":\"https:\/\/portaltela.pt\/noticias\/2026\/01\/06\/amorim-vai-de-postura-reativa-a-saida-rapida-de-carrington\/\"},\"wordCount\":352,\"image\":{\"@id\":\"https:\/\/portaltela.pt\/noticias\/2026\/01\/06\/amorim-vai-de-postura-reativa-a-saida-rapida-de-carrington\/#primaryimage\"},\"thumbnailUrl\":\"https:\/\/portaltela.pt\/s.01k8rhncp4jt1\/2026\/01\/unnamed-file-1154.jpg\",\"keywords\":[\"Darren Fletcher\",\"desporto\",\"futebol\",\"Gareth Southgate\",\"Oliver Glasner\",\"treinadores\"],\"articleSection\":[\"Desporto\",\"Futebol\"],\"inLanguage\":\"pt-PT\"},{\"@type\":\"WebPage\",\"@id\":\"https:\/\/portaltela.pt\/noticias\/2026\/01\/06\/amorim-vai-de-postura-reativa-a-saida-rapida-de-carrington\/\",\"url\":\"https:\/\/portaltela.pt\/noticias\/2026\/01\/06\/amorim-vai-de-postura-reativa-a-saida-rapida-de-carrington\/\",\"name\":\"Amorim vai de postura reativa \u00e0 sa\u00edda r\u00e1pida de Carrington - Portal Tela Portugal\",\"isPartOf\":{\"@id\":\"https:\/\/portaltela.pt\/#website\"},\"primaryImageOfPage\":{\"@id\":\"https:\/\/portaltela.pt\/noticias\/2026\/01\/06\/amorim-vai-de-postura-reativa-a-saida-rapida-de-carrington\/#primaryimage\"},\"image\":{\"@id\":\"https:\/\/portaltela.pt\/noticias\/2026\/01\/06\/amorim-vai-de-postura-reativa-a-saida-rapida-de-carrington\/#primaryimage\"},\"thumbnailUrl\":\"https:\/\/portaltela.pt\/s.01k8rhncp4jt1\/2026\/01\/unnamed-file-1154.jpg\",\"datePublished\":\"2026-01-06T18:11:00+00:00\",\"author\":{\"@id\":\"https:\/\/portaltela.pt\/#\/schema\/person\/c4278d4a6028830caff9ee44b42d32ed\"},\"breadcrumb\":{\"@id\":\"https:\/\/portaltela.pt\/noticias\/2026\/01\/06\/amorim-vai-de-postura-reativa-a-saida-rapida-de-carrington\/#breadcrumb\"},\"inLanguage\":\"pt-PT\",\"potentialAction\":[{\"@type\":\"ReadAction\",\"target\":[\"https:\/\/portaltela.pt\/noticias\/2026\/01\/06\/amorim-vai-de-postura-reativa-a-saida-rapida-de-carrington\/\"]}]},{\"@type\":\"ImageObject\",\"inLanguage\":\"pt-PT\",\"@id\":\"https:\/\/portaltela.pt\/noticias\/2026\/01\/06\/amorim-vai-de-postura-reativa-a-saida-rapida-de-carrington\/#primaryimage\",\"url\":\"https:\/\/portaltela.pt\/s.01k8rhncp4jt1\/2026\/01\/unnamed-file-1154.jpg\",\"contentUrl\":\"https:\/\/portaltela.pt\/s.01k8rhncp4jt1\/2026\/01\/unnamed-file-1154.jpg\",\"width\":796,\"height\":448,\"caption\":\"Utiliza\u00e7\u00e3o do 3x4x1x2 frente ao Wolverhampton, depois da boa resposta com uma linha a quatro com Bournemouth e Newcastle, foi um dos pontos marcantes na decis\u00e3o de rescindir com Ruben Amorim\"},{\"@type\":\"BreadcrumbList\",\"@id\":\"https:\/\/portaltela.pt\/noticias\/2026\/01\/06\/amorim-vai-de-postura-reativa-a-saida-rapida-de-carrington\/#breadcrumb\",\"itemListElement\":[{\"@type\":\"ListItem\",\"position\":1,\"name\":\"In\u00edcio\",\"item\":\"https:\/\/portaltela.pt\/\"},{\"@type\":\"ListItem\",\"position\":2,\"name\":\"Amorim vai de postura reativa \u00e0 sa\u00edda r\u00e1pida de Carrington\"}]},{\"@type\":\"WebSite\",\"@id\":\"https:\/\/portaltela.pt\/#website\",\"url\":\"https:\/\/portaltela.pt\/\",\"name\":\"Portal Tela Portugal\",\"description\":\"\",\"potentialAction\":[{\"@type\":\"SearchAction\",\"target\":{\"@type\":\"EntryPoint\",\"urlTemplate\":\"https:\/\/portaltela.pt\/?s={search_term_string}\"},\"query-input\":{\"@type\":\"PropertyValueSpecification\",\"valueRequired\":true,\"valueName\":\"search_term_string\"}}],\"inLanguage\":\"pt-PT\"},{\"@type\":\"Person\",\"@id\":\"https:\/\/portaltela.pt\/#\/schema\/person\/c4278d4a6028830caff9ee44b42d32ed\",\"name\":\"Telinha\",\"image\":{\"@type\":\"ImageObject\",\"inLanguage\":\"pt-PT\",\"@id\":\"https:\/\/portaltela.pt\/s.01k8rhncp4jt1\/2025\/11\/talking-bot-125x125.png\",\"url\":\"https:\/\/portaltela.pt\/s.01k8rhncp4jt1\/2025\/11\/talking-bot-125x125.png\",\"contentUrl\":\"https:\/\/portaltela.pt\/s.01k8rhncp4jt1\/2025\/11\/talking-bot-125x125.png\",\"caption\":\"Telinha\"},\"sameAs\":[\"https:\/\/portaltela.pt\/\"],\"url\":\"https:\/\/portaltela.pt\/por\/367410592786\/\"}]}<\/script>\n<!-- \/ Yoast SEO plugin. -->","yoast_head_json":{"title":"Amorim vai de postura reativa \u00e0 sa\u00edda r\u00e1pida de Carrington - Portal Tela Portugal","robots":{"index":"index","follow":"follow","max-snippet":"max-snippet:-1","max-image-preview":"max-image-preview:large","max-video-preview":"max-video-preview:-1"},"og_locale":"pt_PT","og_type":"article","og_title":"Amorim vai de postura reativa \u00e0 sa\u00edda r\u00e1pida de Carrington - Portal Tela Portugal","og_description":"Ruben Amorim foi despedido do Manchester United; Darren Fletcher assumiu interinamente, com a equipa a preparar a sua sucess\u00e3o para este ver\u00e3o ou j\u00e1 neste ver\u00e3o. A dire\u00e7\u00e3o analisa manter o sistema atual ou mudar para um desenho com quatro defesas e laterais que subam, depois de 14 meses de resultados desfavor\u00e1veis. Reportagens destacam que o an\u00fancio da sa\u00edda foi marcado por tens\u00e3o entre Amorim e a dire\u00e7\u00e3o, incluindo reuni\u00e3o com o diretor de futebol Jason Wilcox e uma compensa\u00e7\u00e3o de cerca de 10 milh\u00f5es de libras para a equipa t\u00e9cnica. Os propriet\u00e1rios e ex-funcion\u00e1rios expressaram a necessidade de evoluir o modelo de treino e de refor\u00e7ar o plantel com escolhas mais ajustadas ao ADN do United, segundo v\u00e1rias fontes. A lista de potenciais substitutos j\u00e1 inclu\u00eda nomes como Ole Gunnar Solskjaer, Oliver Glasner e Gareth Southgate, com outras hip\u00f3teses de experi\u00eancia na Premier League a integrar o debate.","og_url":"https:\/\/portaltela.pt\/noticias\/2026\/01\/06\/amorim-vai-de-postura-reativa-a-saida-rapida-de-carrington\/","og_site_name":"Portal Tela Portugal","article_published_time":"2026-01-06T18:11:00+00:00","author":"Telinha","twitter_card":"summary_large_image","twitter_misc":{"Escrito por":"Telinha","Tempo estimado de leitura":"2 minutos"},"schema":{"@context":"https:\/\/schema.org","@graph":[{"@type":"Article","@id":"https:\/\/portaltela.pt\/noticias\/2026\/01\/06\/amorim-vai-de-postura-reativa-a-saida-rapida-de-carrington\/#article","isPartOf":{"@id":"https:\/\/portaltela.pt\/noticias\/2026\/01\/06\/amorim-vai-de-postura-reativa-a-saida-rapida-de-carrington\/"},"author":{"name":"Telinha","@id":"https:\/\/portaltela.pt\/#\/schema\/person\/c4278d4a6028830caff9ee44b42d32ed"},"headline":"Amorim vai de postura reativa \u00e0 sa\u00edda r\u00e1pida de Carrington","datePublished":"2026-01-06T18:11:00+00:00","mainEntityOfPage":{"@id":"https:\/\/portaltela.pt\/noticias\/2026\/01\/06\/amorim-vai-de-postura-reativa-a-saida-rapida-de-carrington\/"},"wordCount":352,"image":{"@id":"https:\/\/portaltela.pt\/noticias\/2026\/01\/06\/amorim-vai-de-postura-reativa-a-saida-rapida-de-carrington\/#primaryimage"},"thumbnailUrl":"https:\/\/portaltela.pt\/s.01k8rhncp4jt1\/2026\/01\/unnamed-file-1154.jpg","keywords":["Darren Fletcher","desporto","futebol","Gareth Southgate","Oliver Glasner","treinadores"],"articleSection":["Desporto","Futebol"],"inLanguage":"pt-PT"},{"@type":"WebPage","@id":"https:\/\/portaltela.pt\/noticias\/2026\/01\/06\/amorim-vai-de-postura-reativa-a-saida-rapida-de-carrington\/","url":"https:\/\/portaltela.pt\/noticias\/2026\/01\/06\/amorim-vai-de-postura-reativa-a-saida-rapida-de-carrington\/","name":"Amorim vai de postura reativa \u00e0 sa\u00edda r\u00e1pida de Carrington - Portal Tela Portugal","isPartOf":{"@id":"https:\/\/portaltela.pt\/#website"},"primaryImageOfPage":{"@id":"https:\/\/portaltela.pt\/noticias\/2026\/01\/06\/amorim-vai-de-postura-reativa-a-saida-rapida-de-carrington\/#primaryimage"},"image":{"@id":"https:\/\/portaltela.pt\/noticias\/2026\/01\/06\/amorim-vai-de-postura-reativa-a-saida-rapida-de-carrington\/#primaryimage"},"thumbnailUrl":"https:\/\/portaltela.pt\/s.01k8rhncp4jt1\/2026\/01\/unnamed-file-1154.jpg","datePublished":"2026-01-06T18:11:00+00:00","author":{"@id":"https:\/\/portaltela.pt\/#\/schema\/person\/c4278d4a6028830caff9ee44b42d32ed"},"breadcrumb":{"@id":"https:\/\/portaltela.pt\/noticias\/2026\/01\/06\/amorim-vai-de-postura-reativa-a-saida-rapida-de-carrington\/#breadcrumb"},"inLanguage":"pt-PT","potentialAction":[{"@type":"ReadAction","target":["https:\/\/portaltela.pt\/noticias\/2026\/01\/06\/amorim-vai-de-postura-reativa-a-saida-rapida-de-carrington\/"]}]},{"@type":"ImageObject","inLanguage":"pt-PT","@id":"https:\/\/portaltela.pt\/noticias\/2026\/01\/06\/amorim-vai-de-postura-reativa-a-saida-rapida-de-carrington\/#primaryimage","url":"https:\/\/portaltela.pt\/s.01k8rhncp4jt1\/2026\/01\/unnamed-file-1154.jpg","contentUrl":"https:\/\/portaltela.pt\/s.01k8rhncp4jt1\/2026\/01\/unnamed-file-1154.jpg","width":796,"height":448,"caption":"Utiliza\u00e7\u00e3o do 3x4x1x2 frente ao Wolverhampton, depois da boa resposta com uma linha a quatro com Bournemouth e Newcastle, foi um dos pontos marcantes na decis\u00e3o de rescindir com Ruben Amorim"},{"@type":"BreadcrumbList","@id":"https:\/\/portaltela.pt\/noticias\/2026\/01\/06\/amorim-vai-de-postura-reativa-a-saida-rapida-de-carrington\/#breadcrumb","itemListElement":[{"@type":"ListItem","position":1,"name":"In\u00edcio","item":"https:\/\/portaltela.pt\/"},{"@type":"ListItem","position":2,"name":"Amorim vai de postura reativa \u00e0 sa\u00edda r\u00e1pida de Carrington"}]},{"@type":"WebSite","@id":"https:\/\/portaltela.pt\/#website","url":"https:\/\/portaltela.pt\/","name":"Portal Tela Portugal","description":"","potentialAction":[{"@type":"SearchAction","target":{"@type":"EntryPoint","urlTemplate":"https:\/\/portaltela.pt\/?s={search_term_string}"},"query-input":{"@type":"PropertyValueSpecification","valueRequired":true,"valueName":"search_term_string"}}],"inLanguage":"pt-PT"},{"@type":"Person","@id":"https:\/\/portaltela.pt\/#\/schema\/person\/c4278d4a6028830caff9ee44b42d32ed","name":"Telinha","image":{"@type":"ImageObject","inLanguage":"pt-PT","@id":"https:\/\/portaltela.pt\/s.01k8rhncp4jt1\/2025\/11\/talking-bot-125x125.png","url":"https:\/\/portaltela.pt\/s.01k8rhncp4jt1\/2025\/11\/talking-bot-125x125.png","contentUrl":"https:\/\/portaltela.pt\/s.01k8rhncp4jt1\/2025\/11\/talking-bot-125x125.png","caption":"Telinha"},"sameAs":["https:\/\/portaltela.pt\/"],"url":"https:\/\/portaltela.pt\/por\/367410592786\/"}]}},"_links":{"self":[{"href":"https:\/\/portaltela.pt\/api\/wp\/v2\/posts\/121379","targetHints":{"allow":["GET"]}}],"collection":[{"href":"https:\/\/portaltela.pt\/api\/wp\/v2\/posts"}],"about":[{"href":"https:\/\/portaltela.pt\/api\/wp\/v2\/types\/post"}],"author":[{"embeddable":true,"href":"https:\/\/portaltela.pt\/api\/wp\/v2\/users\/2"}],"replies":[{"embeddable":true,"href":"https:\/\/portaltela.pt\/api\/wp\/v2\/comments?post=121379"}],"version-history":[{"count":0,"href":"https:\/\/portaltela.pt\/api\/wp\/v2\/posts\/121379\/revisions"}],"wp:featuredmedia":[{"embeddable":true,"href":"https:\/\/portaltela.pt\/api\/wp\/v2\/media\/121387"}],"wp:attachment":[{"href":"https:\/\/portaltela.pt\/api\/wp\/v2\/media?parent=121379"}],"wp:term":[{"taxonomy":"category","embeddable":true,"href":"https:\/\/portaltela.pt\/api\/wp\/v2\/categories?post=121379"},{"taxonomy":"post_tag","embeddable":true,"href":"https:\/\/portaltela.pt\/api\/wp\/v2\/tags?post=121379"}],"curies":[{"name":"wp","href":"https:\/\/api.w.org\/{rel}","templated":true}]}}