{"id":121245,"date":"2026-01-06T14:50:00","date_gmt":"2026-01-06T17:50:00","guid":{"rendered":"https:\/\/portaltela.pt\/noticias\/2026\/01\/06\/bento-troca-al-nassr-pelo-genova\/"},"modified":"2026-01-06T14:50:00","modified_gmt":"2026-01-06T17:50:00","slug":"bento-troca-al-nassr-pelo-genova","status":"publish","type":"post","link":"https:\/\/portaltela.pt\/desporto\/futebol\/2026\/01\/06\/bento-troca-al-nassr-pelo-genova\/","title":{"rendered":"Bento troca Al Nassr pelo G\u00e9nova"},"content":{"rendered":"<p>Bento, guarda-redes brasileiro do Al Nassr, est\u00e1 pr\u00f3ximo de fechar um empr\u00e9stimo ao G\u00e9nova at\u00e9 ao final da presente temporada. O acordo inclui uma op\u00e7\u00e3o de compra, segundo o especialista Nicolo Schira.<\/p>\n<p>O desfecho depende ainda de ajustes entre os clubes e da valida\u00e7\u00e3o de requisitos contratuais. O G\u00e9nova pretende refor\u00e7ar o setor entre os postes no resto da campanha.<\/p>\n<p>Bento, de 26 anos e com passaporte italiano, j\u00e1 disputou 10 jogos pelo Al Nassr nesta \u00e9poca. Ao longo dessas partidas, sofreu 7 golos e sofreu apenas 5 jogos com a baliza inviolada.<\/p>\n<h3>Detalhes do neg\u00f3cio<\/h3>\n<p>O atleta tem vindo a procurar minutos de competi\u00e7\u00e3o na primeira equipa, e o G\u00e9nova procura consolidar a titularidade com um guardi\u00e3o experiente para o campeonato italiano. A confirma\u00e7\u00e3o formal pode ocorrer nos pr\u00f3ximos dias.<\/p>\n","protected":false},"excerpt":{"rendered":"<ul>\n<li>O guarda-redes brasileiro Bento, do Al Nassr, est\u00e1 perto de seguir para o G\u00e9nova em empr\u00e9stimo at\u00e9 ao fim da temporada.<\/li>\n<li>O acordo prev\u00ea uma op\u00e7\u00e3o de compra.<\/li>\n<li>Bento tem 26 anos e possui passaporte italiano.<\/li>\n<li>Na presente temporada, atuou em dez jogos pelo Al Nassr, sofreu sete golos e teve cinco balizas invioladas.<\/li>\n<li>A informa\u00e7\u00e3o \u00e9 avan\u00e7ada pelo especialista Nicolo Schira.<\/li>\n<\/ul>\n","protected":false},"author":2,"featured_media":121248,"comment_status":"closed","ping_status":"closed","sticky":false,"template":"","format":"standard","meta":{"footnotes":""},"categories":[21,24],"tags":[2457,32,2499,1857,1633],"class_list":["post-121245","post","type-post","status-publish","format-standard","has-post-thumbnail","hentry","category-desporto","category-futebol","tag-emprestimos","tag-futebol","tag-genova","tag-italia","tag-transferencias-internacionais"],"yoast_head":"<!-- This site is optimized with the Yoast SEO plugin v27.2 - https:\/\/yoast.com\/product\/yoast-seo-wordpress\/ -->\n<title>Bento troca Al Nassr pelo G\u00e9nova - Portal Tela Portugal<\/title>\n<meta name=\"robots\" content=\"index, follow, max-snippet:-1, max-image-preview:large, max-video-preview:-1\" \/>\n<meta property=\"og:locale\" content=\"pt_PT\" \/>\n<meta property=\"og:type\" content=\"article\" \/>\n<meta property=\"og:title\" content=\"Bento troca Al Nassr pelo G\u00e9nova - Portal Tela Portugal\" \/>\n<meta property=\"og:description\" content=\"O guarda-redes brasileiro Bento, do Al Nassr, est\u00e1 perto de seguir para o G\u00e9nova em empr\u00e9stimo at\u00e9 ao fim da temporada. O acordo prev\u00ea uma op\u00e7\u00e3o de compra. Bento tem 26 anos e possui passaporte italiano. Na presente temporada, atuou em dez jogos pelo Al Nassr, sofreu sete golos e teve cinco balizas invioladas. A informa\u00e7\u00e3o \u00e9 avan\u00e7ada pelo especialista Nicolo Schira.\" \/>\n<meta property=\"og:url\" content=\"https:\/\/portaltela.pt\/noticias\/2026\/01\/06\/bento-troca-al-nassr-pelo-genova\/\" \/>\n<meta property=\"og:site_name\" content=\"Portal Tela Portugal\" \/>\n<meta property=\"article:published_time\" content=\"2026-01-06T17:50:00+00:00\" \/>\n<meta name=\"author\" content=\"Telinha\" \/>\n<meta name=\"twitter:card\" content=\"summary_large_image\" \/>\n<meta name=\"twitter:label1\" content=\"Escrito por\" \/>\n\t<meta name=\"twitter:data1\" content=\"Telinha\" \/>\n\t<meta name=\"twitter:label2\" content=\"Tempo estimado de leitura\" \/>\n\t<meta name=\"twitter:data2\" content=\"1 minuto\" \/>\n<script type=\"application\/ld+json\" class=\"yoast-schema-graph\">{\"@context\":\"https:\/\/schema.org\",\"@graph\":[{\"@type\":\"Article\",\"@id\":\"https:\/\/portaltela.pt\/noticias\/2026\/01\/06\/bento-troca-al-nassr-pelo-genova\/#article\",\"isPartOf\":{\"@id\":\"https:\/\/portaltela.pt\/noticias\/2026\/01\/06\/bento-troca-al-nassr-pelo-genova\/\"},\"author\":{\"name\":\"Telinha\",\"@id\":\"https:\/\/portaltela.pt\/#\/schema\/person\/c4278d4a6028830caff9ee44b42d32ed\"},\"headline\":\"Bento troca Al Nassr pelo G\u00e9nova\",\"datePublished\":\"2026-01-06T17:50:00+00:00\",\"mainEntityOfPage\":{\"@id\":\"https:\/\/portaltela.pt\/noticias\/2026\/01\/06\/bento-troca-al-nassr-pelo-genova\/\"},\"wordCount\":147,\"image\":{\"@id\":\"https:\/\/portaltela.pt\/noticias\/2026\/01\/06\/bento-troca-al-nassr-pelo-genova\/#primaryimage\"},\"thumbnailUrl\":\"https:\/\/portaltela.pt\/s.01k8rhncp4jt1\/2026\/01\/img_920x518uu2026-01-06-17-49-30-2413153.jpg\",\"keywords\":[\"empr\u00e9stimos\",\"futebol\",\"G\u00eanova\",\"It\u00e1lia\",\"transfer\u00eancias internacionais\"],\"articleSection\":[\"Desporto\",\"Futebol\"],\"inLanguage\":\"pt-PT\"},{\"@type\":\"WebPage\",\"@id\":\"https:\/\/portaltela.pt\/noticias\/2026\/01\/06\/bento-troca-al-nassr-pelo-genova\/\",\"url\":\"https:\/\/portaltela.pt\/noticias\/2026\/01\/06\/bento-troca-al-nassr-pelo-genova\/\",\"name\":\"Bento troca Al Nassr pelo G\u00e9nova - Portal Tela Portugal\",\"isPartOf\":{\"@id\":\"https:\/\/portaltela.pt\/#website\"},\"primaryImageOfPage\":{\"@id\":\"https:\/\/portaltela.pt\/noticias\/2026\/01\/06\/bento-troca-al-nassr-pelo-genova\/#primaryimage\"},\"image\":{\"@id\":\"https:\/\/portaltela.pt\/noticias\/2026\/01\/06\/bento-troca-al-nassr-pelo-genova\/#primaryimage\"},\"thumbnailUrl\":\"https:\/\/portaltela.pt\/s.01k8rhncp4jt1\/2026\/01\/img_920x518uu2026-01-06-17-49-30-2413153.jpg\",\"datePublished\":\"2026-01-06T17:50:00+00:00\",\"author\":{\"@id\":\"https:\/\/portaltela.pt\/#\/schema\/person\/c4278d4a6028830caff9ee44b42d32ed\"},\"breadcrumb\":{\"@id\":\"https:\/\/portaltela.pt\/noticias\/2026\/01\/06\/bento-troca-al-nassr-pelo-genova\/#breadcrumb\"},\"inLanguage\":\"pt-PT\",\"potentialAction\":[{\"@type\":\"ReadAction\",\"target\":[\"https:\/\/portaltela.pt\/noticias\/2026\/01\/06\/bento-troca-al-nassr-pelo-genova\/\"]}]},{\"@type\":\"ImageObject\",\"inLanguage\":\"pt-PT\",\"@id\":\"https:\/\/portaltela.pt\/noticias\/2026\/01\/06\/bento-troca-al-nassr-pelo-genova\/#primaryimage\",\"url\":\"https:\/\/portaltela.pt\/s.01k8rhncp4jt1\/2026\/01\/img_920x518uu2026-01-06-17-49-30-2413153.jpg\",\"contentUrl\":\"https:\/\/portaltela.pt\/s.01k8rhncp4jt1\/2026\/01\/img_920x518uu2026-01-06-17-49-30-2413153.jpg\",\"width\":796,\"height\":448,\"caption\":\"Bento, guarda-redes brasileiro, refor\u00e7a o G\u00e9nova ap\u00f3s empr\u00e9stimo do Al Nassr\"},{\"@type\":\"BreadcrumbList\",\"@id\":\"https:\/\/portaltela.pt\/noticias\/2026\/01\/06\/bento-troca-al-nassr-pelo-genova\/#breadcrumb\",\"itemListElement\":[{\"@type\":\"ListItem\",\"position\":1,\"name\":\"In\u00edcio\",\"item\":\"https:\/\/portaltela.pt\/\"},{\"@type\":\"ListItem\",\"position\":2,\"name\":\"Bento troca Al Nassr pelo G\u00e9nova\"}]},{\"@type\":\"WebSite\",\"@id\":\"https:\/\/portaltela.pt\/#website\",\"url\":\"https:\/\/portaltela.pt\/\",\"name\":\"Portal Tela Portugal\",\"description\":\"\",\"potentialAction\":[{\"@type\":\"SearchAction\",\"target\":{\"@type\":\"EntryPoint\",\"urlTemplate\":\"https:\/\/portaltela.pt\/?s={search_term_string}\"},\"query-input\":{\"@type\":\"PropertyValueSpecification\",\"valueRequired\":true,\"valueName\":\"search_term_string\"}}],\"inLanguage\":\"pt-PT\"},{\"@type\":\"Person\",\"@id\":\"https:\/\/portaltela.pt\/#\/schema\/person\/c4278d4a6028830caff9ee44b42d32ed\",\"name\":\"Telinha\",\"image\":{\"@type\":\"ImageObject\",\"inLanguage\":\"pt-PT\",\"@id\":\"https:\/\/portaltela.pt\/s.01k8rhncp4jt1\/2025\/11\/talking-bot-125x125.png\",\"url\":\"https:\/\/portaltela.pt\/s.01k8rhncp4jt1\/2025\/11\/talking-bot-125x125.png\",\"contentUrl\":\"https:\/\/portaltela.pt\/s.01k8rhncp4jt1\/2025\/11\/talking-bot-125x125.png\",\"caption\":\"Telinha\"},\"sameAs\":[\"https:\/\/portaltela.pt\/\"],\"url\":\"https:\/\/portaltela.pt\/por\/367410592786\/\"}]}<\/script>\n<!-- \/ Yoast SEO plugin. -->","yoast_head_json":{"title":"Bento troca Al Nassr pelo G\u00e9nova - Portal Tela Portugal","robots":{"index":"index","follow":"follow","max-snippet":"max-snippet:-1","max-image-preview":"max-image-preview:large","max-video-preview":"max-video-preview:-1"},"og_locale":"pt_PT","og_type":"article","og_title":"Bento troca Al Nassr pelo G\u00e9nova - Portal Tela Portugal","og_description":"O guarda-redes brasileiro Bento, do Al Nassr, est\u00e1 perto de seguir para o G\u00e9nova em empr\u00e9stimo at\u00e9 ao fim da temporada. O acordo prev\u00ea uma op\u00e7\u00e3o de compra. Bento tem 26 anos e possui passaporte italiano. Na presente temporada, atuou em dez jogos pelo Al Nassr, sofreu sete golos e teve cinco balizas invioladas. A informa\u00e7\u00e3o \u00e9 avan\u00e7ada pelo especialista Nicolo Schira.","og_url":"https:\/\/portaltela.pt\/noticias\/2026\/01\/06\/bento-troca-al-nassr-pelo-genova\/","og_site_name":"Portal Tela Portugal","article_published_time":"2026-01-06T17:50:00+00:00","author":"Telinha","twitter_card":"summary_large_image","twitter_misc":{"Escrito por":"Telinha","Tempo estimado de leitura":"1 minuto"},"schema":{"@context":"https:\/\/schema.org","@graph":[{"@type":"Article","@id":"https:\/\/portaltela.pt\/noticias\/2026\/01\/06\/bento-troca-al-nassr-pelo-genova\/#article","isPartOf":{"@id":"https:\/\/portaltela.pt\/noticias\/2026\/01\/06\/bento-troca-al-nassr-pelo-genova\/"},"author":{"name":"Telinha","@id":"https:\/\/portaltela.pt\/#\/schema\/person\/c4278d4a6028830caff9ee44b42d32ed"},"headline":"Bento troca Al Nassr pelo G\u00e9nova","datePublished":"2026-01-06T17:50:00+00:00","mainEntityOfPage":{"@id":"https:\/\/portaltela.pt\/noticias\/2026\/01\/06\/bento-troca-al-nassr-pelo-genova\/"},"wordCount":147,"image":{"@id":"https:\/\/portaltela.pt\/noticias\/2026\/01\/06\/bento-troca-al-nassr-pelo-genova\/#primaryimage"},"thumbnailUrl":"https:\/\/portaltela.pt\/s.01k8rhncp4jt1\/2026\/01\/img_920x518uu2026-01-06-17-49-30-2413153.jpg","keywords":["empr\u00e9stimos","futebol","G\u00eanova","It\u00e1lia","transfer\u00eancias internacionais"],"articleSection":["Desporto","Futebol"],"inLanguage":"pt-PT"},{"@type":"WebPage","@id":"https:\/\/portaltela.pt\/noticias\/2026\/01\/06\/bento-troca-al-nassr-pelo-genova\/","url":"https:\/\/portaltela.pt\/noticias\/2026\/01\/06\/bento-troca-al-nassr-pelo-genova\/","name":"Bento troca Al Nassr pelo G\u00e9nova - Portal Tela Portugal","isPartOf":{"@id":"https:\/\/portaltela.pt\/#website"},"primaryImageOfPage":{"@id":"https:\/\/portaltela.pt\/noticias\/2026\/01\/06\/bento-troca-al-nassr-pelo-genova\/#primaryimage"},"image":{"@id":"https:\/\/portaltela.pt\/noticias\/2026\/01\/06\/bento-troca-al-nassr-pelo-genova\/#primaryimage"},"thumbnailUrl":"https:\/\/portaltela.pt\/s.01k8rhncp4jt1\/2026\/01\/img_920x518uu2026-01-06-17-49-30-2413153.jpg","datePublished":"2026-01-06T17:50:00+00:00","author":{"@id":"https:\/\/portaltela.pt\/#\/schema\/person\/c4278d4a6028830caff9ee44b42d32ed"},"breadcrumb":{"@id":"https:\/\/portaltela.pt\/noticias\/2026\/01\/06\/bento-troca-al-nassr-pelo-genova\/#breadcrumb"},"inLanguage":"pt-PT","potentialAction":[{"@type":"ReadAction","target":["https:\/\/portaltela.pt\/noticias\/2026\/01\/06\/bento-troca-al-nassr-pelo-genova\/"]}]},{"@type":"ImageObject","inLanguage":"pt-PT","@id":"https:\/\/portaltela.pt\/noticias\/2026\/01\/06\/bento-troca-al-nassr-pelo-genova\/#primaryimage","url":"https:\/\/portaltela.pt\/s.01k8rhncp4jt1\/2026\/01\/img_920x518uu2026-01-06-17-49-30-2413153.jpg","contentUrl":"https:\/\/portaltela.pt\/s.01k8rhncp4jt1\/2026\/01\/img_920x518uu2026-01-06-17-49-30-2413153.jpg","width":796,"height":448,"caption":"Bento, guarda-redes brasileiro, refor\u00e7a o G\u00e9nova ap\u00f3s empr\u00e9stimo do Al Nassr"},{"@type":"BreadcrumbList","@id":"https:\/\/portaltela.pt\/noticias\/2026\/01\/06\/bento-troca-al-nassr-pelo-genova\/#breadcrumb","itemListElement":[{"@type":"ListItem","position":1,"name":"In\u00edcio","item":"https:\/\/portaltela.pt\/"},{"@type":"ListItem","position":2,"name":"Bento troca Al Nassr pelo G\u00e9nova"}]},{"@type":"WebSite","@id":"https:\/\/portaltela.pt\/#website","url":"https:\/\/portaltela.pt\/","name":"Portal Tela Portugal","description":"","potentialAction":[{"@type":"SearchAction","target":{"@type":"EntryPoint","urlTemplate":"https:\/\/portaltela.pt\/?s={search_term_string}"},"query-input":{"@type":"PropertyValueSpecification","valueRequired":true,"valueName":"search_term_string"}}],"inLanguage":"pt-PT"},{"@type":"Person","@id":"https:\/\/portaltela.pt\/#\/schema\/person\/c4278d4a6028830caff9ee44b42d32ed","name":"Telinha","image":{"@type":"ImageObject","inLanguage":"pt-PT","@id":"https:\/\/portaltela.pt\/s.01k8rhncp4jt1\/2025\/11\/talking-bot-125x125.png","url":"https:\/\/portaltela.pt\/s.01k8rhncp4jt1\/2025\/11\/talking-bot-125x125.png","contentUrl":"https:\/\/portaltela.pt\/s.01k8rhncp4jt1\/2025\/11\/talking-bot-125x125.png","caption":"Telinha"},"sameAs":["https:\/\/portaltela.pt\/"],"url":"https:\/\/portaltela.pt\/por\/367410592786\/"}]}},"_links":{"self":[{"href":"https:\/\/portaltela.pt\/api\/wp\/v2\/posts\/121245","targetHints":{"allow":["GET"]}}],"collection":[{"href":"https:\/\/portaltela.pt\/api\/wp\/v2\/posts"}],"about":[{"href":"https:\/\/portaltela.pt\/api\/wp\/v2\/types\/post"}],"author":[{"embeddable":true,"href":"https:\/\/portaltela.pt\/api\/wp\/v2\/users\/2"}],"replies":[{"embeddable":true,"href":"https:\/\/portaltela.pt\/api\/wp\/v2\/comments?post=121245"}],"version-history":[{"count":0,"href":"https:\/\/portaltela.pt\/api\/wp\/v2\/posts\/121245\/revisions"}],"wp:featuredmedia":[{"embeddable":true,"href":"https:\/\/portaltela.pt\/api\/wp\/v2\/media\/121248"}],"wp:attachment":[{"href":"https:\/\/portaltela.pt\/api\/wp\/v2\/media?parent=121245"}],"wp:term":[{"taxonomy":"category","embeddable":true,"href":"https:\/\/portaltela.pt\/api\/wp\/v2\/categories?post=121245"},{"taxonomy":"post_tag","embeddable":true,"href":"https:\/\/portaltela.pt\/api\/wp\/v2\/tags?post=121245"}],"curies":[{"name":"wp","href":"https:\/\/api.w.org\/{rel}","templated":true}]}}