{"id":121218,"date":"2026-01-05T21:00:00","date_gmt":"2026-01-06T00:00:00","guid":{"rendered":"https:\/\/portaltela.pt\/noticias\/2026\/01\/05\/seguro-primo-de-um-presidente-da-rainha-do-fado\/"},"modified":"2026-01-05T21:00:00","modified_gmt":"2026-01-06T00:00:00","slug":"seguro-primo-de-um-presidente-da-rainha-do-fado","status":"publish","type":"post","link":"https:\/\/portaltela.pt\/noticias\/2026\/01\/05\/seguro-primo-de-um-presidente-da-rainha-do-fado\/","title":{"rendered":"Seguro, primo de um presidente da Rainha do Fado"},"content":{"rendered":"<p>Ant\u00f3nio Jos\u00e9 Seguro, candidato presidencial, tem liga\u00e7\u00f5es profundas \u00e0 Beira Baixa, regi\u00e3o onde nasceram as suas ra\u00edzes familiares. A rela\u00e7\u00e3o com figuras de relevo nacional inclui o ex-presidente Ant\u00f3nio Ramalho Eanes e a ic\u00f3nica Am\u00e1lia Rodrigues, a chamada rainha do Fado, refor\u00e7ando liga\u00e7\u00f5es hist\u00f3ricas entre pol\u00edtica e cultura.<\/p>\n<p>Segundo a an\u00e1lise publicada, a fam\u00edlia de Seguro mant\u00e9m rela\u00e7\u00f5es pr\u00f3ximas com figuras p\u00fablicas ligadas \u00e0 vida pol\u00edtica e ao panorama cultural. A narrativa assinala que estas liga\u00e7\u00f5es familiares atravessam gera\u00e7\u00f5es, situando o candidato num contexto de influ\u00eancias diversas dentro do territ\u00f3rio nacional.<\/p>\n<h3>Liga\u00e7\u00f5es que atravessam gera\u00e7\u00f5es<\/h3>\n<p>A recolha de epis\u00f3dios anteriores aponta para m\u00faltiplos v\u00ednculos entre familiares de Seguro e personalidades da pol\u00edtica, da m\u00fasica e da imprensa. Entre os apontados est\u00e3o parentes de v\u00e1rias regi\u00f5es, com destaque para a Beira Baixa e Amarante, e refer\u00eancias a primos de trajet\u00f3rias distintas no espa\u00e7o p\u00fablico.<\/p>\n<h3>Contexto contempor\u00e2neo<\/h3>\n<p>Entre os conte\u00fados recentes, destacam-se reportagens que exploram as origens familiares de figuras p\u00fablicas e as poss\u00edveis influ\u00eancias na trajet\u00f3ria pol\u00edtica. A agenda de 2026 inclui pe\u00e7as que relacionam estas liga\u00e7\u00f5es a temas de interesse p\u00fablico, sempre sob o prisma da neutralidade e do rigor factual.<\/p>\n","protected":false},"excerpt":{"rendered":"<ul>\n<li>Ant\u00f3nio Jos\u00e9 Seguro \u00e9 apresentado como primo de um presidente ligado \u00e0 chamada \u201crainha do Fado\u201d, com ra\u00edzes na Beira Baixa.<\/li>\n<li>A pe\u00e7a destaca que as liga\u00e7\u00f5es familiares de Seguro o aproximam de figuras nacionais da pol\u00edtica e da cultura.<\/li>\n<li>A not\u00edcia foi publicada a 6 de janeiro de 2026, integrada numa s\u00e9rie que explora primos de v\u00e1rias figuras p\u00fablicas.<\/li>\n<li>Entre os temas recorrentes est\u00e3o liga\u00e7\u00f5es entre o PSD e outros protagonistas, com refer\u00eancias a diferentes l\u00edderes e personalidades.<\/li>\n<li>A s\u00e9rie foca-se em mostrar conex\u00f5es familiares no universo pol\u00edtico, sem emitir ju\u00edzos de valor sobre os envolvidos.<\/li>\n<\/ul>\n","protected":false},"author":2,"featured_media":121226,"comment_status":"closed","ping_status":"closed","sticky":false,"template":"","format":"standard","meta":{"footnotes":""},"categories":[1],"tags":[2521,1846,145,1817,40,229],"class_list":["post-121218","post","type-post","status-publish","format-standard","has-post-thumbnail","hentry","category-noticias","tag-amalia-rodrigues","tag-beira-interior","tag-cultura","tag-dialogo-politico","tag-pessoas","tag-politica-publica"],"yoast_head":"<!-- This site is optimized with the Yoast SEO plugin v27.2 - https:\/\/yoast.com\/product\/yoast-seo-wordpress\/ -->\n<title>Seguro, primo de um presidente da Rainha do Fado - Portal Tela Portugal<\/title>\n<meta name=\"robots\" content=\"index, follow, max-snippet:-1, max-image-preview:large, max-video-preview:-1\" \/>\n<meta property=\"og:locale\" content=\"pt_PT\" \/>\n<meta property=\"og:type\" content=\"article\" \/>\n<meta property=\"og:title\" content=\"Seguro, primo de um presidente da Rainha do Fado - Portal Tela Portugal\" \/>\n<meta property=\"og:description\" content=\"Ant\u00f3nio Jos\u00e9 Seguro \u00e9 apresentado como primo de um presidente ligado \u00e0 chamada \u201crainha do Fado\u201d, com ra\u00edzes na Beira Baixa. A pe\u00e7a destaca que as liga\u00e7\u00f5es familiares de Seguro o aproximam de figuras nacionais da pol\u00edtica e da cultura. A not\u00edcia foi publicada a 6 de janeiro de 2026, integrada numa s\u00e9rie que explora primos de v\u00e1rias figuras p\u00fablicas. Entre os temas recorrentes est\u00e3o liga\u00e7\u00f5es entre o PSD e outros protagonistas, com refer\u00eancias a diferentes l\u00edderes e personalidades. A s\u00e9rie foca-se em mostrar conex\u00f5es familiares no universo pol\u00edtico, sem emitir ju\u00edzos de valor sobre os envolvidos.\" \/>\n<meta property=\"og:url\" content=\"https:\/\/portaltela.pt\/noticias\/2026\/01\/05\/seguro-primo-de-um-presidente-da-rainha-do-fado\/\" \/>\n<meta property=\"og:site_name\" content=\"Portal Tela Portugal\" \/>\n<meta property=\"article:published_time\" content=\"2026-01-06T00:00:00+00:00\" \/>\n<meta name=\"author\" content=\"Telinha\" \/>\n<meta name=\"twitter:card\" content=\"summary_large_image\" \/>\n<meta name=\"twitter:label1\" content=\"Escrito por\" \/>\n\t<meta name=\"twitter:data1\" content=\"Telinha\" \/>\n\t<meta name=\"twitter:label2\" content=\"Tempo estimado de leitura\" \/>\n\t<meta name=\"twitter:data2\" content=\"1 minuto\" \/>\n<script type=\"application\/ld+json\" class=\"yoast-schema-graph\">{\"@context\":\"https:\/\/schema.org\",\"@graph\":[{\"@type\":\"Article\",\"@id\":\"https:\/\/portaltela.pt\/noticias\/2026\/01\/05\/seguro-primo-de-um-presidente-da-rainha-do-fado\/#article\",\"isPartOf\":{\"@id\":\"https:\/\/portaltela.pt\/noticias\/2026\/01\/05\/seguro-primo-de-um-presidente-da-rainha-do-fado\/\"},\"author\":{\"name\":\"Telinha\",\"@id\":\"https:\/\/portaltela.pt\/#\/schema\/person\/c4278d4a6028830caff9ee44b42d32ed\"},\"headline\":\"Seguro, primo de um presidente da Rainha do Fado\",\"datePublished\":\"2026-01-06T00:00:00+00:00\",\"mainEntityOfPage\":{\"@id\":\"https:\/\/portaltela.pt\/noticias\/2026\/01\/05\/seguro-primo-de-um-presidente-da-rainha-do-fado\/\"},\"wordCount\":244,\"image\":{\"@id\":\"https:\/\/portaltela.pt\/noticias\/2026\/01\/05\/seguro-primo-de-um-presidente-da-rainha-do-fado\/#primaryimage\"},\"thumbnailUrl\":\"https:\/\/portaltela.pt\/s.01k8rhncp4jt1\/2026\/01\/770-podcast-filhos-da-nacao-1-1.jpg\",\"keywords\":[\"Am\u00e1lia Rodrigues\",\"Beira Interior\",\"cultura\",\"Di\u00e1logo pol\u00edtico\",\"pessoas\",\"pol\u00edtica p\u00fablica\"],\"articleSection\":[\"Not\u00edcias\"],\"inLanguage\":\"pt-PT\"},{\"@type\":\"WebPage\",\"@id\":\"https:\/\/portaltela.pt\/noticias\/2026\/01\/05\/seguro-primo-de-um-presidente-da-rainha-do-fado\/\",\"url\":\"https:\/\/portaltela.pt\/noticias\/2026\/01\/05\/seguro-primo-de-um-presidente-da-rainha-do-fado\/\",\"name\":\"Seguro, primo de um presidente da Rainha do Fado - Portal Tela Portugal\",\"isPartOf\":{\"@id\":\"https:\/\/portaltela.pt\/#website\"},\"primaryImageOfPage\":{\"@id\":\"https:\/\/portaltela.pt\/noticias\/2026\/01\/05\/seguro-primo-de-um-presidente-da-rainha-do-fado\/#primaryimage\"},\"image\":{\"@id\":\"https:\/\/portaltela.pt\/noticias\/2026\/01\/05\/seguro-primo-de-um-presidente-da-rainha-do-fado\/#primaryimage\"},\"thumbnailUrl\":\"https:\/\/portaltela.pt\/s.01k8rhncp4jt1\/2026\/01\/770-podcast-filhos-da-nacao-1-1.jpg\",\"datePublished\":\"2026-01-06T00:00:00+00:00\",\"author\":{\"@id\":\"https:\/\/portaltela.pt\/#\/schema\/person\/c4278d4a6028830caff9ee44b42d32ed\"},\"breadcrumb\":{\"@id\":\"https:\/\/portaltela.pt\/noticias\/2026\/01\/05\/seguro-primo-de-um-presidente-da-rainha-do-fado\/#breadcrumb\"},\"inLanguage\":\"pt-PT\",\"potentialAction\":[{\"@type\":\"ReadAction\",\"target\":[\"https:\/\/portaltela.pt\/noticias\/2026\/01\/05\/seguro-primo-de-um-presidente-da-rainha-do-fado\/\"]}]},{\"@type\":\"ImageObject\",\"inLanguage\":\"pt-PT\",\"@id\":\"https:\/\/portaltela.pt\/noticias\/2026\/01\/05\/seguro-primo-de-um-presidente-da-rainha-do-fado\/#primaryimage\",\"url\":\"https:\/\/portaltela.pt\/s.01k8rhncp4jt1\/2026\/01\/770-podcast-filhos-da-nacao-1-1.jpg\",\"contentUrl\":\"https:\/\/portaltela.pt\/s.01k8rhncp4jt1\/2026\/01\/770-podcast-filhos-da-nacao-1-1.jpg\",\"width\":796,\"height\":448,\"caption\":\"Capa do programa\"},{\"@type\":\"BreadcrumbList\",\"@id\":\"https:\/\/portaltela.pt\/noticias\/2026\/01\/05\/seguro-primo-de-um-presidente-da-rainha-do-fado\/#breadcrumb\",\"itemListElement\":[{\"@type\":\"ListItem\",\"position\":1,\"name\":\"In\u00edcio\",\"item\":\"https:\/\/portaltela.pt\/\"},{\"@type\":\"ListItem\",\"position\":2,\"name\":\"Seguro, primo de um presidente da Rainha do Fado\"}]},{\"@type\":\"WebSite\",\"@id\":\"https:\/\/portaltela.pt\/#website\",\"url\":\"https:\/\/portaltela.pt\/\",\"name\":\"Portal Tela Portugal\",\"description\":\"\",\"potentialAction\":[{\"@type\":\"SearchAction\",\"target\":{\"@type\":\"EntryPoint\",\"urlTemplate\":\"https:\/\/portaltela.pt\/?s={search_term_string}\"},\"query-input\":{\"@type\":\"PropertyValueSpecification\",\"valueRequired\":true,\"valueName\":\"search_term_string\"}}],\"inLanguage\":\"pt-PT\"},{\"@type\":\"Person\",\"@id\":\"https:\/\/portaltela.pt\/#\/schema\/person\/c4278d4a6028830caff9ee44b42d32ed\",\"name\":\"Telinha\",\"image\":{\"@type\":\"ImageObject\",\"inLanguage\":\"pt-PT\",\"@id\":\"https:\/\/portaltela.pt\/s.01k8rhncp4jt1\/2025\/11\/talking-bot-125x125.png\",\"url\":\"https:\/\/portaltela.pt\/s.01k8rhncp4jt1\/2025\/11\/talking-bot-125x125.png\",\"contentUrl\":\"https:\/\/portaltela.pt\/s.01k8rhncp4jt1\/2025\/11\/talking-bot-125x125.png\",\"caption\":\"Telinha\"},\"sameAs\":[\"https:\/\/portaltela.pt\/\"],\"url\":\"https:\/\/portaltela.pt\/por\/367410592786\/\"}]}<\/script>\n<!-- \/ Yoast SEO plugin. -->","yoast_head_json":{"title":"Seguro, primo de um presidente da Rainha do Fado - Portal Tela Portugal","robots":{"index":"index","follow":"follow","max-snippet":"max-snippet:-1","max-image-preview":"max-image-preview:large","max-video-preview":"max-video-preview:-1"},"og_locale":"pt_PT","og_type":"article","og_title":"Seguro, primo de um presidente da Rainha do Fado - Portal Tela Portugal","og_description":"Ant\u00f3nio Jos\u00e9 Seguro \u00e9 apresentado como primo de um presidente ligado \u00e0 chamada \u201crainha do Fado\u201d, com ra\u00edzes na Beira Baixa. A pe\u00e7a destaca que as liga\u00e7\u00f5es familiares de Seguro o aproximam de figuras nacionais da pol\u00edtica e da cultura. A not\u00edcia foi publicada a 6 de janeiro de 2026, integrada numa s\u00e9rie que explora primos de v\u00e1rias figuras p\u00fablicas. Entre os temas recorrentes est\u00e3o liga\u00e7\u00f5es entre o PSD e outros protagonistas, com refer\u00eancias a diferentes l\u00edderes e personalidades. A s\u00e9rie foca-se em mostrar conex\u00f5es familiares no universo pol\u00edtico, sem emitir ju\u00edzos de valor sobre os envolvidos.","og_url":"https:\/\/portaltela.pt\/noticias\/2026\/01\/05\/seguro-primo-de-um-presidente-da-rainha-do-fado\/","og_site_name":"Portal Tela Portugal","article_published_time":"2026-01-06T00:00:00+00:00","author":"Telinha","twitter_card":"summary_large_image","twitter_misc":{"Escrito por":"Telinha","Tempo estimado de leitura":"1 minuto"},"schema":{"@context":"https:\/\/schema.org","@graph":[{"@type":"Article","@id":"https:\/\/portaltela.pt\/noticias\/2026\/01\/05\/seguro-primo-de-um-presidente-da-rainha-do-fado\/#article","isPartOf":{"@id":"https:\/\/portaltela.pt\/noticias\/2026\/01\/05\/seguro-primo-de-um-presidente-da-rainha-do-fado\/"},"author":{"name":"Telinha","@id":"https:\/\/portaltela.pt\/#\/schema\/person\/c4278d4a6028830caff9ee44b42d32ed"},"headline":"Seguro, primo de um presidente da Rainha do Fado","datePublished":"2026-01-06T00:00:00+00:00","mainEntityOfPage":{"@id":"https:\/\/portaltela.pt\/noticias\/2026\/01\/05\/seguro-primo-de-um-presidente-da-rainha-do-fado\/"},"wordCount":244,"image":{"@id":"https:\/\/portaltela.pt\/noticias\/2026\/01\/05\/seguro-primo-de-um-presidente-da-rainha-do-fado\/#primaryimage"},"thumbnailUrl":"https:\/\/portaltela.pt\/s.01k8rhncp4jt1\/2026\/01\/770-podcast-filhos-da-nacao-1-1.jpg","keywords":["Am\u00e1lia Rodrigues","Beira Interior","cultura","Di\u00e1logo pol\u00edtico","pessoas","pol\u00edtica p\u00fablica"],"articleSection":["Not\u00edcias"],"inLanguage":"pt-PT"},{"@type":"WebPage","@id":"https:\/\/portaltela.pt\/noticias\/2026\/01\/05\/seguro-primo-de-um-presidente-da-rainha-do-fado\/","url":"https:\/\/portaltela.pt\/noticias\/2026\/01\/05\/seguro-primo-de-um-presidente-da-rainha-do-fado\/","name":"Seguro, primo de um presidente da Rainha do Fado - Portal Tela Portugal","isPartOf":{"@id":"https:\/\/portaltela.pt\/#website"},"primaryImageOfPage":{"@id":"https:\/\/portaltela.pt\/noticias\/2026\/01\/05\/seguro-primo-de-um-presidente-da-rainha-do-fado\/#primaryimage"},"image":{"@id":"https:\/\/portaltela.pt\/noticias\/2026\/01\/05\/seguro-primo-de-um-presidente-da-rainha-do-fado\/#primaryimage"},"thumbnailUrl":"https:\/\/portaltela.pt\/s.01k8rhncp4jt1\/2026\/01\/770-podcast-filhos-da-nacao-1-1.jpg","datePublished":"2026-01-06T00:00:00+00:00","author":{"@id":"https:\/\/portaltela.pt\/#\/schema\/person\/c4278d4a6028830caff9ee44b42d32ed"},"breadcrumb":{"@id":"https:\/\/portaltela.pt\/noticias\/2026\/01\/05\/seguro-primo-de-um-presidente-da-rainha-do-fado\/#breadcrumb"},"inLanguage":"pt-PT","potentialAction":[{"@type":"ReadAction","target":["https:\/\/portaltela.pt\/noticias\/2026\/01\/05\/seguro-primo-de-um-presidente-da-rainha-do-fado\/"]}]},{"@type":"ImageObject","inLanguage":"pt-PT","@id":"https:\/\/portaltela.pt\/noticias\/2026\/01\/05\/seguro-primo-de-um-presidente-da-rainha-do-fado\/#primaryimage","url":"https:\/\/portaltela.pt\/s.01k8rhncp4jt1\/2026\/01\/770-podcast-filhos-da-nacao-1-1.jpg","contentUrl":"https:\/\/portaltela.pt\/s.01k8rhncp4jt1\/2026\/01\/770-podcast-filhos-da-nacao-1-1.jpg","width":796,"height":448,"caption":"Capa do programa"},{"@type":"BreadcrumbList","@id":"https:\/\/portaltela.pt\/noticias\/2026\/01\/05\/seguro-primo-de-um-presidente-da-rainha-do-fado\/#breadcrumb","itemListElement":[{"@type":"ListItem","position":1,"name":"In\u00edcio","item":"https:\/\/portaltela.pt\/"},{"@type":"ListItem","position":2,"name":"Seguro, primo de um presidente da Rainha do Fado"}]},{"@type":"WebSite","@id":"https:\/\/portaltela.pt\/#website","url":"https:\/\/portaltela.pt\/","name":"Portal Tela Portugal","description":"","potentialAction":[{"@type":"SearchAction","target":{"@type":"EntryPoint","urlTemplate":"https:\/\/portaltela.pt\/?s={search_term_string}"},"query-input":{"@type":"PropertyValueSpecification","valueRequired":true,"valueName":"search_term_string"}}],"inLanguage":"pt-PT"},{"@type":"Person","@id":"https:\/\/portaltela.pt\/#\/schema\/person\/c4278d4a6028830caff9ee44b42d32ed","name":"Telinha","image":{"@type":"ImageObject","inLanguage":"pt-PT","@id":"https:\/\/portaltela.pt\/s.01k8rhncp4jt1\/2025\/11\/talking-bot-125x125.png","url":"https:\/\/portaltela.pt\/s.01k8rhncp4jt1\/2025\/11\/talking-bot-125x125.png","contentUrl":"https:\/\/portaltela.pt\/s.01k8rhncp4jt1\/2025\/11\/talking-bot-125x125.png","caption":"Telinha"},"sameAs":["https:\/\/portaltela.pt\/"],"url":"https:\/\/portaltela.pt\/por\/367410592786\/"}]}},"_links":{"self":[{"href":"https:\/\/portaltela.pt\/api\/wp\/v2\/posts\/121218","targetHints":{"allow":["GET"]}}],"collection":[{"href":"https:\/\/portaltela.pt\/api\/wp\/v2\/posts"}],"about":[{"href":"https:\/\/portaltela.pt\/api\/wp\/v2\/types\/post"}],"author":[{"embeddable":true,"href":"https:\/\/portaltela.pt\/api\/wp\/v2\/users\/2"}],"replies":[{"embeddable":true,"href":"https:\/\/portaltela.pt\/api\/wp\/v2\/comments?post=121218"}],"version-history":[{"count":0,"href":"https:\/\/portaltela.pt\/api\/wp\/v2\/posts\/121218\/revisions"}],"wp:featuredmedia":[{"embeddable":true,"href":"https:\/\/portaltela.pt\/api\/wp\/v2\/media\/121226"}],"wp:attachment":[{"href":"https:\/\/portaltela.pt\/api\/wp\/v2\/media?parent=121218"}],"wp:term":[{"taxonomy":"category","embeddable":true,"href":"https:\/\/portaltela.pt\/api\/wp\/v2\/categories?post=121218"},{"taxonomy":"post_tag","embeddable":true,"href":"https:\/\/portaltela.pt\/api\/wp\/v2\/tags?post=121218"}],"curies":[{"name":"wp","href":"https:\/\/api.w.org\/{rel}","templated":true}]}}