{"id":121204,"date":"2026-01-06T14:27:35","date_gmt":"2026-01-06T17:27:35","guid":{"rendered":"https:\/\/portaltela.pt\/noticias\/2026\/01\/06\/espaco-cidadao-movel-e-biblioteca-itinerante-da-amdt-atingem-500-atendimentos-no-1o-ano\/"},"modified":"2026-01-06T14:27:35","modified_gmt":"2026-01-06T17:27:35","slug":"espaco-cidadao-movel-e-biblioteca-itinerante-da-amdt-atingem-500-atendimentos-no-1o-ano","status":"publish","type":"post","link":"https:\/\/portaltela.pt\/noticias\/2026\/01\/06\/espaco-cidadao-movel-e-biblioteca-itinerante-da-amdt-atingem-500-atendimentos-no-1o-ano\/","title":{"rendered":"Espa\u00e7o Cidad\u00e3o M\u00f3vel e Biblioteca Itinerante da AMDT atingem 500 atendimentos no 1\u00ba ano"},"content":{"rendered":"<p>O Espa\u00e7o Cidad\u00e3o M\u00f3vel e a Biblioteca Itinerante da AMDT completaram um ano de funcionamento, com mais de 500 atendimentos em 2025. O posto m\u00f3vel abriu as portas para servi\u00e7os p\u00fablicos e leitura em zonas afastadas do Douro e T\u00e2mega, com 20 servi\u00e7os distintos dispon\u00edveis.<\/p>\n<p>Ao longo de 12 meses, o projecto percorreu v\u00e1rias localidades da regi\u00e3o, servindo um acervo itinerante de cerca de 300 livros. O objetivo \u00e9 aproximar a Administra\u00e7\u00e3o P\u00fablica e a cultura das popula\u00e7\u00f5es que residem em \u00e1reas rurais e menos conectadas.<\/p>\n<p>Entre os servi\u00e7os mais procurados, destacam-se o atendimento geral do Espa\u00e7o Cidad\u00e3o, a cria\u00e7\u00e3o da Chave M\u00f3vel Digital e a renova\u00e7\u00e3o da carta de condu\u00e7\u00e3o. Na Biblioteca Itinerante, registaram-se 150 requisi\u00e7\u00f5es de livros, com maior ades\u00e3o de crian\u00e7as e jovens.<\/p>\n<h3>Refor\u00e7o do projeto em 2026<\/h3>\n<p>A presidente da AMDT, Jorge Ricardo, sublinha a relev\u00e2ncia do servi\u00e7o para o territ\u00f3rio do Douro e T\u00e2mega, contribuindo para a coes\u00e3o social e a redu\u00e7\u00e3o de desigualdades no acesso aos servi\u00e7os p\u00fablicos. O planalto de 2026 aponta para mais atendimentos e maior diversifica\u00e7\u00e3o de servi\u00e7os.<\/p>\n<p>O projecto resulta de um protocolo entre a Ag\u00eancia para a Moderniza\u00e7\u00e3o Administrativa (AMA), a AMDT e os cinco munic\u00edpios associados, assegurando mais de 35 servi\u00e7os p\u00fablicos disponibilizados sem necessidade de marca\u00e7\u00e3o pr\u00e9via. As rotas s\u00e3o definidas mensalmente em articula\u00e7\u00e3o com os munic\u00edpios.<\/p>\n<p>O Espa\u00e7o Cidad\u00e3o e a Biblioteca Itinerante fazem parte da rede nacional de Espa\u00e7os Cidad\u00e3o. Al\u00e9m de tratar quest\u00f5es como altera\u00e7\u00e3o de morada no Cart\u00e3o de Cidad\u00e3o, ativa\u00e7\u00e3o da Chave M\u00f3vel Digital e pedidos de certificado do registo criminal, a Biblioteca Itinerante promove o acesso \u00e0 leitura com acervo cedido pelos munic\u00edpios.<\/p>\n","protected":false},"excerpt":{"rendered":"<ul>\n<li>O Espa\u00e7o Cidad\u00e3o M\u00f3vel e Biblioteca Itinerante da AMDT cumpriu um ano de funcionamento a 6 de janeiro, com mais de 500 atendimentos em 2025, abrangendo 20 servi\u00e7os distintos.<\/li>\n<li>O projeto percorreu v\u00e1rias localidades do Douro e T\u00e2mega, proporcionando acesso descentralizado a servi\u00e7os p\u00fablicos e \u00e0 cultura, com um acervo itinerante de cerca de 300 livros.<\/li>\n<li>Entre os servi\u00e7os mais procurados destacam-se o atendimento geral do Espa\u00e7o Cidad\u00e3o, a cria\u00e7\u00e3o da Chave M\u00f3vel Digital e a renova\u00e7\u00e3o da carta de condu\u00e7\u00e3o.<\/li>\n<li>A Biblioteca Itinerante registou 150 requisi\u00e7\u00f5es de livros, com maior ades\u00e3o de crian\u00e7as e jovens.<\/li>\n<li>Em 2026 pretende-se refor\u00e7ar o projeto, ampliar atendimentos e diversificar servi\u00e7os, fruto de um protocolo entre a Ag\u00eancia para a Moderniza\u00e7\u00e3o Administrativa, a AMDT e cinco munic\u00edpios associados, que assegura mais de 35 servi\u00e7os p\u00fablicos.<\/li>\n<\/ul>\n","protected":false},"author":2,"featured_media":121208,"comment_status":"closed","ping_status":"closed","sticky":false,"template":"","format":"standard","meta":{"footnotes":""},"categories":[1],"tags":[168,1323,1275,1194,2524,1221],"class_list":["post-121204","post","type-post","status-publish","format-standard","has-post-thumbnail","hentry","category-noticias","tag-administracao-publica","tag-coesao-social","tag-descentralizacao-territorial","tag-douro","tag-espaco-cidadao","tag-servicos-publicos"],"yoast_head":"<!-- This site is optimized with the Yoast SEO plugin v27.2 - https:\/\/yoast.com\/product\/yoast-seo-wordpress\/ -->\n<title>Espa\u00e7o Cidad\u00e3o M\u00f3vel e Biblioteca Itinerante da AMDT atingem 500 atendimentos no 1\u00ba ano - Portal Tela Portugal<\/title>\n<meta name=\"robots\" content=\"index, follow, max-snippet:-1, max-image-preview:large, max-video-preview:-1\" \/>\n<meta property=\"og:locale\" content=\"pt_PT\" \/>\n<meta property=\"og:type\" content=\"article\" \/>\n<meta property=\"og:title\" content=\"Espa\u00e7o Cidad\u00e3o M\u00f3vel e Biblioteca Itinerante da AMDT atingem 500 atendimentos no 1\u00ba ano - Portal Tela Portugal\" \/>\n<meta property=\"og:description\" content=\"O Espa\u00e7o Cidad\u00e3o M\u00f3vel e Biblioteca Itinerante da AMDT cumpriu um ano de funcionamento a 6 de janeiro, com mais de 500 atendimentos em 2025, abrangendo 20 servi\u00e7os distintos. O projeto percorreu v\u00e1rias localidades do Douro e T\u00e2mega, proporcionando acesso descentralizado a servi\u00e7os p\u00fablicos e \u00e0 cultura, com um acervo itinerante de cerca de 300 livros. Entre os servi\u00e7os mais procurados destacam-se o atendimento geral do Espa\u00e7o Cidad\u00e3o, a cria\u00e7\u00e3o da Chave M\u00f3vel Digital e a renova\u00e7\u00e3o da carta de condu\u00e7\u00e3o. A Biblioteca Itinerante registou 150 requisi\u00e7\u00f5es de livros, com maior ades\u00e3o de crian\u00e7as e jovens. Em 2026 pretende-se refor\u00e7ar o projeto, ampliar atendimentos e diversificar servi\u00e7os, fruto de um protocolo entre a Ag\u00eancia para a Moderniza\u00e7\u00e3o Administrativa, a AMDT e cinco munic\u00edpios associados, que assegura mais de 35 servi\u00e7os p\u00fablicos.\" \/>\n<meta property=\"og:url\" content=\"https:\/\/portaltela.pt\/noticias\/2026\/01\/06\/espaco-cidadao-movel-e-biblioteca-itinerante-da-amdt-atingem-500-atendimentos-no-1o-ano\/\" \/>\n<meta property=\"og:site_name\" content=\"Portal Tela Portugal\" \/>\n<meta property=\"article:published_time\" content=\"2026-01-06T17:27:35+00:00\" \/>\n<meta name=\"author\" content=\"Telinha\" \/>\n<meta name=\"twitter:card\" content=\"summary_large_image\" \/>\n<meta name=\"twitter:label1\" content=\"Escrito por\" \/>\n\t<meta name=\"twitter:data1\" content=\"Telinha\" \/>\n\t<meta name=\"twitter:label2\" content=\"Tempo estimado de leitura\" \/>\n\t<meta name=\"twitter:data2\" content=\"2 minutos\" \/>\n<script type=\"application\/ld+json\" class=\"yoast-schema-graph\">{\"@context\":\"https:\/\/schema.org\",\"@graph\":[{\"@type\":\"Article\",\"@id\":\"https:\/\/portaltela.pt\/noticias\/2026\/01\/06\/espaco-cidadao-movel-e-biblioteca-itinerante-da-amdt-atingem-500-atendimentos-no-1o-ano\/#article\",\"isPartOf\":{\"@id\":\"https:\/\/portaltela.pt\/noticias\/2026\/01\/06\/espaco-cidadao-movel-e-biblioteca-itinerante-da-amdt-atingem-500-atendimentos-no-1o-ano\/\"},\"author\":{\"name\":\"Telinha\",\"@id\":\"https:\/\/portaltela.pt\/#\/schema\/person\/c4278d4a6028830caff9ee44b42d32ed\"},\"headline\":\"Espa\u00e7o Cidad\u00e3o M\u00f3vel e Biblioteca Itinerante da AMDT atingem 500 atendimentos no 1\u00ba ano\",\"datePublished\":\"2026-01-06T17:27:35+00:00\",\"mainEntityOfPage\":{\"@id\":\"https:\/\/portaltela.pt\/noticias\/2026\/01\/06\/espaco-cidadao-movel-e-biblioteca-itinerante-da-amdt-atingem-500-atendimentos-no-1o-ano\/\"},\"wordCount\":333,\"image\":{\"@id\":\"https:\/\/portaltela.pt\/noticias\/2026\/01\/06\/espaco-cidadao-movel-e-biblioteca-itinerante-da-amdt-atingem-500-atendimentos-no-1o-ano\/#primaryimage\"},\"thumbnailUrl\":\"https:\/\/portaltela.pt\/s.01k8rhncp4jt1\/2026\/01\/unnamed-file-1137.jpg\",\"keywords\":[\"administra\u00e7\u00e3o p\u00fablica\",\"Coes\u00e3o social\",\"descentraliza\u00e7\u00e3o territorial\",\"Douro\",\"Espa\u00e7o Cidad\u00e3o\",\"servi\u00e7os p\u00fablicos\"],\"articleSection\":[\"Not\u00edcias\"],\"inLanguage\":\"pt-PT\"},{\"@type\":\"WebPage\",\"@id\":\"https:\/\/portaltela.pt\/noticias\/2026\/01\/06\/espaco-cidadao-movel-e-biblioteca-itinerante-da-amdt-atingem-500-atendimentos-no-1o-ano\/\",\"url\":\"https:\/\/portaltela.pt\/noticias\/2026\/01\/06\/espaco-cidadao-movel-e-biblioteca-itinerante-da-amdt-atingem-500-atendimentos-no-1o-ano\/\",\"name\":\"Espa\u00e7o Cidad\u00e3o M\u00f3vel e Biblioteca Itinerante da AMDT atingem 500 atendimentos no 1\u00ba ano - Portal Tela Portugal\",\"isPartOf\":{\"@id\":\"https:\/\/portaltela.pt\/#website\"},\"primaryImageOfPage\":{\"@id\":\"https:\/\/portaltela.pt\/noticias\/2026\/01\/06\/espaco-cidadao-movel-e-biblioteca-itinerante-da-amdt-atingem-500-atendimentos-no-1o-ano\/#primaryimage\"},\"image\":{\"@id\":\"https:\/\/portaltela.pt\/noticias\/2026\/01\/06\/espaco-cidadao-movel-e-biblioteca-itinerante-da-amdt-atingem-500-atendimentos-no-1o-ano\/#primaryimage\"},\"thumbnailUrl\":\"https:\/\/portaltela.pt\/s.01k8rhncp4jt1\/2026\/01\/unnamed-file-1137.jpg\",\"datePublished\":\"2026-01-06T17:27:35+00:00\",\"author\":{\"@id\":\"https:\/\/portaltela.pt\/#\/schema\/person\/c4278d4a6028830caff9ee44b42d32ed\"},\"breadcrumb\":{\"@id\":\"https:\/\/portaltela.pt\/noticias\/2026\/01\/06\/espaco-cidadao-movel-e-biblioteca-itinerante-da-amdt-atingem-500-atendimentos-no-1o-ano\/#breadcrumb\"},\"inLanguage\":\"pt-PT\",\"potentialAction\":[{\"@type\":\"ReadAction\",\"target\":[\"https:\/\/portaltela.pt\/noticias\/2026\/01\/06\/espaco-cidadao-movel-e-biblioteca-itinerante-da-amdt-atingem-500-atendimentos-no-1o-ano\/\"]}]},{\"@type\":\"ImageObject\",\"inLanguage\":\"pt-PT\",\"@id\":\"https:\/\/portaltela.pt\/noticias\/2026\/01\/06\/espaco-cidadao-movel-e-biblioteca-itinerante-da-amdt-atingem-500-atendimentos-no-1o-ano\/#primaryimage\",\"url\":\"https:\/\/portaltela.pt\/s.01k8rhncp4jt1\/2026\/01\/unnamed-file-1137.jpg\",\"contentUrl\":\"https:\/\/portaltela.pt\/s.01k8rhncp4jt1\/2026\/01\/unnamed-file-1137.jpg\",\"width\":796,\"height\":448,\"caption\":\"Espa\u00e7o Cidad\u00e3o M\u00f3vel e Biblioteca Itinerante da AMDT ultrapassam 500 atendimentos no primeiro ano\"},{\"@type\":\"BreadcrumbList\",\"@id\":\"https:\/\/portaltela.pt\/noticias\/2026\/01\/06\/espaco-cidadao-movel-e-biblioteca-itinerante-da-amdt-atingem-500-atendimentos-no-1o-ano\/#breadcrumb\",\"itemListElement\":[{\"@type\":\"ListItem\",\"position\":1,\"name\":\"In\u00edcio\",\"item\":\"https:\/\/portaltela.pt\/\"},{\"@type\":\"ListItem\",\"position\":2,\"name\":\"Espa\u00e7o Cidad\u00e3o M\u00f3vel e Biblioteca Itinerante da AMDT atingem 500 atendimentos no 1\u00ba ano\"}]},{\"@type\":\"WebSite\",\"@id\":\"https:\/\/portaltela.pt\/#website\",\"url\":\"https:\/\/portaltela.pt\/\",\"name\":\"Portal Tela Portugal\",\"description\":\"\",\"potentialAction\":[{\"@type\":\"SearchAction\",\"target\":{\"@type\":\"EntryPoint\",\"urlTemplate\":\"https:\/\/portaltela.pt\/?s={search_term_string}\"},\"query-input\":{\"@type\":\"PropertyValueSpecification\",\"valueRequired\":true,\"valueName\":\"search_term_string\"}}],\"inLanguage\":\"pt-PT\"},{\"@type\":\"Person\",\"@id\":\"https:\/\/portaltela.pt\/#\/schema\/person\/c4278d4a6028830caff9ee44b42d32ed\",\"name\":\"Telinha\",\"image\":{\"@type\":\"ImageObject\",\"inLanguage\":\"pt-PT\",\"@id\":\"https:\/\/portaltela.pt\/s.01k8rhncp4jt1\/2025\/11\/talking-bot-125x125.png\",\"url\":\"https:\/\/portaltela.pt\/s.01k8rhncp4jt1\/2025\/11\/talking-bot-125x125.png\",\"contentUrl\":\"https:\/\/portaltela.pt\/s.01k8rhncp4jt1\/2025\/11\/talking-bot-125x125.png\",\"caption\":\"Telinha\"},\"sameAs\":[\"https:\/\/portaltela.pt\/\"],\"url\":\"https:\/\/portaltela.pt\/por\/367410592786\/\"}]}<\/script>\n<!-- \/ Yoast SEO plugin. -->","yoast_head_json":{"title":"Espa\u00e7o Cidad\u00e3o M\u00f3vel e Biblioteca Itinerante da AMDT atingem 500 atendimentos no 1\u00ba ano - Portal Tela Portugal","robots":{"index":"index","follow":"follow","max-snippet":"max-snippet:-1","max-image-preview":"max-image-preview:large","max-video-preview":"max-video-preview:-1"},"og_locale":"pt_PT","og_type":"article","og_title":"Espa\u00e7o Cidad\u00e3o M\u00f3vel e Biblioteca Itinerante da AMDT atingem 500 atendimentos no 1\u00ba ano - Portal Tela Portugal","og_description":"O Espa\u00e7o Cidad\u00e3o M\u00f3vel e Biblioteca Itinerante da AMDT cumpriu um ano de funcionamento a 6 de janeiro, com mais de 500 atendimentos em 2025, abrangendo 20 servi\u00e7os distintos. O projeto percorreu v\u00e1rias localidades do Douro e T\u00e2mega, proporcionando acesso descentralizado a servi\u00e7os p\u00fablicos e \u00e0 cultura, com um acervo itinerante de cerca de 300 livros. Entre os servi\u00e7os mais procurados destacam-se o atendimento geral do Espa\u00e7o Cidad\u00e3o, a cria\u00e7\u00e3o da Chave M\u00f3vel Digital e a renova\u00e7\u00e3o da carta de condu\u00e7\u00e3o. A Biblioteca Itinerante registou 150 requisi\u00e7\u00f5es de livros, com maior ades\u00e3o de crian\u00e7as e jovens. Em 2026 pretende-se refor\u00e7ar o projeto, ampliar atendimentos e diversificar servi\u00e7os, fruto de um protocolo entre a Ag\u00eancia para a Moderniza\u00e7\u00e3o Administrativa, a AMDT e cinco munic\u00edpios associados, que assegura mais de 35 servi\u00e7os p\u00fablicos.","og_url":"https:\/\/portaltela.pt\/noticias\/2026\/01\/06\/espaco-cidadao-movel-e-biblioteca-itinerante-da-amdt-atingem-500-atendimentos-no-1o-ano\/","og_site_name":"Portal Tela Portugal","article_published_time":"2026-01-06T17:27:35+00:00","author":"Telinha","twitter_card":"summary_large_image","twitter_misc":{"Escrito por":"Telinha","Tempo estimado de leitura":"2 minutos"},"schema":{"@context":"https:\/\/schema.org","@graph":[{"@type":"Article","@id":"https:\/\/portaltela.pt\/noticias\/2026\/01\/06\/espaco-cidadao-movel-e-biblioteca-itinerante-da-amdt-atingem-500-atendimentos-no-1o-ano\/#article","isPartOf":{"@id":"https:\/\/portaltela.pt\/noticias\/2026\/01\/06\/espaco-cidadao-movel-e-biblioteca-itinerante-da-amdt-atingem-500-atendimentos-no-1o-ano\/"},"author":{"name":"Telinha","@id":"https:\/\/portaltela.pt\/#\/schema\/person\/c4278d4a6028830caff9ee44b42d32ed"},"headline":"Espa\u00e7o Cidad\u00e3o M\u00f3vel e Biblioteca Itinerante da AMDT atingem 500 atendimentos no 1\u00ba ano","datePublished":"2026-01-06T17:27:35+00:00","mainEntityOfPage":{"@id":"https:\/\/portaltela.pt\/noticias\/2026\/01\/06\/espaco-cidadao-movel-e-biblioteca-itinerante-da-amdt-atingem-500-atendimentos-no-1o-ano\/"},"wordCount":333,"image":{"@id":"https:\/\/portaltela.pt\/noticias\/2026\/01\/06\/espaco-cidadao-movel-e-biblioteca-itinerante-da-amdt-atingem-500-atendimentos-no-1o-ano\/#primaryimage"},"thumbnailUrl":"https:\/\/portaltela.pt\/s.01k8rhncp4jt1\/2026\/01\/unnamed-file-1137.jpg","keywords":["administra\u00e7\u00e3o p\u00fablica","Coes\u00e3o social","descentraliza\u00e7\u00e3o territorial","Douro","Espa\u00e7o Cidad\u00e3o","servi\u00e7os p\u00fablicos"],"articleSection":["Not\u00edcias"],"inLanguage":"pt-PT"},{"@type":"WebPage","@id":"https:\/\/portaltela.pt\/noticias\/2026\/01\/06\/espaco-cidadao-movel-e-biblioteca-itinerante-da-amdt-atingem-500-atendimentos-no-1o-ano\/","url":"https:\/\/portaltela.pt\/noticias\/2026\/01\/06\/espaco-cidadao-movel-e-biblioteca-itinerante-da-amdt-atingem-500-atendimentos-no-1o-ano\/","name":"Espa\u00e7o Cidad\u00e3o M\u00f3vel e Biblioteca Itinerante da AMDT atingem 500 atendimentos no 1\u00ba ano - Portal Tela Portugal","isPartOf":{"@id":"https:\/\/portaltela.pt\/#website"},"primaryImageOfPage":{"@id":"https:\/\/portaltela.pt\/noticias\/2026\/01\/06\/espaco-cidadao-movel-e-biblioteca-itinerante-da-amdt-atingem-500-atendimentos-no-1o-ano\/#primaryimage"},"image":{"@id":"https:\/\/portaltela.pt\/noticias\/2026\/01\/06\/espaco-cidadao-movel-e-biblioteca-itinerante-da-amdt-atingem-500-atendimentos-no-1o-ano\/#primaryimage"},"thumbnailUrl":"https:\/\/portaltela.pt\/s.01k8rhncp4jt1\/2026\/01\/unnamed-file-1137.jpg","datePublished":"2026-01-06T17:27:35+00:00","author":{"@id":"https:\/\/portaltela.pt\/#\/schema\/person\/c4278d4a6028830caff9ee44b42d32ed"},"breadcrumb":{"@id":"https:\/\/portaltela.pt\/noticias\/2026\/01\/06\/espaco-cidadao-movel-e-biblioteca-itinerante-da-amdt-atingem-500-atendimentos-no-1o-ano\/#breadcrumb"},"inLanguage":"pt-PT","potentialAction":[{"@type":"ReadAction","target":["https:\/\/portaltela.pt\/noticias\/2026\/01\/06\/espaco-cidadao-movel-e-biblioteca-itinerante-da-amdt-atingem-500-atendimentos-no-1o-ano\/"]}]},{"@type":"ImageObject","inLanguage":"pt-PT","@id":"https:\/\/portaltela.pt\/noticias\/2026\/01\/06\/espaco-cidadao-movel-e-biblioteca-itinerante-da-amdt-atingem-500-atendimentos-no-1o-ano\/#primaryimage","url":"https:\/\/portaltela.pt\/s.01k8rhncp4jt1\/2026\/01\/unnamed-file-1137.jpg","contentUrl":"https:\/\/portaltela.pt\/s.01k8rhncp4jt1\/2026\/01\/unnamed-file-1137.jpg","width":796,"height":448,"caption":"Espa\u00e7o Cidad\u00e3o M\u00f3vel e Biblioteca Itinerante da AMDT ultrapassam 500 atendimentos no primeiro ano"},{"@type":"BreadcrumbList","@id":"https:\/\/portaltela.pt\/noticias\/2026\/01\/06\/espaco-cidadao-movel-e-biblioteca-itinerante-da-amdt-atingem-500-atendimentos-no-1o-ano\/#breadcrumb","itemListElement":[{"@type":"ListItem","position":1,"name":"In\u00edcio","item":"https:\/\/portaltela.pt\/"},{"@type":"ListItem","position":2,"name":"Espa\u00e7o Cidad\u00e3o M\u00f3vel e Biblioteca Itinerante da AMDT atingem 500 atendimentos no 1\u00ba ano"}]},{"@type":"WebSite","@id":"https:\/\/portaltela.pt\/#website","url":"https:\/\/portaltela.pt\/","name":"Portal Tela Portugal","description":"","potentialAction":[{"@type":"SearchAction","target":{"@type":"EntryPoint","urlTemplate":"https:\/\/portaltela.pt\/?s={search_term_string}"},"query-input":{"@type":"PropertyValueSpecification","valueRequired":true,"valueName":"search_term_string"}}],"inLanguage":"pt-PT"},{"@type":"Person","@id":"https:\/\/portaltela.pt\/#\/schema\/person\/c4278d4a6028830caff9ee44b42d32ed","name":"Telinha","image":{"@type":"ImageObject","inLanguage":"pt-PT","@id":"https:\/\/portaltela.pt\/s.01k8rhncp4jt1\/2025\/11\/talking-bot-125x125.png","url":"https:\/\/portaltela.pt\/s.01k8rhncp4jt1\/2025\/11\/talking-bot-125x125.png","contentUrl":"https:\/\/portaltela.pt\/s.01k8rhncp4jt1\/2025\/11\/talking-bot-125x125.png","caption":"Telinha"},"sameAs":["https:\/\/portaltela.pt\/"],"url":"https:\/\/portaltela.pt\/por\/367410592786\/"}]}},"_links":{"self":[{"href":"https:\/\/portaltela.pt\/api\/wp\/v2\/posts\/121204","targetHints":{"allow":["GET"]}}],"collection":[{"href":"https:\/\/portaltela.pt\/api\/wp\/v2\/posts"}],"about":[{"href":"https:\/\/portaltela.pt\/api\/wp\/v2\/types\/post"}],"author":[{"embeddable":true,"href":"https:\/\/portaltela.pt\/api\/wp\/v2\/users\/2"}],"replies":[{"embeddable":true,"href":"https:\/\/portaltela.pt\/api\/wp\/v2\/comments?post=121204"}],"version-history":[{"count":0,"href":"https:\/\/portaltela.pt\/api\/wp\/v2\/posts\/121204\/revisions"}],"wp:featuredmedia":[{"embeddable":true,"href":"https:\/\/portaltela.pt\/api\/wp\/v2\/media\/121208"}],"wp:attachment":[{"href":"https:\/\/portaltela.pt\/api\/wp\/v2\/media?parent=121204"}],"wp:term":[{"taxonomy":"category","embeddable":true,"href":"https:\/\/portaltela.pt\/api\/wp\/v2\/categories?post=121204"},{"taxonomy":"post_tag","embeddable":true,"href":"https:\/\/portaltela.pt\/api\/wp\/v2\/tags?post=121204"}],"curies":[{"name":"wp","href":"https:\/\/api.w.org\/{rel}","templated":true}]}}