{"id":121178,"date":"2026-01-06T14:16:25","date_gmt":"2026-01-06T17:16:25","guid":{"rendered":"https:\/\/portaltela.pt\/noticias\/2026\/01\/06\/uls-alto-alentejo-recebe-novos-internos-e-residentes-de-farmacia\/"},"modified":"2026-01-06T14:16:25","modified_gmt":"2026-01-06T17:16:25","slug":"uls-alto-alentejo-recebe-novos-internos-e-residentes-de-farmacia","status":"publish","type":"post","link":"https:\/\/portaltela.pt\/noticias\/2026\/01\/06\/uls-alto-alentejo-recebe-novos-internos-e-residentes-de-farmacia\/","title":{"rendered":"ULS Alto Alentejo recebe novos internos e residentes de Farm\u00e1cia"},"content":{"rendered":"<p>A Unidade Local de Sa\u00fade (ULS) do Alto Alentejo deu as boas-vindas, na \u00faltima segunda-feira, 5, aos novos profissionais que iniciam a forma\u00e7\u00e3o especializada na regi\u00e3o. A sess\u00e3o de acolhimento realizou-se no Hospital Doutor Jos\u00e9 Maria Grande, em Portalegre.<\/p>\n<p>Este momento marca o in\u00edcio do Internato 2026, com a entrada de tr\u00eas m\u00e9dicos de Forma\u00e7\u00e3o Geral de Medicina e quatro internos de especialidade. Os profissionais v\u00e3o refor\u00e7ar as \u00e1reas de Psiquiatria, Cirurgia Geral, Radiologia e Pediatria.<\/p>\n<p>Foram ainda acolhidos dois residentes de Farm\u00e1cia Hospitalar, cujo papel \u00e9 essencial no apoio \u00e0 gest\u00e3o e seguran\u00e7a do circuito do medicamento. A distribui\u00e7\u00e3o vai abranger v\u00e1rias unidades da ULS Alto Alentejo.<\/p>\n<p>Os novos internos e residentes v\u00e3o contribuir para ampliar a capacidade assistencial e assegurar cuidados de sa\u00fade de qualidade para a popula\u00e7\u00e3o da regi\u00e3o.<\/p>\n<p>A ULS Alto Alentejo desejou sucesso a todos os novos elementos, sublinhando a import\u00e2ncia da aprendizagem cont\u00ednua e do esp\u00edrito de miss\u00e3o ao servi\u00e7o da sa\u00fade e da comunidade.<\/p>\n<h3>Envolvidos e \u00e1reas de atua\u00e7\u00e3o<\/h3>\n<ul>\n<li>Tr\u00eas m\u00e9dicos de Forma\u00e7\u00e3o Geral de Medicina e quatro internos de especialidade em Psiquiatria, Cirurgia Geral, Radiologia e Pediatria.<\/li>\n<li>Dois residentes de Farm\u00e1cia Hospitalar.<\/li>\n<li>Unidade de acolhimento: Hospital Doutor Jos\u00e9 Maria Grande, Portalegre.<\/li>\n<\/ul>\n","protected":false},"excerpt":{"rendered":"<ul>\n<li>A ULS Alto Alentejo deu as boas-vindas aos novos internos e residentes no Internato 2026, na sess\u00e3o de acolhimento realizada no Hospital Doutor Jos\u00e9 Maria Grande, em Portalegre, na \u00faltima segunda-feira, dia 5.<\/li>\n<li>Foram recebidos tr\u00eas m\u00e9dicos de Forma\u00e7\u00e3o Geral de Medicina e quatro internos de especialidade.<\/li>\n<li>As \u00e1reas de destino incluem Psiquiatria, Cirurgia Geral, Radiologia e Pediatria.<\/li>\n<li>Foram ainda acolhidos dois residentes de Farm\u00e1cia Hospitalar, cuja atividade se centra na gest\u00e3o e seguran\u00e7a do circuito do medicamento.<\/li>\n<li>Os novos profissionais v\u00e3o ficar distribu\u00eddos por v\u00e1rias unidades da ULS Alto Alentejo, contribuindo para refor\u00e7ar a capacidade assistencial e a presta\u00e7\u00e3o de cuidados de sa\u00fade \u00e0 popula\u00e7\u00e3o da regi\u00e3o.<\/li>\n<\/ul>\n","protected":false},"author":2,"featured_media":121196,"comment_status":"closed","ping_status":"closed","sticky":false,"template":"","format":"standard","meta":{"footnotes":""},"categories":[1],"tags":[2218,633,1403,1075,1404,1554],"class_list":["post-121178","post","type-post","status-publish","format-standard","has-post-thumbnail","hentry","category-noticias","tag-cirurgia-geral","tag-hospital","tag-pediatria","tag-portalegre","tag-psiquiatria","tag-radiologia"],"yoast_head":"<!-- This site is optimized with the Yoast SEO plugin v27.2 - https:\/\/yoast.com\/product\/yoast-seo-wordpress\/ -->\n<title>ULS Alto Alentejo recebe novos internos e residentes de Farm\u00e1cia - Portal Tela Portugal<\/title>\n<meta name=\"robots\" content=\"index, follow, max-snippet:-1, max-image-preview:large, max-video-preview:-1\" \/>\n<meta property=\"og:locale\" content=\"pt_PT\" \/>\n<meta property=\"og:type\" content=\"article\" \/>\n<meta property=\"og:title\" content=\"ULS Alto Alentejo recebe novos internos e residentes de Farm\u00e1cia - Portal Tela Portugal\" \/>\n<meta property=\"og:description\" content=\"A ULS Alto Alentejo deu as boas-vindas aos novos internos e residentes no Internato 2026, na sess\u00e3o de acolhimento realizada no Hospital Doutor Jos\u00e9 Maria Grande, em Portalegre, na \u00faltima segunda-feira, dia 5. Foram recebidos tr\u00eas m\u00e9dicos de Forma\u00e7\u00e3o Geral de Medicina e quatro internos de especialidade. As \u00e1reas de destino incluem Psiquiatria, Cirurgia Geral, Radiologia e Pediatria. Foram ainda acolhidos dois residentes de Farm\u00e1cia Hospitalar, cuja atividade se centra na gest\u00e3o e seguran\u00e7a do circuito do medicamento. Os novos profissionais v\u00e3o ficar distribu\u00eddos por v\u00e1rias unidades da ULS Alto Alentejo, contribuindo para refor\u00e7ar a capacidade assistencial e a presta\u00e7\u00e3o de cuidados de sa\u00fade \u00e0 popula\u00e7\u00e3o da regi\u00e3o.\" \/>\n<meta property=\"og:url\" content=\"https:\/\/portaltela.pt\/noticias\/2026\/01\/06\/uls-alto-alentejo-recebe-novos-internos-e-residentes-de-farmacia\/\" \/>\n<meta property=\"og:site_name\" content=\"Portal Tela Portugal\" \/>\n<meta property=\"article:published_time\" content=\"2026-01-06T17:16:25+00:00\" \/>\n<meta name=\"author\" content=\"Telinha\" \/>\n<meta name=\"twitter:card\" content=\"summary_large_image\" \/>\n<meta name=\"twitter:label1\" content=\"Escrito por\" \/>\n\t<meta name=\"twitter:data1\" content=\"Telinha\" \/>\n\t<meta name=\"twitter:label2\" content=\"Tempo estimado de leitura\" \/>\n\t<meta name=\"twitter:data2\" content=\"1 minuto\" \/>\n<script type=\"application\/ld+json\" class=\"yoast-schema-graph\">{\"@context\":\"https:\/\/schema.org\",\"@graph\":[{\"@type\":\"Article\",\"@id\":\"https:\/\/portaltela.pt\/noticias\/2026\/01\/06\/uls-alto-alentejo-recebe-novos-internos-e-residentes-de-farmacia\/#article\",\"isPartOf\":{\"@id\":\"https:\/\/portaltela.pt\/noticias\/2026\/01\/06\/uls-alto-alentejo-recebe-novos-internos-e-residentes-de-farmacia\/\"},\"author\":{\"name\":\"Telinha\",\"@id\":\"https:\/\/portaltela.pt\/#\/schema\/person\/c4278d4a6028830caff9ee44b42d32ed\"},\"headline\":\"ULS Alto Alentejo recebe novos internos e residentes de Farm\u00e1cia\",\"datePublished\":\"2026-01-06T17:16:25+00:00\",\"mainEntityOfPage\":{\"@id\":\"https:\/\/portaltela.pt\/noticias\/2026\/01\/06\/uls-alto-alentejo-recebe-novos-internos-e-residentes-de-farmacia\/\"},\"wordCount\":236,\"image\":{\"@id\":\"https:\/\/portaltela.pt\/noticias\/2026\/01\/06\/uls-alto-alentejo-recebe-novos-internos-e-residentes-de-farmacia\/#primaryimage\"},\"thumbnailUrl\":\"https:\/\/portaltela.pt\/s.01k8rhncp4jt1\/2026\/01\/unnamed-file-1135.jpg\",\"keywords\":[\"Cirurgia Geral\",\"hospital\",\"Pediatria\",\"Portalegre\",\"Psiquiatria\",\"radiologia\"],\"articleSection\":[\"Not\u00edcias\"],\"inLanguage\":\"pt-PT\"},{\"@type\":\"WebPage\",\"@id\":\"https:\/\/portaltela.pt\/noticias\/2026\/01\/06\/uls-alto-alentejo-recebe-novos-internos-e-residentes-de-farmacia\/\",\"url\":\"https:\/\/portaltela.pt\/noticias\/2026\/01\/06\/uls-alto-alentejo-recebe-novos-internos-e-residentes-de-farmacia\/\",\"name\":\"ULS Alto Alentejo recebe novos internos e residentes de Farm\u00e1cia - Portal Tela Portugal\",\"isPartOf\":{\"@id\":\"https:\/\/portaltela.pt\/#website\"},\"primaryImageOfPage\":{\"@id\":\"https:\/\/portaltela.pt\/noticias\/2026\/01\/06\/uls-alto-alentejo-recebe-novos-internos-e-residentes-de-farmacia\/#primaryimage\"},\"image\":{\"@id\":\"https:\/\/portaltela.pt\/noticias\/2026\/01\/06\/uls-alto-alentejo-recebe-novos-internos-e-residentes-de-farmacia\/#primaryimage\"},\"thumbnailUrl\":\"https:\/\/portaltela.pt\/s.01k8rhncp4jt1\/2026\/01\/unnamed-file-1135.jpg\",\"datePublished\":\"2026-01-06T17:16:25+00:00\",\"author\":{\"@id\":\"https:\/\/portaltela.pt\/#\/schema\/person\/c4278d4a6028830caff9ee44b42d32ed\"},\"breadcrumb\":{\"@id\":\"https:\/\/portaltela.pt\/noticias\/2026\/01\/06\/uls-alto-alentejo-recebe-novos-internos-e-residentes-de-farmacia\/#breadcrumb\"},\"inLanguage\":\"pt-PT\",\"potentialAction\":[{\"@type\":\"ReadAction\",\"target\":[\"https:\/\/portaltela.pt\/noticias\/2026\/01\/06\/uls-alto-alentejo-recebe-novos-internos-e-residentes-de-farmacia\/\"]}]},{\"@type\":\"ImageObject\",\"inLanguage\":\"pt-PT\",\"@id\":\"https:\/\/portaltela.pt\/noticias\/2026\/01\/06\/uls-alto-alentejo-recebe-novos-internos-e-residentes-de-farmacia\/#primaryimage\",\"url\":\"https:\/\/portaltela.pt\/s.01k8rhncp4jt1\/2026\/01\/unnamed-file-1135.jpg\",\"contentUrl\":\"https:\/\/portaltela.pt\/s.01k8rhncp4jt1\/2026\/01\/unnamed-file-1135.jpg\",\"width\":796,\"height\":448,\"caption\":\"ULS Alto Alentejo acolhe novos internos e residentes de Farm\u00e1cia\"},{\"@type\":\"BreadcrumbList\",\"@id\":\"https:\/\/portaltela.pt\/noticias\/2026\/01\/06\/uls-alto-alentejo-recebe-novos-internos-e-residentes-de-farmacia\/#breadcrumb\",\"itemListElement\":[{\"@type\":\"ListItem\",\"position\":1,\"name\":\"In\u00edcio\",\"item\":\"https:\/\/portaltela.pt\/\"},{\"@type\":\"ListItem\",\"position\":2,\"name\":\"ULS Alto Alentejo recebe novos internos e residentes de Farm\u00e1cia\"}]},{\"@type\":\"WebSite\",\"@id\":\"https:\/\/portaltela.pt\/#website\",\"url\":\"https:\/\/portaltela.pt\/\",\"name\":\"Portal Tela Portugal\",\"description\":\"\",\"potentialAction\":[{\"@type\":\"SearchAction\",\"target\":{\"@type\":\"EntryPoint\",\"urlTemplate\":\"https:\/\/portaltela.pt\/?s={search_term_string}\"},\"query-input\":{\"@type\":\"PropertyValueSpecification\",\"valueRequired\":true,\"valueName\":\"search_term_string\"}}],\"inLanguage\":\"pt-PT\"},{\"@type\":\"Person\",\"@id\":\"https:\/\/portaltela.pt\/#\/schema\/person\/c4278d4a6028830caff9ee44b42d32ed\",\"name\":\"Telinha\",\"image\":{\"@type\":\"ImageObject\",\"inLanguage\":\"pt-PT\",\"@id\":\"https:\/\/portaltela.pt\/s.01k8rhncp4jt1\/2025\/11\/talking-bot-125x125.png\",\"url\":\"https:\/\/portaltela.pt\/s.01k8rhncp4jt1\/2025\/11\/talking-bot-125x125.png\",\"contentUrl\":\"https:\/\/portaltela.pt\/s.01k8rhncp4jt1\/2025\/11\/talking-bot-125x125.png\",\"caption\":\"Telinha\"},\"sameAs\":[\"https:\/\/portaltela.pt\/\"],\"url\":\"https:\/\/portaltela.pt\/por\/367410592786\/\"}]}<\/script>\n<!-- \/ Yoast SEO plugin. -->","yoast_head_json":{"title":"ULS Alto Alentejo recebe novos internos e residentes de Farm\u00e1cia - Portal Tela Portugal","robots":{"index":"index","follow":"follow","max-snippet":"max-snippet:-1","max-image-preview":"max-image-preview:large","max-video-preview":"max-video-preview:-1"},"og_locale":"pt_PT","og_type":"article","og_title":"ULS Alto Alentejo recebe novos internos e residentes de Farm\u00e1cia - Portal Tela Portugal","og_description":"A ULS Alto Alentejo deu as boas-vindas aos novos internos e residentes no Internato 2026, na sess\u00e3o de acolhimento realizada no Hospital Doutor Jos\u00e9 Maria Grande, em Portalegre, na \u00faltima segunda-feira, dia 5. Foram recebidos tr\u00eas m\u00e9dicos de Forma\u00e7\u00e3o Geral de Medicina e quatro internos de especialidade. As \u00e1reas de destino incluem Psiquiatria, Cirurgia Geral, Radiologia e Pediatria. Foram ainda acolhidos dois residentes de Farm\u00e1cia Hospitalar, cuja atividade se centra na gest\u00e3o e seguran\u00e7a do circuito do medicamento. Os novos profissionais v\u00e3o ficar distribu\u00eddos por v\u00e1rias unidades da ULS Alto Alentejo, contribuindo para refor\u00e7ar a capacidade assistencial e a presta\u00e7\u00e3o de cuidados de sa\u00fade \u00e0 popula\u00e7\u00e3o da regi\u00e3o.","og_url":"https:\/\/portaltela.pt\/noticias\/2026\/01\/06\/uls-alto-alentejo-recebe-novos-internos-e-residentes-de-farmacia\/","og_site_name":"Portal Tela Portugal","article_published_time":"2026-01-06T17:16:25+00:00","author":"Telinha","twitter_card":"summary_large_image","twitter_misc":{"Escrito por":"Telinha","Tempo estimado de leitura":"1 minuto"},"schema":{"@context":"https:\/\/schema.org","@graph":[{"@type":"Article","@id":"https:\/\/portaltela.pt\/noticias\/2026\/01\/06\/uls-alto-alentejo-recebe-novos-internos-e-residentes-de-farmacia\/#article","isPartOf":{"@id":"https:\/\/portaltela.pt\/noticias\/2026\/01\/06\/uls-alto-alentejo-recebe-novos-internos-e-residentes-de-farmacia\/"},"author":{"name":"Telinha","@id":"https:\/\/portaltela.pt\/#\/schema\/person\/c4278d4a6028830caff9ee44b42d32ed"},"headline":"ULS Alto Alentejo recebe novos internos e residentes de Farm\u00e1cia","datePublished":"2026-01-06T17:16:25+00:00","mainEntityOfPage":{"@id":"https:\/\/portaltela.pt\/noticias\/2026\/01\/06\/uls-alto-alentejo-recebe-novos-internos-e-residentes-de-farmacia\/"},"wordCount":236,"image":{"@id":"https:\/\/portaltela.pt\/noticias\/2026\/01\/06\/uls-alto-alentejo-recebe-novos-internos-e-residentes-de-farmacia\/#primaryimage"},"thumbnailUrl":"https:\/\/portaltela.pt\/s.01k8rhncp4jt1\/2026\/01\/unnamed-file-1135.jpg","keywords":["Cirurgia Geral","hospital","Pediatria","Portalegre","Psiquiatria","radiologia"],"articleSection":["Not\u00edcias"],"inLanguage":"pt-PT"},{"@type":"WebPage","@id":"https:\/\/portaltela.pt\/noticias\/2026\/01\/06\/uls-alto-alentejo-recebe-novos-internos-e-residentes-de-farmacia\/","url":"https:\/\/portaltela.pt\/noticias\/2026\/01\/06\/uls-alto-alentejo-recebe-novos-internos-e-residentes-de-farmacia\/","name":"ULS Alto Alentejo recebe novos internos e residentes de Farm\u00e1cia - Portal Tela Portugal","isPartOf":{"@id":"https:\/\/portaltela.pt\/#website"},"primaryImageOfPage":{"@id":"https:\/\/portaltela.pt\/noticias\/2026\/01\/06\/uls-alto-alentejo-recebe-novos-internos-e-residentes-de-farmacia\/#primaryimage"},"image":{"@id":"https:\/\/portaltela.pt\/noticias\/2026\/01\/06\/uls-alto-alentejo-recebe-novos-internos-e-residentes-de-farmacia\/#primaryimage"},"thumbnailUrl":"https:\/\/portaltela.pt\/s.01k8rhncp4jt1\/2026\/01\/unnamed-file-1135.jpg","datePublished":"2026-01-06T17:16:25+00:00","author":{"@id":"https:\/\/portaltela.pt\/#\/schema\/person\/c4278d4a6028830caff9ee44b42d32ed"},"breadcrumb":{"@id":"https:\/\/portaltela.pt\/noticias\/2026\/01\/06\/uls-alto-alentejo-recebe-novos-internos-e-residentes-de-farmacia\/#breadcrumb"},"inLanguage":"pt-PT","potentialAction":[{"@type":"ReadAction","target":["https:\/\/portaltela.pt\/noticias\/2026\/01\/06\/uls-alto-alentejo-recebe-novos-internos-e-residentes-de-farmacia\/"]}]},{"@type":"ImageObject","inLanguage":"pt-PT","@id":"https:\/\/portaltela.pt\/noticias\/2026\/01\/06\/uls-alto-alentejo-recebe-novos-internos-e-residentes-de-farmacia\/#primaryimage","url":"https:\/\/portaltela.pt\/s.01k8rhncp4jt1\/2026\/01\/unnamed-file-1135.jpg","contentUrl":"https:\/\/portaltela.pt\/s.01k8rhncp4jt1\/2026\/01\/unnamed-file-1135.jpg","width":796,"height":448,"caption":"ULS Alto Alentejo acolhe novos internos e residentes de Farm\u00e1cia"},{"@type":"BreadcrumbList","@id":"https:\/\/portaltela.pt\/noticias\/2026\/01\/06\/uls-alto-alentejo-recebe-novos-internos-e-residentes-de-farmacia\/#breadcrumb","itemListElement":[{"@type":"ListItem","position":1,"name":"In\u00edcio","item":"https:\/\/portaltela.pt\/"},{"@type":"ListItem","position":2,"name":"ULS Alto Alentejo recebe novos internos e residentes de Farm\u00e1cia"}]},{"@type":"WebSite","@id":"https:\/\/portaltela.pt\/#website","url":"https:\/\/portaltela.pt\/","name":"Portal Tela Portugal","description":"","potentialAction":[{"@type":"SearchAction","target":{"@type":"EntryPoint","urlTemplate":"https:\/\/portaltela.pt\/?s={search_term_string}"},"query-input":{"@type":"PropertyValueSpecification","valueRequired":true,"valueName":"search_term_string"}}],"inLanguage":"pt-PT"},{"@type":"Person","@id":"https:\/\/portaltela.pt\/#\/schema\/person\/c4278d4a6028830caff9ee44b42d32ed","name":"Telinha","image":{"@type":"ImageObject","inLanguage":"pt-PT","@id":"https:\/\/portaltela.pt\/s.01k8rhncp4jt1\/2025\/11\/talking-bot-125x125.png","url":"https:\/\/portaltela.pt\/s.01k8rhncp4jt1\/2025\/11\/talking-bot-125x125.png","contentUrl":"https:\/\/portaltela.pt\/s.01k8rhncp4jt1\/2025\/11\/talking-bot-125x125.png","caption":"Telinha"},"sameAs":["https:\/\/portaltela.pt\/"],"url":"https:\/\/portaltela.pt\/por\/367410592786\/"}]}},"_links":{"self":[{"href":"https:\/\/portaltela.pt\/api\/wp\/v2\/posts\/121178","targetHints":{"allow":["GET"]}}],"collection":[{"href":"https:\/\/portaltela.pt\/api\/wp\/v2\/posts"}],"about":[{"href":"https:\/\/portaltela.pt\/api\/wp\/v2\/types\/post"}],"author":[{"embeddable":true,"href":"https:\/\/portaltela.pt\/api\/wp\/v2\/users\/2"}],"replies":[{"embeddable":true,"href":"https:\/\/portaltela.pt\/api\/wp\/v2\/comments?post=121178"}],"version-history":[{"count":0,"href":"https:\/\/portaltela.pt\/api\/wp\/v2\/posts\/121178\/revisions"}],"wp:featuredmedia":[{"embeddable":true,"href":"https:\/\/portaltela.pt\/api\/wp\/v2\/media\/121196"}],"wp:attachment":[{"href":"https:\/\/portaltela.pt\/api\/wp\/v2\/media?parent=121178"}],"wp:term":[{"taxonomy":"category","embeddable":true,"href":"https:\/\/portaltela.pt\/api\/wp\/v2\/categories?post=121178"},{"taxonomy":"post_tag","embeddable":true,"href":"https:\/\/portaltela.pt\/api\/wp\/v2\/tags?post=121178"}],"curies":[{"name":"wp","href":"https:\/\/api.w.org\/{rel}","templated":true}]}}