{"id":121077,"date":"2026-01-06T13:43:00","date_gmt":"2026-01-06T16:43:00","guid":{"rendered":"https:\/\/portaltela.pt\/noticias\/2026\/01\/06\/homem-de-77-anos-gravemente-ferido-apos-ser-atingido-por-arvore-em-castro-daire\/"},"modified":"2026-01-06T13:43:00","modified_gmt":"2026-01-06T16:43:00","slug":"homem-de-77-anos-gravemente-ferido-apos-ser-atingido-por-arvore-em-castro-daire","status":"publish","type":"post","link":"https:\/\/portaltela.pt\/noticias\/2026\/01\/06\/homem-de-77-anos-gravemente-ferido-apos-ser-atingido-por-arvore-em-castro-daire\/","title":{"rendered":"Homem de 77 anos gravemente ferido ap\u00f3s ser atingido por \u00e1rvore em Castro Daire"},"content":{"rendered":"<p>Um homem de 77 anos ficou gravemente ferido na manh\u00e3 de ter\u00e7a-feira, em Gosende, Castro Daire, ap\u00f3s ser atingido por uma \u00e1rvore durante trabalhos de corte de carvalhos na serra de Montemuro. A v\u00edtima foi heli-transportada para o Hospital de Viseu.<\/p>\n<p>O alerta foi dado \u00e0s 10h14. No local estiveram 13 operacionais, apoiados por quatro viaturas e um meio a\u00e9reo do INEM.<\/p>\n<p>Bombeiros, militares da GNR e equipas de apoio estiveram no terreno. As circunst\u00e2ncias do acidente est\u00e3o a ser apuradas.<\/p>\n","protected":false},"excerpt":{"rendered":"<ul>\n<li>Um homem de 77 anos ficou gravemente ferido na manh\u00e3 desta ter\u00e7a-feira ap\u00f3s ser atingido por uma \u00e1rvore durante trabalhos de corte de carvalhos em Gosende, Castro Daire.<\/li>\n<li>A v\u00edtima foi helitransportada para o Hospital de Viseu pela gravidade dos ferimentos.<\/li>\n<li>O alerta foi dado \u00e0s 10h14 e estiveram no local 13 operacionais, apoiados por quatro viaturas e um meio a\u00e9reo do Instituto Nacional de Emerg\u00eancia M\u00e9dica (INEM).<\/li>\n<li>Estiveram envolvidos elementos dos Bombeiros e da Guarda Nacional Republicana (GNR).<\/li>\n<li>As circunst\u00e2ncias do acidente est\u00e3o a ser apuradas.<\/li>\n<\/ul>\n","protected":false},"author":2,"featured_media":121082,"comment_status":"closed","ping_status":"closed","sticky":false,"template":"","format":"standard","meta":{"footnotes":""},"categories":[1],"tags":[971,960,1935,1380,1922,1662],"class_list":["post-121077","post","type-post","status-publish","format-standard","has-post-thumbnail","hentry","category-noticias","tag-bombeiros","tag-emergencia-pre-hospitalar","tag-emergencias","tag-gnr","tag-inem","tag-montemuro"],"yoast_head":"<!-- This site is optimized with the Yoast SEO plugin v27.2 - https:\/\/yoast.com\/product\/yoast-seo-wordpress\/ -->\n<title>Homem de 77 anos gravemente ferido ap\u00f3s ser atingido por \u00e1rvore em Castro Daire - Portal Tela Portugal<\/title>\n<meta name=\"robots\" content=\"index, follow, max-snippet:-1, max-image-preview:large, max-video-preview:-1\" \/>\n<meta property=\"og:locale\" content=\"pt_PT\" \/>\n<meta property=\"og:type\" content=\"article\" \/>\n<meta property=\"og:title\" content=\"Homem de 77 anos gravemente ferido ap\u00f3s ser atingido por \u00e1rvore em Castro Daire - Portal Tela Portugal\" \/>\n<meta property=\"og:description\" content=\"Um homem de 77 anos ficou gravemente ferido na manh\u00e3 desta ter\u00e7a-feira ap\u00f3s ser atingido por uma \u00e1rvore durante trabalhos de corte de carvalhos em Gosende, Castro Daire. A v\u00edtima foi helitransportada para o Hospital de Viseu pela gravidade dos ferimentos. O alerta foi dado \u00e0s 10h14 e estiveram no local 13 operacionais, apoiados por quatro viaturas e um meio a\u00e9reo do Instituto Nacional de Emerg\u00eancia M\u00e9dica (INEM). Estiveram envolvidos elementos dos Bombeiros e da Guarda Nacional Republicana (GNR). As circunst\u00e2ncias do acidente est\u00e3o a ser apuradas.\" \/>\n<meta property=\"og:url\" content=\"https:\/\/portaltela.pt\/noticias\/2026\/01\/06\/homem-de-77-anos-gravemente-ferido-apos-ser-atingido-por-arvore-em-castro-daire\/\" \/>\n<meta property=\"og:site_name\" content=\"Portal Tela Portugal\" \/>\n<meta property=\"article:published_time\" content=\"2026-01-06T16:43:00+00:00\" \/>\n<meta name=\"author\" content=\"Telinha\" \/>\n<meta name=\"twitter:card\" content=\"summary_large_image\" \/>\n<meta name=\"twitter:label1\" content=\"Escrito por\" \/>\n\t<meta name=\"twitter:data1\" content=\"Telinha\" \/>\n<script type=\"application\/ld+json\" class=\"yoast-schema-graph\">{\"@context\":\"https:\/\/schema.org\",\"@graph\":[{\"@type\":\"Article\",\"@id\":\"https:\/\/portaltela.pt\/noticias\/2026\/01\/06\/homem-de-77-anos-gravemente-ferido-apos-ser-atingido-por-arvore-em-castro-daire\/#article\",\"isPartOf\":{\"@id\":\"https:\/\/portaltela.pt\/noticias\/2026\/01\/06\/homem-de-77-anos-gravemente-ferido-apos-ser-atingido-por-arvore-em-castro-daire\/\"},\"author\":{\"name\":\"Telinha\",\"@id\":\"https:\/\/portaltela.pt\/#\/schema\/person\/c4278d4a6028830caff9ee44b42d32ed\"},\"headline\":\"Homem de 77 anos gravemente ferido ap\u00f3s ser atingido por \u00e1rvore em Castro Daire\",\"datePublished\":\"2026-01-06T16:43:00+00:00\",\"mainEntityOfPage\":{\"@id\":\"https:\/\/portaltela.pt\/noticias\/2026\/01\/06\/homem-de-77-anos-gravemente-ferido-apos-ser-atingido-por-arvore-em-castro-daire\/\"},\"wordCount\":99,\"image\":{\"@id\":\"https:\/\/portaltela.pt\/noticias\/2026\/01\/06\/homem-de-77-anos-gravemente-ferido-apos-ser-atingido-por-arvore-em-castro-daire\/#primaryimage\"},\"thumbnailUrl\":\"https:\/\/portaltela.pt\/s.01k8rhncp4jt1\/2026\/01\/site_cmv_noticias_foto_detalhe__14798702116596e6ed29d01.jpg\",\"keywords\":[\"bombeiros\",\"emerg\u00eancia pr\u00e9-hospitalar\",\"emerg\u00eancias\",\"GNR\",\"INEM\",\"Montemuro\"],\"articleSection\":[\"Not\u00edcias\"],\"inLanguage\":\"pt-PT\"},{\"@type\":\"WebPage\",\"@id\":\"https:\/\/portaltela.pt\/noticias\/2026\/01\/06\/homem-de-77-anos-gravemente-ferido-apos-ser-atingido-por-arvore-em-castro-daire\/\",\"url\":\"https:\/\/portaltela.pt\/noticias\/2026\/01\/06\/homem-de-77-anos-gravemente-ferido-apos-ser-atingido-por-arvore-em-castro-daire\/\",\"name\":\"Homem de 77 anos gravemente ferido ap\u00f3s ser atingido por \u00e1rvore em Castro Daire - Portal Tela Portugal\",\"isPartOf\":{\"@id\":\"https:\/\/portaltela.pt\/#website\"},\"primaryImageOfPage\":{\"@id\":\"https:\/\/portaltela.pt\/noticias\/2026\/01\/06\/homem-de-77-anos-gravemente-ferido-apos-ser-atingido-por-arvore-em-castro-daire\/#primaryimage\"},\"image\":{\"@id\":\"https:\/\/portaltela.pt\/noticias\/2026\/01\/06\/homem-de-77-anos-gravemente-ferido-apos-ser-atingido-por-arvore-em-castro-daire\/#primaryimage\"},\"thumbnailUrl\":\"https:\/\/portaltela.pt\/s.01k8rhncp4jt1\/2026\/01\/site_cmv_noticias_foto_detalhe__14798702116596e6ed29d01.jpg\",\"datePublished\":\"2026-01-06T16:43:00+00:00\",\"author\":{\"@id\":\"https:\/\/portaltela.pt\/#\/schema\/person\/c4278d4a6028830caff9ee44b42d32ed\"},\"breadcrumb\":{\"@id\":\"https:\/\/portaltela.pt\/noticias\/2026\/01\/06\/homem-de-77-anos-gravemente-ferido-apos-ser-atingido-por-arvore-em-castro-daire\/#breadcrumb\"},\"inLanguage\":\"pt-PT\",\"potentialAction\":[{\"@type\":\"ReadAction\",\"target\":[\"https:\/\/portaltela.pt\/noticias\/2026\/01\/06\/homem-de-77-anos-gravemente-ferido-apos-ser-atingido-por-arvore-em-castro-daire\/\"]}]},{\"@type\":\"ImageObject\",\"inLanguage\":\"pt-PT\",\"@id\":\"https:\/\/portaltela.pt\/noticias\/2026\/01\/06\/homem-de-77-anos-gravemente-ferido-apos-ser-atingido-por-arvore-em-castro-daire\/#primaryimage\",\"url\":\"https:\/\/portaltela.pt\/s.01k8rhncp4jt1\/2026\/01\/site_cmv_noticias_foto_detalhe__14798702116596e6ed29d01.jpg\",\"contentUrl\":\"https:\/\/portaltela.pt\/s.01k8rhncp4jt1\/2026\/01\/site_cmv_noticias_foto_detalhe__14798702116596e6ed29d01.jpg\",\"width\":796,\"height\":448,\"caption\":\"Homem de 77 anos gravemente ferido ap\u00f3s ser atingido por \u00e1rvore em Castro Daire\"},{\"@type\":\"BreadcrumbList\",\"@id\":\"https:\/\/portaltela.pt\/noticias\/2026\/01\/06\/homem-de-77-anos-gravemente-ferido-apos-ser-atingido-por-arvore-em-castro-daire\/#breadcrumb\",\"itemListElement\":[{\"@type\":\"ListItem\",\"position\":1,\"name\":\"In\u00edcio\",\"item\":\"https:\/\/portaltela.pt\/\"},{\"@type\":\"ListItem\",\"position\":2,\"name\":\"Homem de 77 anos gravemente ferido ap\u00f3s ser atingido por \u00e1rvore em Castro Daire\"}]},{\"@type\":\"WebSite\",\"@id\":\"https:\/\/portaltela.pt\/#website\",\"url\":\"https:\/\/portaltela.pt\/\",\"name\":\"Portal Tela Portugal\",\"description\":\"\",\"potentialAction\":[{\"@type\":\"SearchAction\",\"target\":{\"@type\":\"EntryPoint\",\"urlTemplate\":\"https:\/\/portaltela.pt\/?s={search_term_string}\"},\"query-input\":{\"@type\":\"PropertyValueSpecification\",\"valueRequired\":true,\"valueName\":\"search_term_string\"}}],\"inLanguage\":\"pt-PT\"},{\"@type\":\"Person\",\"@id\":\"https:\/\/portaltela.pt\/#\/schema\/person\/c4278d4a6028830caff9ee44b42d32ed\",\"name\":\"Telinha\",\"image\":{\"@type\":\"ImageObject\",\"inLanguage\":\"pt-PT\",\"@id\":\"https:\/\/portaltela.pt\/s.01k8rhncp4jt1\/2025\/11\/talking-bot-125x125.png\",\"url\":\"https:\/\/portaltela.pt\/s.01k8rhncp4jt1\/2025\/11\/talking-bot-125x125.png\",\"contentUrl\":\"https:\/\/portaltela.pt\/s.01k8rhncp4jt1\/2025\/11\/talking-bot-125x125.png\",\"caption\":\"Telinha\"},\"sameAs\":[\"https:\/\/portaltela.pt\/\"],\"url\":\"https:\/\/portaltela.pt\/por\/367410592786\/\"}]}<\/script>\n<!-- \/ Yoast SEO plugin. -->","yoast_head_json":{"title":"Homem de 77 anos gravemente ferido ap\u00f3s ser atingido por \u00e1rvore em Castro Daire - Portal Tela Portugal","robots":{"index":"index","follow":"follow","max-snippet":"max-snippet:-1","max-image-preview":"max-image-preview:large","max-video-preview":"max-video-preview:-1"},"og_locale":"pt_PT","og_type":"article","og_title":"Homem de 77 anos gravemente ferido ap\u00f3s ser atingido por \u00e1rvore em Castro Daire - Portal Tela Portugal","og_description":"Um homem de 77 anos ficou gravemente ferido na manh\u00e3 desta ter\u00e7a-feira ap\u00f3s ser atingido por uma \u00e1rvore durante trabalhos de corte de carvalhos em Gosende, Castro Daire. A v\u00edtima foi helitransportada para o Hospital de Viseu pela gravidade dos ferimentos. O alerta foi dado \u00e0s 10h14 e estiveram no local 13 operacionais, apoiados por quatro viaturas e um meio a\u00e9reo do Instituto Nacional de Emerg\u00eancia M\u00e9dica (INEM). Estiveram envolvidos elementos dos Bombeiros e da Guarda Nacional Republicana (GNR). As circunst\u00e2ncias do acidente est\u00e3o a ser apuradas.","og_url":"https:\/\/portaltela.pt\/noticias\/2026\/01\/06\/homem-de-77-anos-gravemente-ferido-apos-ser-atingido-por-arvore-em-castro-daire\/","og_site_name":"Portal Tela Portugal","article_published_time":"2026-01-06T16:43:00+00:00","author":"Telinha","twitter_card":"summary_large_image","twitter_misc":{"Escrito por":"Telinha"},"schema":{"@context":"https:\/\/schema.org","@graph":[{"@type":"Article","@id":"https:\/\/portaltela.pt\/noticias\/2026\/01\/06\/homem-de-77-anos-gravemente-ferido-apos-ser-atingido-por-arvore-em-castro-daire\/#article","isPartOf":{"@id":"https:\/\/portaltela.pt\/noticias\/2026\/01\/06\/homem-de-77-anos-gravemente-ferido-apos-ser-atingido-por-arvore-em-castro-daire\/"},"author":{"name":"Telinha","@id":"https:\/\/portaltela.pt\/#\/schema\/person\/c4278d4a6028830caff9ee44b42d32ed"},"headline":"Homem de 77 anos gravemente ferido ap\u00f3s ser atingido por \u00e1rvore em Castro Daire","datePublished":"2026-01-06T16:43:00+00:00","mainEntityOfPage":{"@id":"https:\/\/portaltela.pt\/noticias\/2026\/01\/06\/homem-de-77-anos-gravemente-ferido-apos-ser-atingido-por-arvore-em-castro-daire\/"},"wordCount":99,"image":{"@id":"https:\/\/portaltela.pt\/noticias\/2026\/01\/06\/homem-de-77-anos-gravemente-ferido-apos-ser-atingido-por-arvore-em-castro-daire\/#primaryimage"},"thumbnailUrl":"https:\/\/portaltela.pt\/s.01k8rhncp4jt1\/2026\/01\/site_cmv_noticias_foto_detalhe__14798702116596e6ed29d01.jpg","keywords":["bombeiros","emerg\u00eancia pr\u00e9-hospitalar","emerg\u00eancias","GNR","INEM","Montemuro"],"articleSection":["Not\u00edcias"],"inLanguage":"pt-PT"},{"@type":"WebPage","@id":"https:\/\/portaltela.pt\/noticias\/2026\/01\/06\/homem-de-77-anos-gravemente-ferido-apos-ser-atingido-por-arvore-em-castro-daire\/","url":"https:\/\/portaltela.pt\/noticias\/2026\/01\/06\/homem-de-77-anos-gravemente-ferido-apos-ser-atingido-por-arvore-em-castro-daire\/","name":"Homem de 77 anos gravemente ferido ap\u00f3s ser atingido por \u00e1rvore em Castro Daire - Portal Tela Portugal","isPartOf":{"@id":"https:\/\/portaltela.pt\/#website"},"primaryImageOfPage":{"@id":"https:\/\/portaltela.pt\/noticias\/2026\/01\/06\/homem-de-77-anos-gravemente-ferido-apos-ser-atingido-por-arvore-em-castro-daire\/#primaryimage"},"image":{"@id":"https:\/\/portaltela.pt\/noticias\/2026\/01\/06\/homem-de-77-anos-gravemente-ferido-apos-ser-atingido-por-arvore-em-castro-daire\/#primaryimage"},"thumbnailUrl":"https:\/\/portaltela.pt\/s.01k8rhncp4jt1\/2026\/01\/site_cmv_noticias_foto_detalhe__14798702116596e6ed29d01.jpg","datePublished":"2026-01-06T16:43:00+00:00","author":{"@id":"https:\/\/portaltela.pt\/#\/schema\/person\/c4278d4a6028830caff9ee44b42d32ed"},"breadcrumb":{"@id":"https:\/\/portaltela.pt\/noticias\/2026\/01\/06\/homem-de-77-anos-gravemente-ferido-apos-ser-atingido-por-arvore-em-castro-daire\/#breadcrumb"},"inLanguage":"pt-PT","potentialAction":[{"@type":"ReadAction","target":["https:\/\/portaltela.pt\/noticias\/2026\/01\/06\/homem-de-77-anos-gravemente-ferido-apos-ser-atingido-por-arvore-em-castro-daire\/"]}]},{"@type":"ImageObject","inLanguage":"pt-PT","@id":"https:\/\/portaltela.pt\/noticias\/2026\/01\/06\/homem-de-77-anos-gravemente-ferido-apos-ser-atingido-por-arvore-em-castro-daire\/#primaryimage","url":"https:\/\/portaltela.pt\/s.01k8rhncp4jt1\/2026\/01\/site_cmv_noticias_foto_detalhe__14798702116596e6ed29d01.jpg","contentUrl":"https:\/\/portaltela.pt\/s.01k8rhncp4jt1\/2026\/01\/site_cmv_noticias_foto_detalhe__14798702116596e6ed29d01.jpg","width":796,"height":448,"caption":"Homem de 77 anos gravemente ferido ap\u00f3s ser atingido por \u00e1rvore em Castro Daire"},{"@type":"BreadcrumbList","@id":"https:\/\/portaltela.pt\/noticias\/2026\/01\/06\/homem-de-77-anos-gravemente-ferido-apos-ser-atingido-por-arvore-em-castro-daire\/#breadcrumb","itemListElement":[{"@type":"ListItem","position":1,"name":"In\u00edcio","item":"https:\/\/portaltela.pt\/"},{"@type":"ListItem","position":2,"name":"Homem de 77 anos gravemente ferido ap\u00f3s ser atingido por \u00e1rvore em Castro Daire"}]},{"@type":"WebSite","@id":"https:\/\/portaltela.pt\/#website","url":"https:\/\/portaltela.pt\/","name":"Portal Tela Portugal","description":"","potentialAction":[{"@type":"SearchAction","target":{"@type":"EntryPoint","urlTemplate":"https:\/\/portaltela.pt\/?s={search_term_string}"},"query-input":{"@type":"PropertyValueSpecification","valueRequired":true,"valueName":"search_term_string"}}],"inLanguage":"pt-PT"},{"@type":"Person","@id":"https:\/\/portaltela.pt\/#\/schema\/person\/c4278d4a6028830caff9ee44b42d32ed","name":"Telinha","image":{"@type":"ImageObject","inLanguage":"pt-PT","@id":"https:\/\/portaltela.pt\/s.01k8rhncp4jt1\/2025\/11\/talking-bot-125x125.png","url":"https:\/\/portaltela.pt\/s.01k8rhncp4jt1\/2025\/11\/talking-bot-125x125.png","contentUrl":"https:\/\/portaltela.pt\/s.01k8rhncp4jt1\/2025\/11\/talking-bot-125x125.png","caption":"Telinha"},"sameAs":["https:\/\/portaltela.pt\/"],"url":"https:\/\/portaltela.pt\/por\/367410592786\/"}]}},"_links":{"self":[{"href":"https:\/\/portaltela.pt\/api\/wp\/v2\/posts\/121077","targetHints":{"allow":["GET"]}}],"collection":[{"href":"https:\/\/portaltela.pt\/api\/wp\/v2\/posts"}],"about":[{"href":"https:\/\/portaltela.pt\/api\/wp\/v2\/types\/post"}],"author":[{"embeddable":true,"href":"https:\/\/portaltela.pt\/api\/wp\/v2\/users\/2"}],"replies":[{"embeddable":true,"href":"https:\/\/portaltela.pt\/api\/wp\/v2\/comments?post=121077"}],"version-history":[{"count":0,"href":"https:\/\/portaltela.pt\/api\/wp\/v2\/posts\/121077\/revisions"}],"wp:featuredmedia":[{"embeddable":true,"href":"https:\/\/portaltela.pt\/api\/wp\/v2\/media\/121082"}],"wp:attachment":[{"href":"https:\/\/portaltela.pt\/api\/wp\/v2\/media?parent=121077"}],"wp:term":[{"taxonomy":"category","embeddable":true,"href":"https:\/\/portaltela.pt\/api\/wp\/v2\/categories?post=121077"},{"taxonomy":"post_tag","embeddable":true,"href":"https:\/\/portaltela.pt\/api\/wp\/v2\/tags?post=121077"}],"curies":[{"name":"wp","href":"https:\/\/api.w.org\/{rel}","templated":true}]}}