{"id":121068,"date":"2026-01-06T13:47:19","date_gmt":"2026-01-06T16:47:19","guid":{"rendered":"https:\/\/portaltela.pt\/noticias\/2026\/01\/06\/a-genealogia-de-seguro-surpreende-pela-complexidade-historica\/"},"modified":"2026-01-06T13:47:19","modified_gmt":"2026-01-06T16:47:19","slug":"a-genealogia-de-seguro-surpreende-pela-complexidade-historica","status":"publish","type":"post","link":"https:\/\/portaltela.pt\/noticias\/2026\/01\/06\/a-genealogia-de-seguro-surpreende-pela-complexidade-historica\/","title":{"rendered":"A genealogia de Seguro surpreende pela complexidade hist\u00f3rica"},"content":{"rendered":"<p>Ant\u00f3nio Jos\u00e9 Seguro, candidato presidencial do PS, tra\u00e7a uma genealogia que remonta ao s\u00e9culo XVII. A investiga\u00e7\u00e3o, em parceria com a Associa\u00e7\u00e3o Portuguesa de Genealogia, revela como o apelido Seguro ganhou express\u00e3o na linha materna de fam\u00edlia, passando a identificar o candidato.<\/p>\n<p>A \u00e1rvore geneal\u00f3gica mostra que os antepassados, a maioria da Beira Baixa, fixaram-se em Capinha, Fund\u00e3o, e Penamacor ao longo de v\u00e1rios s\u00e9culos. O estudo percorre onze gera\u00e7\u00f5es, evidenciando mudan\u00e7as de apelido e casamentos entre fam\u00edlias diversas.<\/p>\n<h3>A origem do apelido Seguro<\/h3>\n<p>No in\u00edcio do s\u00e9culo XVIII, Maria Gon\u00e7alves Seguro casa com Ant\u00f3nio Rodrigues Carvalho em Capinha. Em 1730 nasce Jos\u00e9, que \u00e9 registado com o sobrenome Seguro pela escolha dos pais, diferenciando-se do apelido paterno.<\/p>\n<p>O apelido Seguro integra, assim, a linha de varonia, passando a figurar na genealogia do pol\u00edtico ao longo de gera\u00e7\u00f5es. O percurso come\u00e7a com Francisco Gon\u00e7alves Seguro, pai de Maria, e atinge Ant\u00f3nio Rodrigues, ascendente direto do candidato.<\/p>\n<h3>Linhas familiares centrais<\/h3>\n<p>A documenta\u00e7\u00e3o aponta duas linhas femininas que moldam a descend\u00eancia: a paterna, com as ra\u00edzes em Capinha, e a materna, ligada a Idanha-a-Nova. Entre casamentos e desloca\u00e7\u00f5es, surgem refer\u00eancias a Penamacor, Alcains e Castelo Branco como polos de instala\u00e7\u00e3o.<\/p>\n<p>Entre os antepassados mais antigos, destacam-se figuras como Ant\u00f3nio Rodrigues (nascido em 1615) e Manuel dos Anjos Melha, exposto na roda de Castelo Branco, que mais tarde aparece com o sobrenome Sanches Melha. Nos registos, surgem tamb\u00e9m liga\u00e7\u00f5es com nobreza atrav\u00e9s de Joaquina Rosa de Castilho.<\/p>\n<h3>V\u00ednculos com figuras p\u00fablicas<\/h3>\n<p>A \u00e1rvore de Seguro cruza-se com personalidades nacionais. Um primo distante foi o ex-Presidente Ramalho Eanes, com quem partilha av\u00f3s distantes na linha Ramalho Eanes. O estudo tamb\u00e9m identifica uma rela\u00e7\u00e3o familiar com Am\u00e1lia Rodrigues, a diva do fado, como primas afastadas em 14.\u00ba grau.<\/p>\n<p>Parentesco com Eduardo Mar\u00e7al Grilo, antigo ministro da Educa\u00e7\u00e3o, \u00e9 another ponto destacado. Ambos s\u00e3o primos em 12.\u00ba grau, conectando a vida p\u00fablica de Seguro com hist\u00f3ricos da pol\u00edtica portuguesa.<\/p>\n<h3>Percurso da fam\u00edlia at\u00e9 aos dias de hoje<\/h3>\n<p>A investiga\u00e7\u00e3o tra\u00e7a a presen\u00e7a dos Seguro na regi\u00e3o de Capinha, Fund\u00e3o e Penamacor desde o s\u00e9culo XVII. Os registos mostram ocupa\u00e7\u00f5es rurais como jornaleiros, propriet\u00e1rios e artes\u00e3os, al\u00e9m de liga\u00e7\u00f5es a atividades da vida econ\u00f3mica local.<\/p>\n<p>Entre os bisav\u00f3s paternos surgem elementos ligados \u00e0 Guarda Fiscal e a desloca\u00e7\u00f5es para o Algarve, enquanto o lado materno se mant\u00e9m sobretudo no Sabugal e Idanha-a-Nova. O conjunto de ascendentes totaliza 84 nomes, com liga\u00e7\u00f5es a figuras p\u00fablicas e a refer\u00eancias culturais da na\u00e7\u00e3o.<\/p>\n","protected":false},"excerpt":{"rendered":"<ul>\n<li>A genealogia de Ant\u00f3nio Jos\u00e9 Seguro mostra que o apelido Seguro deriva da decis\u00e3o tomada em 1730, quando Jos\u00e9 nasceu com o sobrenome materno em Capinha (Fund\u00e3o).<\/li>\n<li>A \u00e1rvore geneal\u00f3gica tra\u00e7ada pela Associa\u00e7\u00e3o Portuguesa de Genealogia revela onze gera\u00e7\u00f5es de ascendentes, sobretudo da Beira Baixa, com liga\u00e7\u00f5es a v\u00e1rios lugares como Idanha-a-Nova, Penamacor e Alcains.<\/li>\n<li>Entre os parentes destacam-se liga\u00e7\u00f5es a figuras p\u00fablicas, como Am\u00e1lia Rodrigues (prima em 14.\u00ba grau), Ant\u00f3nio Ramalho Eanes (primo em 12.\u00ba grau) e Eduardo Mar\u00e7al Grilo (primo em 12.\u00ba grau), ligados por ramos familiares distintos.<\/li>\n<li>O percurso inclui epis\u00f3dios curiosos, como um beb\u00ea exposto na roda em Castelo Branco que later se casou com uma nobre, e um guarda fronteiri\u00e7o que se afastou para o Algarve antes de regressar.<\/li>\n<li>A lista de ascendentes totaliza 84 indiv\u00edduos, com muitos trabalhadores rurais da regi\u00e3o daBeira Baixa e liga\u00e7\u00f5es a personalidades hist\u00f3ricas do pa\u00eds.<\/li>\n<\/ul>\n","protected":false},"author":2,"featured_media":121069,"comment_status":"closed","ping_status":"closed","sticky":false,"template":"","format":"standard","meta":{"footnotes":""},"categories":[1],"tags":[1955,2521,1846,1112,64,299],"class_list":["post-121068","post","type-post","status-publish","format-standard","has-post-thumbnail","hentry","category-noticias","tag-alcains","tag-amalia-rodrigues","tag-beira-interior","tag-castelo-branco","tag-familia","tag-historia"],"yoast_head":"<!-- This site is optimized with the Yoast SEO plugin v27.2 - https:\/\/yoast.com\/product\/yoast-seo-wordpress\/ -->\n<title>A genealogia de Seguro surpreende pela complexidade hist\u00f3rica - Portal Tela Portugal<\/title>\n<meta name=\"robots\" content=\"index, follow, max-snippet:-1, max-image-preview:large, max-video-preview:-1\" \/>\n<meta property=\"og:locale\" content=\"pt_PT\" \/>\n<meta property=\"og:type\" content=\"article\" \/>\n<meta property=\"og:title\" content=\"A genealogia de Seguro surpreende pela complexidade hist\u00f3rica - Portal Tela Portugal\" \/>\n<meta property=\"og:description\" content=\"A genealogia de Ant\u00f3nio Jos\u00e9 Seguro mostra que o apelido Seguro deriva da decis\u00e3o tomada em 1730, quando Jos\u00e9 nasceu com o sobrenome materno em Capinha (Fund\u00e3o). A \u00e1rvore geneal\u00f3gica tra\u00e7ada pela Associa\u00e7\u00e3o Portuguesa de Genealogia revela onze gera\u00e7\u00f5es de ascendentes, sobretudo da Beira Baixa, com liga\u00e7\u00f5es a v\u00e1rios lugares como Idanha-a-Nova, Penamacor e Alcains. Entre os parentes destacam-se liga\u00e7\u00f5es a figuras p\u00fablicas, como Am\u00e1lia Rodrigues (prima em 14.\u00ba grau), Ant\u00f3nio Ramalho Eanes (primo em 12.\u00ba grau) e Eduardo Mar\u00e7al Grilo (primo em 12.\u00ba grau), ligados por ramos familiares distintos. O percurso inclui epis\u00f3dios curiosos, como um beb\u00ea exposto na roda em Castelo Branco que later se casou com uma nobre, e um guarda fronteiri\u00e7o que se afastou para o Algarve antes de regressar. A lista de ascendentes totaliza 84 indiv\u00edduos, com muitos trabalhadores rurais da regi\u00e3o daBeira Baixa e liga\u00e7\u00f5es a personalidades hist\u00f3ricas do pa\u00eds.\" \/>\n<meta property=\"og:url\" content=\"https:\/\/portaltela.pt\/noticias\/2026\/01\/06\/a-genealogia-de-seguro-surpreende-pela-complexidade-historica\/\" \/>\n<meta property=\"og:site_name\" content=\"Portal Tela Portugal\" \/>\n<meta property=\"article:published_time\" content=\"2026-01-06T16:47:19+00:00\" \/>\n<meta name=\"author\" content=\"Telinha\" \/>\n<meta name=\"twitter:card\" content=\"summary_large_image\" \/>\n<meta name=\"twitter:label1\" content=\"Escrito por\" \/>\n\t<meta name=\"twitter:data1\" content=\"Telinha\" \/>\n\t<meta name=\"twitter:label2\" content=\"Tempo estimado de leitura\" \/>\n\t<meta name=\"twitter:data2\" content=\"2 minutos\" \/>\n<script type=\"application\/ld+json\" class=\"yoast-schema-graph\">{\"@context\":\"https:\/\/schema.org\",\"@graph\":[{\"@type\":\"Article\",\"@id\":\"https:\/\/portaltela.pt\/noticias\/2026\/01\/06\/a-genealogia-de-seguro-surpreende-pela-complexidade-historica\/#article\",\"isPartOf\":{\"@id\":\"https:\/\/portaltela.pt\/noticias\/2026\/01\/06\/a-genealogia-de-seguro-surpreende-pela-complexidade-historica\/\"},\"author\":{\"name\":\"Telinha\",\"@id\":\"https:\/\/portaltela.pt\/#\/schema\/person\/c4278d4a6028830caff9ee44b42d32ed\"},\"headline\":\"A genealogia de Seguro surpreende pela complexidade hist\u00f3rica\",\"datePublished\":\"2026-01-06T16:47:19+00:00\",\"mainEntityOfPage\":{\"@id\":\"https:\/\/portaltela.pt\/noticias\/2026\/01\/06\/a-genealogia-de-seguro-surpreende-pela-complexidade-historica\/\"},\"wordCount\":479,\"image\":{\"@id\":\"https:\/\/portaltela.pt\/noticias\/2026\/01\/06\/a-genealogia-de-seguro-surpreende-pela-complexidade-historica\/#primaryimage\"},\"thumbnailUrl\":\"https:\/\/portaltela.pt\/s.01k8rhncp4jt1\/2026\/01\/manuel-anjos3.jpg\",\"keywords\":[\"Alcains\",\"Am\u00e1lia Rodrigues\",\"Beira Interior\",\"Castelo Branco\",\"fam\u00edlia\",\"hist\u00f3ria\"],\"articleSection\":[\"Not\u00edcias\"],\"inLanguage\":\"pt-PT\"},{\"@type\":\"WebPage\",\"@id\":\"https:\/\/portaltela.pt\/noticias\/2026\/01\/06\/a-genealogia-de-seguro-surpreende-pela-complexidade-historica\/\",\"url\":\"https:\/\/portaltela.pt\/noticias\/2026\/01\/06\/a-genealogia-de-seguro-surpreende-pela-complexidade-historica\/\",\"name\":\"A genealogia de Seguro surpreende pela complexidade hist\u00f3rica - Portal Tela Portugal\",\"isPartOf\":{\"@id\":\"https:\/\/portaltela.pt\/#website\"},\"primaryImageOfPage\":{\"@id\":\"https:\/\/portaltela.pt\/noticias\/2026\/01\/06\/a-genealogia-de-seguro-surpreende-pela-complexidade-historica\/#primaryimage\"},\"image\":{\"@id\":\"https:\/\/portaltela.pt\/noticias\/2026\/01\/06\/a-genealogia-de-seguro-surpreende-pela-complexidade-historica\/#primaryimage\"},\"thumbnailUrl\":\"https:\/\/portaltela.pt\/s.01k8rhncp4jt1\/2026\/01\/manuel-anjos3.jpg\",\"datePublished\":\"2026-01-06T16:47:19+00:00\",\"author\":{\"@id\":\"https:\/\/portaltela.pt\/#\/schema\/person\/c4278d4a6028830caff9ee44b42d32ed\"},\"breadcrumb\":{\"@id\":\"https:\/\/portaltela.pt\/noticias\/2026\/01\/06\/a-genealogia-de-seguro-surpreende-pela-complexidade-historica\/#breadcrumb\"},\"inLanguage\":\"pt-PT\",\"potentialAction\":[{\"@type\":\"ReadAction\",\"target\":[\"https:\/\/portaltela.pt\/noticias\/2026\/01\/06\/a-genealogia-de-seguro-surpreende-pela-complexidade-historica\/\"]}]},{\"@type\":\"ImageObject\",\"inLanguage\":\"pt-PT\",\"@id\":\"https:\/\/portaltela.pt\/noticias\/2026\/01\/06\/a-genealogia-de-seguro-surpreende-pela-complexidade-historica\/#primaryimage\",\"url\":\"https:\/\/portaltela.pt\/s.01k8rhncp4jt1\/2026\/01\/manuel-anjos3.jpg\",\"contentUrl\":\"https:\/\/portaltela.pt\/s.01k8rhncp4jt1\/2026\/01\/manuel-anjos3.jpg\",\"width\":796,\"height\":448,\"caption\":\"Certid\u00e3o de batismo de Manuel dos Anjos. \\\"Manuel dos Anjos exposto na roda desta cidade\\\" (Castelo Branco)\"},{\"@type\":\"BreadcrumbList\",\"@id\":\"https:\/\/portaltela.pt\/noticias\/2026\/01\/06\/a-genealogia-de-seguro-surpreende-pela-complexidade-historica\/#breadcrumb\",\"itemListElement\":[{\"@type\":\"ListItem\",\"position\":1,\"name\":\"In\u00edcio\",\"item\":\"https:\/\/portaltela.pt\/\"},{\"@type\":\"ListItem\",\"position\":2,\"name\":\"A genealogia de Seguro surpreende pela complexidade hist\u00f3rica\"}]},{\"@type\":\"WebSite\",\"@id\":\"https:\/\/portaltela.pt\/#website\",\"url\":\"https:\/\/portaltela.pt\/\",\"name\":\"Portal Tela Portugal\",\"description\":\"\",\"potentialAction\":[{\"@type\":\"SearchAction\",\"target\":{\"@type\":\"EntryPoint\",\"urlTemplate\":\"https:\/\/portaltela.pt\/?s={search_term_string}\"},\"query-input\":{\"@type\":\"PropertyValueSpecification\",\"valueRequired\":true,\"valueName\":\"search_term_string\"}}],\"inLanguage\":\"pt-PT\"},{\"@type\":\"Person\",\"@id\":\"https:\/\/portaltela.pt\/#\/schema\/person\/c4278d4a6028830caff9ee44b42d32ed\",\"name\":\"Telinha\",\"image\":{\"@type\":\"ImageObject\",\"inLanguage\":\"pt-PT\",\"@id\":\"https:\/\/portaltela.pt\/s.01k8rhncp4jt1\/2025\/11\/talking-bot-125x125.png\",\"url\":\"https:\/\/portaltela.pt\/s.01k8rhncp4jt1\/2025\/11\/talking-bot-125x125.png\",\"contentUrl\":\"https:\/\/portaltela.pt\/s.01k8rhncp4jt1\/2025\/11\/talking-bot-125x125.png\",\"caption\":\"Telinha\"},\"sameAs\":[\"https:\/\/portaltela.pt\/\"],\"url\":\"https:\/\/portaltela.pt\/por\/367410592786\/\"}]}<\/script>\n<!-- \/ Yoast SEO plugin. -->","yoast_head_json":{"title":"A genealogia de Seguro surpreende pela complexidade hist\u00f3rica - Portal Tela Portugal","robots":{"index":"index","follow":"follow","max-snippet":"max-snippet:-1","max-image-preview":"max-image-preview:large","max-video-preview":"max-video-preview:-1"},"og_locale":"pt_PT","og_type":"article","og_title":"A genealogia de Seguro surpreende pela complexidade hist\u00f3rica - Portal Tela Portugal","og_description":"A genealogia de Ant\u00f3nio Jos\u00e9 Seguro mostra que o apelido Seguro deriva da decis\u00e3o tomada em 1730, quando Jos\u00e9 nasceu com o sobrenome materno em Capinha (Fund\u00e3o). A \u00e1rvore geneal\u00f3gica tra\u00e7ada pela Associa\u00e7\u00e3o Portuguesa de Genealogia revela onze gera\u00e7\u00f5es de ascendentes, sobretudo da Beira Baixa, com liga\u00e7\u00f5es a v\u00e1rios lugares como Idanha-a-Nova, Penamacor e Alcains. Entre os parentes destacam-se liga\u00e7\u00f5es a figuras p\u00fablicas, como Am\u00e1lia Rodrigues (prima em 14.\u00ba grau), Ant\u00f3nio Ramalho Eanes (primo em 12.\u00ba grau) e Eduardo Mar\u00e7al Grilo (primo em 12.\u00ba grau), ligados por ramos familiares distintos. O percurso inclui epis\u00f3dios curiosos, como um beb\u00ea exposto na roda em Castelo Branco que later se casou com uma nobre, e um guarda fronteiri\u00e7o que se afastou para o Algarve antes de regressar. A lista de ascendentes totaliza 84 indiv\u00edduos, com muitos trabalhadores rurais da regi\u00e3o daBeira Baixa e liga\u00e7\u00f5es a personalidades hist\u00f3ricas do pa\u00eds.","og_url":"https:\/\/portaltela.pt\/noticias\/2026\/01\/06\/a-genealogia-de-seguro-surpreende-pela-complexidade-historica\/","og_site_name":"Portal Tela Portugal","article_published_time":"2026-01-06T16:47:19+00:00","author":"Telinha","twitter_card":"summary_large_image","twitter_misc":{"Escrito por":"Telinha","Tempo estimado de leitura":"2 minutos"},"schema":{"@context":"https:\/\/schema.org","@graph":[{"@type":"Article","@id":"https:\/\/portaltela.pt\/noticias\/2026\/01\/06\/a-genealogia-de-seguro-surpreende-pela-complexidade-historica\/#article","isPartOf":{"@id":"https:\/\/portaltela.pt\/noticias\/2026\/01\/06\/a-genealogia-de-seguro-surpreende-pela-complexidade-historica\/"},"author":{"name":"Telinha","@id":"https:\/\/portaltela.pt\/#\/schema\/person\/c4278d4a6028830caff9ee44b42d32ed"},"headline":"A genealogia de Seguro surpreende pela complexidade hist\u00f3rica","datePublished":"2026-01-06T16:47:19+00:00","mainEntityOfPage":{"@id":"https:\/\/portaltela.pt\/noticias\/2026\/01\/06\/a-genealogia-de-seguro-surpreende-pela-complexidade-historica\/"},"wordCount":479,"image":{"@id":"https:\/\/portaltela.pt\/noticias\/2026\/01\/06\/a-genealogia-de-seguro-surpreende-pela-complexidade-historica\/#primaryimage"},"thumbnailUrl":"https:\/\/portaltela.pt\/s.01k8rhncp4jt1\/2026\/01\/manuel-anjos3.jpg","keywords":["Alcains","Am\u00e1lia Rodrigues","Beira Interior","Castelo Branco","fam\u00edlia","hist\u00f3ria"],"articleSection":["Not\u00edcias"],"inLanguage":"pt-PT"},{"@type":"WebPage","@id":"https:\/\/portaltela.pt\/noticias\/2026\/01\/06\/a-genealogia-de-seguro-surpreende-pela-complexidade-historica\/","url":"https:\/\/portaltela.pt\/noticias\/2026\/01\/06\/a-genealogia-de-seguro-surpreende-pela-complexidade-historica\/","name":"A genealogia de Seguro surpreende pela complexidade hist\u00f3rica - Portal Tela Portugal","isPartOf":{"@id":"https:\/\/portaltela.pt\/#website"},"primaryImageOfPage":{"@id":"https:\/\/portaltela.pt\/noticias\/2026\/01\/06\/a-genealogia-de-seguro-surpreende-pela-complexidade-historica\/#primaryimage"},"image":{"@id":"https:\/\/portaltela.pt\/noticias\/2026\/01\/06\/a-genealogia-de-seguro-surpreende-pela-complexidade-historica\/#primaryimage"},"thumbnailUrl":"https:\/\/portaltela.pt\/s.01k8rhncp4jt1\/2026\/01\/manuel-anjos3.jpg","datePublished":"2026-01-06T16:47:19+00:00","author":{"@id":"https:\/\/portaltela.pt\/#\/schema\/person\/c4278d4a6028830caff9ee44b42d32ed"},"breadcrumb":{"@id":"https:\/\/portaltela.pt\/noticias\/2026\/01\/06\/a-genealogia-de-seguro-surpreende-pela-complexidade-historica\/#breadcrumb"},"inLanguage":"pt-PT","potentialAction":[{"@type":"ReadAction","target":["https:\/\/portaltela.pt\/noticias\/2026\/01\/06\/a-genealogia-de-seguro-surpreende-pela-complexidade-historica\/"]}]},{"@type":"ImageObject","inLanguage":"pt-PT","@id":"https:\/\/portaltela.pt\/noticias\/2026\/01\/06\/a-genealogia-de-seguro-surpreende-pela-complexidade-historica\/#primaryimage","url":"https:\/\/portaltela.pt\/s.01k8rhncp4jt1\/2026\/01\/manuel-anjos3.jpg","contentUrl":"https:\/\/portaltela.pt\/s.01k8rhncp4jt1\/2026\/01\/manuel-anjos3.jpg","width":796,"height":448,"caption":"Certid\u00e3o de batismo de Manuel dos Anjos. \"Manuel dos Anjos exposto na roda desta cidade\" (Castelo Branco)"},{"@type":"BreadcrumbList","@id":"https:\/\/portaltela.pt\/noticias\/2026\/01\/06\/a-genealogia-de-seguro-surpreende-pela-complexidade-historica\/#breadcrumb","itemListElement":[{"@type":"ListItem","position":1,"name":"In\u00edcio","item":"https:\/\/portaltela.pt\/"},{"@type":"ListItem","position":2,"name":"A genealogia de Seguro surpreende pela complexidade hist\u00f3rica"}]},{"@type":"WebSite","@id":"https:\/\/portaltela.pt\/#website","url":"https:\/\/portaltela.pt\/","name":"Portal Tela Portugal","description":"","potentialAction":[{"@type":"SearchAction","target":{"@type":"EntryPoint","urlTemplate":"https:\/\/portaltela.pt\/?s={search_term_string}"},"query-input":{"@type":"PropertyValueSpecification","valueRequired":true,"valueName":"search_term_string"}}],"inLanguage":"pt-PT"},{"@type":"Person","@id":"https:\/\/portaltela.pt\/#\/schema\/person\/c4278d4a6028830caff9ee44b42d32ed","name":"Telinha","image":{"@type":"ImageObject","inLanguage":"pt-PT","@id":"https:\/\/portaltela.pt\/s.01k8rhncp4jt1\/2025\/11\/talking-bot-125x125.png","url":"https:\/\/portaltela.pt\/s.01k8rhncp4jt1\/2025\/11\/talking-bot-125x125.png","contentUrl":"https:\/\/portaltela.pt\/s.01k8rhncp4jt1\/2025\/11\/talking-bot-125x125.png","caption":"Telinha"},"sameAs":["https:\/\/portaltela.pt\/"],"url":"https:\/\/portaltela.pt\/por\/367410592786\/"}]}},"_links":{"self":[{"href":"https:\/\/portaltela.pt\/api\/wp\/v2\/posts\/121068","targetHints":{"allow":["GET"]}}],"collection":[{"href":"https:\/\/portaltela.pt\/api\/wp\/v2\/posts"}],"about":[{"href":"https:\/\/portaltela.pt\/api\/wp\/v2\/types\/post"}],"author":[{"embeddable":true,"href":"https:\/\/portaltela.pt\/api\/wp\/v2\/users\/2"}],"replies":[{"embeddable":true,"href":"https:\/\/portaltela.pt\/api\/wp\/v2\/comments?post=121068"}],"version-history":[{"count":0,"href":"https:\/\/portaltela.pt\/api\/wp\/v2\/posts\/121068\/revisions"}],"wp:featuredmedia":[{"embeddable":true,"href":"https:\/\/portaltela.pt\/api\/wp\/v2\/media\/121069"}],"wp:attachment":[{"href":"https:\/\/portaltela.pt\/api\/wp\/v2\/media?parent=121068"}],"wp:term":[{"taxonomy":"category","embeddable":true,"href":"https:\/\/portaltela.pt\/api\/wp\/v2\/categories?post=121068"},{"taxonomy":"post_tag","embeddable":true,"href":"https:\/\/portaltela.pt\/api\/wp\/v2\/tags?post=121068"}],"curies":[{"name":"wp","href":"https:\/\/api.w.org\/{rel}","templated":true}]}}