{"id":121001,"date":"2026-01-06T13:07:44","date_gmt":"2026-01-06T16:07:44","guid":{"rendered":"https:\/\/portaltela.pt\/noticias\/2026\/01\/06\/mocambique-nao-regista-casos-de-mpox-apos-seis-meses-do-anuncio\/"},"modified":"2026-01-06T13:07:44","modified_gmt":"2026-01-06T16:07:44","slug":"mocambique-nao-regista-casos-de-mpox-apos-seis-meses-do-anuncio","status":"publish","type":"post","link":"https:\/\/portaltela.pt\/noticias\/2026\/01\/06\/mocambique-nao-regista-casos-de-mpox-apos-seis-meses-do-anuncio\/","title":{"rendered":"Mo\u00e7ambique n\u00e3o regista casos de mpox ap\u00f3s seis meses do an\u00fancio"},"content":{"rendered":"<p>Mo\u00e7ambique n\u00e3o regista atualmente casos ativos de mpox, seis meses ap\u00f3s o an\u00fancio do surto, segundo um boletim do Minist\u00e9rio da Sa\u00fade a que a Lusa teve acesso. O documento aponta dados atualizados at\u00e9 4 de janeiro.<\/p>\n<p>Nas \u00faltimas 24 horas n\u00e3o houve registo de casos suspeitos de mpox, e n\u00e3o foram testadas amostras no per\u00edodo em refer\u00eancia. Desde 11 de julho de 2025, o pa\u00eds registou 1.887 casos suspeitos, com 1.886 testes conclu\u00eddos e 91 confirma\u00e7\u00f5es positivas.<\/p>\n<p>A prov\u00edncia de Niassa, no norte, continua a ser o epicentro, com 80 infe\u00e7\u00f5es confirmadas. Outras regi\u00f5es com casos confirmados s\u00e3o Cabo Delgado (1), Maputo (4), Tete (3) e Manica (3). N\u00e3o houve registo de \u00f3bitos.<\/p>\n<p>Apesar da aus\u00eancia de casos ativos, persiste um caso suspeito sob vigil\u00e2ncia. A Dire\u00e7\u00e3o Nacional de Sa\u00fade P\u00fablica n\u00e3o permite ainda declarar oficialmente o fim do surto, pois s\u00e3o necess\u00e1rios 60 dias consecutivos sem casos positivos.<\/p>\n<p>Em outubro, a diretora nacional adjunta de Sa\u00fade P\u00fablica afirmou que a persist\u00eancia de casos em Niassa atrasou a declara\u00e7\u00e3o do fim do surto. Em dezembro, Niassa informou que mais de 22 mil pessoas foram vacinadas numa campanha de cinco dias.<\/p>\n","protected":false},"excerpt":{"rendered":"<ul>\n<li>Mo\u00e7ambique n\u00e3o regista atualmente casos ativos de mpox, seis meses ap\u00f3s o an\u00fancio do surto, segundo um boletim do Minist\u00e9rio da Sa\u00fade com dados at\u00e9 4 de janeiro.<\/li>\n<li>Nas \u00faltimas 24 horas n\u00e3o houve registo de casos suspeitos e, no per\u00edodo, n\u00e3o foram testadas amostras para a doen\u00e7a.<\/li>\n<li>Desde 11 de julho de 2025, o pa\u00eds contabilizou 1.887 casos suspeitos, dos quais 1.886 foram testados, com 91 casos positivos e sem registo de \u00f3bitos; todos os doentes foram dados como recuperados.<\/li>\n<li>A maioria dos positivos ocorreu na prov\u00edncia de Niassa, com 80 infe\u00e7\u00f5es, sendo o epicentro do surto; registaram-se ainda um caso em Cabo Delgado, quatro em Maputo, tr\u00eas em Tete e tr\u00eas em Manica.<\/li>\n<li>Apesar de n\u00e3o existirem casos ativos, permanece um caso suspeito sob seguimento; o fim do surto s\u00f3 pode ser declarado ap\u00f3s 60 dias consecutivos sem casos positivos.<\/li>\n<\/ul>\n","protected":false},"author":2,"featured_media":121009,"comment_status":"closed","ping_status":"closed","sticky":false,"template":"","format":"standard","meta":{"footnotes":""},"categories":[1],"tags":[2049,2516,2506,1911,2232,271],"class_list":["post-121001","post","type-post","status-publish","format-standard","has-post-thumbnail","hentry","category-noticias","tag-cabo-delgado","tag-manica","tag-maputo","tag-mocambique","tag-niassa","tag-saude-publica"],"yoast_head":"<!-- This site is optimized with the Yoast SEO plugin v27.2 - https:\/\/yoast.com\/product\/yoast-seo-wordpress\/ -->\n<title>Mo\u00e7ambique n\u00e3o regista casos de mpox ap\u00f3s seis meses do an\u00fancio - Portal Tela Portugal<\/title>\n<meta name=\"robots\" content=\"index, follow, max-snippet:-1, max-image-preview:large, max-video-preview:-1\" \/>\n<meta property=\"og:locale\" content=\"pt_PT\" \/>\n<meta property=\"og:type\" content=\"article\" \/>\n<meta property=\"og:title\" content=\"Mo\u00e7ambique n\u00e3o regista casos de mpox ap\u00f3s seis meses do an\u00fancio - Portal Tela Portugal\" \/>\n<meta property=\"og:description\" content=\"Mo\u00e7ambique n\u00e3o regista atualmente casos ativos de mpox, seis meses ap\u00f3s o an\u00fancio do surto, segundo um boletim do Minist\u00e9rio da Sa\u00fade com dados at\u00e9 4 de janeiro. Nas \u00faltimas 24 horas n\u00e3o houve registo de casos suspeitos e, no per\u00edodo, n\u00e3o foram testadas amostras para a doen\u00e7a. Desde 11 de julho de 2025, o pa\u00eds contabilizou 1.887 casos suspeitos, dos quais 1.886 foram testados, com 91 casos positivos e sem registo de \u00f3bitos; todos os doentes foram dados como recuperados. A maioria dos positivos ocorreu na prov\u00edncia de Niassa, com 80 infe\u00e7\u00f5es, sendo o epicentro do surto; registaram-se ainda um caso em Cabo Delgado, quatro em Maputo, tr\u00eas em Tete e tr\u00eas em Manica. Apesar de n\u00e3o existirem casos ativos, permanece um caso suspeito sob seguimento; o fim do surto s\u00f3 pode ser declarado ap\u00f3s 60 dias consecutivos sem casos positivos.\" \/>\n<meta property=\"og:url\" content=\"https:\/\/portaltela.pt\/noticias\/2026\/01\/06\/mocambique-nao-regista-casos-de-mpox-apos-seis-meses-do-anuncio\/\" \/>\n<meta property=\"og:site_name\" content=\"Portal Tela Portugal\" \/>\n<meta property=\"article:published_time\" content=\"2026-01-06T16:07:44+00:00\" \/>\n<meta name=\"author\" content=\"Telinha\" \/>\n<meta name=\"twitter:card\" content=\"summary_large_image\" \/>\n<meta name=\"twitter:label1\" content=\"Escrito por\" \/>\n\t<meta name=\"twitter:data1\" content=\"Telinha\" \/>\n\t<meta name=\"twitter:label2\" content=\"Tempo estimado de leitura\" \/>\n\t<meta name=\"twitter:data2\" content=\"1 minuto\" \/>\n<script type=\"application\/ld+json\" class=\"yoast-schema-graph\">{\"@context\":\"https:\/\/schema.org\",\"@graph\":[{\"@type\":\"Article\",\"@id\":\"https:\/\/portaltela.pt\/noticias\/2026\/01\/06\/mocambique-nao-regista-casos-de-mpox-apos-seis-meses-do-anuncio\/#article\",\"isPartOf\":{\"@id\":\"https:\/\/portaltela.pt\/noticias\/2026\/01\/06\/mocambique-nao-regista-casos-de-mpox-apos-seis-meses-do-anuncio\/\"},\"author\":{\"name\":\"Telinha\",\"@id\":\"https:\/\/portaltela.pt\/#\/schema\/person\/c4278d4a6028830caff9ee44b42d32ed\"},\"headline\":\"Mo\u00e7ambique n\u00e3o regista casos de mpox ap\u00f3s seis meses do an\u00fancio\",\"datePublished\":\"2026-01-06T16:07:44+00:00\",\"mainEntityOfPage\":{\"@id\":\"https:\/\/portaltela.pt\/noticias\/2026\/01\/06\/mocambique-nao-regista-casos-de-mpox-apos-seis-meses-do-anuncio\/\"},\"wordCount\":222,\"image\":{\"@id\":\"https:\/\/portaltela.pt\/noticias\/2026\/01\/06\/mocambique-nao-regista-casos-de-mpox-apos-seis-meses-do-anuncio\/#primaryimage\"},\"thumbnailUrl\":\"https:\/\/portaltela.pt\/s.01k8rhncp4jt1\/2026\/01\/unnamed-file-1121.jpg\",\"keywords\":[\"Cabo Delgado\",\"Manica\",\"Maputo\",\"Mo\u00e7ambique\",\"Niassa\",\"sa\u00fade p\u00fablica\"],\"articleSection\":[\"Not\u00edcias\"],\"inLanguage\":\"pt-PT\"},{\"@type\":\"WebPage\",\"@id\":\"https:\/\/portaltela.pt\/noticias\/2026\/01\/06\/mocambique-nao-regista-casos-de-mpox-apos-seis-meses-do-anuncio\/\",\"url\":\"https:\/\/portaltela.pt\/noticias\/2026\/01\/06\/mocambique-nao-regista-casos-de-mpox-apos-seis-meses-do-anuncio\/\",\"name\":\"Mo\u00e7ambique n\u00e3o regista casos de mpox ap\u00f3s seis meses do an\u00fancio - Portal Tela Portugal\",\"isPartOf\":{\"@id\":\"https:\/\/portaltela.pt\/#website\"},\"primaryImageOfPage\":{\"@id\":\"https:\/\/portaltela.pt\/noticias\/2026\/01\/06\/mocambique-nao-regista-casos-de-mpox-apos-seis-meses-do-anuncio\/#primaryimage\"},\"image\":{\"@id\":\"https:\/\/portaltela.pt\/noticias\/2026\/01\/06\/mocambique-nao-regista-casos-de-mpox-apos-seis-meses-do-anuncio\/#primaryimage\"},\"thumbnailUrl\":\"https:\/\/portaltela.pt\/s.01k8rhncp4jt1\/2026\/01\/unnamed-file-1121.jpg\",\"datePublished\":\"2026-01-06T16:07:44+00:00\",\"author\":{\"@id\":\"https:\/\/portaltela.pt\/#\/schema\/person\/c4278d4a6028830caff9ee44b42d32ed\"},\"breadcrumb\":{\"@id\":\"https:\/\/portaltela.pt\/noticias\/2026\/01\/06\/mocambique-nao-regista-casos-de-mpox-apos-seis-meses-do-anuncio\/#breadcrumb\"},\"inLanguage\":\"pt-PT\",\"potentialAction\":[{\"@type\":\"ReadAction\",\"target\":[\"https:\/\/portaltela.pt\/noticias\/2026\/01\/06\/mocambique-nao-regista-casos-de-mpox-apos-seis-meses-do-anuncio\/\"]}]},{\"@type\":\"ImageObject\",\"inLanguage\":\"pt-PT\",\"@id\":\"https:\/\/portaltela.pt\/noticias\/2026\/01\/06\/mocambique-nao-regista-casos-de-mpox-apos-seis-meses-do-anuncio\/#primaryimage\",\"url\":\"https:\/\/portaltela.pt\/s.01k8rhncp4jt1\/2026\/01\/unnamed-file-1121.jpg\",\"contentUrl\":\"https:\/\/portaltela.pt\/s.01k8rhncp4jt1\/2026\/01\/unnamed-file-1121.jpg\",\"width\":796,\"height\":448,\"caption\":\"Mo\u00e7ambique sem casos de mpox seis meses ap\u00f3s an\u00fancio do surto\"},{\"@type\":\"BreadcrumbList\",\"@id\":\"https:\/\/portaltela.pt\/noticias\/2026\/01\/06\/mocambique-nao-regista-casos-de-mpox-apos-seis-meses-do-anuncio\/#breadcrumb\",\"itemListElement\":[{\"@type\":\"ListItem\",\"position\":1,\"name\":\"In\u00edcio\",\"item\":\"https:\/\/portaltela.pt\/\"},{\"@type\":\"ListItem\",\"position\":2,\"name\":\"Mo\u00e7ambique n\u00e3o regista casos de mpox ap\u00f3s seis meses do an\u00fancio\"}]},{\"@type\":\"WebSite\",\"@id\":\"https:\/\/portaltela.pt\/#website\",\"url\":\"https:\/\/portaltela.pt\/\",\"name\":\"Portal Tela Portugal\",\"description\":\"\",\"potentialAction\":[{\"@type\":\"SearchAction\",\"target\":{\"@type\":\"EntryPoint\",\"urlTemplate\":\"https:\/\/portaltela.pt\/?s={search_term_string}\"},\"query-input\":{\"@type\":\"PropertyValueSpecification\",\"valueRequired\":true,\"valueName\":\"search_term_string\"}}],\"inLanguage\":\"pt-PT\"},{\"@type\":\"Person\",\"@id\":\"https:\/\/portaltela.pt\/#\/schema\/person\/c4278d4a6028830caff9ee44b42d32ed\",\"name\":\"Telinha\",\"image\":{\"@type\":\"ImageObject\",\"inLanguage\":\"pt-PT\",\"@id\":\"https:\/\/portaltela.pt\/s.01k8rhncp4jt1\/2025\/11\/talking-bot-125x125.png\",\"url\":\"https:\/\/portaltela.pt\/s.01k8rhncp4jt1\/2025\/11\/talking-bot-125x125.png\",\"contentUrl\":\"https:\/\/portaltela.pt\/s.01k8rhncp4jt1\/2025\/11\/talking-bot-125x125.png\",\"caption\":\"Telinha\"},\"sameAs\":[\"https:\/\/portaltela.pt\/\"],\"url\":\"https:\/\/portaltela.pt\/por\/367410592786\/\"}]}<\/script>\n<!-- \/ Yoast SEO plugin. -->","yoast_head_json":{"title":"Mo\u00e7ambique n\u00e3o regista casos de mpox ap\u00f3s seis meses do an\u00fancio - Portal Tela Portugal","robots":{"index":"index","follow":"follow","max-snippet":"max-snippet:-1","max-image-preview":"max-image-preview:large","max-video-preview":"max-video-preview:-1"},"og_locale":"pt_PT","og_type":"article","og_title":"Mo\u00e7ambique n\u00e3o regista casos de mpox ap\u00f3s seis meses do an\u00fancio - Portal Tela Portugal","og_description":"Mo\u00e7ambique n\u00e3o regista atualmente casos ativos de mpox, seis meses ap\u00f3s o an\u00fancio do surto, segundo um boletim do Minist\u00e9rio da Sa\u00fade com dados at\u00e9 4 de janeiro. Nas \u00faltimas 24 horas n\u00e3o houve registo de casos suspeitos e, no per\u00edodo, n\u00e3o foram testadas amostras para a doen\u00e7a. Desde 11 de julho de 2025, o pa\u00eds contabilizou 1.887 casos suspeitos, dos quais 1.886 foram testados, com 91 casos positivos e sem registo de \u00f3bitos; todos os doentes foram dados como recuperados. A maioria dos positivos ocorreu na prov\u00edncia de Niassa, com 80 infe\u00e7\u00f5es, sendo o epicentro do surto; registaram-se ainda um caso em Cabo Delgado, quatro em Maputo, tr\u00eas em Tete e tr\u00eas em Manica. Apesar de n\u00e3o existirem casos ativos, permanece um caso suspeito sob seguimento; o fim do surto s\u00f3 pode ser declarado ap\u00f3s 60 dias consecutivos sem casos positivos.","og_url":"https:\/\/portaltela.pt\/noticias\/2026\/01\/06\/mocambique-nao-regista-casos-de-mpox-apos-seis-meses-do-anuncio\/","og_site_name":"Portal Tela Portugal","article_published_time":"2026-01-06T16:07:44+00:00","author":"Telinha","twitter_card":"summary_large_image","twitter_misc":{"Escrito por":"Telinha","Tempo estimado de leitura":"1 minuto"},"schema":{"@context":"https:\/\/schema.org","@graph":[{"@type":"Article","@id":"https:\/\/portaltela.pt\/noticias\/2026\/01\/06\/mocambique-nao-regista-casos-de-mpox-apos-seis-meses-do-anuncio\/#article","isPartOf":{"@id":"https:\/\/portaltela.pt\/noticias\/2026\/01\/06\/mocambique-nao-regista-casos-de-mpox-apos-seis-meses-do-anuncio\/"},"author":{"name":"Telinha","@id":"https:\/\/portaltela.pt\/#\/schema\/person\/c4278d4a6028830caff9ee44b42d32ed"},"headline":"Mo\u00e7ambique n\u00e3o regista casos de mpox ap\u00f3s seis meses do an\u00fancio","datePublished":"2026-01-06T16:07:44+00:00","mainEntityOfPage":{"@id":"https:\/\/portaltela.pt\/noticias\/2026\/01\/06\/mocambique-nao-regista-casos-de-mpox-apos-seis-meses-do-anuncio\/"},"wordCount":222,"image":{"@id":"https:\/\/portaltela.pt\/noticias\/2026\/01\/06\/mocambique-nao-regista-casos-de-mpox-apos-seis-meses-do-anuncio\/#primaryimage"},"thumbnailUrl":"https:\/\/portaltela.pt\/s.01k8rhncp4jt1\/2026\/01\/unnamed-file-1121.jpg","keywords":["Cabo Delgado","Manica","Maputo","Mo\u00e7ambique","Niassa","sa\u00fade p\u00fablica"],"articleSection":["Not\u00edcias"],"inLanguage":"pt-PT"},{"@type":"WebPage","@id":"https:\/\/portaltela.pt\/noticias\/2026\/01\/06\/mocambique-nao-regista-casos-de-mpox-apos-seis-meses-do-anuncio\/","url":"https:\/\/portaltela.pt\/noticias\/2026\/01\/06\/mocambique-nao-regista-casos-de-mpox-apos-seis-meses-do-anuncio\/","name":"Mo\u00e7ambique n\u00e3o regista casos de mpox ap\u00f3s seis meses do an\u00fancio - Portal Tela Portugal","isPartOf":{"@id":"https:\/\/portaltela.pt\/#website"},"primaryImageOfPage":{"@id":"https:\/\/portaltela.pt\/noticias\/2026\/01\/06\/mocambique-nao-regista-casos-de-mpox-apos-seis-meses-do-anuncio\/#primaryimage"},"image":{"@id":"https:\/\/portaltela.pt\/noticias\/2026\/01\/06\/mocambique-nao-regista-casos-de-mpox-apos-seis-meses-do-anuncio\/#primaryimage"},"thumbnailUrl":"https:\/\/portaltela.pt\/s.01k8rhncp4jt1\/2026\/01\/unnamed-file-1121.jpg","datePublished":"2026-01-06T16:07:44+00:00","author":{"@id":"https:\/\/portaltela.pt\/#\/schema\/person\/c4278d4a6028830caff9ee44b42d32ed"},"breadcrumb":{"@id":"https:\/\/portaltela.pt\/noticias\/2026\/01\/06\/mocambique-nao-regista-casos-de-mpox-apos-seis-meses-do-anuncio\/#breadcrumb"},"inLanguage":"pt-PT","potentialAction":[{"@type":"ReadAction","target":["https:\/\/portaltela.pt\/noticias\/2026\/01\/06\/mocambique-nao-regista-casos-de-mpox-apos-seis-meses-do-anuncio\/"]}]},{"@type":"ImageObject","inLanguage":"pt-PT","@id":"https:\/\/portaltela.pt\/noticias\/2026\/01\/06\/mocambique-nao-regista-casos-de-mpox-apos-seis-meses-do-anuncio\/#primaryimage","url":"https:\/\/portaltela.pt\/s.01k8rhncp4jt1\/2026\/01\/unnamed-file-1121.jpg","contentUrl":"https:\/\/portaltela.pt\/s.01k8rhncp4jt1\/2026\/01\/unnamed-file-1121.jpg","width":796,"height":448,"caption":"Mo\u00e7ambique sem casos de mpox seis meses ap\u00f3s an\u00fancio do surto"},{"@type":"BreadcrumbList","@id":"https:\/\/portaltela.pt\/noticias\/2026\/01\/06\/mocambique-nao-regista-casos-de-mpox-apos-seis-meses-do-anuncio\/#breadcrumb","itemListElement":[{"@type":"ListItem","position":1,"name":"In\u00edcio","item":"https:\/\/portaltela.pt\/"},{"@type":"ListItem","position":2,"name":"Mo\u00e7ambique n\u00e3o regista casos de mpox ap\u00f3s seis meses do an\u00fancio"}]},{"@type":"WebSite","@id":"https:\/\/portaltela.pt\/#website","url":"https:\/\/portaltela.pt\/","name":"Portal Tela Portugal","description":"","potentialAction":[{"@type":"SearchAction","target":{"@type":"EntryPoint","urlTemplate":"https:\/\/portaltela.pt\/?s={search_term_string}"},"query-input":{"@type":"PropertyValueSpecification","valueRequired":true,"valueName":"search_term_string"}}],"inLanguage":"pt-PT"},{"@type":"Person","@id":"https:\/\/portaltela.pt\/#\/schema\/person\/c4278d4a6028830caff9ee44b42d32ed","name":"Telinha","image":{"@type":"ImageObject","inLanguage":"pt-PT","@id":"https:\/\/portaltela.pt\/s.01k8rhncp4jt1\/2025\/11\/talking-bot-125x125.png","url":"https:\/\/portaltela.pt\/s.01k8rhncp4jt1\/2025\/11\/talking-bot-125x125.png","contentUrl":"https:\/\/portaltela.pt\/s.01k8rhncp4jt1\/2025\/11\/talking-bot-125x125.png","caption":"Telinha"},"sameAs":["https:\/\/portaltela.pt\/"],"url":"https:\/\/portaltela.pt\/por\/367410592786\/"}]}},"_links":{"self":[{"href":"https:\/\/portaltela.pt\/api\/wp\/v2\/posts\/121001","targetHints":{"allow":["GET"]}}],"collection":[{"href":"https:\/\/portaltela.pt\/api\/wp\/v2\/posts"}],"about":[{"href":"https:\/\/portaltela.pt\/api\/wp\/v2\/types\/post"}],"author":[{"embeddable":true,"href":"https:\/\/portaltela.pt\/api\/wp\/v2\/users\/2"}],"replies":[{"embeddable":true,"href":"https:\/\/portaltela.pt\/api\/wp\/v2\/comments?post=121001"}],"version-history":[{"count":0,"href":"https:\/\/portaltela.pt\/api\/wp\/v2\/posts\/121001\/revisions"}],"wp:featuredmedia":[{"embeddable":true,"href":"https:\/\/portaltela.pt\/api\/wp\/v2\/media\/121009"}],"wp:attachment":[{"href":"https:\/\/portaltela.pt\/api\/wp\/v2\/media?parent=121001"}],"wp:term":[{"taxonomy":"category","embeddable":true,"href":"https:\/\/portaltela.pt\/api\/wp\/v2\/categories?post=121001"},{"taxonomy":"post_tag","embeddable":true,"href":"https:\/\/portaltela.pt\/api\/wp\/v2\/tags?post=121001"}],"curies":[{"name":"wp","href":"https:\/\/api.w.org\/{rel}","templated":true}]}}