{"id":120966,"date":"2026-01-06T12:50:00","date_gmt":"2026-01-06T15:50:00","guid":{"rendered":"https:\/\/portaltela.pt\/noticias\/2026\/01\/06\/regiao-de-leiria-regista-162-fogos-rurais-em-2025\/"},"modified":"2026-01-06T12:50:00","modified_gmt":"2026-01-06T15:50:00","slug":"regiao-de-leiria-regista-162-fogos-rurais-em-2025","status":"publish","type":"post","link":"https:\/\/portaltela.pt\/noticias\/2026\/01\/06\/regiao-de-leiria-regista-162-fogos-rurais-em-2025\/","title":{"rendered":"Regi\u00e3o de Leiria regista 162 fogos rurais em 2025"},"content":{"rendered":"<p>Em 2025, a regi\u00e3o de Leiria registou 162 inc\u00eandios rurais, com 615 hectares ardidos, segundo o Comando Sub-regional de Emerg\u00eancia e Prote\u00e7\u00e3o Civil. O total coloca 2025 como o terceiro pior em termos de ocorr\u00eancias e o quinto em \u00e1rea ardida nos \u00faltimos dez anos.<\/p>\n<p>Entre 2015 e 2025, o ano com menos fogos foi 2024, com 132, e o segundo menor foi 2021, com 144. Em termos de \u00e1rea queimada, 2021 (35 ha) e 2018 (47 ha) registaram os menores valores.<\/p>\n<p>A regi\u00e3o de Leiria abrange os concelhos de Alvai\u00e1zere, Ansi\u00e3o, Batalha, Castanheira de Per\u00e1, Figueir\u00f3 dos Vinhos, Leiria, Marinha Grande, Pedr\u00f3g\u00e3o Grande, Pombal e Porto de M\u00f3s.<\/p>\n<h3>Perspetiva da prote\u00e7\u00e3o civil<\/h3>\n<p>O comandante Carlos Guerra destacou que 2025 foi positivo, com aus\u00eancia de v\u00edtimas entre operacionais e popula\u00e7\u00e3o. O ataque inicial aos inc\u00eandios foi crucial para o sucesso, embora tenham ocorrido tr\u00eas fogos que fugiram desse ataque.<\/p>\n<p>Para os resultados de 2025, foi refor\u00e7ado o ataque inicial, com despachos adicionais de brigadas em situa\u00e7\u00f5es de alerta. Guerra reconheceu a necessidade de melhorar comunica\u00e7\u00f5es e redes, incluindo a rede Siresp e a internet em zonas satellite.<\/p>\n<p>Outra dificuldade refere-se aos constrangimentos de recursos humanos, que, segundo o comandante, s\u00e3o estruturais e graves h\u00e1 anos, com falta de equipas permanentes nos bombeiros.<\/p>\n<p>Quanto \u00e0 origem dos inc\u00eandios em 2025, a Guarda Nacional Republicana indica que cerca de 75% tiveram causa humana, seja dolosa ou negligente. O respons\u00e1vel sub-regional apelou a maior sensibiliza\u00e7\u00e3o.<\/p>\n","protected":false},"excerpt":{"rendered":"<ul>\n<li>Em 2025, a Regi\u00e3o de Leiria registou 162 inc\u00eandios rurais, com 615 hectares ardidos (povoamentos 462 ha, matos 113 ha, agricultura 40 ha).<\/li>\n<li>Os munic\u00edpios abrangidos incluem Alvai\u00e1zere, Ansi\u00e3o, Batalha, Castanheira de Pera, Figueir\u00f3 dos Vinhos, Leiria, Marinha Grande, Pedr\u00f3g\u00e3o Grande, Pombal e Porto de M\u00f3s.<\/li>\n<li>O ano de 2024 foi o com menos inc\u00eandios na regi\u00e3o nos \u00faltimos dez anos, com 132 ocorr\u00eancias; 2021 teve 144.<\/li>\n<li>O inc\u00eandio mais significativo em 2025 ocorreu em Pedr\u00f3g\u00e3o Grande, em 23 de agosto, com 553 hectares ardidos (cerca de 90% da \u00e1rea total ardida no ano).<\/li>\n<li>O comandante Carlos Guerra destacou que 2025 foi positivo, sem v\u00edtimas entre operacionais e popula\u00e7\u00e3o; atribuiu o sucesso ao ataque inicial musculado, embora tenha reconhecido d\u00e9fices nas comunica\u00e7\u00f5es, internet e recursos humanos.<\/li>\n<\/ul>\n","protected":false},"author":2,"featured_media":120975,"comment_status":"closed","ping_status":"closed","sticky":false,"template":"","format":"standard","meta":{"footnotes":""},"categories":[1],"tags":[971,2515,2048,1438,1385],"class_list":["post-120966","post","type-post","status-publish","format-standard","has-post-thumbnail","hentry","category-noticias","tag-bombeiros","tag-castanheira-de-pera","tag-defesa-civil","tag-incendio","tag-leiria"],"yoast_head":"<!-- This site is optimized with the Yoast SEO plugin v27.2 - https:\/\/yoast.com\/product\/yoast-seo-wordpress\/ -->\n<title>Regi\u00e3o de Leiria regista 162 fogos rurais em 2025 - Portal Tela Portugal<\/title>\n<meta name=\"robots\" content=\"index, follow, max-snippet:-1, max-image-preview:large, max-video-preview:-1\" \/>\n<meta property=\"og:locale\" content=\"pt_PT\" \/>\n<meta property=\"og:type\" content=\"article\" \/>\n<meta property=\"og:title\" content=\"Regi\u00e3o de Leiria regista 162 fogos rurais em 2025 - Portal Tela Portugal\" \/>\n<meta property=\"og:description\" content=\"Em 2025, a Regi\u00e3o de Leiria registou 162 inc\u00eandios rurais, com 615 hectares ardidos (povoamentos 462 ha, matos 113 ha, agricultura 40 ha). Os munic\u00edpios abrangidos incluem Alvai\u00e1zere, Ansi\u00e3o, Batalha, Castanheira de Pera, Figueir\u00f3 dos Vinhos, Leiria, Marinha Grande, Pedr\u00f3g\u00e3o Grande, Pombal e Porto de M\u00f3s. O ano de 2024 foi o com menos inc\u00eandios na regi\u00e3o nos \u00faltimos dez anos, com 132 ocorr\u00eancias; 2021 teve 144. O inc\u00eandio mais significativo em 2025 ocorreu em Pedr\u00f3g\u00e3o Grande, em 23 de agosto, com 553 hectares ardidos (cerca de 90% da \u00e1rea total ardida no ano). O comandante Carlos Guerra destacou que 2025 foi positivo, sem v\u00edtimas entre operacionais e popula\u00e7\u00e3o; atribuiu o sucesso ao ataque inicial musculado, embora tenha reconhecido d\u00e9fices nas comunica\u00e7\u00f5es, internet e recursos humanos.\" \/>\n<meta property=\"og:url\" content=\"https:\/\/portaltela.pt\/noticias\/2026\/01\/06\/regiao-de-leiria-regista-162-fogos-rurais-em-2025\/\" \/>\n<meta property=\"og:site_name\" content=\"Portal Tela Portugal\" \/>\n<meta property=\"article:published_time\" content=\"2026-01-06T15:50:00+00:00\" \/>\n<meta name=\"author\" content=\"Telinha\" \/>\n<meta name=\"twitter:card\" content=\"summary_large_image\" \/>\n<meta name=\"twitter:label1\" content=\"Escrito por\" \/>\n\t<meta name=\"twitter:data1\" content=\"Telinha\" \/>\n\t<meta name=\"twitter:label2\" content=\"Tempo estimado de leitura\" \/>\n\t<meta name=\"twitter:data2\" content=\"1 minuto\" \/>\n<script type=\"application\/ld+json\" class=\"yoast-schema-graph\">{\"@context\":\"https:\/\/schema.org\",\"@graph\":[{\"@type\":\"Article\",\"@id\":\"https:\/\/portaltela.pt\/noticias\/2026\/01\/06\/regiao-de-leiria-regista-162-fogos-rurais-em-2025\/#article\",\"isPartOf\":{\"@id\":\"https:\/\/portaltela.pt\/noticias\/2026\/01\/06\/regiao-de-leiria-regista-162-fogos-rurais-em-2025\/\"},\"author\":{\"name\":\"Telinha\",\"@id\":\"https:\/\/portaltela.pt\/#\/schema\/person\/c4278d4a6028830caff9ee44b42d32ed\"},\"headline\":\"Regi\u00e3o de Leiria regista 162 fogos rurais em 2025\",\"datePublished\":\"2026-01-06T15:50:00+00:00\",\"mainEntityOfPage\":{\"@id\":\"https:\/\/portaltela.pt\/noticias\/2026\/01\/06\/regiao-de-leiria-regista-162-fogos-rurais-em-2025\/\"},\"wordCount\":255,\"image\":{\"@id\":\"https:\/\/portaltela.pt\/noticias\/2026\/01\/06\/regiao-de-leiria-regista-162-fogos-rurais-em-2025\/#primaryimage\"},\"thumbnailUrl\":\"https:\/\/portaltela.pt\/s.01k8rhncp4jt1\/2026\/01\/unnamed-file-1117.jpg\",\"keywords\":[\"bombeiros\",\"Castanheira de Per\u00e1\",\"Defesa Civil\",\"inc\u00eandio\",\"Leiria\"],\"articleSection\":[\"Not\u00edcias\"],\"inLanguage\":\"pt-PT\"},{\"@type\":\"WebPage\",\"@id\":\"https:\/\/portaltela.pt\/noticias\/2026\/01\/06\/regiao-de-leiria-regista-162-fogos-rurais-em-2025\/\",\"url\":\"https:\/\/portaltela.pt\/noticias\/2026\/01\/06\/regiao-de-leiria-regista-162-fogos-rurais-em-2025\/\",\"name\":\"Regi\u00e3o de Leiria regista 162 fogos rurais em 2025 - Portal Tela Portugal\",\"isPartOf\":{\"@id\":\"https:\/\/portaltela.pt\/#website\"},\"primaryImageOfPage\":{\"@id\":\"https:\/\/portaltela.pt\/noticias\/2026\/01\/06\/regiao-de-leiria-regista-162-fogos-rurais-em-2025\/#primaryimage\"},\"image\":{\"@id\":\"https:\/\/portaltela.pt\/noticias\/2026\/01\/06\/regiao-de-leiria-regista-162-fogos-rurais-em-2025\/#primaryimage\"},\"thumbnailUrl\":\"https:\/\/portaltela.pt\/s.01k8rhncp4jt1\/2026\/01\/unnamed-file-1117.jpg\",\"datePublished\":\"2026-01-06T15:50:00+00:00\",\"author\":{\"@id\":\"https:\/\/portaltela.pt\/#\/schema\/person\/c4278d4a6028830caff9ee44b42d32ed\"},\"breadcrumb\":{\"@id\":\"https:\/\/portaltela.pt\/noticias\/2026\/01\/06\/regiao-de-leiria-regista-162-fogos-rurais-em-2025\/#breadcrumb\"},\"inLanguage\":\"pt-PT\",\"potentialAction\":[{\"@type\":\"ReadAction\",\"target\":[\"https:\/\/portaltela.pt\/noticias\/2026\/01\/06\/regiao-de-leiria-regista-162-fogos-rurais-em-2025\/\"]}]},{\"@type\":\"ImageObject\",\"inLanguage\":\"pt-PT\",\"@id\":\"https:\/\/portaltela.pt\/noticias\/2026\/01\/06\/regiao-de-leiria-regista-162-fogos-rurais-em-2025\/#primaryimage\",\"url\":\"https:\/\/portaltela.pt\/s.01k8rhncp4jt1\/2026\/01\/unnamed-file-1117.jpg\",\"contentUrl\":\"https:\/\/portaltela.pt\/s.01k8rhncp4jt1\/2026\/01\/unnamed-file-1117.jpg\",\"width\":796,\"height\":448,\"caption\":\"Entre 2015 e 2025, o ano de 2024 foi o que registou menor n\u00famero de inc\u00eandios rurais na Regi\u00e3o de Leiria \u2014 132 inc\u00eandios\"},{\"@type\":\"BreadcrumbList\",\"@id\":\"https:\/\/portaltela.pt\/noticias\/2026\/01\/06\/regiao-de-leiria-regista-162-fogos-rurais-em-2025\/#breadcrumb\",\"itemListElement\":[{\"@type\":\"ListItem\",\"position\":1,\"name\":\"In\u00edcio\",\"item\":\"https:\/\/portaltela.pt\/\"},{\"@type\":\"ListItem\",\"position\":2,\"name\":\"Regi\u00e3o de Leiria regista 162 fogos rurais em 2025\"}]},{\"@type\":\"WebSite\",\"@id\":\"https:\/\/portaltela.pt\/#website\",\"url\":\"https:\/\/portaltela.pt\/\",\"name\":\"Portal Tela Portugal\",\"description\":\"\",\"potentialAction\":[{\"@type\":\"SearchAction\",\"target\":{\"@type\":\"EntryPoint\",\"urlTemplate\":\"https:\/\/portaltela.pt\/?s={search_term_string}\"},\"query-input\":{\"@type\":\"PropertyValueSpecification\",\"valueRequired\":true,\"valueName\":\"search_term_string\"}}],\"inLanguage\":\"pt-PT\"},{\"@type\":\"Person\",\"@id\":\"https:\/\/portaltela.pt\/#\/schema\/person\/c4278d4a6028830caff9ee44b42d32ed\",\"name\":\"Telinha\",\"image\":{\"@type\":\"ImageObject\",\"inLanguage\":\"pt-PT\",\"@id\":\"https:\/\/portaltela.pt\/s.01k8rhncp4jt1\/2025\/11\/talking-bot-125x125.png\",\"url\":\"https:\/\/portaltela.pt\/s.01k8rhncp4jt1\/2025\/11\/talking-bot-125x125.png\",\"contentUrl\":\"https:\/\/portaltela.pt\/s.01k8rhncp4jt1\/2025\/11\/talking-bot-125x125.png\",\"caption\":\"Telinha\"},\"sameAs\":[\"https:\/\/portaltela.pt\/\"],\"url\":\"https:\/\/portaltela.pt\/por\/367410592786\/\"}]}<\/script>\n<!-- \/ Yoast SEO plugin. -->","yoast_head_json":{"title":"Regi\u00e3o de Leiria regista 162 fogos rurais em 2025 - Portal Tela Portugal","robots":{"index":"index","follow":"follow","max-snippet":"max-snippet:-1","max-image-preview":"max-image-preview:large","max-video-preview":"max-video-preview:-1"},"og_locale":"pt_PT","og_type":"article","og_title":"Regi\u00e3o de Leiria regista 162 fogos rurais em 2025 - Portal Tela Portugal","og_description":"Em 2025, a Regi\u00e3o de Leiria registou 162 inc\u00eandios rurais, com 615 hectares ardidos (povoamentos 462 ha, matos 113 ha, agricultura 40 ha). Os munic\u00edpios abrangidos incluem Alvai\u00e1zere, Ansi\u00e3o, Batalha, Castanheira de Pera, Figueir\u00f3 dos Vinhos, Leiria, Marinha Grande, Pedr\u00f3g\u00e3o Grande, Pombal e Porto de M\u00f3s. O ano de 2024 foi o com menos inc\u00eandios na regi\u00e3o nos \u00faltimos dez anos, com 132 ocorr\u00eancias; 2021 teve 144. O inc\u00eandio mais significativo em 2025 ocorreu em Pedr\u00f3g\u00e3o Grande, em 23 de agosto, com 553 hectares ardidos (cerca de 90% da \u00e1rea total ardida no ano). O comandante Carlos Guerra destacou que 2025 foi positivo, sem v\u00edtimas entre operacionais e popula\u00e7\u00e3o; atribuiu o sucesso ao ataque inicial musculado, embora tenha reconhecido d\u00e9fices nas comunica\u00e7\u00f5es, internet e recursos humanos.","og_url":"https:\/\/portaltela.pt\/noticias\/2026\/01\/06\/regiao-de-leiria-regista-162-fogos-rurais-em-2025\/","og_site_name":"Portal Tela Portugal","article_published_time":"2026-01-06T15:50:00+00:00","author":"Telinha","twitter_card":"summary_large_image","twitter_misc":{"Escrito por":"Telinha","Tempo estimado de leitura":"1 minuto"},"schema":{"@context":"https:\/\/schema.org","@graph":[{"@type":"Article","@id":"https:\/\/portaltela.pt\/noticias\/2026\/01\/06\/regiao-de-leiria-regista-162-fogos-rurais-em-2025\/#article","isPartOf":{"@id":"https:\/\/portaltela.pt\/noticias\/2026\/01\/06\/regiao-de-leiria-regista-162-fogos-rurais-em-2025\/"},"author":{"name":"Telinha","@id":"https:\/\/portaltela.pt\/#\/schema\/person\/c4278d4a6028830caff9ee44b42d32ed"},"headline":"Regi\u00e3o de Leiria regista 162 fogos rurais em 2025","datePublished":"2026-01-06T15:50:00+00:00","mainEntityOfPage":{"@id":"https:\/\/portaltela.pt\/noticias\/2026\/01\/06\/regiao-de-leiria-regista-162-fogos-rurais-em-2025\/"},"wordCount":255,"image":{"@id":"https:\/\/portaltela.pt\/noticias\/2026\/01\/06\/regiao-de-leiria-regista-162-fogos-rurais-em-2025\/#primaryimage"},"thumbnailUrl":"https:\/\/portaltela.pt\/s.01k8rhncp4jt1\/2026\/01\/unnamed-file-1117.jpg","keywords":["bombeiros","Castanheira de Per\u00e1","Defesa Civil","inc\u00eandio","Leiria"],"articleSection":["Not\u00edcias"],"inLanguage":"pt-PT"},{"@type":"WebPage","@id":"https:\/\/portaltela.pt\/noticias\/2026\/01\/06\/regiao-de-leiria-regista-162-fogos-rurais-em-2025\/","url":"https:\/\/portaltela.pt\/noticias\/2026\/01\/06\/regiao-de-leiria-regista-162-fogos-rurais-em-2025\/","name":"Regi\u00e3o de Leiria regista 162 fogos rurais em 2025 - Portal Tela Portugal","isPartOf":{"@id":"https:\/\/portaltela.pt\/#website"},"primaryImageOfPage":{"@id":"https:\/\/portaltela.pt\/noticias\/2026\/01\/06\/regiao-de-leiria-regista-162-fogos-rurais-em-2025\/#primaryimage"},"image":{"@id":"https:\/\/portaltela.pt\/noticias\/2026\/01\/06\/regiao-de-leiria-regista-162-fogos-rurais-em-2025\/#primaryimage"},"thumbnailUrl":"https:\/\/portaltela.pt\/s.01k8rhncp4jt1\/2026\/01\/unnamed-file-1117.jpg","datePublished":"2026-01-06T15:50:00+00:00","author":{"@id":"https:\/\/portaltela.pt\/#\/schema\/person\/c4278d4a6028830caff9ee44b42d32ed"},"breadcrumb":{"@id":"https:\/\/portaltela.pt\/noticias\/2026\/01\/06\/regiao-de-leiria-regista-162-fogos-rurais-em-2025\/#breadcrumb"},"inLanguage":"pt-PT","potentialAction":[{"@type":"ReadAction","target":["https:\/\/portaltela.pt\/noticias\/2026\/01\/06\/regiao-de-leiria-regista-162-fogos-rurais-em-2025\/"]}]},{"@type":"ImageObject","inLanguage":"pt-PT","@id":"https:\/\/portaltela.pt\/noticias\/2026\/01\/06\/regiao-de-leiria-regista-162-fogos-rurais-em-2025\/#primaryimage","url":"https:\/\/portaltela.pt\/s.01k8rhncp4jt1\/2026\/01\/unnamed-file-1117.jpg","contentUrl":"https:\/\/portaltela.pt\/s.01k8rhncp4jt1\/2026\/01\/unnamed-file-1117.jpg","width":796,"height":448,"caption":"Entre 2015 e 2025, o ano de 2024 foi o que registou menor n\u00famero de inc\u00eandios rurais na Regi\u00e3o de Leiria \u2014 132 inc\u00eandios"},{"@type":"BreadcrumbList","@id":"https:\/\/portaltela.pt\/noticias\/2026\/01\/06\/regiao-de-leiria-regista-162-fogos-rurais-em-2025\/#breadcrumb","itemListElement":[{"@type":"ListItem","position":1,"name":"In\u00edcio","item":"https:\/\/portaltela.pt\/"},{"@type":"ListItem","position":2,"name":"Regi\u00e3o de Leiria regista 162 fogos rurais em 2025"}]},{"@type":"WebSite","@id":"https:\/\/portaltela.pt\/#website","url":"https:\/\/portaltela.pt\/","name":"Portal Tela Portugal","description":"","potentialAction":[{"@type":"SearchAction","target":{"@type":"EntryPoint","urlTemplate":"https:\/\/portaltela.pt\/?s={search_term_string}"},"query-input":{"@type":"PropertyValueSpecification","valueRequired":true,"valueName":"search_term_string"}}],"inLanguage":"pt-PT"},{"@type":"Person","@id":"https:\/\/portaltela.pt\/#\/schema\/person\/c4278d4a6028830caff9ee44b42d32ed","name":"Telinha","image":{"@type":"ImageObject","inLanguage":"pt-PT","@id":"https:\/\/portaltela.pt\/s.01k8rhncp4jt1\/2025\/11\/talking-bot-125x125.png","url":"https:\/\/portaltela.pt\/s.01k8rhncp4jt1\/2025\/11\/talking-bot-125x125.png","contentUrl":"https:\/\/portaltela.pt\/s.01k8rhncp4jt1\/2025\/11\/talking-bot-125x125.png","caption":"Telinha"},"sameAs":["https:\/\/portaltela.pt\/"],"url":"https:\/\/portaltela.pt\/por\/367410592786\/"}]}},"_links":{"self":[{"href":"https:\/\/portaltela.pt\/api\/wp\/v2\/posts\/120966","targetHints":{"allow":["GET"]}}],"collection":[{"href":"https:\/\/portaltela.pt\/api\/wp\/v2\/posts"}],"about":[{"href":"https:\/\/portaltela.pt\/api\/wp\/v2\/types\/post"}],"author":[{"embeddable":true,"href":"https:\/\/portaltela.pt\/api\/wp\/v2\/users\/2"}],"replies":[{"embeddable":true,"href":"https:\/\/portaltela.pt\/api\/wp\/v2\/comments?post=120966"}],"version-history":[{"count":0,"href":"https:\/\/portaltela.pt\/api\/wp\/v2\/posts\/120966\/revisions"}],"wp:featuredmedia":[{"embeddable":true,"href":"https:\/\/portaltela.pt\/api\/wp\/v2\/media\/120975"}],"wp:attachment":[{"href":"https:\/\/portaltela.pt\/api\/wp\/v2\/media?parent=120966"}],"wp:term":[{"taxonomy":"category","embeddable":true,"href":"https:\/\/portaltela.pt\/api\/wp\/v2\/categories?post=120966"},{"taxonomy":"post_tag","embeddable":true,"href":"https:\/\/portaltela.pt\/api\/wp\/v2\/tags?post=120966"}],"curies":[{"name":"wp","href":"https:\/\/api.w.org\/{rel}","templated":true}]}}