{"id":120913,"date":"2026-01-06T12:50:00","date_gmt":"2026-01-06T15:50:00","guid":{"rendered":"https:\/\/portaltela.pt\/noticias\/2026\/01\/06\/leiria-regista-162-fogos-rurais-em-2025-segundo-dados\/"},"modified":"2026-01-06T12:50:00","modified_gmt":"2026-01-06T15:50:00","slug":"leiria-regista-162-fogos-rurais-em-2025-segundo-dados","status":"publish","type":"post","link":"https:\/\/portaltela.pt\/noticias\/2026\/01\/06\/leiria-regista-162-fogos-rurais-em-2025-segundo-dados\/","title":{"rendered":"Leiria regista 162 fogos rurais em 2025, segundo dados"},"content":{"rendered":"<p>A Regi\u00e3o de Leiria registou em 2025 um total de 162 inc\u00eandios rurais, o terceiro menor n\u00famero dos \u00faltimos dez anos. A \u00e1rea ardida foi de 615 hectares, distribu\u00edda por povoamentos (462), matos (113) e agricultura (40).<\/p>\n<p>Entre 1 de janeiro e 31 de dezembro de 2025, o Comando Sub-regional de Emerg\u00eancia e Prote\u00e7\u00e3o Civil da Regi\u00e3o de Leiria acompanhou os inc\u00eandios atrav\u00e9s do Sistema de Gest\u00e3o de Informa\u00e7\u00e3o de Inc\u00eandios Florestais. A regi\u00e3o abrange os munic\u00edpios de Alvai\u00e1zere, Ansi\u00e3o, Batalha, Castanheira de Pera, Figueir\u00f3 dos Vinhos, Leiria, Marinha Grande, Pedr\u00f3g\u00e3o Grande, Pombal e Porto de M\u00f3s.<\/p>\n<p>Desde 2015, 2024 foi o ano com menos ocorr\u00eancias (132), seguido de 2021 (144). Em termos de \u00e1rea ardida, 2021 registou 35 hectares e 2018, 47 hectares, como os melhores anos. O pior intervalo manteve-se em 2017, com 460 inc\u00eandios e 45.117 hectares queimados.<\/p>\n<h3>Desempenho operacional e perspetivas<\/h3>\n<p>O comandante Carlos Guerra sublinhou que 2025 foi um ano positivo para a regi\u00e3o, pela aus\u00eancia de v\u00edtimas entre operacionais e popula\u00e7\u00e3o civil. O ataque inicial aos inc\u00eandios foi apontado como a chave do sucesso, com apenas tr\u00eas casos a fugir ao ataque inicial. O refor\u00e7o do ataque inicial foi aplicado em situa\u00e7\u00f5es de alerta elevado.<\/p>\n<p>Foi explicado que, nesses casos, al\u00e9m da triangula\u00e7\u00e3o habitual, se despachava outra brigada de refor\u00e7o para o teatro de opera\u00e7\u00f5es. O comandante admitiu necessidade de melhorias, nomeadamente nas comunica\u00e7\u00f5es, com a Siresp a evoluir mas ainda com d\u00e9fices locais.<\/p>\n<h3>Desafios e planos futuros<\/h3>\n<p>Outra dificuldade prende-se com as redes de Internet, com zonas com pouca cobertura que limitam a utiliza\u00e7\u00e3o de aplica\u00e7\u00f5es de comando. Est\u00e1 em curso um programa com a CIM para equipar todos os munic\u00edpios com comunica\u00e7\u00f5es via sat\u00e9lite, com previs\u00e3o de resolu\u00e7\u00e3o em 2026.<\/p>\n<p>Haver\u00e1 tamb\u00e9m preocupa\u00e7\u00e3o com recursos humanos, reconhecendo-se uma car\u00eancia cr\u00f3nica de equipas de interven\u00e7\u00e3o permanente e o risco de agravamento da situa\u00e7\u00e3o. Segundo dados da Guarda Nacional Republicana, cerca de 75% dos inc\u00eandios rurais tiveram origem humana (dolosa ou negligente).<\/p>\n<p>Pedr\u00f3g\u00e3o Grande foi, em 2025, alvo de dois inc\u00eandios significativos na regi\u00e3o, sendo o maior em 23 de agosto com 553 hectares ardidos, representando quase 90% da \u00e1rea total que ardeu na regi\u00e3o nesse ano. Em 2017, os inc\u00eandios que deflagraram ali provocaram 66 mortes e dezenas de feridos, marcando o pior sucedido na regi\u00e3o.<\/p>\n","protected":false},"excerpt":{"rendered":"<ul>\n<li>Em 2025, a Regi\u00e3o de Leiria registou 162 inc\u00eandios rurais e 615 hectares ardidos, com 462 ha em povoamentos, 113 ha em matos e 40 ha em agricultura.<\/li>\n<li>A regi\u00e3o abrange os concelhos de Alvai\u00e1zere, Ansi\u00e3o, Batalha, Castanheira de Pera, Figueir\u00f3 dos Vinhos, Leiria, Marinha Grande, Pedr\u00f3g\u00e3o Grande, Pombal e Porto de M\u00f3s.<\/li>\n<li>Entre 2015 e 2025, 2024 foi o ano com menos inc\u00eandios (132), seguido de 2021 (144). Em termos de \u00e1rea ardida, 2021 (35 ha) e 2018 (47 ha) tiveram os valores mais baixos; 2017 foi o pior em n\u00famero de ocorr\u00eancias (460) e \u00e1rea ardida (45.117 ha).<\/li>\n<li>Em 2024, os dois maiores inc\u00eandios na regi\u00e3o ocorreram em Pedr\u00f3g\u00e3o Grande, a 23 de agosto, totalizando 553 hectares ardidos, quase 90% da \u00e1rea que ardeu na regi\u00e3o nesse ano.<\/li>\n<li>O comandante Carlos Guerra destacou que 2025 foi positivo, sem v\u00edtimas entre operacionais e popula\u00e7\u00e3o civil, com o ataque inicial aos inc\u00eandios sendo determinante. Foram registadas poucas ocorr\u00eancias que fugiram ao ataque inicial; apontaram-se ainda falhas de comunica\u00e7\u00f5es, de Internet em zonas rurais e constrangimentos de recursos humanos, sendo estimada origem humana em cerca de 75% dos inc\u00eandios.<\/li>\n<\/ul>\n","protected":false},"author":2,"featured_media":120928,"comment_status":"closed","ping_status":"closed","sticky":false,"template":"","format":"standard","meta":{"footnotes":""},"categories":[1],"tags":[2327,2048,1380,1438,1385],"class_list":["post-120913","post","type-post","status-publish","format-standard","has-post-thumbnail","hentry","category-noticias","tag-comando","tag-defesa-civil","tag-gnr","tag-incendio","tag-leiria"],"yoast_head":"<!-- This site is optimized with the Yoast SEO plugin v27.2 - https:\/\/yoast.com\/product\/yoast-seo-wordpress\/ -->\n<title>Leiria regista 162 fogos rurais em 2025, segundo dados - Portal Tela Portugal<\/title>\n<meta name=\"robots\" content=\"index, follow, max-snippet:-1, max-image-preview:large, max-video-preview:-1\" \/>\n<meta property=\"og:locale\" content=\"pt_PT\" \/>\n<meta property=\"og:type\" content=\"article\" \/>\n<meta property=\"og:title\" content=\"Leiria regista 162 fogos rurais em 2025, segundo dados - Portal Tela Portugal\" \/>\n<meta property=\"og:description\" content=\"Em 2025, a Regi\u00e3o de Leiria registou 162 inc\u00eandios rurais e 615 hectares ardidos, com 462 ha em povoamentos, 113 ha em matos e 40 ha em agricultura. A regi\u00e3o abrange os concelhos de Alvai\u00e1zere, Ansi\u00e3o, Batalha, Castanheira de Pera, Figueir\u00f3 dos Vinhos, Leiria, Marinha Grande, Pedr\u00f3g\u00e3o Grande, Pombal e Porto de M\u00f3s. Entre 2015 e 2025, 2024 foi o ano com menos inc\u00eandios (132), seguido de 2021 (144). Em termos de \u00e1rea ardida, 2021 (35 ha) e 2018 (47 ha) tiveram os valores mais baixos; 2017 foi o pior em n\u00famero de ocorr\u00eancias (460) e \u00e1rea ardida (45.117 ha). Em 2024, os dois maiores inc\u00eandios na regi\u00e3o ocorreram em Pedr\u00f3g\u00e3o Grande, a 23 de agosto, totalizando 553 hectares ardidos, quase 90% da \u00e1rea que ardeu na regi\u00e3o nesse ano. O comandante Carlos Guerra destacou que 2025 foi positivo, sem v\u00edtimas entre operacionais e popula\u00e7\u00e3o civil, com o ataque inicial aos inc\u00eandios sendo determinante. Foram registadas poucas ocorr\u00eancias que fugiram ao ataque inicial; apontaram-se ainda falhas de comunica\u00e7\u00f5es, de Internet em zonas rurais e constrangimentos de recursos humanos, sendo estimada origem humana em cerca de 75% dos inc\u00eandios.\" \/>\n<meta property=\"og:url\" content=\"https:\/\/portaltela.pt\/noticias\/2026\/01\/06\/leiria-regista-162-fogos-rurais-em-2025-segundo-dados\/\" \/>\n<meta property=\"og:site_name\" content=\"Portal Tela Portugal\" \/>\n<meta property=\"article:published_time\" content=\"2026-01-06T15:50:00+00:00\" \/>\n<meta name=\"author\" content=\"Telinha\" \/>\n<meta name=\"twitter:card\" content=\"summary_large_image\" \/>\n<meta name=\"twitter:label1\" content=\"Escrito por\" \/>\n\t<meta name=\"twitter:data1\" content=\"Telinha\" \/>\n\t<meta name=\"twitter:label2\" content=\"Tempo estimado de leitura\" \/>\n\t<meta name=\"twitter:data2\" content=\"2 minutos\" \/>\n<script type=\"application\/ld+json\" class=\"yoast-schema-graph\">{\"@context\":\"https:\/\/schema.org\",\"@graph\":[{\"@type\":\"Article\",\"@id\":\"https:\/\/portaltela.pt\/noticias\/2026\/01\/06\/leiria-regista-162-fogos-rurais-em-2025-segundo-dados\/#article\",\"isPartOf\":{\"@id\":\"https:\/\/portaltela.pt\/noticias\/2026\/01\/06\/leiria-regista-162-fogos-rurais-em-2025-segundo-dados\/\"},\"author\":{\"name\":\"Telinha\",\"@id\":\"https:\/\/portaltela.pt\/#\/schema\/person\/c4278d4a6028830caff9ee44b42d32ed\"},\"headline\":\"Leiria regista 162 fogos rurais em 2025, segundo dados\",\"datePublished\":\"2026-01-06T15:50:00+00:00\",\"mainEntityOfPage\":{\"@id\":\"https:\/\/portaltela.pt\/noticias\/2026\/01\/06\/leiria-regista-162-fogos-rurais-em-2025-segundo-dados\/\"},\"wordCount\":416,\"image\":{\"@id\":\"https:\/\/portaltela.pt\/noticias\/2026\/01\/06\/leiria-regista-162-fogos-rurais-em-2025-segundo-dados\/#primaryimage\"},\"thumbnailUrl\":\"https:\/\/portaltela.pt\/s.01k8rhncp4jt1\/2026\/01\/41310075.jpg\",\"keywords\":[\"comando\",\"Defesa Civil\",\"GNR\",\"inc\u00eandio\",\"Leiria\"],\"articleSection\":[\"Not\u00edcias\"],\"inLanguage\":\"pt-PT\"},{\"@type\":\"WebPage\",\"@id\":\"https:\/\/portaltela.pt\/noticias\/2026\/01\/06\/leiria-regista-162-fogos-rurais-em-2025-segundo-dados\/\",\"url\":\"https:\/\/portaltela.pt\/noticias\/2026\/01\/06\/leiria-regista-162-fogos-rurais-em-2025-segundo-dados\/\",\"name\":\"Leiria regista 162 fogos rurais em 2025, segundo dados - Portal Tela Portugal\",\"isPartOf\":{\"@id\":\"https:\/\/portaltela.pt\/#website\"},\"primaryImageOfPage\":{\"@id\":\"https:\/\/portaltela.pt\/noticias\/2026\/01\/06\/leiria-regista-162-fogos-rurais-em-2025-segundo-dados\/#primaryimage\"},\"image\":{\"@id\":\"https:\/\/portaltela.pt\/noticias\/2026\/01\/06\/leiria-regista-162-fogos-rurais-em-2025-segundo-dados\/#primaryimage\"},\"thumbnailUrl\":\"https:\/\/portaltela.pt\/s.01k8rhncp4jt1\/2026\/01\/41310075.jpg\",\"datePublished\":\"2026-01-06T15:50:00+00:00\",\"author\":{\"@id\":\"https:\/\/portaltela.pt\/#\/schema\/person\/c4278d4a6028830caff9ee44b42d32ed\"},\"breadcrumb\":{\"@id\":\"https:\/\/portaltela.pt\/noticias\/2026\/01\/06\/leiria-regista-162-fogos-rurais-em-2025-segundo-dados\/#breadcrumb\"},\"inLanguage\":\"pt-PT\",\"potentialAction\":[{\"@type\":\"ReadAction\",\"target\":[\"https:\/\/portaltela.pt\/noticias\/2026\/01\/06\/leiria-regista-162-fogos-rurais-em-2025-segundo-dados\/\"]}]},{\"@type\":\"ImageObject\",\"inLanguage\":\"pt-PT\",\"@id\":\"https:\/\/portaltela.pt\/noticias\/2026\/01\/06\/leiria-regista-162-fogos-rurais-em-2025-segundo-dados\/#primaryimage\",\"url\":\"https:\/\/portaltela.pt\/s.01k8rhncp4jt1\/2026\/01\/41310075.jpg\",\"contentUrl\":\"https:\/\/portaltela.pt\/s.01k8rhncp4jt1\/2026\/01\/41310075.jpg\",\"width\":796,\"height\":448,\"caption\":\"Um bombeiro combate um inc\u00eandio na localidade de Cardosos que provocou esta tarde o corte da A1 no concelho de Leiria, 7 de agosto de 2023. PAULO CUNHA\/LUSA\"},{\"@type\":\"BreadcrumbList\",\"@id\":\"https:\/\/portaltela.pt\/noticias\/2026\/01\/06\/leiria-regista-162-fogos-rurais-em-2025-segundo-dados\/#breadcrumb\",\"itemListElement\":[{\"@type\":\"ListItem\",\"position\":1,\"name\":\"In\u00edcio\",\"item\":\"https:\/\/portaltela.pt\/\"},{\"@type\":\"ListItem\",\"position\":2,\"name\":\"Leiria regista 162 fogos rurais em 2025, segundo dados\"}]},{\"@type\":\"WebSite\",\"@id\":\"https:\/\/portaltela.pt\/#website\",\"url\":\"https:\/\/portaltela.pt\/\",\"name\":\"Portal Tela Portugal\",\"description\":\"\",\"potentialAction\":[{\"@type\":\"SearchAction\",\"target\":{\"@type\":\"EntryPoint\",\"urlTemplate\":\"https:\/\/portaltela.pt\/?s={search_term_string}\"},\"query-input\":{\"@type\":\"PropertyValueSpecification\",\"valueRequired\":true,\"valueName\":\"search_term_string\"}}],\"inLanguage\":\"pt-PT\"},{\"@type\":\"Person\",\"@id\":\"https:\/\/portaltela.pt\/#\/schema\/person\/c4278d4a6028830caff9ee44b42d32ed\",\"name\":\"Telinha\",\"image\":{\"@type\":\"ImageObject\",\"inLanguage\":\"pt-PT\",\"@id\":\"https:\/\/portaltela.pt\/s.01k8rhncp4jt1\/2025\/11\/talking-bot-125x125.png\",\"url\":\"https:\/\/portaltela.pt\/s.01k8rhncp4jt1\/2025\/11\/talking-bot-125x125.png\",\"contentUrl\":\"https:\/\/portaltela.pt\/s.01k8rhncp4jt1\/2025\/11\/talking-bot-125x125.png\",\"caption\":\"Telinha\"},\"sameAs\":[\"https:\/\/portaltela.pt\/\"],\"url\":\"https:\/\/portaltela.pt\/por\/367410592786\/\"}]}<\/script>\n<!-- \/ Yoast SEO plugin. -->","yoast_head_json":{"title":"Leiria regista 162 fogos rurais em 2025, segundo dados - Portal Tela Portugal","robots":{"index":"index","follow":"follow","max-snippet":"max-snippet:-1","max-image-preview":"max-image-preview:large","max-video-preview":"max-video-preview:-1"},"og_locale":"pt_PT","og_type":"article","og_title":"Leiria regista 162 fogos rurais em 2025, segundo dados - Portal Tela Portugal","og_description":"Em 2025, a Regi\u00e3o de Leiria registou 162 inc\u00eandios rurais e 615 hectares ardidos, com 462 ha em povoamentos, 113 ha em matos e 40 ha em agricultura. A regi\u00e3o abrange os concelhos de Alvai\u00e1zere, Ansi\u00e3o, Batalha, Castanheira de Pera, Figueir\u00f3 dos Vinhos, Leiria, Marinha Grande, Pedr\u00f3g\u00e3o Grande, Pombal e Porto de M\u00f3s. Entre 2015 e 2025, 2024 foi o ano com menos inc\u00eandios (132), seguido de 2021 (144). Em termos de \u00e1rea ardida, 2021 (35 ha) e 2018 (47 ha) tiveram os valores mais baixos; 2017 foi o pior em n\u00famero de ocorr\u00eancias (460) e \u00e1rea ardida (45.117 ha). Em 2024, os dois maiores inc\u00eandios na regi\u00e3o ocorreram em Pedr\u00f3g\u00e3o Grande, a 23 de agosto, totalizando 553 hectares ardidos, quase 90% da \u00e1rea que ardeu na regi\u00e3o nesse ano. O comandante Carlos Guerra destacou que 2025 foi positivo, sem v\u00edtimas entre operacionais e popula\u00e7\u00e3o civil, com o ataque inicial aos inc\u00eandios sendo determinante. Foram registadas poucas ocorr\u00eancias que fugiram ao ataque inicial; apontaram-se ainda falhas de comunica\u00e7\u00f5es, de Internet em zonas rurais e constrangimentos de recursos humanos, sendo estimada origem humana em cerca de 75% dos inc\u00eandios.","og_url":"https:\/\/portaltela.pt\/noticias\/2026\/01\/06\/leiria-regista-162-fogos-rurais-em-2025-segundo-dados\/","og_site_name":"Portal Tela Portugal","article_published_time":"2026-01-06T15:50:00+00:00","author":"Telinha","twitter_card":"summary_large_image","twitter_misc":{"Escrito por":"Telinha","Tempo estimado de leitura":"2 minutos"},"schema":{"@context":"https:\/\/schema.org","@graph":[{"@type":"Article","@id":"https:\/\/portaltela.pt\/noticias\/2026\/01\/06\/leiria-regista-162-fogos-rurais-em-2025-segundo-dados\/#article","isPartOf":{"@id":"https:\/\/portaltela.pt\/noticias\/2026\/01\/06\/leiria-regista-162-fogos-rurais-em-2025-segundo-dados\/"},"author":{"name":"Telinha","@id":"https:\/\/portaltela.pt\/#\/schema\/person\/c4278d4a6028830caff9ee44b42d32ed"},"headline":"Leiria regista 162 fogos rurais em 2025, segundo dados","datePublished":"2026-01-06T15:50:00+00:00","mainEntityOfPage":{"@id":"https:\/\/portaltela.pt\/noticias\/2026\/01\/06\/leiria-regista-162-fogos-rurais-em-2025-segundo-dados\/"},"wordCount":416,"image":{"@id":"https:\/\/portaltela.pt\/noticias\/2026\/01\/06\/leiria-regista-162-fogos-rurais-em-2025-segundo-dados\/#primaryimage"},"thumbnailUrl":"https:\/\/portaltela.pt\/s.01k8rhncp4jt1\/2026\/01\/41310075.jpg","keywords":["comando","Defesa Civil","GNR","inc\u00eandio","Leiria"],"articleSection":["Not\u00edcias"],"inLanguage":"pt-PT"},{"@type":"WebPage","@id":"https:\/\/portaltela.pt\/noticias\/2026\/01\/06\/leiria-regista-162-fogos-rurais-em-2025-segundo-dados\/","url":"https:\/\/portaltela.pt\/noticias\/2026\/01\/06\/leiria-regista-162-fogos-rurais-em-2025-segundo-dados\/","name":"Leiria regista 162 fogos rurais em 2025, segundo dados - Portal Tela Portugal","isPartOf":{"@id":"https:\/\/portaltela.pt\/#website"},"primaryImageOfPage":{"@id":"https:\/\/portaltela.pt\/noticias\/2026\/01\/06\/leiria-regista-162-fogos-rurais-em-2025-segundo-dados\/#primaryimage"},"image":{"@id":"https:\/\/portaltela.pt\/noticias\/2026\/01\/06\/leiria-regista-162-fogos-rurais-em-2025-segundo-dados\/#primaryimage"},"thumbnailUrl":"https:\/\/portaltela.pt\/s.01k8rhncp4jt1\/2026\/01\/41310075.jpg","datePublished":"2026-01-06T15:50:00+00:00","author":{"@id":"https:\/\/portaltela.pt\/#\/schema\/person\/c4278d4a6028830caff9ee44b42d32ed"},"breadcrumb":{"@id":"https:\/\/portaltela.pt\/noticias\/2026\/01\/06\/leiria-regista-162-fogos-rurais-em-2025-segundo-dados\/#breadcrumb"},"inLanguage":"pt-PT","potentialAction":[{"@type":"ReadAction","target":["https:\/\/portaltela.pt\/noticias\/2026\/01\/06\/leiria-regista-162-fogos-rurais-em-2025-segundo-dados\/"]}]},{"@type":"ImageObject","inLanguage":"pt-PT","@id":"https:\/\/portaltela.pt\/noticias\/2026\/01\/06\/leiria-regista-162-fogos-rurais-em-2025-segundo-dados\/#primaryimage","url":"https:\/\/portaltela.pt\/s.01k8rhncp4jt1\/2026\/01\/41310075.jpg","contentUrl":"https:\/\/portaltela.pt\/s.01k8rhncp4jt1\/2026\/01\/41310075.jpg","width":796,"height":448,"caption":"Um bombeiro combate um inc\u00eandio na localidade de Cardosos que provocou esta tarde o corte da A1 no concelho de Leiria, 7 de agosto de 2023. PAULO CUNHA\/LUSA"},{"@type":"BreadcrumbList","@id":"https:\/\/portaltela.pt\/noticias\/2026\/01\/06\/leiria-regista-162-fogos-rurais-em-2025-segundo-dados\/#breadcrumb","itemListElement":[{"@type":"ListItem","position":1,"name":"In\u00edcio","item":"https:\/\/portaltela.pt\/"},{"@type":"ListItem","position":2,"name":"Leiria regista 162 fogos rurais em 2025, segundo dados"}]},{"@type":"WebSite","@id":"https:\/\/portaltela.pt\/#website","url":"https:\/\/portaltela.pt\/","name":"Portal Tela Portugal","description":"","potentialAction":[{"@type":"SearchAction","target":{"@type":"EntryPoint","urlTemplate":"https:\/\/portaltela.pt\/?s={search_term_string}"},"query-input":{"@type":"PropertyValueSpecification","valueRequired":true,"valueName":"search_term_string"}}],"inLanguage":"pt-PT"},{"@type":"Person","@id":"https:\/\/portaltela.pt\/#\/schema\/person\/c4278d4a6028830caff9ee44b42d32ed","name":"Telinha","image":{"@type":"ImageObject","inLanguage":"pt-PT","@id":"https:\/\/portaltela.pt\/s.01k8rhncp4jt1\/2025\/11\/talking-bot-125x125.png","url":"https:\/\/portaltela.pt\/s.01k8rhncp4jt1\/2025\/11\/talking-bot-125x125.png","contentUrl":"https:\/\/portaltela.pt\/s.01k8rhncp4jt1\/2025\/11\/talking-bot-125x125.png","caption":"Telinha"},"sameAs":["https:\/\/portaltela.pt\/"],"url":"https:\/\/portaltela.pt\/por\/367410592786\/"}]}},"_links":{"self":[{"href":"https:\/\/portaltela.pt\/api\/wp\/v2\/posts\/120913","targetHints":{"allow":["GET"]}}],"collection":[{"href":"https:\/\/portaltela.pt\/api\/wp\/v2\/posts"}],"about":[{"href":"https:\/\/portaltela.pt\/api\/wp\/v2\/types\/post"}],"author":[{"embeddable":true,"href":"https:\/\/portaltela.pt\/api\/wp\/v2\/users\/2"}],"replies":[{"embeddable":true,"href":"https:\/\/portaltela.pt\/api\/wp\/v2\/comments?post=120913"}],"version-history":[{"count":0,"href":"https:\/\/portaltela.pt\/api\/wp\/v2\/posts\/120913\/revisions"}],"wp:featuredmedia":[{"embeddable":true,"href":"https:\/\/portaltela.pt\/api\/wp\/v2\/media\/120928"}],"wp:attachment":[{"href":"https:\/\/portaltela.pt\/api\/wp\/v2\/media?parent=120913"}],"wp:term":[{"taxonomy":"category","embeddable":true,"href":"https:\/\/portaltela.pt\/api\/wp\/v2\/categories?post=120913"},{"taxonomy":"post_tag","embeddable":true,"href":"https:\/\/portaltela.pt\/api\/wp\/v2\/tags?post=120913"}],"curies":[{"name":"wp","href":"https:\/\/api.w.org\/{rel}","templated":true}]}}