{"id":120846,"date":"2026-01-06T12:32:00","date_gmt":"2026-01-06T15:32:00","guid":{"rendered":"https:\/\/portaltela.pt\/noticias\/2026\/01\/06\/isabel-pedrosa-nomeada-embaixadora-de-portugal-no-brasil\/"},"modified":"2026-01-06T12:32:00","modified_gmt":"2026-01-06T15:32:00","slug":"isabel-pedrosa-nomeada-embaixadora-de-portugal-no-brasil","status":"publish","type":"post","link":"https:\/\/portaltela.pt\/noticias\/2026\/01\/06\/isabel-pedrosa-nomeada-embaixadora-de-portugal-no-brasil\/","title":{"rendered":"Isabel Pedrosa nomeada embaixadora de Portugal no Brasil"},"content":{"rendered":"<p>Isabel Brilhante Pedrosa vai chefiar a Embaixada de Portugal no Brasil, substituindo Lu\u00eds Faro Ramos, cuja miss\u00e3o est\u00e1 quase terminada. A informa\u00e7\u00e3o \u00e9 confirmada pelo Observador junto de fontes diplom\u00e1ticas. Pedrosa ter\u00e1 61 anos.<\/p>\n<p>A diplomata tem trabalhado recentemente no servi\u00e7o diplom\u00e1tico da Uni\u00e3o Europeia. Foi em Cuba, at\u00e9 2025, a embaixadora da UE; entre 2017 e 2021 representou a UE na Venezuela, sendo expulsa pelo regime de Nicol\u00e1s Maduro em 2021.<\/p>\n<p>Antes da Venezuela, Pedrosa atuou em \u00c1frica e ocupou cargos em D\u00edli, Rabat e Maputo. Licenciada em Direito pela Universidade Cat\u00f3lica, iniciou a carreira diplom\u00e1tica em 1991, tendo passado tamb\u00e9m pelos servi\u00e7os do ministro dos Neg\u00f3cios Estrangeiros nos governos de Santana Lopes e Jos\u00e9 S\u00f3crates.<\/p>\n<h3>Nomea\u00e7\u00e3o<\/h3>\n<p>O embaixador portugu\u00eas em Bras\u00edlia, Lu\u00eds Faro Ramos, encontra-se na reta final da sua miss\u00e3o ap\u00f3s cinco anos no Brasil. Contam fontes da imprensa brasileira que houve uma festa de despedida na embaixada em meados de dezembro, antes de Ramos rumar a Marrocos como representante diplom\u00e1tico de Portugal.<\/p>\n","protected":false},"excerpt":{"rendered":"<ul>\n<li>Isabel Brilhante Pedrosa vai ser a nova embaixadora de Portugal no Brasil, sucedendo Lu\u00eds Faro Ramos, com a miss\u00e3o do atual embaixador a chegar ao fim.<\/li>\n<li>Aos 61 anos, torna\u2011se na primeira mulher a ocupar o cargo, vindo do servi\u00e7o diplom\u00e1tico da Uni\u00e3o Europeia, onde manteve fun\u00e7\u00f5es at\u00e9 2025 em Cuba.<\/li>\n<li>Entre 2017 e 2021, foi representante europeia na Venezuela, sendo expulsa em fevereiro de 2021 pelo regime de Nicol\u00e1s Maduro.<\/li>\n<li>O atual embaixador em Bras\u00edlia, Lu\u00eds Faro Ramos, est\u00e1 perto de terminar a sua miss\u00e3o e dever\u00e1 seguir para Marrocos como representante diplom\u00e1tico de Portugal.<\/li>\n<li>Pedrosa nasceu em Leiria, em 1964, e tem uma carreira que inclui embaixadas em Nam\u00edbia, L\u00edbia, D\u00edli, Rabat e Maputo, com forma\u00e7\u00e3o em Direito pela Universidade Cat\u00f3lica.<\/li>\n<\/ul>\n","protected":false},"author":2,"featured_media":120850,"comment_status":"closed","ping_status":"closed","sticky":false,"template":"","format":"standard","meta":{"footnotes":""},"categories":[1],"tags":[2507,29,2506,1014,2508,2055],"class_list":["post-120846","post","type-post","status-publish","format-standard","has-post-thumbnail","hentry","category-noticias","tag-dili","tag-diplomacia","tag-maputo","tag-portugal","tag-rabat","tag-uniao-europeia"],"yoast_head":"<!-- This site is optimized with the Yoast SEO plugin v27.2 - https:\/\/yoast.com\/product\/yoast-seo-wordpress\/ -->\n<title>Isabel Pedrosa nomeada embaixadora de Portugal no Brasil - Portal Tela Portugal<\/title>\n<meta name=\"robots\" content=\"index, follow, max-snippet:-1, max-image-preview:large, max-video-preview:-1\" \/>\n<meta property=\"og:locale\" content=\"pt_PT\" \/>\n<meta property=\"og:type\" content=\"article\" \/>\n<meta property=\"og:title\" content=\"Isabel Pedrosa nomeada embaixadora de Portugal no Brasil - Portal Tela Portugal\" \/>\n<meta property=\"og:description\" content=\"Isabel Brilhante Pedrosa vai ser a nova embaixadora de Portugal no Brasil, sucedendo Lu\u00eds Faro Ramos, com a miss\u00e3o do atual embaixador a chegar ao fim. Aos 61 anos, torna\u2011se na primeira mulher a ocupar o cargo, vindo do servi\u00e7o diplom\u00e1tico da Uni\u00e3o Europeia, onde manteve fun\u00e7\u00f5es at\u00e9 2025 em Cuba. Entre 2017 e 2021, foi representante europeia na Venezuela, sendo expulsa em fevereiro de 2021 pelo regime de Nicol\u00e1s Maduro. O atual embaixador em Bras\u00edlia, Lu\u00eds Faro Ramos, est\u00e1 perto de terminar a sua miss\u00e3o e dever\u00e1 seguir para Marrocos como representante diplom\u00e1tico de Portugal. Pedrosa nasceu em Leiria, em 1964, e tem uma carreira que inclui embaixadas em Nam\u00edbia, L\u00edbia, D\u00edli, Rabat e Maputo, com forma\u00e7\u00e3o em Direito pela Universidade Cat\u00f3lica.\" \/>\n<meta property=\"og:url\" content=\"https:\/\/portaltela.pt\/noticias\/2026\/01\/06\/isabel-pedrosa-nomeada-embaixadora-de-portugal-no-brasil\/\" \/>\n<meta property=\"og:site_name\" content=\"Portal Tela Portugal\" \/>\n<meta property=\"article:published_time\" content=\"2026-01-06T15:32:00+00:00\" \/>\n<meta name=\"author\" content=\"Telinha\" \/>\n<meta name=\"twitter:card\" content=\"summary_large_image\" \/>\n<meta name=\"twitter:label1\" content=\"Escrito por\" \/>\n\t<meta name=\"twitter:data1\" content=\"Telinha\" \/>\n\t<meta name=\"twitter:label2\" content=\"Tempo estimado de leitura\" \/>\n\t<meta name=\"twitter:data2\" content=\"1 minuto\" \/>\n<script type=\"application\/ld+json\" class=\"yoast-schema-graph\">{\"@context\":\"https:\/\/schema.org\",\"@graph\":[{\"@type\":\"Article\",\"@id\":\"https:\/\/portaltela.pt\/noticias\/2026\/01\/06\/isabel-pedrosa-nomeada-embaixadora-de-portugal-no-brasil\/#article\",\"isPartOf\":{\"@id\":\"https:\/\/portaltela.pt\/noticias\/2026\/01\/06\/isabel-pedrosa-nomeada-embaixadora-de-portugal-no-brasil\/\"},\"author\":{\"name\":\"Telinha\",\"@id\":\"https:\/\/portaltela.pt\/#\/schema\/person\/c4278d4a6028830caff9ee44b42d32ed\"},\"headline\":\"Isabel Pedrosa nomeada embaixadora de Portugal no Brasil\",\"datePublished\":\"2026-01-06T15:32:00+00:00\",\"mainEntityOfPage\":{\"@id\":\"https:\/\/portaltela.pt\/noticias\/2026\/01\/06\/isabel-pedrosa-nomeada-embaixadora-de-portugal-no-brasil\/\"},\"wordCount\":189,\"image\":{\"@id\":\"https:\/\/portaltela.pt\/noticias\/2026\/01\/06\/isabel-pedrosa-nomeada-embaixadora-de-portugal-no-brasil\/#primaryimage\"},\"thumbnailUrl\":\"https:\/\/portaltela.pt\/s.01k8rhncp4jt1\/2026\/01\/26183955.jpg\",\"keywords\":[\"D\u00edli\",\"diplomacia\",\"Maputo\",\"Portugal\",\"Rabat\",\"Uni\u00e3o Europeia\"],\"articleSection\":[\"Not\u00edcias\"],\"inLanguage\":\"pt-PT\"},{\"@type\":\"WebPage\",\"@id\":\"https:\/\/portaltela.pt\/noticias\/2026\/01\/06\/isabel-pedrosa-nomeada-embaixadora-de-portugal-no-brasil\/\",\"url\":\"https:\/\/portaltela.pt\/noticias\/2026\/01\/06\/isabel-pedrosa-nomeada-embaixadora-de-portugal-no-brasil\/\",\"name\":\"Isabel Pedrosa nomeada embaixadora de Portugal no Brasil - Portal Tela Portugal\",\"isPartOf\":{\"@id\":\"https:\/\/portaltela.pt\/#website\"},\"primaryImageOfPage\":{\"@id\":\"https:\/\/portaltela.pt\/noticias\/2026\/01\/06\/isabel-pedrosa-nomeada-embaixadora-de-portugal-no-brasil\/#primaryimage\"},\"image\":{\"@id\":\"https:\/\/portaltela.pt\/noticias\/2026\/01\/06\/isabel-pedrosa-nomeada-embaixadora-de-portugal-no-brasil\/#primaryimage\"},\"thumbnailUrl\":\"https:\/\/portaltela.pt\/s.01k8rhncp4jt1\/2026\/01\/26183955.jpg\",\"datePublished\":\"2026-01-06T15:32:00+00:00\",\"author\":{\"@id\":\"https:\/\/portaltela.pt\/#\/schema\/person\/c4278d4a6028830caff9ee44b42d32ed\"},\"breadcrumb\":{\"@id\":\"https:\/\/portaltela.pt\/noticias\/2026\/01\/06\/isabel-pedrosa-nomeada-embaixadora-de-portugal-no-brasil\/#breadcrumb\"},\"inLanguage\":\"pt-PT\",\"potentialAction\":[{\"@type\":\"ReadAction\",\"target\":[\"https:\/\/portaltela.pt\/noticias\/2026\/01\/06\/isabel-pedrosa-nomeada-embaixadora-de-portugal-no-brasil\/\"]}]},{\"@type\":\"ImageObject\",\"inLanguage\":\"pt-PT\",\"@id\":\"https:\/\/portaltela.pt\/noticias\/2026\/01\/06\/isabel-pedrosa-nomeada-embaixadora-de-portugal-no-brasil\/#primaryimage\",\"url\":\"https:\/\/portaltela.pt\/s.01k8rhncp4jt1\/2026\/01\/26183955.jpg\",\"contentUrl\":\"https:\/\/portaltela.pt\/s.01k8rhncp4jt1\/2026\/01\/26183955.jpg\",\"width\":796,\"height\":448,\"caption\":\"A embaixadora da Uni\u00e3o Europeia (UE) na Venezuela, a portuguesa Isabel Brilhante Pedrosa, disse hoje que a solu\u00e7\u00e3o para a crise na Venezuela tem de ser pol\u00edtica, pac\u00edfica e democr\u00e1tica, em Caracas, Venezuela, 4 de maio 2019. A embaixadora da UE falava aos jornalistas na resid\u00eancia oficial do embaixador de It\u00e1lia, Silvio Mignano, onde decorreu uma confer\u00eancia de imprensa para o lan\u00e7amento de um concurso de arte contempor\u00e2nea para assinalar os 500 anos da morte do artista e cientista italiano Leonardo da Vinci. \\\"A Uni\u00e3o Europeia condena qualquer forma de viol\u00eancia e pede a m\u00e1xima modera\u00e7\u00e3o para evitar a perda de vidas humanas e uma escalada de tens\u00f5es\\\", frisou Isabel Brilhante Pedrosa. PAULO CUNHA \/ LUSA\"},{\"@type\":\"BreadcrumbList\",\"@id\":\"https:\/\/portaltela.pt\/noticias\/2026\/01\/06\/isabel-pedrosa-nomeada-embaixadora-de-portugal-no-brasil\/#breadcrumb\",\"itemListElement\":[{\"@type\":\"ListItem\",\"position\":1,\"name\":\"In\u00edcio\",\"item\":\"https:\/\/portaltela.pt\/\"},{\"@type\":\"ListItem\",\"position\":2,\"name\":\"Isabel Pedrosa nomeada embaixadora de Portugal no Brasil\"}]},{\"@type\":\"WebSite\",\"@id\":\"https:\/\/portaltela.pt\/#website\",\"url\":\"https:\/\/portaltela.pt\/\",\"name\":\"Portal Tela Portugal\",\"description\":\"\",\"potentialAction\":[{\"@type\":\"SearchAction\",\"target\":{\"@type\":\"EntryPoint\",\"urlTemplate\":\"https:\/\/portaltela.pt\/?s={search_term_string}\"},\"query-input\":{\"@type\":\"PropertyValueSpecification\",\"valueRequired\":true,\"valueName\":\"search_term_string\"}}],\"inLanguage\":\"pt-PT\"},{\"@type\":\"Person\",\"@id\":\"https:\/\/portaltela.pt\/#\/schema\/person\/c4278d4a6028830caff9ee44b42d32ed\",\"name\":\"Telinha\",\"image\":{\"@type\":\"ImageObject\",\"inLanguage\":\"pt-PT\",\"@id\":\"https:\/\/portaltela.pt\/s.01k8rhncp4jt1\/2025\/11\/talking-bot-125x125.png\",\"url\":\"https:\/\/portaltela.pt\/s.01k8rhncp4jt1\/2025\/11\/talking-bot-125x125.png\",\"contentUrl\":\"https:\/\/portaltela.pt\/s.01k8rhncp4jt1\/2025\/11\/talking-bot-125x125.png\",\"caption\":\"Telinha\"},\"sameAs\":[\"https:\/\/portaltela.pt\/\"],\"url\":\"https:\/\/portaltela.pt\/por\/367410592786\/\"}]}<\/script>\n<!-- \/ Yoast SEO plugin. -->","yoast_head_json":{"title":"Isabel Pedrosa nomeada embaixadora de Portugal no Brasil - Portal Tela Portugal","robots":{"index":"index","follow":"follow","max-snippet":"max-snippet:-1","max-image-preview":"max-image-preview:large","max-video-preview":"max-video-preview:-1"},"og_locale":"pt_PT","og_type":"article","og_title":"Isabel Pedrosa nomeada embaixadora de Portugal no Brasil - Portal Tela Portugal","og_description":"Isabel Brilhante Pedrosa vai ser a nova embaixadora de Portugal no Brasil, sucedendo Lu\u00eds Faro Ramos, com a miss\u00e3o do atual embaixador a chegar ao fim. Aos 61 anos, torna\u2011se na primeira mulher a ocupar o cargo, vindo do servi\u00e7o diplom\u00e1tico da Uni\u00e3o Europeia, onde manteve fun\u00e7\u00f5es at\u00e9 2025 em Cuba. Entre 2017 e 2021, foi representante europeia na Venezuela, sendo expulsa em fevereiro de 2021 pelo regime de Nicol\u00e1s Maduro. O atual embaixador em Bras\u00edlia, Lu\u00eds Faro Ramos, est\u00e1 perto de terminar a sua miss\u00e3o e dever\u00e1 seguir para Marrocos como representante diplom\u00e1tico de Portugal. Pedrosa nasceu em Leiria, em 1964, e tem uma carreira que inclui embaixadas em Nam\u00edbia, L\u00edbia, D\u00edli, Rabat e Maputo, com forma\u00e7\u00e3o em Direito pela Universidade Cat\u00f3lica.","og_url":"https:\/\/portaltela.pt\/noticias\/2026\/01\/06\/isabel-pedrosa-nomeada-embaixadora-de-portugal-no-brasil\/","og_site_name":"Portal Tela Portugal","article_published_time":"2026-01-06T15:32:00+00:00","author":"Telinha","twitter_card":"summary_large_image","twitter_misc":{"Escrito por":"Telinha","Tempo estimado de leitura":"1 minuto"},"schema":{"@context":"https:\/\/schema.org","@graph":[{"@type":"Article","@id":"https:\/\/portaltela.pt\/noticias\/2026\/01\/06\/isabel-pedrosa-nomeada-embaixadora-de-portugal-no-brasil\/#article","isPartOf":{"@id":"https:\/\/portaltela.pt\/noticias\/2026\/01\/06\/isabel-pedrosa-nomeada-embaixadora-de-portugal-no-brasil\/"},"author":{"name":"Telinha","@id":"https:\/\/portaltela.pt\/#\/schema\/person\/c4278d4a6028830caff9ee44b42d32ed"},"headline":"Isabel Pedrosa nomeada embaixadora de Portugal no Brasil","datePublished":"2026-01-06T15:32:00+00:00","mainEntityOfPage":{"@id":"https:\/\/portaltela.pt\/noticias\/2026\/01\/06\/isabel-pedrosa-nomeada-embaixadora-de-portugal-no-brasil\/"},"wordCount":189,"image":{"@id":"https:\/\/portaltela.pt\/noticias\/2026\/01\/06\/isabel-pedrosa-nomeada-embaixadora-de-portugal-no-brasil\/#primaryimage"},"thumbnailUrl":"https:\/\/portaltela.pt\/s.01k8rhncp4jt1\/2026\/01\/26183955.jpg","keywords":["D\u00edli","diplomacia","Maputo","Portugal","Rabat","Uni\u00e3o Europeia"],"articleSection":["Not\u00edcias"],"inLanguage":"pt-PT"},{"@type":"WebPage","@id":"https:\/\/portaltela.pt\/noticias\/2026\/01\/06\/isabel-pedrosa-nomeada-embaixadora-de-portugal-no-brasil\/","url":"https:\/\/portaltela.pt\/noticias\/2026\/01\/06\/isabel-pedrosa-nomeada-embaixadora-de-portugal-no-brasil\/","name":"Isabel Pedrosa nomeada embaixadora de Portugal no Brasil - Portal Tela Portugal","isPartOf":{"@id":"https:\/\/portaltela.pt\/#website"},"primaryImageOfPage":{"@id":"https:\/\/portaltela.pt\/noticias\/2026\/01\/06\/isabel-pedrosa-nomeada-embaixadora-de-portugal-no-brasil\/#primaryimage"},"image":{"@id":"https:\/\/portaltela.pt\/noticias\/2026\/01\/06\/isabel-pedrosa-nomeada-embaixadora-de-portugal-no-brasil\/#primaryimage"},"thumbnailUrl":"https:\/\/portaltela.pt\/s.01k8rhncp4jt1\/2026\/01\/26183955.jpg","datePublished":"2026-01-06T15:32:00+00:00","author":{"@id":"https:\/\/portaltela.pt\/#\/schema\/person\/c4278d4a6028830caff9ee44b42d32ed"},"breadcrumb":{"@id":"https:\/\/portaltela.pt\/noticias\/2026\/01\/06\/isabel-pedrosa-nomeada-embaixadora-de-portugal-no-brasil\/#breadcrumb"},"inLanguage":"pt-PT","potentialAction":[{"@type":"ReadAction","target":["https:\/\/portaltela.pt\/noticias\/2026\/01\/06\/isabel-pedrosa-nomeada-embaixadora-de-portugal-no-brasil\/"]}]},{"@type":"ImageObject","inLanguage":"pt-PT","@id":"https:\/\/portaltela.pt\/noticias\/2026\/01\/06\/isabel-pedrosa-nomeada-embaixadora-de-portugal-no-brasil\/#primaryimage","url":"https:\/\/portaltela.pt\/s.01k8rhncp4jt1\/2026\/01\/26183955.jpg","contentUrl":"https:\/\/portaltela.pt\/s.01k8rhncp4jt1\/2026\/01\/26183955.jpg","width":796,"height":448,"caption":"A embaixadora da Uni\u00e3o Europeia (UE) na Venezuela, a portuguesa Isabel Brilhante Pedrosa, disse hoje que a solu\u00e7\u00e3o para a crise na Venezuela tem de ser pol\u00edtica, pac\u00edfica e democr\u00e1tica, em Caracas, Venezuela, 4 de maio 2019. A embaixadora da UE falava aos jornalistas na resid\u00eancia oficial do embaixador de It\u00e1lia, Silvio Mignano, onde decorreu uma confer\u00eancia de imprensa para o lan\u00e7amento de um concurso de arte contempor\u00e2nea para assinalar os 500 anos da morte do artista e cientista italiano Leonardo da Vinci. \"A Uni\u00e3o Europeia condena qualquer forma de viol\u00eancia e pede a m\u00e1xima modera\u00e7\u00e3o para evitar a perda de vidas humanas e uma escalada de tens\u00f5es\", frisou Isabel Brilhante Pedrosa. PAULO CUNHA \/ LUSA"},{"@type":"BreadcrumbList","@id":"https:\/\/portaltela.pt\/noticias\/2026\/01\/06\/isabel-pedrosa-nomeada-embaixadora-de-portugal-no-brasil\/#breadcrumb","itemListElement":[{"@type":"ListItem","position":1,"name":"In\u00edcio","item":"https:\/\/portaltela.pt\/"},{"@type":"ListItem","position":2,"name":"Isabel Pedrosa nomeada embaixadora de Portugal no Brasil"}]},{"@type":"WebSite","@id":"https:\/\/portaltela.pt\/#website","url":"https:\/\/portaltela.pt\/","name":"Portal Tela Portugal","description":"","potentialAction":[{"@type":"SearchAction","target":{"@type":"EntryPoint","urlTemplate":"https:\/\/portaltela.pt\/?s={search_term_string}"},"query-input":{"@type":"PropertyValueSpecification","valueRequired":true,"valueName":"search_term_string"}}],"inLanguage":"pt-PT"},{"@type":"Person","@id":"https:\/\/portaltela.pt\/#\/schema\/person\/c4278d4a6028830caff9ee44b42d32ed","name":"Telinha","image":{"@type":"ImageObject","inLanguage":"pt-PT","@id":"https:\/\/portaltela.pt\/s.01k8rhncp4jt1\/2025\/11\/talking-bot-125x125.png","url":"https:\/\/portaltela.pt\/s.01k8rhncp4jt1\/2025\/11\/talking-bot-125x125.png","contentUrl":"https:\/\/portaltela.pt\/s.01k8rhncp4jt1\/2025\/11\/talking-bot-125x125.png","caption":"Telinha"},"sameAs":["https:\/\/portaltela.pt\/"],"url":"https:\/\/portaltela.pt\/por\/367410592786\/"}]}},"_links":{"self":[{"href":"https:\/\/portaltela.pt\/api\/wp\/v2\/posts\/120846","targetHints":{"allow":["GET"]}}],"collection":[{"href":"https:\/\/portaltela.pt\/api\/wp\/v2\/posts"}],"about":[{"href":"https:\/\/portaltela.pt\/api\/wp\/v2\/types\/post"}],"author":[{"embeddable":true,"href":"https:\/\/portaltela.pt\/api\/wp\/v2\/users\/2"}],"replies":[{"embeddable":true,"href":"https:\/\/portaltela.pt\/api\/wp\/v2\/comments?post=120846"}],"version-history":[{"count":0,"href":"https:\/\/portaltela.pt\/api\/wp\/v2\/posts\/120846\/revisions"}],"wp:featuredmedia":[{"embeddable":true,"href":"https:\/\/portaltela.pt\/api\/wp\/v2\/media\/120850"}],"wp:attachment":[{"href":"https:\/\/portaltela.pt\/api\/wp\/v2\/media?parent=120846"}],"wp:term":[{"taxonomy":"category","embeddable":true,"href":"https:\/\/portaltela.pt\/api\/wp\/v2\/categories?post=120846"},{"taxonomy":"post_tag","embeddable":true,"href":"https:\/\/portaltela.pt\/api\/wp\/v2\/tags?post=120846"}],"curies":[{"name":"wp","href":"https:\/\/api.w.org\/{rel}","templated":true}]}}