{"id":120706,"date":"2026-01-06T11:00:00","date_gmt":"2026-01-06T14:00:00","guid":{"rendered":"https:\/\/portaltela.pt\/noticias\/2026\/01\/06\/autarquia-de-vila-vicosa-quer-habitar-parte-do-posto-da-gnr-de-sao-romao\/"},"modified":"2026-01-06T11:00:00","modified_gmt":"2026-01-06T14:00:00","slug":"autarquia-de-vila-vicosa-quer-habitar-parte-do-posto-da-gnr-de-sao-romao","status":"publish","type":"post","link":"https:\/\/portaltela.pt\/noticias\/2026\/01\/06\/autarquia-de-vila-vicosa-quer-habitar-parte-do-posto-da-gnr-de-sao-romao\/","title":{"rendered":"Autarquia de Vila Vi\u00e7osa quer habitar parte do posto da GNR de S\u00e3o Rom\u00e3o"},"content":{"rendered":"<p>A C\u00e2mara Municipal de Vila Vi\u00e7osa pretende transformar o antigo posto da GNR de S\u00e3o Rom\u00e3o em habita\u00e7\u00e3o, no \u00e2mbito da estrat\u00e9gia de aproveitamento do patrim\u00f3nio p\u00fablico para responder \u00e0s necessidades habitacionais do concelho. O edif\u00edcio \u00e9 propriedade municipal e integra duas \u00e1reas distintas: a compet\u00eancia da GNR e a casa de fun\u00e7\u00e3o.<\/p>\n<p>O presidente da C\u00e2mara, In\u00e1cio Esperan\u00e7a, revelou ao Jornal ODigital.pt que o im\u00f3vel ser\u00e1 desanexado, separando a casa de fun\u00e7\u00e3o do posto. A GNR pode dispensar o uso militar da \u00e1rea habitacional, que fica totalmente separada, para permitir o arrendamento ou afeta\u00e7\u00e3o da casa.<\/p>\n<h3>Edif\u00edcio ser\u00e1 dividido em duas fra\u00e7\u00f5es<\/h3>\n<p>O munic\u00edpio prossegue com a divis\u00e3o do edif\u00edcio em propriedade horizontal, criando duas fra\u00e7\u00f5es aut\u00f3nomas: uma para o posto da GNR e outra para a habita\u00e7\u00e3o. O objetivo \u00e9 facilitar a gest\u00e3o e o eventual arrendamento.<\/p>\n<h3>Processo administrativo j\u00e1 aprovado<\/h3>\n<p>A C\u00e2mara aprovou, em reuni\u00e3o, a retifica\u00e7\u00e3o de \u00e1reas, devido a diferen\u00e7as entre projetos antigos e execu\u00e7\u00e3o. O procedimento segue para comunica\u00e7\u00e3o \u00e0 Autoridade Tribut\u00e1ria e registo das duas fra\u00e7\u00f5es.<\/p>\n<h3>Habita\u00e7\u00e3o poder\u00e1 integrar programas de arrendamento<\/h3>\n<p>A casa dever\u00e1 integrar regimes municipais de habita\u00e7\u00e3o, possivelmente em habita\u00e7\u00e3o a custos controlados ou arrendamento acess\u00edvel. O arrendamento depende de obras a realizar, como canaliza\u00e7\u00f5es e eletricidade, e de regulamenta\u00e7\u00e3o local.<\/p>\n<h3>Contactos com a GNR j\u00e1 realizados<\/h3>\n<p>Foram realizados contactos pr\u00e9vios com o Comando-Geral da GNR, incluindo uma reuni\u00e3o em Lisboa. Est\u00e3o definidos os passos a seguir para a dispensa da casa de fun\u00e7\u00e3o e o avan\u00e7o do processo.<\/p>\n<h3>Perspectiva de prazos<\/h3>\n<p>O autarca indicou que o processo pode avan\u00e7ar a curto prazo, condicionado pela conclus\u00e3o das obras e pelos tr\u00e2mites administrativos necess\u00e1rios. A dispensa da casa de fun\u00e7\u00e3o depende de altera\u00e7\u00e3o formal.<\/p>\n","protected":false},"excerpt":{"rendered":"<ul>\n<li>A C\u00e2mara Municipal de Vila Vi\u00e7osa pretende transformar o antigo posto da GNR de S\u00e3o Rom\u00e3o em habita\u00e7\u00e3o, mantendo o posto separado da casa de fun\u00e7\u00e3o.<\/li>\n<li>O edif\u00edcio ser\u00e1 dividido em duas fra\u00e7\u00f5es aut\u00f3nomas: uma para o posto da GNR e outra para a habita\u00e7\u00e3o, com a casa de fun\u00e7\u00e3o a poder ser afetada para arrendamento.<\/li>\n<li>O processo j\u00e1 foi aprovado em reuni\u00e3o de C\u00e2mara, incluindo a retifica\u00e7\u00e3o de \u00e1reas; seguir\u00e1 para comunica\u00e7\u00e3o \u00e0 Autoridade Tribut\u00e1ria e registo das duas fra\u00e7\u00f5es.<\/li>\n<li>A dispensa da casa de fun\u00e7\u00e3o depende de autoriza\u00e7\u00e3o da GNR; o posto funciona atualmente apenas como balc\u00e3o de atendimento, sem guarni\u00e7\u00e3o nem comandante.<\/li>\n<li>A habita\u00e7\u00e3o dever\u00e1 integrar regimes municipais de arrendamento acess\u00edvel ou habita\u00e7\u00e3o a custos controlados, ap\u00f3s as obras necess\u00e1rias (como canaliza\u00e7\u00f5es e eletricidade) e conforme regulamentos municipais.<\/li>\n<\/ul>\n","protected":false},"author":2,"featured_media":120711,"comment_status":"closed","ping_status":"closed","sticky":false,"template":"","format":"standard","meta":{"footnotes":""},"categories":[1],"tags":[168,150,1010,1167,814,619],"class_list":["post-120706","post","type-post","status-publish","format-standard","has-post-thumbnail","hentry","category-noticias","tag-administracao-publica","tag-habitacao","tag-habitacao-publica","tag-habitacao-social","tag-patrimonio","tag-propriedade-horizontal"],"yoast_head":"<!-- This site is optimized with the Yoast SEO plugin v27.2 - https:\/\/yoast.com\/product\/yoast-seo-wordpress\/ -->\n<title>Autarquia de Vila Vi\u00e7osa quer habitar parte do posto da GNR de S\u00e3o Rom\u00e3o - Portal Tela Portugal<\/title>\n<meta name=\"robots\" content=\"index, follow, max-snippet:-1, max-image-preview:large, max-video-preview:-1\" \/>\n<meta property=\"og:locale\" content=\"pt_PT\" \/>\n<meta property=\"og:type\" content=\"article\" \/>\n<meta property=\"og:title\" content=\"Autarquia de Vila Vi\u00e7osa quer habitar parte do posto da GNR de S\u00e3o Rom\u00e3o - Portal Tela Portugal\" \/>\n<meta property=\"og:description\" content=\"A C\u00e2mara Municipal de Vila Vi\u00e7osa pretende transformar o antigo posto da GNR de S\u00e3o Rom\u00e3o em habita\u00e7\u00e3o, mantendo o posto separado da casa de fun\u00e7\u00e3o. O edif\u00edcio ser\u00e1 dividido em duas fra\u00e7\u00f5es aut\u00f3nomas: uma para o posto da GNR e outra para a habita\u00e7\u00e3o, com a casa de fun\u00e7\u00e3o a poder ser afetada para arrendamento. O processo j\u00e1 foi aprovado em reuni\u00e3o de C\u00e2mara, incluindo a retifica\u00e7\u00e3o de \u00e1reas; seguir\u00e1 para comunica\u00e7\u00e3o \u00e0 Autoridade Tribut\u00e1ria e registo das duas fra\u00e7\u00f5es. A dispensa da casa de fun\u00e7\u00e3o depende de autoriza\u00e7\u00e3o da GNR; o posto funciona atualmente apenas como balc\u00e3o de atendimento, sem guarni\u00e7\u00e3o nem comandante. A habita\u00e7\u00e3o dever\u00e1 integrar regimes municipais de arrendamento acess\u00edvel ou habita\u00e7\u00e3o a custos controlados, ap\u00f3s as obras necess\u00e1rias (como canaliza\u00e7\u00f5es e eletricidade) e conforme regulamentos municipais.\" \/>\n<meta property=\"og:url\" content=\"https:\/\/portaltela.pt\/noticias\/2026\/01\/06\/autarquia-de-vila-vicosa-quer-habitar-parte-do-posto-da-gnr-de-sao-romao\/\" \/>\n<meta property=\"og:site_name\" content=\"Portal Tela Portugal\" \/>\n<meta property=\"article:published_time\" content=\"2026-01-06T14:00:00+00:00\" \/>\n<meta name=\"author\" content=\"Telinha\" \/>\n<meta name=\"twitter:card\" content=\"summary_large_image\" \/>\n<meta name=\"twitter:label1\" content=\"Escrito por\" \/>\n\t<meta name=\"twitter:data1\" content=\"Telinha\" \/>\n\t<meta name=\"twitter:label2\" content=\"Tempo estimado de leitura\" \/>\n\t<meta name=\"twitter:data2\" content=\"2 minutos\" \/>\n<script type=\"application\/ld+json\" class=\"yoast-schema-graph\">{\"@context\":\"https:\/\/schema.org\",\"@graph\":[{\"@type\":\"Article\",\"@id\":\"https:\/\/portaltela.pt\/noticias\/2026\/01\/06\/autarquia-de-vila-vicosa-quer-habitar-parte-do-posto-da-gnr-de-sao-romao\/#article\",\"isPartOf\":{\"@id\":\"https:\/\/portaltela.pt\/noticias\/2026\/01\/06\/autarquia-de-vila-vicosa-quer-habitar-parte-do-posto-da-gnr-de-sao-romao\/\"},\"author\":{\"name\":\"Telinha\",\"@id\":\"https:\/\/portaltela.pt\/#\/schema\/person\/c4278d4a6028830caff9ee44b42d32ed\"},\"headline\":\"Autarquia de Vila Vi\u00e7osa quer habitar parte do posto da GNR de S\u00e3o Rom\u00e3o\",\"datePublished\":\"2026-01-06T14:00:00+00:00\",\"mainEntityOfPage\":{\"@id\":\"https:\/\/portaltela.pt\/noticias\/2026\/01\/06\/autarquia-de-vila-vicosa-quer-habitar-parte-do-posto-da-gnr-de-sao-romao\/\"},\"wordCount\":349,\"image\":{\"@id\":\"https:\/\/portaltela.pt\/noticias\/2026\/01\/06\/autarquia-de-vila-vicosa-quer-habitar-parte-do-posto-da-gnr-de-sao-romao\/#primaryimage\"},\"thumbnailUrl\":\"https:\/\/portaltela.pt\/s.01k8rhncp4jt1\/2026\/01\/unnamed-file-1083.jpg\",\"keywords\":[\"administra\u00e7\u00e3o p\u00fablica\",\"habita\u00e7\u00e3o\",\"habita\u00e7\u00e3o p\u00fablica\",\"habita\u00e7\u00e3o social\",\"patrim\u00f3nio\",\"propriedade horizontal\"],\"articleSection\":[\"Not\u00edcias\"],\"inLanguage\":\"pt-PT\"},{\"@type\":\"WebPage\",\"@id\":\"https:\/\/portaltela.pt\/noticias\/2026\/01\/06\/autarquia-de-vila-vicosa-quer-habitar-parte-do-posto-da-gnr-de-sao-romao\/\",\"url\":\"https:\/\/portaltela.pt\/noticias\/2026\/01\/06\/autarquia-de-vila-vicosa-quer-habitar-parte-do-posto-da-gnr-de-sao-romao\/\",\"name\":\"Autarquia de Vila Vi\u00e7osa quer habitar parte do posto da GNR de S\u00e3o Rom\u00e3o - Portal Tela Portugal\",\"isPartOf\":{\"@id\":\"https:\/\/portaltela.pt\/#website\"},\"primaryImageOfPage\":{\"@id\":\"https:\/\/portaltela.pt\/noticias\/2026\/01\/06\/autarquia-de-vila-vicosa-quer-habitar-parte-do-posto-da-gnr-de-sao-romao\/#primaryimage\"},\"image\":{\"@id\":\"https:\/\/portaltela.pt\/noticias\/2026\/01\/06\/autarquia-de-vila-vicosa-quer-habitar-parte-do-posto-da-gnr-de-sao-romao\/#primaryimage\"},\"thumbnailUrl\":\"https:\/\/portaltela.pt\/s.01k8rhncp4jt1\/2026\/01\/unnamed-file-1083.jpg\",\"datePublished\":\"2026-01-06T14:00:00+00:00\",\"author\":{\"@id\":\"https:\/\/portaltela.pt\/#\/schema\/person\/c4278d4a6028830caff9ee44b42d32ed\"},\"breadcrumb\":{\"@id\":\"https:\/\/portaltela.pt\/noticias\/2026\/01\/06\/autarquia-de-vila-vicosa-quer-habitar-parte-do-posto-da-gnr-de-sao-romao\/#breadcrumb\"},\"inLanguage\":\"pt-PT\",\"potentialAction\":[{\"@type\":\"ReadAction\",\"target\":[\"https:\/\/portaltela.pt\/noticias\/2026\/01\/06\/autarquia-de-vila-vicosa-quer-habitar-parte-do-posto-da-gnr-de-sao-romao\/\"]}]},{\"@type\":\"ImageObject\",\"inLanguage\":\"pt-PT\",\"@id\":\"https:\/\/portaltela.pt\/noticias\/2026\/01\/06\/autarquia-de-vila-vicosa-quer-habitar-parte-do-posto-da-gnr-de-sao-romao\/#primaryimage\",\"url\":\"https:\/\/portaltela.pt\/s.01k8rhncp4jt1\/2026\/01\/unnamed-file-1083.jpg\",\"contentUrl\":\"https:\/\/portaltela.pt\/s.01k8rhncp4jt1\/2026\/01\/unnamed-file-1083.jpg\",\"width\":796,\"height\":448,\"caption\":\"Autarquia de Vila Vi\u00e7osa quer criar habita\u00e7\u00e3o em parte do posto da GNR de S\u00e3o Rom\u00e3o\"},{\"@type\":\"BreadcrumbList\",\"@id\":\"https:\/\/portaltela.pt\/noticias\/2026\/01\/06\/autarquia-de-vila-vicosa-quer-habitar-parte-do-posto-da-gnr-de-sao-romao\/#breadcrumb\",\"itemListElement\":[{\"@type\":\"ListItem\",\"position\":1,\"name\":\"In\u00edcio\",\"item\":\"https:\/\/portaltela.pt\/\"},{\"@type\":\"ListItem\",\"position\":2,\"name\":\"Autarquia de Vila Vi\u00e7osa quer habitar parte do posto da GNR de S\u00e3o Rom\u00e3o\"}]},{\"@type\":\"WebSite\",\"@id\":\"https:\/\/portaltela.pt\/#website\",\"url\":\"https:\/\/portaltela.pt\/\",\"name\":\"Portal Tela Portugal\",\"description\":\"\",\"potentialAction\":[{\"@type\":\"SearchAction\",\"target\":{\"@type\":\"EntryPoint\",\"urlTemplate\":\"https:\/\/portaltela.pt\/?s={search_term_string}\"},\"query-input\":{\"@type\":\"PropertyValueSpecification\",\"valueRequired\":true,\"valueName\":\"search_term_string\"}}],\"inLanguage\":\"pt-PT\"},{\"@type\":\"Person\",\"@id\":\"https:\/\/portaltela.pt\/#\/schema\/person\/c4278d4a6028830caff9ee44b42d32ed\",\"name\":\"Telinha\",\"image\":{\"@type\":\"ImageObject\",\"inLanguage\":\"pt-PT\",\"@id\":\"https:\/\/portaltela.pt\/s.01k8rhncp4jt1\/2025\/11\/talking-bot-125x125.png\",\"url\":\"https:\/\/portaltela.pt\/s.01k8rhncp4jt1\/2025\/11\/talking-bot-125x125.png\",\"contentUrl\":\"https:\/\/portaltela.pt\/s.01k8rhncp4jt1\/2025\/11\/talking-bot-125x125.png\",\"caption\":\"Telinha\"},\"sameAs\":[\"https:\/\/portaltela.pt\/\"],\"url\":\"https:\/\/portaltela.pt\/por\/367410592786\/\"}]}<\/script>\n<!-- \/ Yoast SEO plugin. -->","yoast_head_json":{"title":"Autarquia de Vila Vi\u00e7osa quer habitar parte do posto da GNR de S\u00e3o Rom\u00e3o - Portal Tela Portugal","robots":{"index":"index","follow":"follow","max-snippet":"max-snippet:-1","max-image-preview":"max-image-preview:large","max-video-preview":"max-video-preview:-1"},"og_locale":"pt_PT","og_type":"article","og_title":"Autarquia de Vila Vi\u00e7osa quer habitar parte do posto da GNR de S\u00e3o Rom\u00e3o - Portal Tela Portugal","og_description":"A C\u00e2mara Municipal de Vila Vi\u00e7osa pretende transformar o antigo posto da GNR de S\u00e3o Rom\u00e3o em habita\u00e7\u00e3o, mantendo o posto separado da casa de fun\u00e7\u00e3o. O edif\u00edcio ser\u00e1 dividido em duas fra\u00e7\u00f5es aut\u00f3nomas: uma para o posto da GNR e outra para a habita\u00e7\u00e3o, com a casa de fun\u00e7\u00e3o a poder ser afetada para arrendamento. O processo j\u00e1 foi aprovado em reuni\u00e3o de C\u00e2mara, incluindo a retifica\u00e7\u00e3o de \u00e1reas; seguir\u00e1 para comunica\u00e7\u00e3o \u00e0 Autoridade Tribut\u00e1ria e registo das duas fra\u00e7\u00f5es. A dispensa da casa de fun\u00e7\u00e3o depende de autoriza\u00e7\u00e3o da GNR; o posto funciona atualmente apenas como balc\u00e3o de atendimento, sem guarni\u00e7\u00e3o nem comandante. A habita\u00e7\u00e3o dever\u00e1 integrar regimes municipais de arrendamento acess\u00edvel ou habita\u00e7\u00e3o a custos controlados, ap\u00f3s as obras necess\u00e1rias (como canaliza\u00e7\u00f5es e eletricidade) e conforme regulamentos municipais.","og_url":"https:\/\/portaltela.pt\/noticias\/2026\/01\/06\/autarquia-de-vila-vicosa-quer-habitar-parte-do-posto-da-gnr-de-sao-romao\/","og_site_name":"Portal Tela Portugal","article_published_time":"2026-01-06T14:00:00+00:00","author":"Telinha","twitter_card":"summary_large_image","twitter_misc":{"Escrito por":"Telinha","Tempo estimado de leitura":"2 minutos"},"schema":{"@context":"https:\/\/schema.org","@graph":[{"@type":"Article","@id":"https:\/\/portaltela.pt\/noticias\/2026\/01\/06\/autarquia-de-vila-vicosa-quer-habitar-parte-do-posto-da-gnr-de-sao-romao\/#article","isPartOf":{"@id":"https:\/\/portaltela.pt\/noticias\/2026\/01\/06\/autarquia-de-vila-vicosa-quer-habitar-parte-do-posto-da-gnr-de-sao-romao\/"},"author":{"name":"Telinha","@id":"https:\/\/portaltela.pt\/#\/schema\/person\/c4278d4a6028830caff9ee44b42d32ed"},"headline":"Autarquia de Vila Vi\u00e7osa quer habitar parte do posto da GNR de S\u00e3o Rom\u00e3o","datePublished":"2026-01-06T14:00:00+00:00","mainEntityOfPage":{"@id":"https:\/\/portaltela.pt\/noticias\/2026\/01\/06\/autarquia-de-vila-vicosa-quer-habitar-parte-do-posto-da-gnr-de-sao-romao\/"},"wordCount":349,"image":{"@id":"https:\/\/portaltela.pt\/noticias\/2026\/01\/06\/autarquia-de-vila-vicosa-quer-habitar-parte-do-posto-da-gnr-de-sao-romao\/#primaryimage"},"thumbnailUrl":"https:\/\/portaltela.pt\/s.01k8rhncp4jt1\/2026\/01\/unnamed-file-1083.jpg","keywords":["administra\u00e7\u00e3o p\u00fablica","habita\u00e7\u00e3o","habita\u00e7\u00e3o p\u00fablica","habita\u00e7\u00e3o social","patrim\u00f3nio","propriedade horizontal"],"articleSection":["Not\u00edcias"],"inLanguage":"pt-PT"},{"@type":"WebPage","@id":"https:\/\/portaltela.pt\/noticias\/2026\/01\/06\/autarquia-de-vila-vicosa-quer-habitar-parte-do-posto-da-gnr-de-sao-romao\/","url":"https:\/\/portaltela.pt\/noticias\/2026\/01\/06\/autarquia-de-vila-vicosa-quer-habitar-parte-do-posto-da-gnr-de-sao-romao\/","name":"Autarquia de Vila Vi\u00e7osa quer habitar parte do posto da GNR de S\u00e3o Rom\u00e3o - Portal Tela Portugal","isPartOf":{"@id":"https:\/\/portaltela.pt\/#website"},"primaryImageOfPage":{"@id":"https:\/\/portaltela.pt\/noticias\/2026\/01\/06\/autarquia-de-vila-vicosa-quer-habitar-parte-do-posto-da-gnr-de-sao-romao\/#primaryimage"},"image":{"@id":"https:\/\/portaltela.pt\/noticias\/2026\/01\/06\/autarquia-de-vila-vicosa-quer-habitar-parte-do-posto-da-gnr-de-sao-romao\/#primaryimage"},"thumbnailUrl":"https:\/\/portaltela.pt\/s.01k8rhncp4jt1\/2026\/01\/unnamed-file-1083.jpg","datePublished":"2026-01-06T14:00:00+00:00","author":{"@id":"https:\/\/portaltela.pt\/#\/schema\/person\/c4278d4a6028830caff9ee44b42d32ed"},"breadcrumb":{"@id":"https:\/\/portaltela.pt\/noticias\/2026\/01\/06\/autarquia-de-vila-vicosa-quer-habitar-parte-do-posto-da-gnr-de-sao-romao\/#breadcrumb"},"inLanguage":"pt-PT","potentialAction":[{"@type":"ReadAction","target":["https:\/\/portaltela.pt\/noticias\/2026\/01\/06\/autarquia-de-vila-vicosa-quer-habitar-parte-do-posto-da-gnr-de-sao-romao\/"]}]},{"@type":"ImageObject","inLanguage":"pt-PT","@id":"https:\/\/portaltela.pt\/noticias\/2026\/01\/06\/autarquia-de-vila-vicosa-quer-habitar-parte-do-posto-da-gnr-de-sao-romao\/#primaryimage","url":"https:\/\/portaltela.pt\/s.01k8rhncp4jt1\/2026\/01\/unnamed-file-1083.jpg","contentUrl":"https:\/\/portaltela.pt\/s.01k8rhncp4jt1\/2026\/01\/unnamed-file-1083.jpg","width":796,"height":448,"caption":"Autarquia de Vila Vi\u00e7osa quer criar habita\u00e7\u00e3o em parte do posto da GNR de S\u00e3o Rom\u00e3o"},{"@type":"BreadcrumbList","@id":"https:\/\/portaltela.pt\/noticias\/2026\/01\/06\/autarquia-de-vila-vicosa-quer-habitar-parte-do-posto-da-gnr-de-sao-romao\/#breadcrumb","itemListElement":[{"@type":"ListItem","position":1,"name":"In\u00edcio","item":"https:\/\/portaltela.pt\/"},{"@type":"ListItem","position":2,"name":"Autarquia de Vila Vi\u00e7osa quer habitar parte do posto da GNR de S\u00e3o Rom\u00e3o"}]},{"@type":"WebSite","@id":"https:\/\/portaltela.pt\/#website","url":"https:\/\/portaltela.pt\/","name":"Portal Tela Portugal","description":"","potentialAction":[{"@type":"SearchAction","target":{"@type":"EntryPoint","urlTemplate":"https:\/\/portaltela.pt\/?s={search_term_string}"},"query-input":{"@type":"PropertyValueSpecification","valueRequired":true,"valueName":"search_term_string"}}],"inLanguage":"pt-PT"},{"@type":"Person","@id":"https:\/\/portaltela.pt\/#\/schema\/person\/c4278d4a6028830caff9ee44b42d32ed","name":"Telinha","image":{"@type":"ImageObject","inLanguage":"pt-PT","@id":"https:\/\/portaltela.pt\/s.01k8rhncp4jt1\/2025\/11\/talking-bot-125x125.png","url":"https:\/\/portaltela.pt\/s.01k8rhncp4jt1\/2025\/11\/talking-bot-125x125.png","contentUrl":"https:\/\/portaltela.pt\/s.01k8rhncp4jt1\/2025\/11\/talking-bot-125x125.png","caption":"Telinha"},"sameAs":["https:\/\/portaltela.pt\/"],"url":"https:\/\/portaltela.pt\/por\/367410592786\/"}]}},"_links":{"self":[{"href":"https:\/\/portaltela.pt\/api\/wp\/v2\/posts\/120706","targetHints":{"allow":["GET"]}}],"collection":[{"href":"https:\/\/portaltela.pt\/api\/wp\/v2\/posts"}],"about":[{"href":"https:\/\/portaltela.pt\/api\/wp\/v2\/types\/post"}],"author":[{"embeddable":true,"href":"https:\/\/portaltela.pt\/api\/wp\/v2\/users\/2"}],"replies":[{"embeddable":true,"href":"https:\/\/portaltela.pt\/api\/wp\/v2\/comments?post=120706"}],"version-history":[{"count":0,"href":"https:\/\/portaltela.pt\/api\/wp\/v2\/posts\/120706\/revisions"}],"wp:featuredmedia":[{"embeddable":true,"href":"https:\/\/portaltela.pt\/api\/wp\/v2\/media\/120711"}],"wp:attachment":[{"href":"https:\/\/portaltela.pt\/api\/wp\/v2\/media?parent=120706"}],"wp:term":[{"taxonomy":"category","embeddable":true,"href":"https:\/\/portaltela.pt\/api\/wp\/v2\/categories?post=120706"},{"taxonomy":"post_tag","embeddable":true,"href":"https:\/\/portaltela.pt\/api\/wp\/v2\/tags?post=120706"}],"curies":[{"name":"wp","href":"https:\/\/api.w.org\/{rel}","templated":true}]}}