{"id":120305,"date":"2026-01-06T08:12:01","date_gmt":"2026-01-06T11:12:01","guid":{"rendered":"https:\/\/portaltela.pt\/noticias\/2026\/01\/06\/uls-da-guarda-ativa-fase-2-do-plano-de-contingencia-para-gripe-nas-urgencias\/"},"modified":"2026-01-06T08:12:01","modified_gmt":"2026-01-06T11:12:01","slug":"uls-da-guarda-ativa-fase-2-do-plano-de-contingencia-para-gripe-nas-urgencias","status":"publish","type":"post","link":"https:\/\/portaltela.pt\/noticias\/2026\/01\/06\/uls-da-guarda-ativa-fase-2-do-plano-de-contingencia-para-gripe-nas-urgencias\/","title":{"rendered":"ULS da Guarda ativa fase 2 do plano de conting\u00eancia para gripe nas Urg\u00eancias"},"content":{"rendered":"<p>A Unidade Local de Sa\u00fade da Guarda (ULS) ativou a fase 2 do plano de conting\u00eancia do Servi\u00e7o de Urg\u00eancia M\u00e9dico-Cir\u00fargica, devido \u00e0 gripe e a um aumento de infe\u00e7\u00f5es respirat\u00f3rias que se registam neste per\u00edodo do ano. A press\u00e3o na Urg\u00eancia est\u00e1 marcada pela demanda elevada e pela necessidade de internamento.<\/p>\n<p>O diretor cl\u00ednico para os cuidados hospitalares, Nuno Sousa, afirmou que foram desmarcadas cirurgias eletivas de doentes n\u00e3o priorit\u00e1rios e que algumas consultas poder\u00e3o ser canceladas para libertar m\u00e9dicos. Cl\u00ednicos de Medicina Interna j\u00e1 asseguram observa\u00e7\u00e3o de doentes na Urg\u00eancia, mesmo n\u00e3o escalados.<\/p>\n<p>A situa\u00e7\u00e3o foi indicada durante a rece\u00e7\u00e3o dos 27 m\u00e9dicos internos, realizada na ULS da Guarda. Sousa mencionou que o pico da gripe na Urg\u00eancia ocorreu provavelmente neste fim de semana e pediu \u00e0 popula\u00e7\u00e3o que mantenha a etiqueta respirat\u00f3ria para reduzir cont\u00e1gios.<\/p>\n<h3>Medidas de retaguarda e perspetivas<\/h3>\n<p>A ULS estabeleceu protocolos com duas IPSS do distrito para garantir camas de retaguarda, na Associa\u00e7\u00e3o de Benefic\u00eancia Popular de Gouveia e na Casa de Sa\u00fade Bento Menni. Espera-se melhoria nas pr\u00f3ximas dias com mais altas hospitalares.<\/p>\n<p>Rita Figueiredo, presidente do Conselho de Administra\u00e7\u00e3o, pediu que as pessoas usem a Urg\u00eancia apenas para casos urgentes. Refor\u00e7ou que os cuidados prim\u00e1rios j\u00e1 funcionam com hor\u00e1rios alargados para responder \u00e0 doen\u00e7a aguda.<\/p>\n","protected":false},"excerpt":{"rendered":"<ul>\n<li>A Unidade Local de Sa\u00fade da Guarda ativou a fase 2 do plano de conting\u00eancia do Servi\u00e7o de Urg\u00eancia M\u00e9dico-Cir\u00fargica (m\u00f3dulo de inverno), devido \u00e0 press\u00e3o causada pelas infe\u00e7\u00f5es respirat\u00f3rias em circula\u00e7\u00e3o; a cerim\u00f3nia de rece\u00e7\u00e3o dos 27 m\u00e9dicos internos decorreu hoje.<\/li>\n<li>Est\u00e3o a desmarcar cirurgias eletivas de doentes n\u00e3o priorit\u00e1rios e \u00e9 poss\u00edvel desmarcar algumas consultas para ceder m\u00e9dicos \u00e0 Urg\u00eancia.<\/li>\n<li>O servi\u00e7o de Medicina Interna do Hospital Sousa Martins j\u00e1 est\u00e1 a assegurar observa\u00e7\u00e3o de alguns doentes na Urg\u00eancia, com pico de gripe registrado no fim de semana.<\/li>\n<li>A ULS estabeleceu protocolos de retaguarda com duas IPSS do distrito, para libertar camas hospitalares e manter disponibilidade na rede de cuidados continuados.<\/li>\n<li>A presidente do Conselho de Administra\u00e7\u00e3o pediu aos cidad\u00e3os para utilizarem os cuidados prim\u00e1rios quando apropriado e manterem a etiqueta respirat\u00f3ria, esperando melhoria nas Urg\u00eancias a partir de amanh\u00e3.<\/li>\n<\/ul>\n","protected":false},"author":2,"featured_media":120320,"comment_status":"closed","ping_status":"closed","sticky":false,"template":"","format":"standard","meta":{"footnotes":""},"categories":[1],"tags":[1113,633,172,271,1475,1899],"class_list":["post-120305","post","type-post","status-publish","format-standard","has-post-thumbnail","hentry","category-noticias","tag-guarda","tag-hospital","tag-saude","tag-saude-publica","tag-sindrome-gripal","tag-urgencias"],"yoast_head":"<!-- This site is optimized with the Yoast SEO plugin v27.2 - https:\/\/yoast.com\/product\/yoast-seo-wordpress\/ -->\n<title>ULS da Guarda ativa fase 2 do plano de conting\u00eancia para gripe nas Urg\u00eancias - Portal Tela Portugal<\/title>\n<meta name=\"robots\" content=\"index, follow, max-snippet:-1, max-image-preview:large, max-video-preview:-1\" \/>\n<meta property=\"og:locale\" content=\"pt_PT\" \/>\n<meta property=\"og:type\" content=\"article\" \/>\n<meta property=\"og:title\" content=\"ULS da Guarda ativa fase 2 do plano de conting\u00eancia para gripe nas Urg\u00eancias - Portal Tela Portugal\" \/>\n<meta property=\"og:description\" content=\"A Unidade Local de Sa\u00fade da Guarda ativou a fase 2 do plano de conting\u00eancia do Servi\u00e7o de Urg\u00eancia M\u00e9dico-Cir\u00fargica (m\u00f3dulo de inverno), devido \u00e0 press\u00e3o causada pelas infe\u00e7\u00f5es respirat\u00f3rias em circula\u00e7\u00e3o; a cerim\u00f3nia de rece\u00e7\u00e3o dos 27 m\u00e9dicos internos decorreu hoje. Est\u00e3o a desmarcar cirurgias eletivas de doentes n\u00e3o priorit\u00e1rios e \u00e9 poss\u00edvel desmarcar algumas consultas para ceder m\u00e9dicos \u00e0 Urg\u00eancia. O servi\u00e7o de Medicina Interna do Hospital Sousa Martins j\u00e1 est\u00e1 a assegurar observa\u00e7\u00e3o de alguns doentes na Urg\u00eancia, com pico de gripe registrado no fim de semana. A ULS estabeleceu protocolos de retaguarda com duas IPSS do distrito, para libertar camas hospitalares e manter disponibilidade na rede de cuidados continuados. A presidente do Conselho de Administra\u00e7\u00e3o pediu aos cidad\u00e3os para utilizarem os cuidados prim\u00e1rios quando apropriado e manterem a etiqueta respirat\u00f3ria, esperando melhoria nas Urg\u00eancias a partir de amanh\u00e3.\" \/>\n<meta property=\"og:url\" content=\"https:\/\/portaltela.pt\/noticias\/2026\/01\/06\/uls-da-guarda-ativa-fase-2-do-plano-de-contingencia-para-gripe-nas-urgencias\/\" \/>\n<meta property=\"og:site_name\" content=\"Portal Tela Portugal\" \/>\n<meta property=\"article:published_time\" content=\"2026-01-06T11:12:01+00:00\" \/>\n<meta name=\"author\" content=\"Telinha\" \/>\n<meta name=\"twitter:card\" content=\"summary_large_image\" \/>\n<meta name=\"twitter:label1\" content=\"Escrito por\" \/>\n\t<meta name=\"twitter:data1\" content=\"Telinha\" \/>\n\t<meta name=\"twitter:label2\" content=\"Tempo estimado de leitura\" \/>\n\t<meta name=\"twitter:data2\" content=\"1 minuto\" \/>\n<script type=\"application\/ld+json\" class=\"yoast-schema-graph\">{\"@context\":\"https:\/\/schema.org\",\"@graph\":[{\"@type\":\"Article\",\"@id\":\"https:\/\/portaltela.pt\/noticias\/2026\/01\/06\/uls-da-guarda-ativa-fase-2-do-plano-de-contingencia-para-gripe-nas-urgencias\/#article\",\"isPartOf\":{\"@id\":\"https:\/\/portaltela.pt\/noticias\/2026\/01\/06\/uls-da-guarda-ativa-fase-2-do-plano-de-contingencia-para-gripe-nas-urgencias\/\"},\"author\":{\"name\":\"Telinha\",\"@id\":\"https:\/\/portaltela.pt\/#\/schema\/person\/c4278d4a6028830caff9ee44b42d32ed\"},\"headline\":\"ULS da Guarda ativa fase 2 do plano de conting\u00eancia para gripe nas Urg\u00eancias\",\"datePublished\":\"2026-01-06T11:12:01+00:00\",\"mainEntityOfPage\":{\"@id\":\"https:\/\/portaltela.pt\/noticias\/2026\/01\/06\/uls-da-guarda-ativa-fase-2-do-plano-de-contingencia-para-gripe-nas-urgencias\/\"},\"wordCount\":260,\"image\":{\"@id\":\"https:\/\/portaltela.pt\/noticias\/2026\/01\/06\/uls-da-guarda-ativa-fase-2-do-plano-de-contingencia-para-gripe-nas-urgencias\/#primaryimage\"},\"thumbnailUrl\":\"https:\/\/portaltela.pt\/s.01k8rhncp4jt1\/2026\/01\/unnamed-file-1046.jpg\",\"keywords\":[\"Guarda\",\"hospital\",\"sa\u00fade\",\"sa\u00fade p\u00fablica\",\"s\u00edndrome gripal\",\"urg\u00eancias\"],\"articleSection\":[\"Not\u00edcias\"],\"inLanguage\":\"pt-PT\"},{\"@type\":\"WebPage\",\"@id\":\"https:\/\/portaltela.pt\/noticias\/2026\/01\/06\/uls-da-guarda-ativa-fase-2-do-plano-de-contingencia-para-gripe-nas-urgencias\/\",\"url\":\"https:\/\/portaltela.pt\/noticias\/2026\/01\/06\/uls-da-guarda-ativa-fase-2-do-plano-de-contingencia-para-gripe-nas-urgencias\/\",\"name\":\"ULS da Guarda ativa fase 2 do plano de conting\u00eancia para gripe nas Urg\u00eancias - Portal Tela Portugal\",\"isPartOf\":{\"@id\":\"https:\/\/portaltela.pt\/#website\"},\"primaryImageOfPage\":{\"@id\":\"https:\/\/portaltela.pt\/noticias\/2026\/01\/06\/uls-da-guarda-ativa-fase-2-do-plano-de-contingencia-para-gripe-nas-urgencias\/#primaryimage\"},\"image\":{\"@id\":\"https:\/\/portaltela.pt\/noticias\/2026\/01\/06\/uls-da-guarda-ativa-fase-2-do-plano-de-contingencia-para-gripe-nas-urgencias\/#primaryimage\"},\"thumbnailUrl\":\"https:\/\/portaltela.pt\/s.01k8rhncp4jt1\/2026\/01\/unnamed-file-1046.jpg\",\"datePublished\":\"2026-01-06T11:12:01+00:00\",\"author\":{\"@id\":\"https:\/\/portaltela.pt\/#\/schema\/person\/c4278d4a6028830caff9ee44b42d32ed\"},\"breadcrumb\":{\"@id\":\"https:\/\/portaltela.pt\/noticias\/2026\/01\/06\/uls-da-guarda-ativa-fase-2-do-plano-de-contingencia-para-gripe-nas-urgencias\/#breadcrumb\"},\"inLanguage\":\"pt-PT\",\"potentialAction\":[{\"@type\":\"ReadAction\",\"target\":[\"https:\/\/portaltela.pt\/noticias\/2026\/01\/06\/uls-da-guarda-ativa-fase-2-do-plano-de-contingencia-para-gripe-nas-urgencias\/\"]}]},{\"@type\":\"ImageObject\",\"inLanguage\":\"pt-PT\",\"@id\":\"https:\/\/portaltela.pt\/noticias\/2026\/01\/06\/uls-da-guarda-ativa-fase-2-do-plano-de-contingencia-para-gripe-nas-urgencias\/#primaryimage\",\"url\":\"https:\/\/portaltela.pt\/s.01k8rhncp4jt1\/2026\/01\/unnamed-file-1046.jpg\",\"contentUrl\":\"https:\/\/portaltela.pt\/s.01k8rhncp4jt1\/2026\/01\/unnamed-file-1046.jpg\",\"width\":796,\"height\":448,\"caption\":\"Gripe: ULS da Guarda ativa fase 2 do plano de conting\u00eancia nas Urg\u00eancias\"},{\"@type\":\"BreadcrumbList\",\"@id\":\"https:\/\/portaltela.pt\/noticias\/2026\/01\/06\/uls-da-guarda-ativa-fase-2-do-plano-de-contingencia-para-gripe-nas-urgencias\/#breadcrumb\",\"itemListElement\":[{\"@type\":\"ListItem\",\"position\":1,\"name\":\"In\u00edcio\",\"item\":\"https:\/\/portaltela.pt\/\"},{\"@type\":\"ListItem\",\"position\":2,\"name\":\"ULS da Guarda ativa fase 2 do plano de conting\u00eancia para gripe nas Urg\u00eancias\"}]},{\"@type\":\"WebSite\",\"@id\":\"https:\/\/portaltela.pt\/#website\",\"url\":\"https:\/\/portaltela.pt\/\",\"name\":\"Portal Tela Portugal\",\"description\":\"\",\"potentialAction\":[{\"@type\":\"SearchAction\",\"target\":{\"@type\":\"EntryPoint\",\"urlTemplate\":\"https:\/\/portaltela.pt\/?s={search_term_string}\"},\"query-input\":{\"@type\":\"PropertyValueSpecification\",\"valueRequired\":true,\"valueName\":\"search_term_string\"}}],\"inLanguage\":\"pt-PT\"},{\"@type\":\"Person\",\"@id\":\"https:\/\/portaltela.pt\/#\/schema\/person\/c4278d4a6028830caff9ee44b42d32ed\",\"name\":\"Telinha\",\"image\":{\"@type\":\"ImageObject\",\"inLanguage\":\"pt-PT\",\"@id\":\"https:\/\/portaltela.pt\/s.01k8rhncp4jt1\/2025\/11\/talking-bot-125x125.png\",\"url\":\"https:\/\/portaltela.pt\/s.01k8rhncp4jt1\/2025\/11\/talking-bot-125x125.png\",\"contentUrl\":\"https:\/\/portaltela.pt\/s.01k8rhncp4jt1\/2025\/11\/talking-bot-125x125.png\",\"caption\":\"Telinha\"},\"sameAs\":[\"https:\/\/portaltela.pt\/\"],\"url\":\"https:\/\/portaltela.pt\/por\/367410592786\/\"}]}<\/script>\n<!-- \/ Yoast SEO plugin. -->","yoast_head_json":{"title":"ULS da Guarda ativa fase 2 do plano de conting\u00eancia para gripe nas Urg\u00eancias - Portal Tela Portugal","robots":{"index":"index","follow":"follow","max-snippet":"max-snippet:-1","max-image-preview":"max-image-preview:large","max-video-preview":"max-video-preview:-1"},"og_locale":"pt_PT","og_type":"article","og_title":"ULS da Guarda ativa fase 2 do plano de conting\u00eancia para gripe nas Urg\u00eancias - Portal Tela Portugal","og_description":"A Unidade Local de Sa\u00fade da Guarda ativou a fase 2 do plano de conting\u00eancia do Servi\u00e7o de Urg\u00eancia M\u00e9dico-Cir\u00fargica (m\u00f3dulo de inverno), devido \u00e0 press\u00e3o causada pelas infe\u00e7\u00f5es respirat\u00f3rias em circula\u00e7\u00e3o; a cerim\u00f3nia de rece\u00e7\u00e3o dos 27 m\u00e9dicos internos decorreu hoje. Est\u00e3o a desmarcar cirurgias eletivas de doentes n\u00e3o priorit\u00e1rios e \u00e9 poss\u00edvel desmarcar algumas consultas para ceder m\u00e9dicos \u00e0 Urg\u00eancia. O servi\u00e7o de Medicina Interna do Hospital Sousa Martins j\u00e1 est\u00e1 a assegurar observa\u00e7\u00e3o de alguns doentes na Urg\u00eancia, com pico de gripe registrado no fim de semana. A ULS estabeleceu protocolos de retaguarda com duas IPSS do distrito, para libertar camas hospitalares e manter disponibilidade na rede de cuidados continuados. A presidente do Conselho de Administra\u00e7\u00e3o pediu aos cidad\u00e3os para utilizarem os cuidados prim\u00e1rios quando apropriado e manterem a etiqueta respirat\u00f3ria, esperando melhoria nas Urg\u00eancias a partir de amanh\u00e3.","og_url":"https:\/\/portaltela.pt\/noticias\/2026\/01\/06\/uls-da-guarda-ativa-fase-2-do-plano-de-contingencia-para-gripe-nas-urgencias\/","og_site_name":"Portal Tela Portugal","article_published_time":"2026-01-06T11:12:01+00:00","author":"Telinha","twitter_card":"summary_large_image","twitter_misc":{"Escrito por":"Telinha","Tempo estimado de leitura":"1 minuto"},"schema":{"@context":"https:\/\/schema.org","@graph":[{"@type":"Article","@id":"https:\/\/portaltela.pt\/noticias\/2026\/01\/06\/uls-da-guarda-ativa-fase-2-do-plano-de-contingencia-para-gripe-nas-urgencias\/#article","isPartOf":{"@id":"https:\/\/portaltela.pt\/noticias\/2026\/01\/06\/uls-da-guarda-ativa-fase-2-do-plano-de-contingencia-para-gripe-nas-urgencias\/"},"author":{"name":"Telinha","@id":"https:\/\/portaltela.pt\/#\/schema\/person\/c4278d4a6028830caff9ee44b42d32ed"},"headline":"ULS da Guarda ativa fase 2 do plano de conting\u00eancia para gripe nas Urg\u00eancias","datePublished":"2026-01-06T11:12:01+00:00","mainEntityOfPage":{"@id":"https:\/\/portaltela.pt\/noticias\/2026\/01\/06\/uls-da-guarda-ativa-fase-2-do-plano-de-contingencia-para-gripe-nas-urgencias\/"},"wordCount":260,"image":{"@id":"https:\/\/portaltela.pt\/noticias\/2026\/01\/06\/uls-da-guarda-ativa-fase-2-do-plano-de-contingencia-para-gripe-nas-urgencias\/#primaryimage"},"thumbnailUrl":"https:\/\/portaltela.pt\/s.01k8rhncp4jt1\/2026\/01\/unnamed-file-1046.jpg","keywords":["Guarda","hospital","sa\u00fade","sa\u00fade p\u00fablica","s\u00edndrome gripal","urg\u00eancias"],"articleSection":["Not\u00edcias"],"inLanguage":"pt-PT"},{"@type":"WebPage","@id":"https:\/\/portaltela.pt\/noticias\/2026\/01\/06\/uls-da-guarda-ativa-fase-2-do-plano-de-contingencia-para-gripe-nas-urgencias\/","url":"https:\/\/portaltela.pt\/noticias\/2026\/01\/06\/uls-da-guarda-ativa-fase-2-do-plano-de-contingencia-para-gripe-nas-urgencias\/","name":"ULS da Guarda ativa fase 2 do plano de conting\u00eancia para gripe nas Urg\u00eancias - Portal Tela Portugal","isPartOf":{"@id":"https:\/\/portaltela.pt\/#website"},"primaryImageOfPage":{"@id":"https:\/\/portaltela.pt\/noticias\/2026\/01\/06\/uls-da-guarda-ativa-fase-2-do-plano-de-contingencia-para-gripe-nas-urgencias\/#primaryimage"},"image":{"@id":"https:\/\/portaltela.pt\/noticias\/2026\/01\/06\/uls-da-guarda-ativa-fase-2-do-plano-de-contingencia-para-gripe-nas-urgencias\/#primaryimage"},"thumbnailUrl":"https:\/\/portaltela.pt\/s.01k8rhncp4jt1\/2026\/01\/unnamed-file-1046.jpg","datePublished":"2026-01-06T11:12:01+00:00","author":{"@id":"https:\/\/portaltela.pt\/#\/schema\/person\/c4278d4a6028830caff9ee44b42d32ed"},"breadcrumb":{"@id":"https:\/\/portaltela.pt\/noticias\/2026\/01\/06\/uls-da-guarda-ativa-fase-2-do-plano-de-contingencia-para-gripe-nas-urgencias\/#breadcrumb"},"inLanguage":"pt-PT","potentialAction":[{"@type":"ReadAction","target":["https:\/\/portaltela.pt\/noticias\/2026\/01\/06\/uls-da-guarda-ativa-fase-2-do-plano-de-contingencia-para-gripe-nas-urgencias\/"]}]},{"@type":"ImageObject","inLanguage":"pt-PT","@id":"https:\/\/portaltela.pt\/noticias\/2026\/01\/06\/uls-da-guarda-ativa-fase-2-do-plano-de-contingencia-para-gripe-nas-urgencias\/#primaryimage","url":"https:\/\/portaltela.pt\/s.01k8rhncp4jt1\/2026\/01\/unnamed-file-1046.jpg","contentUrl":"https:\/\/portaltela.pt\/s.01k8rhncp4jt1\/2026\/01\/unnamed-file-1046.jpg","width":796,"height":448,"caption":"Gripe: ULS da Guarda ativa fase 2 do plano de conting\u00eancia nas Urg\u00eancias"},{"@type":"BreadcrumbList","@id":"https:\/\/portaltela.pt\/noticias\/2026\/01\/06\/uls-da-guarda-ativa-fase-2-do-plano-de-contingencia-para-gripe-nas-urgencias\/#breadcrumb","itemListElement":[{"@type":"ListItem","position":1,"name":"In\u00edcio","item":"https:\/\/portaltela.pt\/"},{"@type":"ListItem","position":2,"name":"ULS da Guarda ativa fase 2 do plano de conting\u00eancia para gripe nas Urg\u00eancias"}]},{"@type":"WebSite","@id":"https:\/\/portaltela.pt\/#website","url":"https:\/\/portaltela.pt\/","name":"Portal Tela Portugal","description":"","potentialAction":[{"@type":"SearchAction","target":{"@type":"EntryPoint","urlTemplate":"https:\/\/portaltela.pt\/?s={search_term_string}"},"query-input":{"@type":"PropertyValueSpecification","valueRequired":true,"valueName":"search_term_string"}}],"inLanguage":"pt-PT"},{"@type":"Person","@id":"https:\/\/portaltela.pt\/#\/schema\/person\/c4278d4a6028830caff9ee44b42d32ed","name":"Telinha","image":{"@type":"ImageObject","inLanguage":"pt-PT","@id":"https:\/\/portaltela.pt\/s.01k8rhncp4jt1\/2025\/11\/talking-bot-125x125.png","url":"https:\/\/portaltela.pt\/s.01k8rhncp4jt1\/2025\/11\/talking-bot-125x125.png","contentUrl":"https:\/\/portaltela.pt\/s.01k8rhncp4jt1\/2025\/11\/talking-bot-125x125.png","caption":"Telinha"},"sameAs":["https:\/\/portaltela.pt\/"],"url":"https:\/\/portaltela.pt\/por\/367410592786\/"}]}},"_links":{"self":[{"href":"https:\/\/portaltela.pt\/api\/wp\/v2\/posts\/120305","targetHints":{"allow":["GET"]}}],"collection":[{"href":"https:\/\/portaltela.pt\/api\/wp\/v2\/posts"}],"about":[{"href":"https:\/\/portaltela.pt\/api\/wp\/v2\/types\/post"}],"author":[{"embeddable":true,"href":"https:\/\/portaltela.pt\/api\/wp\/v2\/users\/2"}],"replies":[{"embeddable":true,"href":"https:\/\/portaltela.pt\/api\/wp\/v2\/comments?post=120305"}],"version-history":[{"count":0,"href":"https:\/\/portaltela.pt\/api\/wp\/v2\/posts\/120305\/revisions"}],"wp:featuredmedia":[{"embeddable":true,"href":"https:\/\/portaltela.pt\/api\/wp\/v2\/media\/120320"}],"wp:attachment":[{"href":"https:\/\/portaltela.pt\/api\/wp\/v2\/media?parent=120305"}],"wp:term":[{"taxonomy":"category","embeddable":true,"href":"https:\/\/portaltela.pt\/api\/wp\/v2\/categories?post=120305"},{"taxonomy":"post_tag","embeddable":true,"href":"https:\/\/portaltela.pt\/api\/wp\/v2\/tags?post=120305"}],"curies":[{"name":"wp","href":"https:\/\/api.w.org\/{rel}","templated":true}]}}