{"id":120226,"date":"2026-01-06T07:50:00","date_gmt":"2026-01-06T10:50:00","guid":{"rendered":"https:\/\/portaltela.pt\/noticias\/2026\/01\/06\/executivo-vieirense-encontra-parceiros-sociais-em-reuniao-com-saas-e-nli\/"},"modified":"2026-01-06T07:50:00","modified_gmt":"2026-01-06T10:50:00","slug":"executivo-vieirense-encontra-parceiros-sociais-em-reuniao-com-saas-e-nli","status":"publish","type":"post","link":"https:\/\/portaltela.pt\/noticias\/2026\/01\/06\/executivo-vieirense-encontra-parceiros-sociais-em-reuniao-com-saas-e-nli\/","title":{"rendered":"Executivo vieirense encontra parceiros sociais em reuni\u00e3o com SAAS e NLI"},"content":{"rendered":"<p>O executivo vieirense reuniu-se com a SAAS \u2013 Servi\u00e7o de Atendimento e Acompanhamento Social, no \u00e2mbito do N\u00facleo Local de Inser\u00e7\u00e3o (NLI), que funciona com reuni\u00f5es quinzenais. O objetivo foi apresentar os parceiros sociais e refor\u00e7ar a articula\u00e7\u00e3o entre entidades.<\/p>\n<p>A reuni\u00e3o permitiu conhecer melhor os servi\u00e7os envolvidos e estabelecer contacto direto entre o executivo e as institui\u00e7\u00f5es ativas na interven\u00e7\u00e3o social do concelho. A coopera\u00e7\u00e3o entre as partes ficou mais clara no contexto da interven\u00e7\u00e3o social.<\/p>\n<p>O encontro contou com a participa\u00e7\u00e3o de parceiros de refer\u00eancia, incluindo IEFP, Educa\u00e7\u00e3o, Seguran\u00e7a Social, Sa\u00fade, GIP, CLDS e Radar Social. A presen\u00e7a evidenciou uma rede integrada para solu\u00e7\u00f5es locais.<\/p>\n<h3>Participantes e objetivos<\/h3>\n<p>Os participantes refor\u00e7aram a import\u00e2ncia de uma atua\u00e7\u00e3o coordenada entre entidades, visando uma resposta social mais eficaz. O conte\u00fado abordou ainda os processos relativos ao RSI \u2013 Rendimento Social de Inser\u00e7\u00e3o.<\/p>\n<p>Este momento constituiu uma sess\u00e3o de partilha institucional, facilitando o conhecimento m\u00fatuo entre o executivo e as entidades envolvidas na a\u00e7\u00e3o social do concelho. A reuni\u00e3o sublinhou a continuidade da coopera\u00e7\u00e3o interinstitucional.<\/p>\n","protected":false},"excerpt":{"rendered":"<ul>\n<li>O executivo vieirense reuniu-se com a SAAS no \u00e2mbito do N\u00facleo Local de Inser\u00e7\u00e3o (NLI), que se re\u00fane quinzenalmente.<\/li>\n<li>O objetivo foi apresentar os parceiros sociais ao executivo e fortalecer a articula\u00e7\u00e3o entre as entidades envolvidas.<\/li>\n<li>O encontro abordou processos relacionados com a a\u00e7\u00e3o social e com o Rendimento Social de Inser\u00e7\u00e3o (RSI).<\/li>\n<li>Estiveram presentes IEFP, educa\u00e7\u00e3o, Seguran\u00e7a Social, Sa\u00fade, Gabinete de Inser\u00e7\u00e3o Profissional (GIP), Contrato Local de Desenvolvimento Social (CLDS) e Radar Social.<\/li>\n<li>A reuni\u00e3o evidenciou a import\u00e2ncia do trabalho em rede para uma resposta social mais eficaz e integrada no concelho.<\/li>\n<\/ul>\n","protected":false},"author":2,"featured_media":120235,"comment_status":"closed","ping_status":"closed","sticky":false,"template":"","format":"standard","meta":{"footnotes":""},"categories":[1],"tags":[1084,163,1128,2484,2102,243],"class_list":["post-120226","post","type-post","status-publish","format-standard","has-post-thumbnail","hentry","category-noticias","tag-acao-social","tag-educacao","tag-intervencao-social","tag-radar-social","tag-rendimento-social-de-insercao","tag-seguranca-social"],"yoast_head":"<!-- This site is optimized with the Yoast SEO plugin v27.2 - https:\/\/yoast.com\/product\/yoast-seo-wordpress\/ -->\n<title>Executivo vieirense encontra parceiros sociais em reuni\u00e3o com SAAS e NLI - Portal Tela Portugal<\/title>\n<meta name=\"robots\" content=\"index, follow, max-snippet:-1, max-image-preview:large, max-video-preview:-1\" \/>\n<meta property=\"og:locale\" content=\"pt_PT\" \/>\n<meta property=\"og:type\" content=\"article\" \/>\n<meta property=\"og:title\" content=\"Executivo vieirense encontra parceiros sociais em reuni\u00e3o com SAAS e NLI - Portal Tela Portugal\" \/>\n<meta property=\"og:description\" content=\"O executivo vieirense reuniu-se com a SAAS no \u00e2mbito do N\u00facleo Local de Inser\u00e7\u00e3o (NLI), que se re\u00fane quinzenalmente. O objetivo foi apresentar os parceiros sociais ao executivo e fortalecer a articula\u00e7\u00e3o entre as entidades envolvidas. O encontro abordou processos relacionados com a a\u00e7\u00e3o social e com o Rendimento Social de Inser\u00e7\u00e3o (RSI). Estiveram presentes IEFP, educa\u00e7\u00e3o, Seguran\u00e7a Social, Sa\u00fade, Gabinete de Inser\u00e7\u00e3o Profissional (GIP), Contrato Local de Desenvolvimento Social (CLDS) e Radar Social. A reuni\u00e3o evidenciou a import\u00e2ncia do trabalho em rede para uma resposta social mais eficaz e integrada no concelho.\" \/>\n<meta property=\"og:url\" content=\"https:\/\/portaltela.pt\/noticias\/2026\/01\/06\/executivo-vieirense-encontra-parceiros-sociais-em-reuniao-com-saas-e-nli\/\" \/>\n<meta property=\"og:site_name\" content=\"Portal Tela Portugal\" \/>\n<meta property=\"article:published_time\" content=\"2026-01-06T10:50:00+00:00\" \/>\n<meta name=\"author\" content=\"Telinha\" \/>\n<meta name=\"twitter:card\" content=\"summary_large_image\" \/>\n<meta name=\"twitter:label1\" content=\"Escrito por\" \/>\n\t<meta name=\"twitter:data1\" content=\"Telinha\" \/>\n\t<meta name=\"twitter:label2\" content=\"Tempo estimado de leitura\" \/>\n\t<meta name=\"twitter:data2\" content=\"1 minuto\" \/>\n<script type=\"application\/ld+json\" class=\"yoast-schema-graph\">{\"@context\":\"https:\/\/schema.org\",\"@graph\":[{\"@type\":\"Article\",\"@id\":\"https:\/\/portaltela.pt\/noticias\/2026\/01\/06\/executivo-vieirense-encontra-parceiros-sociais-em-reuniao-com-saas-e-nli\/#article\",\"isPartOf\":{\"@id\":\"https:\/\/portaltela.pt\/noticias\/2026\/01\/06\/executivo-vieirense-encontra-parceiros-sociais-em-reuniao-com-saas-e-nli\/\"},\"author\":{\"name\":\"Telinha\",\"@id\":\"https:\/\/portaltela.pt\/#\/schema\/person\/c4278d4a6028830caff9ee44b42d32ed\"},\"headline\":\"Executivo vieirense encontra parceiros sociais em reuni\u00e3o com SAAS e NLI\",\"datePublished\":\"2026-01-06T10:50:00+00:00\",\"mainEntityOfPage\":{\"@id\":\"https:\/\/portaltela.pt\/noticias\/2026\/01\/06\/executivo-vieirense-encontra-parceiros-sociais-em-reuniao-com-saas-e-nli\/\"},\"wordCount\":212,\"image\":{\"@id\":\"https:\/\/portaltela.pt\/noticias\/2026\/01\/06\/executivo-vieirense-encontra-parceiros-sociais-em-reuniao-com-saas-e-nli\/#primaryimage\"},\"thumbnailUrl\":\"https:\/\/portaltela.pt\/s.01k8rhncp4jt1\/2026\/01\/unnamed-file-1033.jpg\",\"keywords\":[\"A\u00e7\u00e3o Social\",\"educa\u00e7\u00e3o\",\"Interven\u00e7\u00e3o Social\",\"Radar Social\",\"Rendimento Social de Inser\u00e7\u00e3o\",\"seguran\u00e7a social\"],\"articleSection\":[\"Not\u00edcias\"],\"inLanguage\":\"pt-PT\"},{\"@type\":\"WebPage\",\"@id\":\"https:\/\/portaltela.pt\/noticias\/2026\/01\/06\/executivo-vieirense-encontra-parceiros-sociais-em-reuniao-com-saas-e-nli\/\",\"url\":\"https:\/\/portaltela.pt\/noticias\/2026\/01\/06\/executivo-vieirense-encontra-parceiros-sociais-em-reuniao-com-saas-e-nli\/\",\"name\":\"Executivo vieirense encontra parceiros sociais em reuni\u00e3o com SAAS e NLI - Portal Tela Portugal\",\"isPartOf\":{\"@id\":\"https:\/\/portaltela.pt\/#website\"},\"primaryImageOfPage\":{\"@id\":\"https:\/\/portaltela.pt\/noticias\/2026\/01\/06\/executivo-vieirense-encontra-parceiros-sociais-em-reuniao-com-saas-e-nli\/#primaryimage\"},\"image\":{\"@id\":\"https:\/\/portaltela.pt\/noticias\/2026\/01\/06\/executivo-vieirense-encontra-parceiros-sociais-em-reuniao-com-saas-e-nli\/#primaryimage\"},\"thumbnailUrl\":\"https:\/\/portaltela.pt\/s.01k8rhncp4jt1\/2026\/01\/unnamed-file-1033.jpg\",\"datePublished\":\"2026-01-06T10:50:00+00:00\",\"author\":{\"@id\":\"https:\/\/portaltela.pt\/#\/schema\/person\/c4278d4a6028830caff9ee44b42d32ed\"},\"breadcrumb\":{\"@id\":\"https:\/\/portaltela.pt\/noticias\/2026\/01\/06\/executivo-vieirense-encontra-parceiros-sociais-em-reuniao-com-saas-e-nli\/#breadcrumb\"},\"inLanguage\":\"pt-PT\",\"potentialAction\":[{\"@type\":\"ReadAction\",\"target\":[\"https:\/\/portaltela.pt\/noticias\/2026\/01\/06\/executivo-vieirense-encontra-parceiros-sociais-em-reuniao-com-saas-e-nli\/\"]}]},{\"@type\":\"ImageObject\",\"inLanguage\":\"pt-PT\",\"@id\":\"https:\/\/portaltela.pt\/noticias\/2026\/01\/06\/executivo-vieirense-encontra-parceiros-sociais-em-reuniao-com-saas-e-nli\/#primaryimage\",\"url\":\"https:\/\/portaltela.pt\/s.01k8rhncp4jt1\/2026\/01\/unnamed-file-1033.jpg\",\"contentUrl\":\"https:\/\/portaltela.pt\/s.01k8rhncp4jt1\/2026\/01\/unnamed-file-1033.jpg\",\"width\":796,\"height\":448,\"caption\":\"Executivo vieirense conhece parceiros sociais em reuni\u00e3o com a SAAS e NLI\"},{\"@type\":\"BreadcrumbList\",\"@id\":\"https:\/\/portaltela.pt\/noticias\/2026\/01\/06\/executivo-vieirense-encontra-parceiros-sociais-em-reuniao-com-saas-e-nli\/#breadcrumb\",\"itemListElement\":[{\"@type\":\"ListItem\",\"position\":1,\"name\":\"In\u00edcio\",\"item\":\"https:\/\/portaltela.pt\/\"},{\"@type\":\"ListItem\",\"position\":2,\"name\":\"Executivo vieirense encontra parceiros sociais em reuni\u00e3o com SAAS e NLI\"}]},{\"@type\":\"WebSite\",\"@id\":\"https:\/\/portaltela.pt\/#website\",\"url\":\"https:\/\/portaltela.pt\/\",\"name\":\"Portal Tela Portugal\",\"description\":\"\",\"potentialAction\":[{\"@type\":\"SearchAction\",\"target\":{\"@type\":\"EntryPoint\",\"urlTemplate\":\"https:\/\/portaltela.pt\/?s={search_term_string}\"},\"query-input\":{\"@type\":\"PropertyValueSpecification\",\"valueRequired\":true,\"valueName\":\"search_term_string\"}}],\"inLanguage\":\"pt-PT\"},{\"@type\":\"Person\",\"@id\":\"https:\/\/portaltela.pt\/#\/schema\/person\/c4278d4a6028830caff9ee44b42d32ed\",\"name\":\"Telinha\",\"image\":{\"@type\":\"ImageObject\",\"inLanguage\":\"pt-PT\",\"@id\":\"https:\/\/portaltela.pt\/s.01k8rhncp4jt1\/2025\/11\/talking-bot-125x125.png\",\"url\":\"https:\/\/portaltela.pt\/s.01k8rhncp4jt1\/2025\/11\/talking-bot-125x125.png\",\"contentUrl\":\"https:\/\/portaltela.pt\/s.01k8rhncp4jt1\/2025\/11\/talking-bot-125x125.png\",\"caption\":\"Telinha\"},\"sameAs\":[\"https:\/\/portaltela.pt\/\"],\"url\":\"https:\/\/portaltela.pt\/por\/367410592786\/\"}]}<\/script>\n<!-- \/ Yoast SEO plugin. -->","yoast_head_json":{"title":"Executivo vieirense encontra parceiros sociais em reuni\u00e3o com SAAS e NLI - Portal Tela Portugal","robots":{"index":"index","follow":"follow","max-snippet":"max-snippet:-1","max-image-preview":"max-image-preview:large","max-video-preview":"max-video-preview:-1"},"og_locale":"pt_PT","og_type":"article","og_title":"Executivo vieirense encontra parceiros sociais em reuni\u00e3o com SAAS e NLI - Portal Tela Portugal","og_description":"O executivo vieirense reuniu-se com a SAAS no \u00e2mbito do N\u00facleo Local de Inser\u00e7\u00e3o (NLI), que se re\u00fane quinzenalmente. O objetivo foi apresentar os parceiros sociais ao executivo e fortalecer a articula\u00e7\u00e3o entre as entidades envolvidas. O encontro abordou processos relacionados com a a\u00e7\u00e3o social e com o Rendimento Social de Inser\u00e7\u00e3o (RSI). Estiveram presentes IEFP, educa\u00e7\u00e3o, Seguran\u00e7a Social, Sa\u00fade, Gabinete de Inser\u00e7\u00e3o Profissional (GIP), Contrato Local de Desenvolvimento Social (CLDS) e Radar Social. A reuni\u00e3o evidenciou a import\u00e2ncia do trabalho em rede para uma resposta social mais eficaz e integrada no concelho.","og_url":"https:\/\/portaltela.pt\/noticias\/2026\/01\/06\/executivo-vieirense-encontra-parceiros-sociais-em-reuniao-com-saas-e-nli\/","og_site_name":"Portal Tela Portugal","article_published_time":"2026-01-06T10:50:00+00:00","author":"Telinha","twitter_card":"summary_large_image","twitter_misc":{"Escrito por":"Telinha","Tempo estimado de leitura":"1 minuto"},"schema":{"@context":"https:\/\/schema.org","@graph":[{"@type":"Article","@id":"https:\/\/portaltela.pt\/noticias\/2026\/01\/06\/executivo-vieirense-encontra-parceiros-sociais-em-reuniao-com-saas-e-nli\/#article","isPartOf":{"@id":"https:\/\/portaltela.pt\/noticias\/2026\/01\/06\/executivo-vieirense-encontra-parceiros-sociais-em-reuniao-com-saas-e-nli\/"},"author":{"name":"Telinha","@id":"https:\/\/portaltela.pt\/#\/schema\/person\/c4278d4a6028830caff9ee44b42d32ed"},"headline":"Executivo vieirense encontra parceiros sociais em reuni\u00e3o com SAAS e NLI","datePublished":"2026-01-06T10:50:00+00:00","mainEntityOfPage":{"@id":"https:\/\/portaltela.pt\/noticias\/2026\/01\/06\/executivo-vieirense-encontra-parceiros-sociais-em-reuniao-com-saas-e-nli\/"},"wordCount":212,"image":{"@id":"https:\/\/portaltela.pt\/noticias\/2026\/01\/06\/executivo-vieirense-encontra-parceiros-sociais-em-reuniao-com-saas-e-nli\/#primaryimage"},"thumbnailUrl":"https:\/\/portaltela.pt\/s.01k8rhncp4jt1\/2026\/01\/unnamed-file-1033.jpg","keywords":["A\u00e7\u00e3o Social","educa\u00e7\u00e3o","Interven\u00e7\u00e3o Social","Radar Social","Rendimento Social de Inser\u00e7\u00e3o","seguran\u00e7a social"],"articleSection":["Not\u00edcias"],"inLanguage":"pt-PT"},{"@type":"WebPage","@id":"https:\/\/portaltela.pt\/noticias\/2026\/01\/06\/executivo-vieirense-encontra-parceiros-sociais-em-reuniao-com-saas-e-nli\/","url":"https:\/\/portaltela.pt\/noticias\/2026\/01\/06\/executivo-vieirense-encontra-parceiros-sociais-em-reuniao-com-saas-e-nli\/","name":"Executivo vieirense encontra parceiros sociais em reuni\u00e3o com SAAS e NLI - Portal Tela Portugal","isPartOf":{"@id":"https:\/\/portaltela.pt\/#website"},"primaryImageOfPage":{"@id":"https:\/\/portaltela.pt\/noticias\/2026\/01\/06\/executivo-vieirense-encontra-parceiros-sociais-em-reuniao-com-saas-e-nli\/#primaryimage"},"image":{"@id":"https:\/\/portaltela.pt\/noticias\/2026\/01\/06\/executivo-vieirense-encontra-parceiros-sociais-em-reuniao-com-saas-e-nli\/#primaryimage"},"thumbnailUrl":"https:\/\/portaltela.pt\/s.01k8rhncp4jt1\/2026\/01\/unnamed-file-1033.jpg","datePublished":"2026-01-06T10:50:00+00:00","author":{"@id":"https:\/\/portaltela.pt\/#\/schema\/person\/c4278d4a6028830caff9ee44b42d32ed"},"breadcrumb":{"@id":"https:\/\/portaltela.pt\/noticias\/2026\/01\/06\/executivo-vieirense-encontra-parceiros-sociais-em-reuniao-com-saas-e-nli\/#breadcrumb"},"inLanguage":"pt-PT","potentialAction":[{"@type":"ReadAction","target":["https:\/\/portaltela.pt\/noticias\/2026\/01\/06\/executivo-vieirense-encontra-parceiros-sociais-em-reuniao-com-saas-e-nli\/"]}]},{"@type":"ImageObject","inLanguage":"pt-PT","@id":"https:\/\/portaltela.pt\/noticias\/2026\/01\/06\/executivo-vieirense-encontra-parceiros-sociais-em-reuniao-com-saas-e-nli\/#primaryimage","url":"https:\/\/portaltela.pt\/s.01k8rhncp4jt1\/2026\/01\/unnamed-file-1033.jpg","contentUrl":"https:\/\/portaltela.pt\/s.01k8rhncp4jt1\/2026\/01\/unnamed-file-1033.jpg","width":796,"height":448,"caption":"Executivo vieirense conhece parceiros sociais em reuni\u00e3o com a SAAS e NLI"},{"@type":"BreadcrumbList","@id":"https:\/\/portaltela.pt\/noticias\/2026\/01\/06\/executivo-vieirense-encontra-parceiros-sociais-em-reuniao-com-saas-e-nli\/#breadcrumb","itemListElement":[{"@type":"ListItem","position":1,"name":"In\u00edcio","item":"https:\/\/portaltela.pt\/"},{"@type":"ListItem","position":2,"name":"Executivo vieirense encontra parceiros sociais em reuni\u00e3o com SAAS e NLI"}]},{"@type":"WebSite","@id":"https:\/\/portaltela.pt\/#website","url":"https:\/\/portaltela.pt\/","name":"Portal Tela Portugal","description":"","potentialAction":[{"@type":"SearchAction","target":{"@type":"EntryPoint","urlTemplate":"https:\/\/portaltela.pt\/?s={search_term_string}"},"query-input":{"@type":"PropertyValueSpecification","valueRequired":true,"valueName":"search_term_string"}}],"inLanguage":"pt-PT"},{"@type":"Person","@id":"https:\/\/portaltela.pt\/#\/schema\/person\/c4278d4a6028830caff9ee44b42d32ed","name":"Telinha","image":{"@type":"ImageObject","inLanguage":"pt-PT","@id":"https:\/\/portaltela.pt\/s.01k8rhncp4jt1\/2025\/11\/talking-bot-125x125.png","url":"https:\/\/portaltela.pt\/s.01k8rhncp4jt1\/2025\/11\/talking-bot-125x125.png","contentUrl":"https:\/\/portaltela.pt\/s.01k8rhncp4jt1\/2025\/11\/talking-bot-125x125.png","caption":"Telinha"},"sameAs":["https:\/\/portaltela.pt\/"],"url":"https:\/\/portaltela.pt\/por\/367410592786\/"}]}},"_links":{"self":[{"href":"https:\/\/portaltela.pt\/api\/wp\/v2\/posts\/120226","targetHints":{"allow":["GET"]}}],"collection":[{"href":"https:\/\/portaltela.pt\/api\/wp\/v2\/posts"}],"about":[{"href":"https:\/\/portaltela.pt\/api\/wp\/v2\/types\/post"}],"author":[{"embeddable":true,"href":"https:\/\/portaltela.pt\/api\/wp\/v2\/users\/2"}],"replies":[{"embeddable":true,"href":"https:\/\/portaltela.pt\/api\/wp\/v2\/comments?post=120226"}],"version-history":[{"count":0,"href":"https:\/\/portaltela.pt\/api\/wp\/v2\/posts\/120226\/revisions"}],"wp:featuredmedia":[{"embeddable":true,"href":"https:\/\/portaltela.pt\/api\/wp\/v2\/media\/120235"}],"wp:attachment":[{"href":"https:\/\/portaltela.pt\/api\/wp\/v2\/media?parent=120226"}],"wp:term":[{"taxonomy":"category","embeddable":true,"href":"https:\/\/portaltela.pt\/api\/wp\/v2\/categories?post=120226"},{"taxonomy":"post_tag","embeddable":true,"href":"https:\/\/portaltela.pt\/api\/wp\/v2\/tags?post=120226"}],"curies":[{"name":"wp","href":"https:\/\/api.w.org\/{rel}","templated":true}]}}