{"id":119970,"date":"2026-01-06T06:33:00","date_gmt":"2026-01-06T09:33:00","guid":{"rendered":"https:\/\/portaltela.pt\/noticias\/2026\/01\/06\/carril-partido-interrompe-circulacao-de-comboios-entre-sete-rios-e-roma-areeiro\/"},"modified":"2026-01-06T06:33:00","modified_gmt":"2026-01-06T09:33:00","slug":"carril-partido-interrompe-circulacao-de-comboios-entre-sete-rios-e-roma-areeiro","status":"publish","type":"post","link":"https:\/\/portaltela.pt\/noticias\/2026\/01\/06\/carril-partido-interrompe-circulacao-de-comboios-entre-sete-rios-e-roma-areeiro\/","title":{"rendered":"Carril partido interrompe circula\u00e7\u00e3o de comboios entre Sete Rios e Roma-Areeiro"},"content":{"rendered":"<p>A Fertagus interrompeu a circula\u00e7\u00e3o de comboios entre Sete Rios e Roma-Areeiro, no tro\u00e7o da Linha de Lisboa, por volta das 8h30 desta ter\u00e7a-feira, devido a um carril partido.<\/p>\n<p>Segundo informa\u00e7\u00e3o publicada na p\u00e1gina da Fertagus, a circula\u00e7\u00e3o est\u00e1 interrompida entre Sete Rios e Roma-Areeiro, com atrasos significativos nos servi\u00e7os que permanecem v\u00e1lidos entre Set\u00fabal e Campolide.<\/p>\n<p>A Fertagus det\u00e9m a concess\u00e3o do eixo norte-sul, ligando Lisboa \u00e0 Margem Sul pela ponte 25 de Abril. Entre as esta\u00e7\u00f5es servidas, dez situam-se na margem sul (Set\u00fabal, Palmela, Venda do Alcaide, Pinhal Novo, Penalva, Coina, Fogueteiro, Foros de Amora, Corroios, Pragal) e quatro na margem norte (Campolide, Sete Rios, Entrecampos, Roma-Areeiro).<\/p>\n","protected":false},"excerpt":{"rendered":"<ul>\n<li>Por volta das 8h30 desta ter\u00e7a-feira, o carril partido interrompeu a circula\u00e7\u00e3o de comboios no tro\u00e7o entre Sete Rios e Roma-Areeiro da Fertagus.<\/li>\n<li>A circula\u00e7\u00e3o entre Entrecampos e Sete Rios ficou a cargo do gestor da infraestrutura, com atrasos significativos e apenas entre Set\u00fabal e Campolide.<\/li>\n<li>Entre Sete Rios e Roma-Areeiro, a circula\u00e7\u00e3o est\u00e1 interrompida; os restantes trechos seguem com atrasos.<\/li>\n<li>A Fertagus, concession\u00e1ria do eixo norte-sul que atravessa a ponte 25 de Abril, serve 14 esta\u00e7\u00f5es, 10 na margem sul e 4 na margem norte.<\/li>\n<li>As esta\u00e7\u00f5es na margem norte s\u00e3o Campolide, Sete Rios, Entrecampos e Roma-Areeiro; na margem sul incluem Set\u00fabal, Palmela, Venda do Alcaide, entre outras.<\/li>\n<\/ul>\n","protected":false},"author":2,"featured_media":119972,"comment_status":"closed","ping_status":"closed","sticky":false,"template":"","format":"standard","meta":{"footnotes":""},"categories":[1],"tags":[2480,1615,981,994,363],"class_list":["post-119970","post","type-post","status-publish","format-standard","has-post-thumbnail","hentry","category-noticias","tag-entrecampos","tag-infraestrutura","tag-lisboa","tag-setubal","tag-transportes"],"yoast_head":"<!-- This site is optimized with the Yoast SEO plugin v27.2 - https:\/\/yoast.com\/product\/yoast-seo-wordpress\/ -->\n<title>Carril partido interrompe circula\u00e7\u00e3o de comboios entre Sete Rios e Roma-Areeiro - Portal Tela Portugal<\/title>\n<meta name=\"robots\" content=\"index, follow, max-snippet:-1, max-image-preview:large, max-video-preview:-1\" \/>\n<meta property=\"og:locale\" content=\"pt_PT\" \/>\n<meta property=\"og:type\" content=\"article\" \/>\n<meta property=\"og:title\" content=\"Carril partido interrompe circula\u00e7\u00e3o de comboios entre Sete Rios e Roma-Areeiro - Portal Tela Portugal\" \/>\n<meta property=\"og:description\" content=\"Por volta das 8h30 desta ter\u00e7a-feira, o carril partido interrompeu a circula\u00e7\u00e3o de comboios no tro\u00e7o entre Sete Rios e Roma-Areeiro da Fertagus. A circula\u00e7\u00e3o entre Entrecampos e Sete Rios ficou a cargo do gestor da infraestrutura, com atrasos significativos e apenas entre Set\u00fabal e Campolide. Entre Sete Rios e Roma-Areeiro, a circula\u00e7\u00e3o est\u00e1 interrompida; os restantes trechos seguem com atrasos. A Fertagus, concession\u00e1ria do eixo norte-sul que atravessa a ponte 25 de Abril, serve 14 esta\u00e7\u00f5es, 10 na margem sul e 4 na margem norte. As esta\u00e7\u00f5es na margem norte s\u00e3o Campolide, Sete Rios, Entrecampos e Roma-Areeiro; na margem sul incluem Set\u00fabal, Palmela, Venda do Alcaide, entre outras.\" \/>\n<meta property=\"og:url\" content=\"https:\/\/portaltela.pt\/noticias\/2026\/01\/06\/carril-partido-interrompe-circulacao-de-comboios-entre-sete-rios-e-roma-areeiro\/\" \/>\n<meta property=\"og:site_name\" content=\"Portal Tela Portugal\" \/>\n<meta property=\"article:published_time\" content=\"2026-01-06T09:33:00+00:00\" \/>\n<meta name=\"author\" content=\"Telinha\" \/>\n<meta name=\"twitter:card\" content=\"summary_large_image\" \/>\n<meta name=\"twitter:label1\" content=\"Escrito por\" \/>\n\t<meta name=\"twitter:data1\" content=\"Telinha\" \/>\n\t<meta name=\"twitter:label2\" content=\"Tempo estimado de leitura\" \/>\n\t<meta name=\"twitter:data2\" content=\"1 minuto\" \/>\n<script type=\"application\/ld+json\" class=\"yoast-schema-graph\">{\"@context\":\"https:\/\/schema.org\",\"@graph\":[{\"@type\":\"Article\",\"@id\":\"https:\/\/portaltela.pt\/noticias\/2026\/01\/06\/carril-partido-interrompe-circulacao-de-comboios-entre-sete-rios-e-roma-areeiro\/#article\",\"isPartOf\":{\"@id\":\"https:\/\/portaltela.pt\/noticias\/2026\/01\/06\/carril-partido-interrompe-circulacao-de-comboios-entre-sete-rios-e-roma-areeiro\/\"},\"author\":{\"name\":\"Telinha\",\"@id\":\"https:\/\/portaltela.pt\/#\/schema\/person\/c4278d4a6028830caff9ee44b42d32ed\"},\"headline\":\"Carril partido interrompe circula\u00e7\u00e3o de comboios entre Sete Rios e Roma-Areeiro\",\"datePublished\":\"2026-01-06T09:33:00+00:00\",\"mainEntityOfPage\":{\"@id\":\"https:\/\/portaltela.pt\/noticias\/2026\/01\/06\/carril-partido-interrompe-circulacao-de-comboios-entre-sete-rios-e-roma-areeiro\/\"},\"wordCount\":132,\"image\":{\"@id\":\"https:\/\/portaltela.pt\/noticias\/2026\/01\/06\/carril-partido-interrompe-circulacao-de-comboios-entre-sete-rios-e-roma-areeiro\/#primaryimage\"},\"thumbnailUrl\":\"https:\/\/portaltela.pt\/s.01k8rhncp4jt1\/2026\/01\/image-257.jpg\",\"keywords\":[\"Entrecampos\",\"infraestrutura\",\"Lisboa\",\"Set\u00fabal\",\"transportes\"],\"articleSection\":[\"Not\u00edcias\"],\"inLanguage\":\"pt-PT\"},{\"@type\":\"WebPage\",\"@id\":\"https:\/\/portaltela.pt\/noticias\/2026\/01\/06\/carril-partido-interrompe-circulacao-de-comboios-entre-sete-rios-e-roma-areeiro\/\",\"url\":\"https:\/\/portaltela.pt\/noticias\/2026\/01\/06\/carril-partido-interrompe-circulacao-de-comboios-entre-sete-rios-e-roma-areeiro\/\",\"name\":\"Carril partido interrompe circula\u00e7\u00e3o de comboios entre Sete Rios e Roma-Areeiro - Portal Tela Portugal\",\"isPartOf\":{\"@id\":\"https:\/\/portaltela.pt\/#website\"},\"primaryImageOfPage\":{\"@id\":\"https:\/\/portaltela.pt\/noticias\/2026\/01\/06\/carril-partido-interrompe-circulacao-de-comboios-entre-sete-rios-e-roma-areeiro\/#primaryimage\"},\"image\":{\"@id\":\"https:\/\/portaltela.pt\/noticias\/2026\/01\/06\/carril-partido-interrompe-circulacao-de-comboios-entre-sete-rios-e-roma-areeiro\/#primaryimage\"},\"thumbnailUrl\":\"https:\/\/portaltela.pt\/s.01k8rhncp4jt1\/2026\/01\/image-257.jpg\",\"datePublished\":\"2026-01-06T09:33:00+00:00\",\"author\":{\"@id\":\"https:\/\/portaltela.pt\/#\/schema\/person\/c4278d4a6028830caff9ee44b42d32ed\"},\"breadcrumb\":{\"@id\":\"https:\/\/portaltela.pt\/noticias\/2026\/01\/06\/carril-partido-interrompe-circulacao-de-comboios-entre-sete-rios-e-roma-areeiro\/#breadcrumb\"},\"inLanguage\":\"pt-PT\",\"potentialAction\":[{\"@type\":\"ReadAction\",\"target\":[\"https:\/\/portaltela.pt\/noticias\/2026\/01\/06\/carril-partido-interrompe-circulacao-de-comboios-entre-sete-rios-e-roma-areeiro\/\"]}]},{\"@type\":\"ImageObject\",\"inLanguage\":\"pt-PT\",\"@id\":\"https:\/\/portaltela.pt\/noticias\/2026\/01\/06\/carril-partido-interrompe-circulacao-de-comboios-entre-sete-rios-e-roma-areeiro\/#primaryimage\",\"url\":\"https:\/\/portaltela.pt\/s.01k8rhncp4jt1\/2026\/01\/image-257.jpg\",\"contentUrl\":\"https:\/\/portaltela.pt\/s.01k8rhncp4jt1\/2026\/01\/image-257.jpg\",\"width\":796,\"height\":448,\"caption\":\"Imagem de contexto do artigo Carril partido interrompe circula\u00e7\u00e3o de comboios entre Sete Rios e Roma-Areeiro\"},{\"@type\":\"BreadcrumbList\",\"@id\":\"https:\/\/portaltela.pt\/noticias\/2026\/01\/06\/carril-partido-interrompe-circulacao-de-comboios-entre-sete-rios-e-roma-areeiro\/#breadcrumb\",\"itemListElement\":[{\"@type\":\"ListItem\",\"position\":1,\"name\":\"In\u00edcio\",\"item\":\"https:\/\/portaltela.pt\/\"},{\"@type\":\"ListItem\",\"position\":2,\"name\":\"Carril partido interrompe circula\u00e7\u00e3o de comboios entre Sete Rios e Roma-Areeiro\"}]},{\"@type\":\"WebSite\",\"@id\":\"https:\/\/portaltela.pt\/#website\",\"url\":\"https:\/\/portaltela.pt\/\",\"name\":\"Portal Tela Portugal\",\"description\":\"\",\"potentialAction\":[{\"@type\":\"SearchAction\",\"target\":{\"@type\":\"EntryPoint\",\"urlTemplate\":\"https:\/\/portaltela.pt\/?s={search_term_string}\"},\"query-input\":{\"@type\":\"PropertyValueSpecification\",\"valueRequired\":true,\"valueName\":\"search_term_string\"}}],\"inLanguage\":\"pt-PT\"},{\"@type\":\"Person\",\"@id\":\"https:\/\/portaltela.pt\/#\/schema\/person\/c4278d4a6028830caff9ee44b42d32ed\",\"name\":\"Telinha\",\"image\":{\"@type\":\"ImageObject\",\"inLanguage\":\"pt-PT\",\"@id\":\"https:\/\/portaltela.pt\/s.01k8rhncp4jt1\/2025\/11\/talking-bot-125x125.png\",\"url\":\"https:\/\/portaltela.pt\/s.01k8rhncp4jt1\/2025\/11\/talking-bot-125x125.png\",\"contentUrl\":\"https:\/\/portaltela.pt\/s.01k8rhncp4jt1\/2025\/11\/talking-bot-125x125.png\",\"caption\":\"Telinha\"},\"sameAs\":[\"https:\/\/portaltela.pt\/\"],\"url\":\"https:\/\/portaltela.pt\/por\/367410592786\/\"}]}<\/script>\n<!-- \/ Yoast SEO plugin. -->","yoast_head_json":{"title":"Carril partido interrompe circula\u00e7\u00e3o de comboios entre Sete Rios e Roma-Areeiro - Portal Tela Portugal","robots":{"index":"index","follow":"follow","max-snippet":"max-snippet:-1","max-image-preview":"max-image-preview:large","max-video-preview":"max-video-preview:-1"},"og_locale":"pt_PT","og_type":"article","og_title":"Carril partido interrompe circula\u00e7\u00e3o de comboios entre Sete Rios e Roma-Areeiro - Portal Tela Portugal","og_description":"Por volta das 8h30 desta ter\u00e7a-feira, o carril partido interrompeu a circula\u00e7\u00e3o de comboios no tro\u00e7o entre Sete Rios e Roma-Areeiro da Fertagus. A circula\u00e7\u00e3o entre Entrecampos e Sete Rios ficou a cargo do gestor da infraestrutura, com atrasos significativos e apenas entre Set\u00fabal e Campolide. Entre Sete Rios e Roma-Areeiro, a circula\u00e7\u00e3o est\u00e1 interrompida; os restantes trechos seguem com atrasos. A Fertagus, concession\u00e1ria do eixo norte-sul que atravessa a ponte 25 de Abril, serve 14 esta\u00e7\u00f5es, 10 na margem sul e 4 na margem norte. As esta\u00e7\u00f5es na margem norte s\u00e3o Campolide, Sete Rios, Entrecampos e Roma-Areeiro; na margem sul incluem Set\u00fabal, Palmela, Venda do Alcaide, entre outras.","og_url":"https:\/\/portaltela.pt\/noticias\/2026\/01\/06\/carril-partido-interrompe-circulacao-de-comboios-entre-sete-rios-e-roma-areeiro\/","og_site_name":"Portal Tela Portugal","article_published_time":"2026-01-06T09:33:00+00:00","author":"Telinha","twitter_card":"summary_large_image","twitter_misc":{"Escrito por":"Telinha","Tempo estimado de leitura":"1 minuto"},"schema":{"@context":"https:\/\/schema.org","@graph":[{"@type":"Article","@id":"https:\/\/portaltela.pt\/noticias\/2026\/01\/06\/carril-partido-interrompe-circulacao-de-comboios-entre-sete-rios-e-roma-areeiro\/#article","isPartOf":{"@id":"https:\/\/portaltela.pt\/noticias\/2026\/01\/06\/carril-partido-interrompe-circulacao-de-comboios-entre-sete-rios-e-roma-areeiro\/"},"author":{"name":"Telinha","@id":"https:\/\/portaltela.pt\/#\/schema\/person\/c4278d4a6028830caff9ee44b42d32ed"},"headline":"Carril partido interrompe circula\u00e7\u00e3o de comboios entre Sete Rios e Roma-Areeiro","datePublished":"2026-01-06T09:33:00+00:00","mainEntityOfPage":{"@id":"https:\/\/portaltela.pt\/noticias\/2026\/01\/06\/carril-partido-interrompe-circulacao-de-comboios-entre-sete-rios-e-roma-areeiro\/"},"wordCount":132,"image":{"@id":"https:\/\/portaltela.pt\/noticias\/2026\/01\/06\/carril-partido-interrompe-circulacao-de-comboios-entre-sete-rios-e-roma-areeiro\/#primaryimage"},"thumbnailUrl":"https:\/\/portaltela.pt\/s.01k8rhncp4jt1\/2026\/01\/image-257.jpg","keywords":["Entrecampos","infraestrutura","Lisboa","Set\u00fabal","transportes"],"articleSection":["Not\u00edcias"],"inLanguage":"pt-PT"},{"@type":"WebPage","@id":"https:\/\/portaltela.pt\/noticias\/2026\/01\/06\/carril-partido-interrompe-circulacao-de-comboios-entre-sete-rios-e-roma-areeiro\/","url":"https:\/\/portaltela.pt\/noticias\/2026\/01\/06\/carril-partido-interrompe-circulacao-de-comboios-entre-sete-rios-e-roma-areeiro\/","name":"Carril partido interrompe circula\u00e7\u00e3o de comboios entre Sete Rios e Roma-Areeiro - Portal Tela Portugal","isPartOf":{"@id":"https:\/\/portaltela.pt\/#website"},"primaryImageOfPage":{"@id":"https:\/\/portaltela.pt\/noticias\/2026\/01\/06\/carril-partido-interrompe-circulacao-de-comboios-entre-sete-rios-e-roma-areeiro\/#primaryimage"},"image":{"@id":"https:\/\/portaltela.pt\/noticias\/2026\/01\/06\/carril-partido-interrompe-circulacao-de-comboios-entre-sete-rios-e-roma-areeiro\/#primaryimage"},"thumbnailUrl":"https:\/\/portaltela.pt\/s.01k8rhncp4jt1\/2026\/01\/image-257.jpg","datePublished":"2026-01-06T09:33:00+00:00","author":{"@id":"https:\/\/portaltela.pt\/#\/schema\/person\/c4278d4a6028830caff9ee44b42d32ed"},"breadcrumb":{"@id":"https:\/\/portaltela.pt\/noticias\/2026\/01\/06\/carril-partido-interrompe-circulacao-de-comboios-entre-sete-rios-e-roma-areeiro\/#breadcrumb"},"inLanguage":"pt-PT","potentialAction":[{"@type":"ReadAction","target":["https:\/\/portaltela.pt\/noticias\/2026\/01\/06\/carril-partido-interrompe-circulacao-de-comboios-entre-sete-rios-e-roma-areeiro\/"]}]},{"@type":"ImageObject","inLanguage":"pt-PT","@id":"https:\/\/portaltela.pt\/noticias\/2026\/01\/06\/carril-partido-interrompe-circulacao-de-comboios-entre-sete-rios-e-roma-areeiro\/#primaryimage","url":"https:\/\/portaltela.pt\/s.01k8rhncp4jt1\/2026\/01\/image-257.jpg","contentUrl":"https:\/\/portaltela.pt\/s.01k8rhncp4jt1\/2026\/01\/image-257.jpg","width":796,"height":448,"caption":"Imagem de contexto do artigo Carril partido interrompe circula\u00e7\u00e3o de comboios entre Sete Rios e Roma-Areeiro"},{"@type":"BreadcrumbList","@id":"https:\/\/portaltela.pt\/noticias\/2026\/01\/06\/carril-partido-interrompe-circulacao-de-comboios-entre-sete-rios-e-roma-areeiro\/#breadcrumb","itemListElement":[{"@type":"ListItem","position":1,"name":"In\u00edcio","item":"https:\/\/portaltela.pt\/"},{"@type":"ListItem","position":2,"name":"Carril partido interrompe circula\u00e7\u00e3o de comboios entre Sete Rios e Roma-Areeiro"}]},{"@type":"WebSite","@id":"https:\/\/portaltela.pt\/#website","url":"https:\/\/portaltela.pt\/","name":"Portal Tela Portugal","description":"","potentialAction":[{"@type":"SearchAction","target":{"@type":"EntryPoint","urlTemplate":"https:\/\/portaltela.pt\/?s={search_term_string}"},"query-input":{"@type":"PropertyValueSpecification","valueRequired":true,"valueName":"search_term_string"}}],"inLanguage":"pt-PT"},{"@type":"Person","@id":"https:\/\/portaltela.pt\/#\/schema\/person\/c4278d4a6028830caff9ee44b42d32ed","name":"Telinha","image":{"@type":"ImageObject","inLanguage":"pt-PT","@id":"https:\/\/portaltela.pt\/s.01k8rhncp4jt1\/2025\/11\/talking-bot-125x125.png","url":"https:\/\/portaltela.pt\/s.01k8rhncp4jt1\/2025\/11\/talking-bot-125x125.png","contentUrl":"https:\/\/portaltela.pt\/s.01k8rhncp4jt1\/2025\/11\/talking-bot-125x125.png","caption":"Telinha"},"sameAs":["https:\/\/portaltela.pt\/"],"url":"https:\/\/portaltela.pt\/por\/367410592786\/"}]}},"_links":{"self":[{"href":"https:\/\/portaltela.pt\/api\/wp\/v2\/posts\/119970","targetHints":{"allow":["GET"]}}],"collection":[{"href":"https:\/\/portaltela.pt\/api\/wp\/v2\/posts"}],"about":[{"href":"https:\/\/portaltela.pt\/api\/wp\/v2\/types\/post"}],"author":[{"embeddable":true,"href":"https:\/\/portaltela.pt\/api\/wp\/v2\/users\/2"}],"replies":[{"embeddable":true,"href":"https:\/\/portaltela.pt\/api\/wp\/v2\/comments?post=119970"}],"version-history":[{"count":0,"href":"https:\/\/portaltela.pt\/api\/wp\/v2\/posts\/119970\/revisions"}],"wp:featuredmedia":[{"embeddable":true,"href":"https:\/\/portaltela.pt\/api\/wp\/v2\/media\/119972"}],"wp:attachment":[{"href":"https:\/\/portaltela.pt\/api\/wp\/v2\/media?parent=119970"}],"wp:term":[{"taxonomy":"category","embeddable":true,"href":"https:\/\/portaltela.pt\/api\/wp\/v2\/categories?post=119970"},{"taxonomy":"post_tag","embeddable":true,"href":"https:\/\/portaltela.pt\/api\/wp\/v2\/tags?post=119970"}],"curies":[{"name":"wp","href":"https:\/\/api.w.org\/{rel}","templated":true}]}}