{"id":119692,"date":"2026-01-06T04:15:00","date_gmt":"2026-01-06T07:15:00","guid":{"rendered":"https:\/\/portaltela.pt\/noticias\/2026\/01\/06\/ex-advogado-de-vale-e-azevedo-defende-carris-no-elevador-da-gloria\/"},"modified":"2026-01-06T04:15:00","modified_gmt":"2026-01-06T07:15:00","slug":"ex-advogado-de-vale-e-azevedo-defende-carris-no-elevador-da-gloria","status":"publish","type":"post","link":"https:\/\/portaltela.pt\/noticias\/2026\/01\/06\/ex-advogado-de-vale-e-azevedo-defende-carris-no-elevador-da-gloria\/","title":{"rendered":"Ex-advogado de Vale e Azevedo defende Carris no Elevador da Gl\u00f3ria"},"content":{"rendered":"<p>A Carris contratou o advogado criminalista Jos\u00e9 Ant\u00f3nio Barreiros para defender a empresa na investiga\u00e7\u00e3o ao Elevador da Gl\u00f3ria. O contrato foi assinado em 23 de outubro de 2025, na sequ\u00eancia da demiss\u00e3o da velha dire\u00e7\u00e3o. A decis\u00e3o ocorreu na v\u00e9spera da divulga\u00e7\u00e3o do relat\u00f3rio preliminar do acidente que vitimou 16 pessoas em setembro de 2025. A investiga\u00e7\u00e3o est\u00e1 a cargo do DIAP de Lisboa, com o GPIAAF a ter emitido um relat\u00f3rio preliminar.<\/p>\n<p>O acordo de presta\u00e7\u00e3o de servi\u00e7os prev\u00ea 150 euros por hora, com um teto m\u00e1ximo de 45 mil euros. O v\u00ednculo pode durar at\u00e9 36 meses ou at\u00e9 esgotar 300 horas de trabalho, conforme o documento consultado pelo 24noticias. Barreiros representar\u00e1 a Carris no processo criminal relacionado com o acidente.<\/p>\n<h3>Contexto institucional<\/h3>\n<p>A Carris passou a estar sob nova gest\u00e3o desde 1 de janeiro, com Rui Lopo \u00e0 frente. A escolha de Barreiros aconteceu ap\u00f3s a demiss\u00e3o da dire\u00e7\u00e3o anterior, anunciada pelo presidente da C\u00e2mara de Lisboa, Carlos Moedas, tr\u00eas dias antes da assinatura do contrato.<\/p>\n<h3>Detalhes do contrato<\/h3>\n<p>O parecer indica que o valor por hora cobre custos adicionais, excluindo alojamento, alimenta\u00e7\u00e3o, desloca\u00e7\u00e3o e materiais. Barreiros j\u00e1 tinha cobrado montante semelhante em outros casos de alto perfil, conforme reportado pelo P\u00fablico.<\/p>\n<h3>O que aponta o relat\u00f3rio preliminar<\/h3>\n<p>O relat\u00f3rio do GPIAAF aponta falhas como desconhecimento do peso dos ve\u00edculos, falta de testes de travagem de emerg\u00eancia, aus\u00eancia de documenta\u00e7\u00e3o t\u00e9cnica e falhas de atualiza\u00e7\u00e3o de procedimentos. O documento tamb\u00e9m aponta quest\u00f5es de transmiss\u00e3o de conhecimento sem registo formal.<\/p>\n<h3>Atualidade da investiga\u00e7\u00e3o<\/h3>\n<p>O caso est\u00e1 em investiga\u00e7\u00e3o criminal pelo DIAP de Lisboa. O relat\u00f3rio final do acidente dever\u00e1 ser divulgado at\u00e9 setembro de 2026, conforme agenda oficial do processo.<\/p>\n<h3>Situa\u00e7\u00e3o da gest\u00e3o da Carris<\/h3>\n<p>A Carris passou a ser gerida por Rui Lopo, antigo administrador da Carris Metropolitana, que assume o cargo com responsabilidade pela opera\u00e7\u00e3o e pela supervis\u00e3o da continuidade do servi\u00e7o p\u00fablico.<\/p>\n","protected":false},"excerpt":{"rendered":"<ul>\n<li>A Carris contratou o advogado Jos\u00e9 Ant\u00f3nio Barreiros para defender a empresa na investiga\u00e7\u00e3o ao Elevador da Gl\u00f3ria, ap\u00f3s a demiss\u00e3o da gest\u00e3o anterior.<\/li>\n<li>O ajuste foi assinado em 23 de outubro de 2025, tr\u00eas dias depois da aceita\u00e7\u00e3o da demiss\u00e3o da dire\u00e7\u00e3o pela C\u00e2mara de Lisboa, e prev\u00ea 150 euros por hora de trabalho, com um envelope m\u00e1ximo de 45 mil euros.<\/li>\n<li>O contrato tem dura\u00e7\u00e3o m\u00e1xima de tr\u00eas anos ou 300 horas de trabalho, sem incluir custos como alojamento, desloca\u00e7\u00f5es e outros encargos definidos no documento.<\/li>\n<li>A nomea\u00e7\u00e3o ocorreu na v\u00e9spera de o GPIAAF divulgar o relat\u00f3rio preliminar sobre o acidente que, em setembro de 2025, matou 16 pessoas, estando o caso a ser investigado pelo DIAP de Lisboa.<\/li>\n<li>A Carris est\u00e1 sob nova gest\u00e3o desde 1 de janeiro, com Rui Lopo \u00e0 frente, enquanto o processo continua a averiguar as causas do acidente e responsabilidades.<\/li>\n<\/ul>\n","protected":false},"author":2,"featured_media":119697,"comment_status":"closed","ping_status":"closed","sticky":false,"template":"","format":"standard","meta":{"footnotes":""},"categories":[1],"tags":[798,147,217,803,981,192],"class_list":["post-119692","post","type-post","status-publish","format-standard","has-post-thumbnail","hentry","category-noticias","tag-carris-metropolitana","tag-crime","tag-investigacao-criminal","tag-justica","tag-lisboa","tag-transporte"],"yoast_head":"<!-- This site is optimized with the Yoast SEO plugin v27.2 - https:\/\/yoast.com\/product\/yoast-seo-wordpress\/ -->\n<title>Ex-advogado de Vale e Azevedo defende Carris no Elevador da Gl\u00f3ria - Portal Tela Portugal<\/title>\n<meta name=\"robots\" content=\"index, follow, max-snippet:-1, max-image-preview:large, max-video-preview:-1\" \/>\n<meta property=\"og:locale\" content=\"pt_PT\" \/>\n<meta property=\"og:type\" content=\"article\" \/>\n<meta property=\"og:title\" content=\"Ex-advogado de Vale e Azevedo defende Carris no Elevador da Gl\u00f3ria - Portal Tela Portugal\" \/>\n<meta property=\"og:description\" content=\"A Carris contratou o advogado Jos\u00e9 Ant\u00f3nio Barreiros para defender a empresa na investiga\u00e7\u00e3o ao Elevador da Gl\u00f3ria, ap\u00f3s a demiss\u00e3o da gest\u00e3o anterior. O ajuste foi assinado em 23 de outubro de 2025, tr\u00eas dias depois da aceita\u00e7\u00e3o da demiss\u00e3o da dire\u00e7\u00e3o pela C\u00e2mara de Lisboa, e prev\u00ea 150 euros por hora de trabalho, com um envelope m\u00e1ximo de 45 mil euros. O contrato tem dura\u00e7\u00e3o m\u00e1xima de tr\u00eas anos ou 300 horas de trabalho, sem incluir custos como alojamento, desloca\u00e7\u00f5es e outros encargos definidos no documento. A nomea\u00e7\u00e3o ocorreu na v\u00e9spera de o GPIAAF divulgar o relat\u00f3rio preliminar sobre o acidente que, em setembro de 2025, matou 16 pessoas, estando o caso a ser investigado pelo DIAP de Lisboa. A Carris est\u00e1 sob nova gest\u00e3o desde 1 de janeiro, com Rui Lopo \u00e0 frente, enquanto o processo continua a averiguar as causas do acidente e responsabilidades.\" \/>\n<meta property=\"og:url\" content=\"https:\/\/portaltela.pt\/noticias\/2026\/01\/06\/ex-advogado-de-vale-e-azevedo-defende-carris-no-elevador-da-gloria\/\" \/>\n<meta property=\"og:site_name\" content=\"Portal Tela Portugal\" \/>\n<meta property=\"article:published_time\" content=\"2026-01-06T07:15:00+00:00\" \/>\n<meta name=\"author\" content=\"Telinha\" \/>\n<meta name=\"twitter:card\" content=\"summary_large_image\" \/>\n<meta name=\"twitter:label1\" content=\"Escrito por\" \/>\n\t<meta name=\"twitter:data1\" content=\"Telinha\" \/>\n\t<meta name=\"twitter:label2\" content=\"Tempo estimado de leitura\" \/>\n\t<meta name=\"twitter:data2\" content=\"2 minutos\" \/>\n<script type=\"application\/ld+json\" class=\"yoast-schema-graph\">{\"@context\":\"https:\/\/schema.org\",\"@graph\":[{\"@type\":\"Article\",\"@id\":\"https:\/\/portaltela.pt\/noticias\/2026\/01\/06\/ex-advogado-de-vale-e-azevedo-defende-carris-no-elevador-da-gloria\/#article\",\"isPartOf\":{\"@id\":\"https:\/\/portaltela.pt\/noticias\/2026\/01\/06\/ex-advogado-de-vale-e-azevedo-defende-carris-no-elevador-da-gloria\/\"},\"author\":{\"name\":\"Telinha\",\"@id\":\"https:\/\/portaltela.pt\/#\/schema\/person\/c4278d4a6028830caff9ee44b42d32ed\"},\"headline\":\"Ex-advogado de Vale e Azevedo defende Carris no Elevador da Gl\u00f3ria\",\"datePublished\":\"2026-01-06T07:15:00+00:00\",\"mainEntityOfPage\":{\"@id\":\"https:\/\/portaltela.pt\/noticias\/2026\/01\/06\/ex-advogado-de-vale-e-azevedo-defende-carris-no-elevador-da-gloria\/\"},\"wordCount\":364,\"image\":{\"@id\":\"https:\/\/portaltela.pt\/noticias\/2026\/01\/06\/ex-advogado-de-vale-e-azevedo-defende-carris-no-elevador-da-gloria\/#primaryimage\"},\"thumbnailUrl\":\"https:\/\/portaltela.pt\/s.01k8rhncp4jt1\/2026\/01\/unnamed-file-968.jpg\",\"keywords\":[\"Carris Metropolitana\",\"crime\",\"investiga\u00e7\u00e3o criminal\",\"justi\u00e7a\",\"Lisboa\",\"transporte\"],\"articleSection\":[\"Not\u00edcias\"],\"inLanguage\":\"pt-PT\"},{\"@type\":\"WebPage\",\"@id\":\"https:\/\/portaltela.pt\/noticias\/2026\/01\/06\/ex-advogado-de-vale-e-azevedo-defende-carris-no-elevador-da-gloria\/\",\"url\":\"https:\/\/portaltela.pt\/noticias\/2026\/01\/06\/ex-advogado-de-vale-e-azevedo-defende-carris-no-elevador-da-gloria\/\",\"name\":\"Ex-advogado de Vale e Azevedo defende Carris no Elevador da Gl\u00f3ria - Portal Tela Portugal\",\"isPartOf\":{\"@id\":\"https:\/\/portaltela.pt\/#website\"},\"primaryImageOfPage\":{\"@id\":\"https:\/\/portaltela.pt\/noticias\/2026\/01\/06\/ex-advogado-de-vale-e-azevedo-defende-carris-no-elevador-da-gloria\/#primaryimage\"},\"image\":{\"@id\":\"https:\/\/portaltela.pt\/noticias\/2026\/01\/06\/ex-advogado-de-vale-e-azevedo-defende-carris-no-elevador-da-gloria\/#primaryimage\"},\"thumbnailUrl\":\"https:\/\/portaltela.pt\/s.01k8rhncp4jt1\/2026\/01\/unnamed-file-968.jpg\",\"datePublished\":\"2026-01-06T07:15:00+00:00\",\"author\":{\"@id\":\"https:\/\/portaltela.pt\/#\/schema\/person\/c4278d4a6028830caff9ee44b42d32ed\"},\"breadcrumb\":{\"@id\":\"https:\/\/portaltela.pt\/noticias\/2026\/01\/06\/ex-advogado-de-vale-e-azevedo-defende-carris-no-elevador-da-gloria\/#breadcrumb\"},\"inLanguage\":\"pt-PT\",\"potentialAction\":[{\"@type\":\"ReadAction\",\"target\":[\"https:\/\/portaltela.pt\/noticias\/2026\/01\/06\/ex-advogado-de-vale-e-azevedo-defende-carris-no-elevador-da-gloria\/\"]}]},{\"@type\":\"ImageObject\",\"inLanguage\":\"pt-PT\",\"@id\":\"https:\/\/portaltela.pt\/noticias\/2026\/01\/06\/ex-advogado-de-vale-e-azevedo-defende-carris-no-elevador-da-gloria\/#primaryimage\",\"url\":\"https:\/\/portaltela.pt\/s.01k8rhncp4jt1\/2026\/01\/unnamed-file-968.jpg\",\"contentUrl\":\"https:\/\/portaltela.pt\/s.01k8rhncp4jt1\/2026\/01\/unnamed-file-968.jpg\",\"width\":796,\"height\":448,\"caption\":\"Elevador da Gl\u00f3ria: \\\"H\u00e1 mecanismos de emerg\u00eancia quando o cabo est\u00e1 a funcionar. Mas n\u00e3o h\u00e1 um mecanismo para quando tudo falhar\\\"\"},{\"@type\":\"BreadcrumbList\",\"@id\":\"https:\/\/portaltela.pt\/noticias\/2026\/01\/06\/ex-advogado-de-vale-e-azevedo-defende-carris-no-elevador-da-gloria\/#breadcrumb\",\"itemListElement\":[{\"@type\":\"ListItem\",\"position\":1,\"name\":\"In\u00edcio\",\"item\":\"https:\/\/portaltela.pt\/\"},{\"@type\":\"ListItem\",\"position\":2,\"name\":\"Ex-advogado de Vale e Azevedo defende Carris no Elevador da Gl\u00f3ria\"}]},{\"@type\":\"WebSite\",\"@id\":\"https:\/\/portaltela.pt\/#website\",\"url\":\"https:\/\/portaltela.pt\/\",\"name\":\"Portal Tela Portugal\",\"description\":\"\",\"potentialAction\":[{\"@type\":\"SearchAction\",\"target\":{\"@type\":\"EntryPoint\",\"urlTemplate\":\"https:\/\/portaltela.pt\/?s={search_term_string}\"},\"query-input\":{\"@type\":\"PropertyValueSpecification\",\"valueRequired\":true,\"valueName\":\"search_term_string\"}}],\"inLanguage\":\"pt-PT\"},{\"@type\":\"Person\",\"@id\":\"https:\/\/portaltela.pt\/#\/schema\/person\/c4278d4a6028830caff9ee44b42d32ed\",\"name\":\"Telinha\",\"image\":{\"@type\":\"ImageObject\",\"inLanguage\":\"pt-PT\",\"@id\":\"https:\/\/portaltela.pt\/s.01k8rhncp4jt1\/2025\/11\/talking-bot-125x125.png\",\"url\":\"https:\/\/portaltela.pt\/s.01k8rhncp4jt1\/2025\/11\/talking-bot-125x125.png\",\"contentUrl\":\"https:\/\/portaltela.pt\/s.01k8rhncp4jt1\/2025\/11\/talking-bot-125x125.png\",\"caption\":\"Telinha\"},\"sameAs\":[\"https:\/\/portaltela.pt\/\"],\"url\":\"https:\/\/portaltela.pt\/por\/367410592786\/\"}]}<\/script>\n<!-- \/ Yoast SEO plugin. -->","yoast_head_json":{"title":"Ex-advogado de Vale e Azevedo defende Carris no Elevador da Gl\u00f3ria - Portal Tela Portugal","robots":{"index":"index","follow":"follow","max-snippet":"max-snippet:-1","max-image-preview":"max-image-preview:large","max-video-preview":"max-video-preview:-1"},"og_locale":"pt_PT","og_type":"article","og_title":"Ex-advogado de Vale e Azevedo defende Carris no Elevador da Gl\u00f3ria - Portal Tela Portugal","og_description":"A Carris contratou o advogado Jos\u00e9 Ant\u00f3nio Barreiros para defender a empresa na investiga\u00e7\u00e3o ao Elevador da Gl\u00f3ria, ap\u00f3s a demiss\u00e3o da gest\u00e3o anterior. O ajuste foi assinado em 23 de outubro de 2025, tr\u00eas dias depois da aceita\u00e7\u00e3o da demiss\u00e3o da dire\u00e7\u00e3o pela C\u00e2mara de Lisboa, e prev\u00ea 150 euros por hora de trabalho, com um envelope m\u00e1ximo de 45 mil euros. O contrato tem dura\u00e7\u00e3o m\u00e1xima de tr\u00eas anos ou 300 horas de trabalho, sem incluir custos como alojamento, desloca\u00e7\u00f5es e outros encargos definidos no documento. A nomea\u00e7\u00e3o ocorreu na v\u00e9spera de o GPIAAF divulgar o relat\u00f3rio preliminar sobre o acidente que, em setembro de 2025, matou 16 pessoas, estando o caso a ser investigado pelo DIAP de Lisboa. A Carris est\u00e1 sob nova gest\u00e3o desde 1 de janeiro, com Rui Lopo \u00e0 frente, enquanto o processo continua a averiguar as causas do acidente e responsabilidades.","og_url":"https:\/\/portaltela.pt\/noticias\/2026\/01\/06\/ex-advogado-de-vale-e-azevedo-defende-carris-no-elevador-da-gloria\/","og_site_name":"Portal Tela Portugal","article_published_time":"2026-01-06T07:15:00+00:00","author":"Telinha","twitter_card":"summary_large_image","twitter_misc":{"Escrito por":"Telinha","Tempo estimado de leitura":"2 minutos"},"schema":{"@context":"https:\/\/schema.org","@graph":[{"@type":"Article","@id":"https:\/\/portaltela.pt\/noticias\/2026\/01\/06\/ex-advogado-de-vale-e-azevedo-defende-carris-no-elevador-da-gloria\/#article","isPartOf":{"@id":"https:\/\/portaltela.pt\/noticias\/2026\/01\/06\/ex-advogado-de-vale-e-azevedo-defende-carris-no-elevador-da-gloria\/"},"author":{"name":"Telinha","@id":"https:\/\/portaltela.pt\/#\/schema\/person\/c4278d4a6028830caff9ee44b42d32ed"},"headline":"Ex-advogado de Vale e Azevedo defende Carris no Elevador da Gl\u00f3ria","datePublished":"2026-01-06T07:15:00+00:00","mainEntityOfPage":{"@id":"https:\/\/portaltela.pt\/noticias\/2026\/01\/06\/ex-advogado-de-vale-e-azevedo-defende-carris-no-elevador-da-gloria\/"},"wordCount":364,"image":{"@id":"https:\/\/portaltela.pt\/noticias\/2026\/01\/06\/ex-advogado-de-vale-e-azevedo-defende-carris-no-elevador-da-gloria\/#primaryimage"},"thumbnailUrl":"https:\/\/portaltela.pt\/s.01k8rhncp4jt1\/2026\/01\/unnamed-file-968.jpg","keywords":["Carris Metropolitana","crime","investiga\u00e7\u00e3o criminal","justi\u00e7a","Lisboa","transporte"],"articleSection":["Not\u00edcias"],"inLanguage":"pt-PT"},{"@type":"WebPage","@id":"https:\/\/portaltela.pt\/noticias\/2026\/01\/06\/ex-advogado-de-vale-e-azevedo-defende-carris-no-elevador-da-gloria\/","url":"https:\/\/portaltela.pt\/noticias\/2026\/01\/06\/ex-advogado-de-vale-e-azevedo-defende-carris-no-elevador-da-gloria\/","name":"Ex-advogado de Vale e Azevedo defende Carris no Elevador da Gl\u00f3ria - Portal Tela Portugal","isPartOf":{"@id":"https:\/\/portaltela.pt\/#website"},"primaryImageOfPage":{"@id":"https:\/\/portaltela.pt\/noticias\/2026\/01\/06\/ex-advogado-de-vale-e-azevedo-defende-carris-no-elevador-da-gloria\/#primaryimage"},"image":{"@id":"https:\/\/portaltela.pt\/noticias\/2026\/01\/06\/ex-advogado-de-vale-e-azevedo-defende-carris-no-elevador-da-gloria\/#primaryimage"},"thumbnailUrl":"https:\/\/portaltela.pt\/s.01k8rhncp4jt1\/2026\/01\/unnamed-file-968.jpg","datePublished":"2026-01-06T07:15:00+00:00","author":{"@id":"https:\/\/portaltela.pt\/#\/schema\/person\/c4278d4a6028830caff9ee44b42d32ed"},"breadcrumb":{"@id":"https:\/\/portaltela.pt\/noticias\/2026\/01\/06\/ex-advogado-de-vale-e-azevedo-defende-carris-no-elevador-da-gloria\/#breadcrumb"},"inLanguage":"pt-PT","potentialAction":[{"@type":"ReadAction","target":["https:\/\/portaltela.pt\/noticias\/2026\/01\/06\/ex-advogado-de-vale-e-azevedo-defende-carris-no-elevador-da-gloria\/"]}]},{"@type":"ImageObject","inLanguage":"pt-PT","@id":"https:\/\/portaltela.pt\/noticias\/2026\/01\/06\/ex-advogado-de-vale-e-azevedo-defende-carris-no-elevador-da-gloria\/#primaryimage","url":"https:\/\/portaltela.pt\/s.01k8rhncp4jt1\/2026\/01\/unnamed-file-968.jpg","contentUrl":"https:\/\/portaltela.pt\/s.01k8rhncp4jt1\/2026\/01\/unnamed-file-968.jpg","width":796,"height":448,"caption":"Elevador da Gl\u00f3ria: \"H\u00e1 mecanismos de emerg\u00eancia quando o cabo est\u00e1 a funcionar. Mas n\u00e3o h\u00e1 um mecanismo para quando tudo falhar\""},{"@type":"BreadcrumbList","@id":"https:\/\/portaltela.pt\/noticias\/2026\/01\/06\/ex-advogado-de-vale-e-azevedo-defende-carris-no-elevador-da-gloria\/#breadcrumb","itemListElement":[{"@type":"ListItem","position":1,"name":"In\u00edcio","item":"https:\/\/portaltela.pt\/"},{"@type":"ListItem","position":2,"name":"Ex-advogado de Vale e Azevedo defende Carris no Elevador da Gl\u00f3ria"}]},{"@type":"WebSite","@id":"https:\/\/portaltela.pt\/#website","url":"https:\/\/portaltela.pt\/","name":"Portal Tela Portugal","description":"","potentialAction":[{"@type":"SearchAction","target":{"@type":"EntryPoint","urlTemplate":"https:\/\/portaltela.pt\/?s={search_term_string}"},"query-input":{"@type":"PropertyValueSpecification","valueRequired":true,"valueName":"search_term_string"}}],"inLanguage":"pt-PT"},{"@type":"Person","@id":"https:\/\/portaltela.pt\/#\/schema\/person\/c4278d4a6028830caff9ee44b42d32ed","name":"Telinha","image":{"@type":"ImageObject","inLanguage":"pt-PT","@id":"https:\/\/portaltela.pt\/s.01k8rhncp4jt1\/2025\/11\/talking-bot-125x125.png","url":"https:\/\/portaltela.pt\/s.01k8rhncp4jt1\/2025\/11\/talking-bot-125x125.png","contentUrl":"https:\/\/portaltela.pt\/s.01k8rhncp4jt1\/2025\/11\/talking-bot-125x125.png","caption":"Telinha"},"sameAs":["https:\/\/portaltela.pt\/"],"url":"https:\/\/portaltela.pt\/por\/367410592786\/"}]}},"_links":{"self":[{"href":"https:\/\/portaltela.pt\/api\/wp\/v2\/posts\/119692","targetHints":{"allow":["GET"]}}],"collection":[{"href":"https:\/\/portaltela.pt\/api\/wp\/v2\/posts"}],"about":[{"href":"https:\/\/portaltela.pt\/api\/wp\/v2\/types\/post"}],"author":[{"embeddable":true,"href":"https:\/\/portaltela.pt\/api\/wp\/v2\/users\/2"}],"replies":[{"embeddable":true,"href":"https:\/\/portaltela.pt\/api\/wp\/v2\/comments?post=119692"}],"version-history":[{"count":0,"href":"https:\/\/portaltela.pt\/api\/wp\/v2\/posts\/119692\/revisions"}],"wp:featuredmedia":[{"embeddable":true,"href":"https:\/\/portaltela.pt\/api\/wp\/v2\/media\/119697"}],"wp:attachment":[{"href":"https:\/\/portaltela.pt\/api\/wp\/v2\/media?parent=119692"}],"wp:term":[{"taxonomy":"category","embeddable":true,"href":"https:\/\/portaltela.pt\/api\/wp\/v2\/categories?post=119692"},{"taxonomy":"post_tag","embeddable":true,"href":"https:\/\/portaltela.pt\/api\/wp\/v2\/tags?post=119692"}],"curies":[{"name":"wp","href":"https:\/\/api.w.org\/{rel}","templated":true}]}}