{"id":119514,"date":"2026-01-05T14:56:00","date_gmt":"2026-01-05T17:56:00","guid":{"rendered":"https:\/\/portaltela.pt\/noticias\/2026\/01\/05\/suica-todos-os-feridos-e-mortos-do-incendio-identificados\/"},"modified":"2026-01-05T14:56:00","modified_gmt":"2026-01-05T17:56:00","slug":"suica-todos-os-feridos-e-mortos-do-incendio-identificados","status":"publish","type":"post","link":"https:\/\/portaltela.pt\/noticias\/internacional\/2026\/01\/05\/suica-todos-os-feridos-e-mortos-do-incendio-identificados\/","title":{"rendered":"Su\u00ed\u00e7a: todos os feridos e mortos do inc\u00eandio identificados"},"content":{"rendered":"<p>As 40 pessoas morreram e 116 ficaram feridas no inc\u00eandio de um bar em Crans-Montana, Su\u00ed\u00e7a, na noite de Ano Novo. O fogo come\u00e7ou pouco depois da uma da madrugada no Le Constellation e provocou uma das maiores trag\u00e9dias na est\u00e2ncia de esqui.<\/p>\n<p>A pol\u00edcia do cant\u00e3o de Valais confirmou a identifica\u00e7\u00e3o de todas as v\u00edtimas. Entre os feridos, h\u00e1 68 su\u00ed\u00e7os, 21 franceses e 10 italianos, al\u00e9m de cidad\u00e3os de v\u00e1rios outros pa\u00edses. 83 continuam hospitalizados.<\/p>\n<p>Ao todo, 21 su\u00ed\u00e7os, 9 franceses e outras nacionalidades comp\u00f5em as v\u00edtimas mortais, cujas idades variam entre 14 e 39 anos, com 21 menores entre os mortos. O Governo portugu\u00eas confirmou a morte de uma cidad\u00e3 portuguesa, Fany Pinheiro Magalh\u00e3es, que estava desaparecida.<\/p>\n<p>O Minist\u00e9rio P\u00fablico su\u00ed\u00e7o abriu uma investiga\u00e7\u00e3o criminal contra o casal franc\u00eas propriet\u00e1rio do bar, Jacques e Jessica Moretti. Os dois est\u00e3o sob investiga\u00e7\u00e3o por homic\u00eddio involunt\u00e1rio, com a hip\u00f3tese de que velas incandescentes em garrafas de champanhe teriam atingido o teto.<\/p>\n<h3>Identifica\u00e7\u00e3o das v\u00edtimas e detalhes<\/h3>\n<p>Registos comerciais indicam que os Moretti tamb\u00e9m operavam outros dois estabelecimentos em Crans-Montana e Lens. Eles j\u00e1 foram ouvidos como testemunhas, segundo a AFP.<\/p>\n<h3>Contexto da investiga\u00e7\u00e3o<\/h3>\n<p>A investiga\u00e7\u00e3o preliminar aponta para uma poss\u00edvel falha de seguran\u00e7a ou de regulamenta\u00e7\u00e3o no estabelecimento. As autoridades su\u00ed\u00e7as n\u00e3o divulgaram at\u00e9 ao momento conclus\u00f5es definitivas sobre a causa do inc\u00eandio.<\/p>\n","protected":false},"excerpt":{"rendered":"<ul>\n<li>Foram identificadas as Forty pessoas mortas e 116 feridas no inc\u00eandio do bar Le Constellation, em Crans-Montana, na noite de Ano Novo; o n\u00famero de feridos foi revisto de 119 para 116.<\/li>\n<li>O inc\u00eandio ocorreu \u00e0s 01h30 do dia 1 de janeiro e as autoridades su\u00ed\u00e7as iniciaram uma investiga\u00e7\u00e3o criminal aos propriet\u00e1rios do bar, um casal franc\u00eas, por poss\u00edvel homic\u00eddio involunt\u00e1rio.<\/li>\n<li>Entre as v\u00edtimas mortais, h\u00e1 21 su\u00ed\u00e7os,  nine franceses, e outras nacionais; as idades variam entre 14 e 39 anos, com 21 menores entre os mortos.<\/li>\n<li>No total, 83 feridos permaneciam hospitalizados; entre os feridos est\u00e1 uma cidad\u00e3 portuguesa, cuja morte foi confirmada pelo Governo de Portugal.<\/li>\n<li>Segundo a pol\u00edcia, o fogo pode ter sido causado por velas incandescentes colocadas em garrafas de champanhe que tocaram o teto; Jacques e Jessica Moretti j\u00e1 foram ouvidos como testemunhas.<\/li>\n<\/ul>\n","protected":false},"author":2,"featured_media":119515,"comment_status":"closed","ping_status":"closed","sticky":false,"template":"","format":"standard","meta":{"footnotes":""},"categories":[4,1],"tags":[2395,1438,81,217,1014,250],"class_list":["post-119514","post","type-post","status-publish","format-standard","has-post-thumbnail","hentry","category-internacional","category-noticias","tag-homicidio-involuntario","tag-incendio","tag-internacionais","tag-investigacao-criminal","tag-portugal","tag-seguranca-publica"],"yoast_head":"<!-- This site is optimized with the Yoast SEO plugin v27.2 - https:\/\/yoast.com\/product\/yoast-seo-wordpress\/ -->\n<title>Su\u00ed\u00e7a: todos os feridos e mortos do inc\u00eandio identificados - Portal Tela Portugal<\/title>\n<meta name=\"robots\" content=\"index, follow, max-snippet:-1, max-image-preview:large, max-video-preview:-1\" \/>\n<meta property=\"og:locale\" content=\"pt_PT\" \/>\n<meta property=\"og:type\" content=\"article\" \/>\n<meta property=\"og:title\" content=\"Su\u00ed\u00e7a: todos os feridos e mortos do inc\u00eandio identificados - Portal Tela Portugal\" \/>\n<meta property=\"og:description\" content=\"Foram identificadas as Forty pessoas mortas e 116 feridas no inc\u00eandio do bar Le Constellation, em Crans-Montana, na noite de Ano Novo; o n\u00famero de feridos foi revisto de 119 para 116. O inc\u00eandio ocorreu \u00e0s 01h30 do dia 1 de janeiro e as autoridades su\u00ed\u00e7as iniciaram uma investiga\u00e7\u00e3o criminal aos propriet\u00e1rios do bar, um casal franc\u00eas, por poss\u00edvel homic\u00eddio involunt\u00e1rio. Entre as v\u00edtimas mortais, h\u00e1 21 su\u00ed\u00e7os, nine franceses, e outras nacionais; as idades variam entre 14 e 39 anos, com 21 menores entre os mortos. No total, 83 feridos permaneciam hospitalizados; entre os feridos est\u00e1 uma cidad\u00e3 portuguesa, cuja morte foi confirmada pelo Governo de Portugal. Segundo a pol\u00edcia, o fogo pode ter sido causado por velas incandescentes colocadas em garrafas de champanhe que tocaram o teto; Jacques e Jessica Moretti j\u00e1 foram ouvidos como testemunhas.\" \/>\n<meta property=\"og:url\" content=\"https:\/\/portaltela.pt\/noticias\/2026\/01\/05\/suica-todos-os-feridos-e-mortos-do-incendio-identificados\/\" \/>\n<meta property=\"og:site_name\" content=\"Portal Tela Portugal\" \/>\n<meta property=\"article:published_time\" content=\"2026-01-05T17:56:00+00:00\" \/>\n<meta name=\"author\" content=\"Telinha\" \/>\n<meta name=\"twitter:card\" content=\"summary_large_image\" \/>\n<meta name=\"twitter:label1\" content=\"Escrito por\" \/>\n\t<meta name=\"twitter:data1\" content=\"Telinha\" \/>\n\t<meta name=\"twitter:label2\" content=\"Tempo estimado de leitura\" \/>\n\t<meta name=\"twitter:data2\" content=\"1 minuto\" \/>\n<script type=\"application\/ld+json\" class=\"yoast-schema-graph\">{\"@context\":\"https:\/\/schema.org\",\"@graph\":[{\"@type\":\"Article\",\"@id\":\"https:\/\/portaltela.pt\/noticias\/2026\/01\/05\/suica-todos-os-feridos-e-mortos-do-incendio-identificados\/#article\",\"isPartOf\":{\"@id\":\"https:\/\/portaltela.pt\/noticias\/2026\/01\/05\/suica-todos-os-feridos-e-mortos-do-incendio-identificados\/\"},\"author\":{\"name\":\"Telinha\",\"@id\":\"https:\/\/portaltela.pt\/#\/schema\/person\/c4278d4a6028830caff9ee44b42d32ed\"},\"headline\":\"Su\u00ed\u00e7a: todos os feridos e mortos do inc\u00eandio identificados\",\"datePublished\":\"2026-01-05T17:56:00+00:00\",\"mainEntityOfPage\":{\"@id\":\"https:\/\/portaltela.pt\/noticias\/2026\/01\/05\/suica-todos-os-feridos-e-mortos-do-incendio-identificados\/\"},\"wordCount\":266,\"image\":{\"@id\":\"https:\/\/portaltela.pt\/noticias\/2026\/01\/05\/suica-todos-os-feridos-e-mortos-do-incendio-identificados\/#primaryimage\"},\"thumbnailUrl\":\"https:\/\/portaltela.pt\/s.01k8rhncp4jt1\/2026\/01\/46282498.jpg\",\"keywords\":[\"homic\u00eddio involunt\u00e1rio\",\"inc\u00eandio\",\"internacionais\",\"investiga\u00e7\u00e3o criminal\",\"Portugal\",\"seguran\u00e7a p\u00fablica\"],\"articleSection\":[\"Internacional\",\"Not\u00edcias\"],\"inLanguage\":\"pt-PT\"},{\"@type\":\"WebPage\",\"@id\":\"https:\/\/portaltela.pt\/noticias\/2026\/01\/05\/suica-todos-os-feridos-e-mortos-do-incendio-identificados\/\",\"url\":\"https:\/\/portaltela.pt\/noticias\/2026\/01\/05\/suica-todos-os-feridos-e-mortos-do-incendio-identificados\/\",\"name\":\"Su\u00ed\u00e7a: todos os feridos e mortos do inc\u00eandio identificados - Portal Tela Portugal\",\"isPartOf\":{\"@id\":\"https:\/\/portaltela.pt\/#website\"},\"primaryImageOfPage\":{\"@id\":\"https:\/\/portaltela.pt\/noticias\/2026\/01\/05\/suica-todos-os-feridos-e-mortos-do-incendio-identificados\/#primaryimage\"},\"image\":{\"@id\":\"https:\/\/portaltela.pt\/noticias\/2026\/01\/05\/suica-todos-os-feridos-e-mortos-do-incendio-identificados\/#primaryimage\"},\"thumbnailUrl\":\"https:\/\/portaltela.pt\/s.01k8rhncp4jt1\/2026\/01\/46282498.jpg\",\"datePublished\":\"2026-01-05T17:56:00+00:00\",\"author\":{\"@id\":\"https:\/\/portaltela.pt\/#\/schema\/person\/c4278d4a6028830caff9ee44b42d32ed\"},\"breadcrumb\":{\"@id\":\"https:\/\/portaltela.pt\/noticias\/2026\/01\/05\/suica-todos-os-feridos-e-mortos-do-incendio-identificados\/#breadcrumb\"},\"inLanguage\":\"pt-PT\",\"potentialAction\":[{\"@type\":\"ReadAction\",\"target\":[\"https:\/\/portaltela.pt\/noticias\/2026\/01\/05\/suica-todos-os-feridos-e-mortos-do-incendio-identificados\/\"]}]},{\"@type\":\"ImageObject\",\"inLanguage\":\"pt-PT\",\"@id\":\"https:\/\/portaltela.pt\/noticias\/2026\/01\/05\/suica-todos-os-feridos-e-mortos-do-incendio-identificados\/#primaryimage\",\"url\":\"https:\/\/portaltela.pt\/s.01k8rhncp4jt1\/2026\/01\/46282498.jpg\",\"contentUrl\":\"https:\/\/portaltela.pt\/s.01k8rhncp4jt1\/2026\/01\/46282498.jpg\",\"width\":796,\"height\":448,\"caption\":\"epaselect epa12621910 People pay their respects to the victims with flowers and candles near the area where a fire broke out during the New Year&#39;s celebrations in Crans-Montana, Switzerland, 02 January 2026. According to the police, several dozen people lost their lives in the fire that devastated the bar &#39;Le Constellation&#39; on New Year&#39;s Eve in the Swiss Alps resort of Crans-Montana. Around one hundred people were also reported injured.\"},{\"@type\":\"BreadcrumbList\",\"@id\":\"https:\/\/portaltela.pt\/noticias\/2026\/01\/05\/suica-todos-os-feridos-e-mortos-do-incendio-identificados\/#breadcrumb\",\"itemListElement\":[{\"@type\":\"ListItem\",\"position\":1,\"name\":\"In\u00edcio\",\"item\":\"https:\/\/portaltela.pt\/\"},{\"@type\":\"ListItem\",\"position\":2,\"name\":\"Su\u00ed\u00e7a: todos os feridos e mortos do inc\u00eandio identificados\"}]},{\"@type\":\"WebSite\",\"@id\":\"https:\/\/portaltela.pt\/#website\",\"url\":\"https:\/\/portaltela.pt\/\",\"name\":\"Portal Tela Portugal\",\"description\":\"\",\"potentialAction\":[{\"@type\":\"SearchAction\",\"target\":{\"@type\":\"EntryPoint\",\"urlTemplate\":\"https:\/\/portaltela.pt\/?s={search_term_string}\"},\"query-input\":{\"@type\":\"PropertyValueSpecification\",\"valueRequired\":true,\"valueName\":\"search_term_string\"}}],\"inLanguage\":\"pt-PT\"},{\"@type\":\"Person\",\"@id\":\"https:\/\/portaltela.pt\/#\/schema\/person\/c4278d4a6028830caff9ee44b42d32ed\",\"name\":\"Telinha\",\"image\":{\"@type\":\"ImageObject\",\"inLanguage\":\"pt-PT\",\"@id\":\"https:\/\/portaltela.pt\/s.01k8rhncp4jt1\/2025\/11\/talking-bot-125x125.png\",\"url\":\"https:\/\/portaltela.pt\/s.01k8rhncp4jt1\/2025\/11\/talking-bot-125x125.png\",\"contentUrl\":\"https:\/\/portaltela.pt\/s.01k8rhncp4jt1\/2025\/11\/talking-bot-125x125.png\",\"caption\":\"Telinha\"},\"sameAs\":[\"https:\/\/portaltela.pt\/\"],\"url\":\"https:\/\/portaltela.pt\/por\/367410592786\/\"}]}<\/script>\n<!-- \/ Yoast SEO plugin. -->","yoast_head_json":{"title":"Su\u00ed\u00e7a: todos os feridos e mortos do inc\u00eandio identificados - Portal Tela Portugal","robots":{"index":"index","follow":"follow","max-snippet":"max-snippet:-1","max-image-preview":"max-image-preview:large","max-video-preview":"max-video-preview:-1"},"og_locale":"pt_PT","og_type":"article","og_title":"Su\u00ed\u00e7a: todos os feridos e mortos do inc\u00eandio identificados - Portal Tela Portugal","og_description":"Foram identificadas as Forty pessoas mortas e 116 feridas no inc\u00eandio do bar Le Constellation, em Crans-Montana, na noite de Ano Novo; o n\u00famero de feridos foi revisto de 119 para 116. O inc\u00eandio ocorreu \u00e0s 01h30 do dia 1 de janeiro e as autoridades su\u00ed\u00e7as iniciaram uma investiga\u00e7\u00e3o criminal aos propriet\u00e1rios do bar, um casal franc\u00eas, por poss\u00edvel homic\u00eddio involunt\u00e1rio. Entre as v\u00edtimas mortais, h\u00e1 21 su\u00ed\u00e7os, nine franceses, e outras nacionais; as idades variam entre 14 e 39 anos, com 21 menores entre os mortos. No total, 83 feridos permaneciam hospitalizados; entre os feridos est\u00e1 uma cidad\u00e3 portuguesa, cuja morte foi confirmada pelo Governo de Portugal. Segundo a pol\u00edcia, o fogo pode ter sido causado por velas incandescentes colocadas em garrafas de champanhe que tocaram o teto; Jacques e Jessica Moretti j\u00e1 foram ouvidos como testemunhas.","og_url":"https:\/\/portaltela.pt\/noticias\/2026\/01\/05\/suica-todos-os-feridos-e-mortos-do-incendio-identificados\/","og_site_name":"Portal Tela Portugal","article_published_time":"2026-01-05T17:56:00+00:00","author":"Telinha","twitter_card":"summary_large_image","twitter_misc":{"Escrito por":"Telinha","Tempo estimado de leitura":"1 minuto"},"schema":{"@context":"https:\/\/schema.org","@graph":[{"@type":"Article","@id":"https:\/\/portaltela.pt\/noticias\/2026\/01\/05\/suica-todos-os-feridos-e-mortos-do-incendio-identificados\/#article","isPartOf":{"@id":"https:\/\/portaltela.pt\/noticias\/2026\/01\/05\/suica-todos-os-feridos-e-mortos-do-incendio-identificados\/"},"author":{"name":"Telinha","@id":"https:\/\/portaltela.pt\/#\/schema\/person\/c4278d4a6028830caff9ee44b42d32ed"},"headline":"Su\u00ed\u00e7a: todos os feridos e mortos do inc\u00eandio identificados","datePublished":"2026-01-05T17:56:00+00:00","mainEntityOfPage":{"@id":"https:\/\/portaltela.pt\/noticias\/2026\/01\/05\/suica-todos-os-feridos-e-mortos-do-incendio-identificados\/"},"wordCount":266,"image":{"@id":"https:\/\/portaltela.pt\/noticias\/2026\/01\/05\/suica-todos-os-feridos-e-mortos-do-incendio-identificados\/#primaryimage"},"thumbnailUrl":"https:\/\/portaltela.pt\/s.01k8rhncp4jt1\/2026\/01\/46282498.jpg","keywords":["homic\u00eddio involunt\u00e1rio","inc\u00eandio","internacionais","investiga\u00e7\u00e3o criminal","Portugal","seguran\u00e7a p\u00fablica"],"articleSection":["Internacional","Not\u00edcias"],"inLanguage":"pt-PT"},{"@type":"WebPage","@id":"https:\/\/portaltela.pt\/noticias\/2026\/01\/05\/suica-todos-os-feridos-e-mortos-do-incendio-identificados\/","url":"https:\/\/portaltela.pt\/noticias\/2026\/01\/05\/suica-todos-os-feridos-e-mortos-do-incendio-identificados\/","name":"Su\u00ed\u00e7a: todos os feridos e mortos do inc\u00eandio identificados - Portal Tela Portugal","isPartOf":{"@id":"https:\/\/portaltela.pt\/#website"},"primaryImageOfPage":{"@id":"https:\/\/portaltela.pt\/noticias\/2026\/01\/05\/suica-todos-os-feridos-e-mortos-do-incendio-identificados\/#primaryimage"},"image":{"@id":"https:\/\/portaltela.pt\/noticias\/2026\/01\/05\/suica-todos-os-feridos-e-mortos-do-incendio-identificados\/#primaryimage"},"thumbnailUrl":"https:\/\/portaltela.pt\/s.01k8rhncp4jt1\/2026\/01\/46282498.jpg","datePublished":"2026-01-05T17:56:00+00:00","author":{"@id":"https:\/\/portaltela.pt\/#\/schema\/person\/c4278d4a6028830caff9ee44b42d32ed"},"breadcrumb":{"@id":"https:\/\/portaltela.pt\/noticias\/2026\/01\/05\/suica-todos-os-feridos-e-mortos-do-incendio-identificados\/#breadcrumb"},"inLanguage":"pt-PT","potentialAction":[{"@type":"ReadAction","target":["https:\/\/portaltela.pt\/noticias\/2026\/01\/05\/suica-todos-os-feridos-e-mortos-do-incendio-identificados\/"]}]},{"@type":"ImageObject","inLanguage":"pt-PT","@id":"https:\/\/portaltela.pt\/noticias\/2026\/01\/05\/suica-todos-os-feridos-e-mortos-do-incendio-identificados\/#primaryimage","url":"https:\/\/portaltela.pt\/s.01k8rhncp4jt1\/2026\/01\/46282498.jpg","contentUrl":"https:\/\/portaltela.pt\/s.01k8rhncp4jt1\/2026\/01\/46282498.jpg","width":796,"height":448,"caption":"epaselect epa12621910 People pay their respects to the victims with flowers and candles near the area where a fire broke out during the New Year&#39;s celebrations in Crans-Montana, Switzerland, 02 January 2026. According to the police, several dozen people lost their lives in the fire that devastated the bar &#39;Le Constellation&#39; on New Year&#39;s Eve in the Swiss Alps resort of Crans-Montana. Around one hundred people were also reported injured."},{"@type":"BreadcrumbList","@id":"https:\/\/portaltela.pt\/noticias\/2026\/01\/05\/suica-todos-os-feridos-e-mortos-do-incendio-identificados\/#breadcrumb","itemListElement":[{"@type":"ListItem","position":1,"name":"In\u00edcio","item":"https:\/\/portaltela.pt\/"},{"@type":"ListItem","position":2,"name":"Su\u00ed\u00e7a: todos os feridos e mortos do inc\u00eandio identificados"}]},{"@type":"WebSite","@id":"https:\/\/portaltela.pt\/#website","url":"https:\/\/portaltela.pt\/","name":"Portal Tela Portugal","description":"","potentialAction":[{"@type":"SearchAction","target":{"@type":"EntryPoint","urlTemplate":"https:\/\/portaltela.pt\/?s={search_term_string}"},"query-input":{"@type":"PropertyValueSpecification","valueRequired":true,"valueName":"search_term_string"}}],"inLanguage":"pt-PT"},{"@type":"Person","@id":"https:\/\/portaltela.pt\/#\/schema\/person\/c4278d4a6028830caff9ee44b42d32ed","name":"Telinha","image":{"@type":"ImageObject","inLanguage":"pt-PT","@id":"https:\/\/portaltela.pt\/s.01k8rhncp4jt1\/2025\/11\/talking-bot-125x125.png","url":"https:\/\/portaltela.pt\/s.01k8rhncp4jt1\/2025\/11\/talking-bot-125x125.png","contentUrl":"https:\/\/portaltela.pt\/s.01k8rhncp4jt1\/2025\/11\/talking-bot-125x125.png","caption":"Telinha"},"sameAs":["https:\/\/portaltela.pt\/"],"url":"https:\/\/portaltela.pt\/por\/367410592786\/"}]}},"_links":{"self":[{"href":"https:\/\/portaltela.pt\/api\/wp\/v2\/posts\/119514","targetHints":{"allow":["GET"]}}],"collection":[{"href":"https:\/\/portaltela.pt\/api\/wp\/v2\/posts"}],"about":[{"href":"https:\/\/portaltela.pt\/api\/wp\/v2\/types\/post"}],"author":[{"embeddable":true,"href":"https:\/\/portaltela.pt\/api\/wp\/v2\/users\/2"}],"replies":[{"embeddable":true,"href":"https:\/\/portaltela.pt\/api\/wp\/v2\/comments?post=119514"}],"version-history":[{"count":0,"href":"https:\/\/portaltela.pt\/api\/wp\/v2\/posts\/119514\/revisions"}],"wp:featuredmedia":[{"embeddable":true,"href":"https:\/\/portaltela.pt\/api\/wp\/v2\/media\/119515"}],"wp:attachment":[{"href":"https:\/\/portaltela.pt\/api\/wp\/v2\/media?parent=119514"}],"wp:term":[{"taxonomy":"category","embeddable":true,"href":"https:\/\/portaltela.pt\/api\/wp\/v2\/categories?post=119514"},{"taxonomy":"post_tag","embeddable":true,"href":"https:\/\/portaltela.pt\/api\/wp\/v2\/tags?post=119514"}],"curies":[{"name":"wp","href":"https:\/\/api.w.org\/{rel}","templated":true}]}}