{"id":119512,"date":"2026-01-05T22:46:14","date_gmt":"2026-01-06T01:46:14","guid":{"rendered":"https:\/\/portaltela.pt\/noticias\/2026\/01\/05\/afluencia-elevada-sobrecarrega-o-servico-de-urgencia-do-hospital-de-santarem\/"},"modified":"2026-01-05T22:46:14","modified_gmt":"2026-01-06T01:46:14","slug":"afluencia-elevada-sobrecarrega-o-servico-de-urgencia-do-hospital-de-santarem","status":"publish","type":"post","link":"https:\/\/portaltela.pt\/noticias\/2026\/01\/05\/afluencia-elevada-sobrecarrega-o-servico-de-urgencia-do-hospital-de-santarem\/","title":{"rendered":"Aflu\u00eancia elevada sobrecarrega o servi\u00e7o de urg\u00eancia do Hospital de Santar\u00e9m"},"content":{"rendered":"<p>O Servi\u00e7o de Urg\u00eancia do Hospital de Santar\u00e9m viveu um protesto de enfermagem: a equipa que entrou \u00e0s 8h de segunda-feira recusou-se a fazer a passagem de turno, alegando falta de recursos humanos para atender o elevado n\u00famero de utentes internados ou \u00e0 espera de atendimento.<\/p>\n<p>Nos \u00faltimos dois dias, o hospital registou um pico de aflu\u00eancia \u00e0s Urg\u00eancias devido ao aumento de gripe e infe\u00e7\u00f5es respirat\u00f3rias, sem refor\u00e7o correspondente das equipas que asseguram os cuidados de sa\u00fade, conforme relatos internos.<\/p>\n<p>O Conselho de Administra\u00e7\u00e3o da ULS Lez\u00edria informou que est\u00e3o a estudar solu\u00e7\u00f5es para refor\u00e7ar a capacidade de internamento e as equipas de profissionais de sa\u00fade, para responder ao aumento da procura.<\/p>\n<h3>Situa\u00e7\u00e3o nas Urg\u00eancias<\/h3>\n<p>Relatos de utentes, familiares e profissionais descrevem a situa\u00e7\u00e3o como ca\u00f3tica, com camas por ocupar, doentes nos dep\u00f3sitos e nos corredores, e espa\u00e7o de apoio cheio.<\/p>\n<p>No s\u00e1bado, durante algumas horas, foram retidas macas de v\u00e1rios corpos de bombeiros que transportavam doentes para o servi\u00e7o. A ULS Lez\u00edria qualificou a situa\u00e7\u00e3o como transit\u00f3ria, tendo sido rapidamente ultrapassada com refor\u00e7o de macas pr\u00f3prias, sem comprometer a resposta de emerg\u00eancia.<\/p>\n","protected":false},"excerpt":{"rendered":"<ul>\n<li>A equipa de enfermagem do Servi\u00e7o de Urg\u00eancia do Hospital de Santar\u00e9m recusou a passagem de turno \u00e0s oito da manh\u00e3 de segunda-feira, em protesto contra a falta de recursos humanos.<\/li>\n<li>Nos \u00faltimos dois dias registou-se um pico de aflu\u00eancia \u00e0s Urg\u00eancias devido ao aumento de casos de gripe e infe\u00e7\u00f5es respirat\u00f3rias, sem refor\u00e7o de equipas.<\/li>\n<li>O Conselho de Administra\u00e7\u00e3o da Unidade Local de Sa\u00fade Lez\u00edria afirma estar a estudar solu\u00e7\u00f5es para refor\u00e7ar o internamento e as equipas de profissionais de sa\u00fade.<\/li>\n<li>Utentes, familiares e profissionais descrevem a situa\u00e7\u00e3o como ca\u00f3tica, com camas ocupadas e doentes espalhados pelos corredores.<\/li>\n<li>No s\u00e1bado, macas de bombeiros foram temporariamente retidas para transporte de doentes, situa\u00e7\u00e3o transit\u00f3ria que foi ultrapassada com refor\u00e7o de macas pr\u00f3prias.<\/li>\n<\/ul>\n","protected":false},"author":2,"featured_media":119513,"comment_status":"closed","ping_status":"closed","sticky":false,"template":"","format":"standard","meta":{"footnotes":""},"categories":[1],"tags":[1905,633,2342,898,271,1899],"class_list":["post-119512","post","type-post","status-publish","format-standard","has-post-thumbnail","hentry","category-noticias","tag-gripe","tag-hospital","tag-infeccao-respiratoria-aguda","tag-santarem","tag-saude-publica","tag-urgencias"],"yoast_head":"<!-- This site is optimized with the Yoast SEO plugin v27.2 - https:\/\/yoast.com\/product\/yoast-seo-wordpress\/ -->\n<title>Aflu\u00eancia elevada sobrecarrega o servi\u00e7o de urg\u00eancia do Hospital de Santar\u00e9m - Portal Tela Portugal<\/title>\n<meta name=\"robots\" content=\"index, follow, max-snippet:-1, max-image-preview:large, max-video-preview:-1\" \/>\n<meta property=\"og:locale\" content=\"pt_PT\" \/>\n<meta property=\"og:type\" content=\"article\" \/>\n<meta property=\"og:title\" content=\"Aflu\u00eancia elevada sobrecarrega o servi\u00e7o de urg\u00eancia do Hospital de Santar\u00e9m - Portal Tela Portugal\" \/>\n<meta property=\"og:description\" content=\"A equipa de enfermagem do Servi\u00e7o de Urg\u00eancia do Hospital de Santar\u00e9m recusou a passagem de turno \u00e0s oito da manh\u00e3 de segunda-feira, em protesto contra a falta de recursos humanos. Nos \u00faltimos dois dias registou-se um pico de aflu\u00eancia \u00e0s Urg\u00eancias devido ao aumento de casos de gripe e infe\u00e7\u00f5es respirat\u00f3rias, sem refor\u00e7o de equipas. O Conselho de Administra\u00e7\u00e3o da Unidade Local de Sa\u00fade Lez\u00edria afirma estar a estudar solu\u00e7\u00f5es para refor\u00e7ar o internamento e as equipas de profissionais de sa\u00fade. Utentes, familiares e profissionais descrevem a situa\u00e7\u00e3o como ca\u00f3tica, com camas ocupadas e doentes espalhados pelos corredores. No s\u00e1bado, macas de bombeiros foram temporariamente retidas para transporte de doentes, situa\u00e7\u00e3o transit\u00f3ria que foi ultrapassada com refor\u00e7o de macas pr\u00f3prias.\" \/>\n<meta property=\"og:url\" content=\"https:\/\/portaltela.pt\/noticias\/2026\/01\/05\/afluencia-elevada-sobrecarrega-o-servico-de-urgencia-do-hospital-de-santarem\/\" \/>\n<meta property=\"og:site_name\" content=\"Portal Tela Portugal\" \/>\n<meta property=\"article:published_time\" content=\"2026-01-06T01:46:14+00:00\" \/>\n<meta name=\"author\" content=\"Telinha\" \/>\n<meta name=\"twitter:card\" content=\"summary_large_image\" \/>\n<meta name=\"twitter:label1\" content=\"Escrito por\" \/>\n\t<meta name=\"twitter:data1\" content=\"Telinha\" \/>\n\t<meta name=\"twitter:label2\" content=\"Tempo estimado de leitura\" \/>\n\t<meta name=\"twitter:data2\" content=\"1 minuto\" \/>\n<script type=\"application\/ld+json\" class=\"yoast-schema-graph\">{\"@context\":\"https:\/\/schema.org\",\"@graph\":[{\"@type\":\"Article\",\"@id\":\"https:\/\/portaltela.pt\/noticias\/2026\/01\/05\/afluencia-elevada-sobrecarrega-o-servico-de-urgencia-do-hospital-de-santarem\/#article\",\"isPartOf\":{\"@id\":\"https:\/\/portaltela.pt\/noticias\/2026\/01\/05\/afluencia-elevada-sobrecarrega-o-servico-de-urgencia-do-hospital-de-santarem\/\"},\"author\":{\"name\":\"Telinha\",\"@id\":\"https:\/\/portaltela.pt\/#\/schema\/person\/c4278d4a6028830caff9ee44b42d32ed\"},\"headline\":\"Aflu\u00eancia elevada sobrecarrega o servi\u00e7o de urg\u00eancia do Hospital de Santar\u00e9m\",\"datePublished\":\"2026-01-06T01:46:14+00:00\",\"mainEntityOfPage\":{\"@id\":\"https:\/\/portaltela.pt\/noticias\/2026\/01\/05\/afluencia-elevada-sobrecarrega-o-servico-de-urgencia-do-hospital-de-santarem\/\"},\"wordCount\":229,\"image\":{\"@id\":\"https:\/\/portaltela.pt\/noticias\/2026\/01\/05\/afluencia-elevada-sobrecarrega-o-servico-de-urgencia-do-hospital-de-santarem\/#primaryimage\"},\"thumbnailUrl\":\"https:\/\/portaltela.pt\/s.01k8rhncp4jt1\/2026\/01\/img_1500x1000uu2023-10-05-18-31-13-1459514.jpg\",\"keywords\":[\"gripe\",\"hospital\",\"infec\u00e7\u00e3o respirat\u00f3ria aguda\",\"Santar\u00e9m\",\"sa\u00fade p\u00fablica\",\"urg\u00eancias\"],\"articleSection\":[\"Not\u00edcias\"],\"inLanguage\":\"pt-PT\"},{\"@type\":\"WebPage\",\"@id\":\"https:\/\/portaltela.pt\/noticias\/2026\/01\/05\/afluencia-elevada-sobrecarrega-o-servico-de-urgencia-do-hospital-de-santarem\/\",\"url\":\"https:\/\/portaltela.pt\/noticias\/2026\/01\/05\/afluencia-elevada-sobrecarrega-o-servico-de-urgencia-do-hospital-de-santarem\/\",\"name\":\"Aflu\u00eancia elevada sobrecarrega o servi\u00e7o de urg\u00eancia do Hospital de Santar\u00e9m - Portal Tela Portugal\",\"isPartOf\":{\"@id\":\"https:\/\/portaltela.pt\/#website\"},\"primaryImageOfPage\":{\"@id\":\"https:\/\/portaltela.pt\/noticias\/2026\/01\/05\/afluencia-elevada-sobrecarrega-o-servico-de-urgencia-do-hospital-de-santarem\/#primaryimage\"},\"image\":{\"@id\":\"https:\/\/portaltela.pt\/noticias\/2026\/01\/05\/afluencia-elevada-sobrecarrega-o-servico-de-urgencia-do-hospital-de-santarem\/#primaryimage\"},\"thumbnailUrl\":\"https:\/\/portaltela.pt\/s.01k8rhncp4jt1\/2026\/01\/img_1500x1000uu2023-10-05-18-31-13-1459514.jpg\",\"datePublished\":\"2026-01-06T01:46:14+00:00\",\"author\":{\"@id\":\"https:\/\/portaltela.pt\/#\/schema\/person\/c4278d4a6028830caff9ee44b42d32ed\"},\"breadcrumb\":{\"@id\":\"https:\/\/portaltela.pt\/noticias\/2026\/01\/05\/afluencia-elevada-sobrecarrega-o-servico-de-urgencia-do-hospital-de-santarem\/#breadcrumb\"},\"inLanguage\":\"pt-PT\",\"potentialAction\":[{\"@type\":\"ReadAction\",\"target\":[\"https:\/\/portaltela.pt\/noticias\/2026\/01\/05\/afluencia-elevada-sobrecarrega-o-servico-de-urgencia-do-hospital-de-santarem\/\"]}]},{\"@type\":\"ImageObject\",\"inLanguage\":\"pt-PT\",\"@id\":\"https:\/\/portaltela.pt\/noticias\/2026\/01\/05\/afluencia-elevada-sobrecarrega-o-servico-de-urgencia-do-hospital-de-santarem\/#primaryimage\",\"url\":\"https:\/\/portaltela.pt\/s.01k8rhncp4jt1\/2026\/01\/img_1500x1000uu2023-10-05-18-31-13-1459514.jpg\",\"contentUrl\":\"https:\/\/portaltela.pt\/s.01k8rhncp4jt1\/2026\/01\/img_1500x1000uu2023-10-05-18-31-13-1459514.jpg\",\"width\":796,\"height\":448,\"caption\":\"Hospital de Santar\u00e9m\"},{\"@type\":\"BreadcrumbList\",\"@id\":\"https:\/\/portaltela.pt\/noticias\/2026\/01\/05\/afluencia-elevada-sobrecarrega-o-servico-de-urgencia-do-hospital-de-santarem\/#breadcrumb\",\"itemListElement\":[{\"@type\":\"ListItem\",\"position\":1,\"name\":\"In\u00edcio\",\"item\":\"https:\/\/portaltela.pt\/\"},{\"@type\":\"ListItem\",\"position\":2,\"name\":\"Aflu\u00eancia elevada sobrecarrega o servi\u00e7o de urg\u00eancia do Hospital de Santar\u00e9m\"}]},{\"@type\":\"WebSite\",\"@id\":\"https:\/\/portaltela.pt\/#website\",\"url\":\"https:\/\/portaltela.pt\/\",\"name\":\"Portal Tela Portugal\",\"description\":\"\",\"potentialAction\":[{\"@type\":\"SearchAction\",\"target\":{\"@type\":\"EntryPoint\",\"urlTemplate\":\"https:\/\/portaltela.pt\/?s={search_term_string}\"},\"query-input\":{\"@type\":\"PropertyValueSpecification\",\"valueRequired\":true,\"valueName\":\"search_term_string\"}}],\"inLanguage\":\"pt-PT\"},{\"@type\":\"Person\",\"@id\":\"https:\/\/portaltela.pt\/#\/schema\/person\/c4278d4a6028830caff9ee44b42d32ed\",\"name\":\"Telinha\",\"image\":{\"@type\":\"ImageObject\",\"inLanguage\":\"pt-PT\",\"@id\":\"https:\/\/portaltela.pt\/s.01k8rhncp4jt1\/2025\/11\/talking-bot-125x125.png\",\"url\":\"https:\/\/portaltela.pt\/s.01k8rhncp4jt1\/2025\/11\/talking-bot-125x125.png\",\"contentUrl\":\"https:\/\/portaltela.pt\/s.01k8rhncp4jt1\/2025\/11\/talking-bot-125x125.png\",\"caption\":\"Telinha\"},\"sameAs\":[\"https:\/\/portaltela.pt\/\"],\"url\":\"https:\/\/portaltela.pt\/por\/367410592786\/\"}]}<\/script>\n<!-- \/ Yoast SEO plugin. -->","yoast_head_json":{"title":"Aflu\u00eancia elevada sobrecarrega o servi\u00e7o de urg\u00eancia do Hospital de Santar\u00e9m - Portal Tela Portugal","robots":{"index":"index","follow":"follow","max-snippet":"max-snippet:-1","max-image-preview":"max-image-preview:large","max-video-preview":"max-video-preview:-1"},"og_locale":"pt_PT","og_type":"article","og_title":"Aflu\u00eancia elevada sobrecarrega o servi\u00e7o de urg\u00eancia do Hospital de Santar\u00e9m - Portal Tela Portugal","og_description":"A equipa de enfermagem do Servi\u00e7o de Urg\u00eancia do Hospital de Santar\u00e9m recusou a passagem de turno \u00e0s oito da manh\u00e3 de segunda-feira, em protesto contra a falta de recursos humanos. Nos \u00faltimos dois dias registou-se um pico de aflu\u00eancia \u00e0s Urg\u00eancias devido ao aumento de casos de gripe e infe\u00e7\u00f5es respirat\u00f3rias, sem refor\u00e7o de equipas. O Conselho de Administra\u00e7\u00e3o da Unidade Local de Sa\u00fade Lez\u00edria afirma estar a estudar solu\u00e7\u00f5es para refor\u00e7ar o internamento e as equipas de profissionais de sa\u00fade. Utentes, familiares e profissionais descrevem a situa\u00e7\u00e3o como ca\u00f3tica, com camas ocupadas e doentes espalhados pelos corredores. No s\u00e1bado, macas de bombeiros foram temporariamente retidas para transporte de doentes, situa\u00e7\u00e3o transit\u00f3ria que foi ultrapassada com refor\u00e7o de macas pr\u00f3prias.","og_url":"https:\/\/portaltela.pt\/noticias\/2026\/01\/05\/afluencia-elevada-sobrecarrega-o-servico-de-urgencia-do-hospital-de-santarem\/","og_site_name":"Portal Tela Portugal","article_published_time":"2026-01-06T01:46:14+00:00","author":"Telinha","twitter_card":"summary_large_image","twitter_misc":{"Escrito por":"Telinha","Tempo estimado de leitura":"1 minuto"},"schema":{"@context":"https:\/\/schema.org","@graph":[{"@type":"Article","@id":"https:\/\/portaltela.pt\/noticias\/2026\/01\/05\/afluencia-elevada-sobrecarrega-o-servico-de-urgencia-do-hospital-de-santarem\/#article","isPartOf":{"@id":"https:\/\/portaltela.pt\/noticias\/2026\/01\/05\/afluencia-elevada-sobrecarrega-o-servico-de-urgencia-do-hospital-de-santarem\/"},"author":{"name":"Telinha","@id":"https:\/\/portaltela.pt\/#\/schema\/person\/c4278d4a6028830caff9ee44b42d32ed"},"headline":"Aflu\u00eancia elevada sobrecarrega o servi\u00e7o de urg\u00eancia do Hospital de Santar\u00e9m","datePublished":"2026-01-06T01:46:14+00:00","mainEntityOfPage":{"@id":"https:\/\/portaltela.pt\/noticias\/2026\/01\/05\/afluencia-elevada-sobrecarrega-o-servico-de-urgencia-do-hospital-de-santarem\/"},"wordCount":229,"image":{"@id":"https:\/\/portaltela.pt\/noticias\/2026\/01\/05\/afluencia-elevada-sobrecarrega-o-servico-de-urgencia-do-hospital-de-santarem\/#primaryimage"},"thumbnailUrl":"https:\/\/portaltela.pt\/s.01k8rhncp4jt1\/2026\/01\/img_1500x1000uu2023-10-05-18-31-13-1459514.jpg","keywords":["gripe","hospital","infec\u00e7\u00e3o respirat\u00f3ria aguda","Santar\u00e9m","sa\u00fade p\u00fablica","urg\u00eancias"],"articleSection":["Not\u00edcias"],"inLanguage":"pt-PT"},{"@type":"WebPage","@id":"https:\/\/portaltela.pt\/noticias\/2026\/01\/05\/afluencia-elevada-sobrecarrega-o-servico-de-urgencia-do-hospital-de-santarem\/","url":"https:\/\/portaltela.pt\/noticias\/2026\/01\/05\/afluencia-elevada-sobrecarrega-o-servico-de-urgencia-do-hospital-de-santarem\/","name":"Aflu\u00eancia elevada sobrecarrega o servi\u00e7o de urg\u00eancia do Hospital de Santar\u00e9m - Portal Tela Portugal","isPartOf":{"@id":"https:\/\/portaltela.pt\/#website"},"primaryImageOfPage":{"@id":"https:\/\/portaltela.pt\/noticias\/2026\/01\/05\/afluencia-elevada-sobrecarrega-o-servico-de-urgencia-do-hospital-de-santarem\/#primaryimage"},"image":{"@id":"https:\/\/portaltela.pt\/noticias\/2026\/01\/05\/afluencia-elevada-sobrecarrega-o-servico-de-urgencia-do-hospital-de-santarem\/#primaryimage"},"thumbnailUrl":"https:\/\/portaltela.pt\/s.01k8rhncp4jt1\/2026\/01\/img_1500x1000uu2023-10-05-18-31-13-1459514.jpg","datePublished":"2026-01-06T01:46:14+00:00","author":{"@id":"https:\/\/portaltela.pt\/#\/schema\/person\/c4278d4a6028830caff9ee44b42d32ed"},"breadcrumb":{"@id":"https:\/\/portaltela.pt\/noticias\/2026\/01\/05\/afluencia-elevada-sobrecarrega-o-servico-de-urgencia-do-hospital-de-santarem\/#breadcrumb"},"inLanguage":"pt-PT","potentialAction":[{"@type":"ReadAction","target":["https:\/\/portaltela.pt\/noticias\/2026\/01\/05\/afluencia-elevada-sobrecarrega-o-servico-de-urgencia-do-hospital-de-santarem\/"]}]},{"@type":"ImageObject","inLanguage":"pt-PT","@id":"https:\/\/portaltela.pt\/noticias\/2026\/01\/05\/afluencia-elevada-sobrecarrega-o-servico-de-urgencia-do-hospital-de-santarem\/#primaryimage","url":"https:\/\/portaltela.pt\/s.01k8rhncp4jt1\/2026\/01\/img_1500x1000uu2023-10-05-18-31-13-1459514.jpg","contentUrl":"https:\/\/portaltela.pt\/s.01k8rhncp4jt1\/2026\/01\/img_1500x1000uu2023-10-05-18-31-13-1459514.jpg","width":796,"height":448,"caption":"Hospital de Santar\u00e9m"},{"@type":"BreadcrumbList","@id":"https:\/\/portaltela.pt\/noticias\/2026\/01\/05\/afluencia-elevada-sobrecarrega-o-servico-de-urgencia-do-hospital-de-santarem\/#breadcrumb","itemListElement":[{"@type":"ListItem","position":1,"name":"In\u00edcio","item":"https:\/\/portaltela.pt\/"},{"@type":"ListItem","position":2,"name":"Aflu\u00eancia elevada sobrecarrega o servi\u00e7o de urg\u00eancia do Hospital de Santar\u00e9m"}]},{"@type":"WebSite","@id":"https:\/\/portaltela.pt\/#website","url":"https:\/\/portaltela.pt\/","name":"Portal Tela Portugal","description":"","potentialAction":[{"@type":"SearchAction","target":{"@type":"EntryPoint","urlTemplate":"https:\/\/portaltela.pt\/?s={search_term_string}"},"query-input":{"@type":"PropertyValueSpecification","valueRequired":true,"valueName":"search_term_string"}}],"inLanguage":"pt-PT"},{"@type":"Person","@id":"https:\/\/portaltela.pt\/#\/schema\/person\/c4278d4a6028830caff9ee44b42d32ed","name":"Telinha","image":{"@type":"ImageObject","inLanguage":"pt-PT","@id":"https:\/\/portaltela.pt\/s.01k8rhncp4jt1\/2025\/11\/talking-bot-125x125.png","url":"https:\/\/portaltela.pt\/s.01k8rhncp4jt1\/2025\/11\/talking-bot-125x125.png","contentUrl":"https:\/\/portaltela.pt\/s.01k8rhncp4jt1\/2025\/11\/talking-bot-125x125.png","caption":"Telinha"},"sameAs":["https:\/\/portaltela.pt\/"],"url":"https:\/\/portaltela.pt\/por\/367410592786\/"}]}},"_links":{"self":[{"href":"https:\/\/portaltela.pt\/api\/wp\/v2\/posts\/119512","targetHints":{"allow":["GET"]}}],"collection":[{"href":"https:\/\/portaltela.pt\/api\/wp\/v2\/posts"}],"about":[{"href":"https:\/\/portaltela.pt\/api\/wp\/v2\/types\/post"}],"author":[{"embeddable":true,"href":"https:\/\/portaltela.pt\/api\/wp\/v2\/users\/2"}],"replies":[{"embeddable":true,"href":"https:\/\/portaltela.pt\/api\/wp\/v2\/comments?post=119512"}],"version-history":[{"count":0,"href":"https:\/\/portaltela.pt\/api\/wp\/v2\/posts\/119512\/revisions"}],"wp:featuredmedia":[{"embeddable":true,"href":"https:\/\/portaltela.pt\/api\/wp\/v2\/media\/119513"}],"wp:attachment":[{"href":"https:\/\/portaltela.pt\/api\/wp\/v2\/media?parent=119512"}],"wp:term":[{"taxonomy":"category","embeddable":true,"href":"https:\/\/portaltela.pt\/api\/wp\/v2\/categories?post=119512"},{"taxonomy":"post_tag","embeddable":true,"href":"https:\/\/portaltela.pt\/api\/wp\/v2\/tags?post=119512"}],"curies":[{"name":"wp","href":"https:\/\/api.w.org\/{rel}","templated":true}]}}