{"id":119479,"date":"2026-01-05T22:30:00","date_gmt":"2026-01-06T01:30:00","guid":{"rendered":"https:\/\/portaltela.pt\/noticias\/2026\/01\/05\/homem-foge-apos-atropelar-idoso-e-tenta-mandar-carro-para-abate\/"},"modified":"2026-01-05T22:30:00","modified_gmt":"2026-01-06T01:30:00","slug":"homem-foge-apos-atropelar-idoso-e-tenta-mandar-carro-para-abate","status":"publish","type":"post","link":"https:\/\/portaltela.pt\/noticias\/2026\/01\/05\/homem-foge-apos-atropelar-idoso-e-tenta-mandar-carro-para-abate\/","title":{"rendered":"Homem foge ap\u00f3s atropelar idoso e tenta mandar carro para abate"},"content":{"rendered":"<p>Um condutor atropelou um homem de 80 anos na EN10, em \u00c1guas de Moura, no dia 30 de julho, e fugiu do local. O corpo ficou no local e apenas um fragmento da viatura permitiu identificar o modelo e o ano de fabrico.<\/p>\n<p>A viatura foi localizada numa propriedade privada a 22 de agosto, ap\u00f3s a tentativa do suspeito de a mandar para abate. A apreens\u00e3o travou o processo de per\u00edcias, que prosseguiu ao longo dos meses.<\/p>\n<p>Nas \u00faltimas semanas, per\u00edcias complementares permitiram identificar o condutor fugitivo. Detido pela GNR de Set\u00fabal na v\u00e9spera da Passagem de Ano, regressou a Portugal para passar o Natal. Est\u00e1 indiciado por homic\u00eddio negligente e omiss\u00e3o de aux\u00edlio, e ficou em liberdade ap\u00f3s ser constitu\u00eddo arguido.<\/p>\n<h3>Atualiza\u00e7\u00e3o<\/h3>\n<p>O suspeito, de 52 anos, tinha fugido para o estrangeiro e regressou \u00e0 zona de Set\u00fabal para passar a quadra festiva com a fam\u00edlia. A investiga\u00e7\u00e3o continua para esclarecer as circunst\u00e2ncias do atropelamento e a eventual responsabiliza\u00e7\u00e3o.<\/p>\n","protected":false},"excerpt":{"rendered":"<ul>\n<li>Em 30 de julho, um condutor atropelou um idoso de 80 anos na EN10, em \u00c1guas de Moura, e fugiu; a v\u00edtima morreu no local.<\/li>\n<li>Restou apenas um fragmento da viatura, crucial para identificar o modelo e o ano de fabrico do ve\u00edculo.<\/li>\n<li>A viatura foi localizada a 22 de agosto numa propriedade privada; o suspeito tentou elimin\u00e1-la ao mandar o carro para abate.<\/li>\n<li>Per\u00edcias complementares permitiram identificar o condutor, detido na v\u00e9spera da Passagem de Ano, que regressou a Portugal para passar o Natal.<\/li>\n<li>Est\u00e1 indiciado por homic\u00eddio negligente e omiss\u00e3o de aux\u00edlio, mas ficou em liberdade ap\u00f3s ser constitu\u00eddo arguido.<\/li>\n<\/ul>\n","protected":false},"author":2,"featured_media":119482,"comment_status":"closed","ping_status":"closed","sticky":false,"template":"","format":"standard","meta":{"footnotes":""},"categories":[1],"tags":[1932,2445,2395,1616,994],"class_list":["post-119479","post","type-post","status-publish","format-standard","has-post-thumbnail","hentry","category-noticias","tag-acidentes-de-viacao","tag-crime-rodoviario","tag-homicidio-involuntario","tag-omissao-de-auxilio","tag-setubal"],"yoast_head":"<!-- This site is optimized with the Yoast SEO plugin v27.2 - https:\/\/yoast.com\/product\/yoast-seo-wordpress\/ -->\n<title>Homem foge ap\u00f3s atropelar idoso e tenta mandar carro para abate - Portal Tela Portugal<\/title>\n<meta name=\"robots\" content=\"index, follow, max-snippet:-1, max-image-preview:large, max-video-preview:-1\" \/>\n<meta property=\"og:locale\" content=\"pt_PT\" \/>\n<meta property=\"og:type\" content=\"article\" \/>\n<meta property=\"og:title\" content=\"Homem foge ap\u00f3s atropelar idoso e tenta mandar carro para abate - Portal Tela Portugal\" \/>\n<meta property=\"og:description\" content=\"Em 30 de julho, um condutor atropelou um idoso de 80 anos na EN10, em \u00c1guas de Moura, e fugiu; a v\u00edtima morreu no local. Restou apenas um fragmento da viatura, crucial para identificar o modelo e o ano de fabrico do ve\u00edculo. A viatura foi localizada a 22 de agosto numa propriedade privada; o suspeito tentou elimin\u00e1-la ao mandar o carro para abate. Per\u00edcias complementares permitiram identificar o condutor, detido na v\u00e9spera da Passagem de Ano, que regressou a Portugal para passar o Natal. Est\u00e1 indiciado por homic\u00eddio negligente e omiss\u00e3o de aux\u00edlio, mas ficou em liberdade ap\u00f3s ser constitu\u00eddo arguido.\" \/>\n<meta property=\"og:url\" content=\"https:\/\/portaltela.pt\/noticias\/2026\/01\/05\/homem-foge-apos-atropelar-idoso-e-tenta-mandar-carro-para-abate\/\" \/>\n<meta property=\"og:site_name\" content=\"Portal Tela Portugal\" \/>\n<meta property=\"article:published_time\" content=\"2026-01-06T01:30:00+00:00\" \/>\n<meta name=\"author\" content=\"Telinha\" \/>\n<meta name=\"twitter:card\" content=\"summary_large_image\" \/>\n<meta name=\"twitter:label1\" content=\"Escrito por\" \/>\n\t<meta name=\"twitter:data1\" content=\"Telinha\" \/>\n\t<meta name=\"twitter:label2\" content=\"Tempo estimado de leitura\" \/>\n\t<meta name=\"twitter:data2\" content=\"1 minuto\" \/>\n<script type=\"application\/ld+json\" class=\"yoast-schema-graph\">{\"@context\":\"https:\/\/schema.org\",\"@graph\":[{\"@type\":\"Article\",\"@id\":\"https:\/\/portaltela.pt\/noticias\/2026\/01\/05\/homem-foge-apos-atropelar-idoso-e-tenta-mandar-carro-para-abate\/#article\",\"isPartOf\":{\"@id\":\"https:\/\/portaltela.pt\/noticias\/2026\/01\/05\/homem-foge-apos-atropelar-idoso-e-tenta-mandar-carro-para-abate\/\"},\"author\":{\"name\":\"Telinha\",\"@id\":\"https:\/\/portaltela.pt\/#\/schema\/person\/c4278d4a6028830caff9ee44b42d32ed\"},\"headline\":\"Homem foge ap\u00f3s atropelar idoso e tenta mandar carro para abate\",\"datePublished\":\"2026-01-06T01:30:00+00:00\",\"mainEntityOfPage\":{\"@id\":\"https:\/\/portaltela.pt\/noticias\/2026\/01\/05\/homem-foge-apos-atropelar-idoso-e-tenta-mandar-carro-para-abate\/\"},\"wordCount\":184,\"image\":{\"@id\":\"https:\/\/portaltela.pt\/noticias\/2026\/01\/05\/homem-foge-apos-atropelar-idoso-e-tenta-mandar-carro-para-abate\/#primaryimage\"},\"thumbnailUrl\":\"https:\/\/portaltela.pt\/s.01k8rhncp4jt1\/2026\/01\/img_1280x721uu2026-01-05-16-10-00-2258182.jpg\",\"keywords\":[\"acidentes de via\u00e7\u00e3o\",\"crime rodovi\u00e1rio\",\"homic\u00eddio involunt\u00e1rio\",\"omiss\u00e3o de aux\u00edlio\",\"Set\u00fabal\"],\"articleSection\":[\"Not\u00edcias\"],\"inLanguage\":\"pt-PT\"},{\"@type\":\"WebPage\",\"@id\":\"https:\/\/portaltela.pt\/noticias\/2026\/01\/05\/homem-foge-apos-atropelar-idoso-e-tenta-mandar-carro-para-abate\/\",\"url\":\"https:\/\/portaltela.pt\/noticias\/2026\/01\/05\/homem-foge-apos-atropelar-idoso-e-tenta-mandar-carro-para-abate\/\",\"name\":\"Homem foge ap\u00f3s atropelar idoso e tenta mandar carro para abate - Portal Tela Portugal\",\"isPartOf\":{\"@id\":\"https:\/\/portaltela.pt\/#website\"},\"primaryImageOfPage\":{\"@id\":\"https:\/\/portaltela.pt\/noticias\/2026\/01\/05\/homem-foge-apos-atropelar-idoso-e-tenta-mandar-carro-para-abate\/#primaryimage\"},\"image\":{\"@id\":\"https:\/\/portaltela.pt\/noticias\/2026\/01\/05\/homem-foge-apos-atropelar-idoso-e-tenta-mandar-carro-para-abate\/#primaryimage\"},\"thumbnailUrl\":\"https:\/\/portaltela.pt\/s.01k8rhncp4jt1\/2026\/01\/img_1280x721uu2026-01-05-16-10-00-2258182.jpg\",\"datePublished\":\"2026-01-06T01:30:00+00:00\",\"author\":{\"@id\":\"https:\/\/portaltela.pt\/#\/schema\/person\/c4278d4a6028830caff9ee44b42d32ed\"},\"breadcrumb\":{\"@id\":\"https:\/\/portaltela.pt\/noticias\/2026\/01\/05\/homem-foge-apos-atropelar-idoso-e-tenta-mandar-carro-para-abate\/#breadcrumb\"},\"inLanguage\":\"pt-PT\",\"potentialAction\":[{\"@type\":\"ReadAction\",\"target\":[\"https:\/\/portaltela.pt\/noticias\/2026\/01\/05\/homem-foge-apos-atropelar-idoso-e-tenta-mandar-carro-para-abate\/\"]}]},{\"@type\":\"ImageObject\",\"inLanguage\":\"pt-PT\",\"@id\":\"https:\/\/portaltela.pt\/noticias\/2026\/01\/05\/homem-foge-apos-atropelar-idoso-e-tenta-mandar-carro-para-abate\/#primaryimage\",\"url\":\"https:\/\/portaltela.pt\/s.01k8rhncp4jt1\/2026\/01\/img_1280x721uu2026-01-05-16-10-00-2258182.jpg\",\"contentUrl\":\"https:\/\/portaltela.pt\/s.01k8rhncp4jt1\/2026\/01\/img_1280x721uu2026-01-05-16-10-00-2258182.jpg\",\"width\":796,\"height\":448,\"caption\":\"Homem detido por homic\u00eddio negligente e omiss\u00e3o de aux\u00edlio ap\u00f3s atropelar mortalmente um idoso\"},{\"@type\":\"BreadcrumbList\",\"@id\":\"https:\/\/portaltela.pt\/noticias\/2026\/01\/05\/homem-foge-apos-atropelar-idoso-e-tenta-mandar-carro-para-abate\/#breadcrumb\",\"itemListElement\":[{\"@type\":\"ListItem\",\"position\":1,\"name\":\"In\u00edcio\",\"item\":\"https:\/\/portaltela.pt\/\"},{\"@type\":\"ListItem\",\"position\":2,\"name\":\"Homem foge ap\u00f3s atropelar idoso e tenta mandar carro para abate\"}]},{\"@type\":\"WebSite\",\"@id\":\"https:\/\/portaltela.pt\/#website\",\"url\":\"https:\/\/portaltela.pt\/\",\"name\":\"Portal Tela Portugal\",\"description\":\"\",\"potentialAction\":[{\"@type\":\"SearchAction\",\"target\":{\"@type\":\"EntryPoint\",\"urlTemplate\":\"https:\/\/portaltela.pt\/?s={search_term_string}\"},\"query-input\":{\"@type\":\"PropertyValueSpecification\",\"valueRequired\":true,\"valueName\":\"search_term_string\"}}],\"inLanguage\":\"pt-PT\"},{\"@type\":\"Person\",\"@id\":\"https:\/\/portaltela.pt\/#\/schema\/person\/c4278d4a6028830caff9ee44b42d32ed\",\"name\":\"Telinha\",\"image\":{\"@type\":\"ImageObject\",\"inLanguage\":\"pt-PT\",\"@id\":\"https:\/\/portaltela.pt\/s.01k8rhncp4jt1\/2025\/11\/talking-bot-125x125.png\",\"url\":\"https:\/\/portaltela.pt\/s.01k8rhncp4jt1\/2025\/11\/talking-bot-125x125.png\",\"contentUrl\":\"https:\/\/portaltela.pt\/s.01k8rhncp4jt1\/2025\/11\/talking-bot-125x125.png\",\"caption\":\"Telinha\"},\"sameAs\":[\"https:\/\/portaltela.pt\/\"],\"url\":\"https:\/\/portaltela.pt\/por\/367410592786\/\"}]}<\/script>\n<!-- \/ Yoast SEO plugin. -->","yoast_head_json":{"title":"Homem foge ap\u00f3s atropelar idoso e tenta mandar carro para abate - Portal Tela Portugal","robots":{"index":"index","follow":"follow","max-snippet":"max-snippet:-1","max-image-preview":"max-image-preview:large","max-video-preview":"max-video-preview:-1"},"og_locale":"pt_PT","og_type":"article","og_title":"Homem foge ap\u00f3s atropelar idoso e tenta mandar carro para abate - Portal Tela Portugal","og_description":"Em 30 de julho, um condutor atropelou um idoso de 80 anos na EN10, em \u00c1guas de Moura, e fugiu; a v\u00edtima morreu no local. Restou apenas um fragmento da viatura, crucial para identificar o modelo e o ano de fabrico do ve\u00edculo. A viatura foi localizada a 22 de agosto numa propriedade privada; o suspeito tentou elimin\u00e1-la ao mandar o carro para abate. Per\u00edcias complementares permitiram identificar o condutor, detido na v\u00e9spera da Passagem de Ano, que regressou a Portugal para passar o Natal. Est\u00e1 indiciado por homic\u00eddio negligente e omiss\u00e3o de aux\u00edlio, mas ficou em liberdade ap\u00f3s ser constitu\u00eddo arguido.","og_url":"https:\/\/portaltela.pt\/noticias\/2026\/01\/05\/homem-foge-apos-atropelar-idoso-e-tenta-mandar-carro-para-abate\/","og_site_name":"Portal Tela Portugal","article_published_time":"2026-01-06T01:30:00+00:00","author":"Telinha","twitter_card":"summary_large_image","twitter_misc":{"Escrito por":"Telinha","Tempo estimado de leitura":"1 minuto"},"schema":{"@context":"https:\/\/schema.org","@graph":[{"@type":"Article","@id":"https:\/\/portaltela.pt\/noticias\/2026\/01\/05\/homem-foge-apos-atropelar-idoso-e-tenta-mandar-carro-para-abate\/#article","isPartOf":{"@id":"https:\/\/portaltela.pt\/noticias\/2026\/01\/05\/homem-foge-apos-atropelar-idoso-e-tenta-mandar-carro-para-abate\/"},"author":{"name":"Telinha","@id":"https:\/\/portaltela.pt\/#\/schema\/person\/c4278d4a6028830caff9ee44b42d32ed"},"headline":"Homem foge ap\u00f3s atropelar idoso e tenta mandar carro para abate","datePublished":"2026-01-06T01:30:00+00:00","mainEntityOfPage":{"@id":"https:\/\/portaltela.pt\/noticias\/2026\/01\/05\/homem-foge-apos-atropelar-idoso-e-tenta-mandar-carro-para-abate\/"},"wordCount":184,"image":{"@id":"https:\/\/portaltela.pt\/noticias\/2026\/01\/05\/homem-foge-apos-atropelar-idoso-e-tenta-mandar-carro-para-abate\/#primaryimage"},"thumbnailUrl":"https:\/\/portaltela.pt\/s.01k8rhncp4jt1\/2026\/01\/img_1280x721uu2026-01-05-16-10-00-2258182.jpg","keywords":["acidentes de via\u00e7\u00e3o","crime rodovi\u00e1rio","homic\u00eddio involunt\u00e1rio","omiss\u00e3o de aux\u00edlio","Set\u00fabal"],"articleSection":["Not\u00edcias"],"inLanguage":"pt-PT"},{"@type":"WebPage","@id":"https:\/\/portaltela.pt\/noticias\/2026\/01\/05\/homem-foge-apos-atropelar-idoso-e-tenta-mandar-carro-para-abate\/","url":"https:\/\/portaltela.pt\/noticias\/2026\/01\/05\/homem-foge-apos-atropelar-idoso-e-tenta-mandar-carro-para-abate\/","name":"Homem foge ap\u00f3s atropelar idoso e tenta mandar carro para abate - Portal Tela Portugal","isPartOf":{"@id":"https:\/\/portaltela.pt\/#website"},"primaryImageOfPage":{"@id":"https:\/\/portaltela.pt\/noticias\/2026\/01\/05\/homem-foge-apos-atropelar-idoso-e-tenta-mandar-carro-para-abate\/#primaryimage"},"image":{"@id":"https:\/\/portaltela.pt\/noticias\/2026\/01\/05\/homem-foge-apos-atropelar-idoso-e-tenta-mandar-carro-para-abate\/#primaryimage"},"thumbnailUrl":"https:\/\/portaltela.pt\/s.01k8rhncp4jt1\/2026\/01\/img_1280x721uu2026-01-05-16-10-00-2258182.jpg","datePublished":"2026-01-06T01:30:00+00:00","author":{"@id":"https:\/\/portaltela.pt\/#\/schema\/person\/c4278d4a6028830caff9ee44b42d32ed"},"breadcrumb":{"@id":"https:\/\/portaltela.pt\/noticias\/2026\/01\/05\/homem-foge-apos-atropelar-idoso-e-tenta-mandar-carro-para-abate\/#breadcrumb"},"inLanguage":"pt-PT","potentialAction":[{"@type":"ReadAction","target":["https:\/\/portaltela.pt\/noticias\/2026\/01\/05\/homem-foge-apos-atropelar-idoso-e-tenta-mandar-carro-para-abate\/"]}]},{"@type":"ImageObject","inLanguage":"pt-PT","@id":"https:\/\/portaltela.pt\/noticias\/2026\/01\/05\/homem-foge-apos-atropelar-idoso-e-tenta-mandar-carro-para-abate\/#primaryimage","url":"https:\/\/portaltela.pt\/s.01k8rhncp4jt1\/2026\/01\/img_1280x721uu2026-01-05-16-10-00-2258182.jpg","contentUrl":"https:\/\/portaltela.pt\/s.01k8rhncp4jt1\/2026\/01\/img_1280x721uu2026-01-05-16-10-00-2258182.jpg","width":796,"height":448,"caption":"Homem detido por homic\u00eddio negligente e omiss\u00e3o de aux\u00edlio ap\u00f3s atropelar mortalmente um idoso"},{"@type":"BreadcrumbList","@id":"https:\/\/portaltela.pt\/noticias\/2026\/01\/05\/homem-foge-apos-atropelar-idoso-e-tenta-mandar-carro-para-abate\/#breadcrumb","itemListElement":[{"@type":"ListItem","position":1,"name":"In\u00edcio","item":"https:\/\/portaltela.pt\/"},{"@type":"ListItem","position":2,"name":"Homem foge ap\u00f3s atropelar idoso e tenta mandar carro para abate"}]},{"@type":"WebSite","@id":"https:\/\/portaltela.pt\/#website","url":"https:\/\/portaltela.pt\/","name":"Portal Tela Portugal","description":"","potentialAction":[{"@type":"SearchAction","target":{"@type":"EntryPoint","urlTemplate":"https:\/\/portaltela.pt\/?s={search_term_string}"},"query-input":{"@type":"PropertyValueSpecification","valueRequired":true,"valueName":"search_term_string"}}],"inLanguage":"pt-PT"},{"@type":"Person","@id":"https:\/\/portaltela.pt\/#\/schema\/person\/c4278d4a6028830caff9ee44b42d32ed","name":"Telinha","image":{"@type":"ImageObject","inLanguage":"pt-PT","@id":"https:\/\/portaltela.pt\/s.01k8rhncp4jt1\/2025\/11\/talking-bot-125x125.png","url":"https:\/\/portaltela.pt\/s.01k8rhncp4jt1\/2025\/11\/talking-bot-125x125.png","contentUrl":"https:\/\/portaltela.pt\/s.01k8rhncp4jt1\/2025\/11\/talking-bot-125x125.png","caption":"Telinha"},"sameAs":["https:\/\/portaltela.pt\/"],"url":"https:\/\/portaltela.pt\/por\/367410592786\/"}]}},"_links":{"self":[{"href":"https:\/\/portaltela.pt\/api\/wp\/v2\/posts\/119479","targetHints":{"allow":["GET"]}}],"collection":[{"href":"https:\/\/portaltela.pt\/api\/wp\/v2\/posts"}],"about":[{"href":"https:\/\/portaltela.pt\/api\/wp\/v2\/types\/post"}],"author":[{"embeddable":true,"href":"https:\/\/portaltela.pt\/api\/wp\/v2\/users\/2"}],"replies":[{"embeddable":true,"href":"https:\/\/portaltela.pt\/api\/wp\/v2\/comments?post=119479"}],"version-history":[{"count":0,"href":"https:\/\/portaltela.pt\/api\/wp\/v2\/posts\/119479\/revisions"}],"wp:featuredmedia":[{"embeddable":true,"href":"https:\/\/portaltela.pt\/api\/wp\/v2\/media\/119482"}],"wp:attachment":[{"href":"https:\/\/portaltela.pt\/api\/wp\/v2\/media?parent=119479"}],"wp:term":[{"taxonomy":"category","embeddable":true,"href":"https:\/\/portaltela.pt\/api\/wp\/v2\/categories?post=119479"},{"taxonomy":"post_tag","embeddable":true,"href":"https:\/\/portaltela.pt\/api\/wp\/v2\/tags?post=119479"}],"curies":[{"name":"wp","href":"https:\/\/api.w.org\/{rel}","templated":true}]}}