{"id":119416,"date":"2026-01-05T20:45:26","date_gmt":"2026-01-05T23:45:26","guid":{"rendered":"https:\/\/portaltela.pt\/noticias\/2026\/01\/05\/seguro-diz-que-voto-a-esquerda-nao-conta-e-pode-favorecer-a-direita\/"},"modified":"2026-01-05T20:45:26","modified_gmt":"2026-01-05T23:45:26","slug":"seguro-diz-que-voto-a-esquerda-nao-conta-e-pode-favorecer-a-direita","status":"publish","type":"post","link":"https:\/\/portaltela.pt\/noticias\/politica\/2026\/01\/05\/seguro-diz-que-voto-a-esquerda-nao-conta-e-pode-favorecer-a-direita\/","title":{"rendered":"Seguro diz que voto \u00e0 esquerda n\u00e3o conta e pode favorecer a direita"},"content":{"rendered":"<p>Ant\u00f3nio Jos\u00e9 Seguro, candidato presidencial apoiado pelo PS, afirmou hoje em Portim\u00e3o que votar em candidatos \u00e0 esquerda do seu espectro n\u00e3o conta, por ser visto como meio voto que pode favorecer a direita. A perspetiva \u00e9 apresentada numa com\u00edcio no Museu de Portim\u00e3o, onde defendeu ser o \u00fanico capaz de derrotar Andr\u00e9 Ventura.<\/p>\n<p>Seguro respondeu a sondagens que apontam a probabilidade de alguns oponentes deixarem de passar \u00e0 segunda volta, dizendo que o voto nesses candidatos n\u00e3o contribui para o objetivo de derrotar a atual lideran\u00e7a. Afirmou que o voto em Jorge Pinto, Ant\u00f3nio Filipe ou Catarina Martins pode, na pr\u00e1tica, favorecer o campo pol\u00edtico que pretende combater.<\/p>\n<p>O candidato afirmou ainda que, para assegurar a passagem \u00e0 segunda volta, \u00e9 necess\u00e1rio considerar as consequ\u00eancias do voto. Sinalizou que h\u00e1 um cen\u00e1rio em que um candidato n\u00e3o consegue chegar aos dois nomes com maior vota\u00e7\u00e3o, destacando a necessidade de apoio \u00e0 sua candidatura.<\/p>\n<p>O com\u00edcio enfatizou a urg\u00eancia das elei\u00e7\u00f5es presidenciais de 18 de janeiro, no contexto de fragmenta\u00e7\u00e3o e polariza\u00e7\u00e3o em Portugal. Seguro descreveu din\u00e2micas pol\u00edticas atuais como diferentes do que se via h\u00e1 50 anos, argumentando que algumas for\u00e7as tentam dividir os portugueses.<\/p>\n<p>Num passo adicional, o socialista sublinhou que, se eleito, a sua maioria seria ef\u00e9mera e que pretende exercer o cargo de forma a representar todos os portugueses, sem exclus\u00f5es. Tamb\u00e9m reiterou que o voto nele n\u00e3o \u00e9 visto como uma aposta arriscada, mas como uma escolha respons\u00e1vel.<\/p>\n<p>As elei\u00e7\u00f5es est\u00e3o marcadas para 18 de janeiro de 2026, altura em que 11 candidatos concorrem ao cargo. Caso nenhum obtenha mais de metade dos votos v\u00e1lidos, haver\u00e1 uma segunda volta em 8 de fevereiro entre os dois mais votados.<\/p>\n<p>Entre os candidatos constam Gouveia e Melo, Lu\u00eds Marques Mendes (PSD\/CDS), Ant\u00f3nio Filipe (PCP), Catarina Martins (Bloco de Esquerda), Ant\u00f3nio Jos\u00e9 Seguro (PS), Humberto Correia, Andr\u00e9 Pestana, Jorge Pinto (Livre), Cotrim Figueiredo (Iniciativa Liberal), Andr\u00e9 Ventura (Chega) e Manuel Jo\u00e3o Vieira. A campanha decorre de 4 a 16 de janeiro, segundo o calend\u00e1rio eleitoral.<\/p>\n","protected":false},"excerpt":{"rendered":"<ul>\n<li>Ant\u00f3nio Jos\u00e9 Seguro afirmou em Portim\u00e3o que o voto nos candidatos apoiados pela esquerda (Livre, PCP e BE) \u201cn\u00e3o conta\u201d porque seria meio voto e poderia favorecer a direita, garantindo ser o \u00fanico capaz de derrotar Andr\u00e9 Ventura.<\/li>\n<li>O candidato referiu sondagens que apontam alguns candidatos sem hip\u00f3tese de passagem \u00e0 segunda volta, dizendo que, se confirmadas, esse voto n\u00e3o conta.<\/li>\n<li>Seguro explicou que votar em Jorge Pinto, Ant\u00f3nio Filipe ou Catarina Martins pode \u201ccontar\u201d contra o campo da esquerda e do centro\u2011esquerda, por representar meio voto.<\/li>\n<li>O candidato destacou a urg\u00eancia das elei\u00e7\u00f5es de 18 de janeiro, numa conjuntura de fragmenta\u00e7\u00e3o e polariza\u00e7\u00e3o, e apelou ao voto consciente para definir quem poder\u00e1 derrotar o advers\u00e1rio na primeira volta.<\/li>\n<li>As presidenciais realizam\u2011se a 18 de janeiro de 2026, com onze candidatos; se nenhum obtiver maioria, segue\u2011se uma segunda volta a 8 de fevereiro entre os dois mais votados; a campanha decorre de 4 a 16 de janeiro.<\/li>\n<\/ul>\n","protected":false},"author":2,"featured_media":119417,"comment_status":"closed","ping_status":"closed","sticky":false,"template":"","format":"standard","meta":{"footnotes":""},"categories":[1,5],"tags":[2453,68,2373,229,1014,2144],"class_list":["post-119416","post","type-post","status-publish","format-standard","has-post-thumbnail","hentry","category-noticias","category-politica","tag-andre-ventura","tag-eleicoes","tag-livre","tag-politica-publica","tag-portugal","tag-ps"],"yoast_head":"<!-- This site is optimized with the Yoast SEO plugin v27.2 - https:\/\/yoast.com\/product\/yoast-seo-wordpress\/ -->\n<title>Seguro diz que voto \u00e0 esquerda n\u00e3o conta e pode favorecer a direita - Portal Tela Portugal<\/title>\n<meta name=\"robots\" content=\"index, follow, max-snippet:-1, max-image-preview:large, max-video-preview:-1\" \/>\n<meta property=\"og:locale\" content=\"pt_PT\" \/>\n<meta property=\"og:type\" content=\"article\" \/>\n<meta property=\"og:title\" content=\"Seguro diz que voto \u00e0 esquerda n\u00e3o conta e pode favorecer a direita - Portal Tela Portugal\" \/>\n<meta property=\"og:description\" content=\"Ant\u00f3nio Jos\u00e9 Seguro afirmou em Portim\u00e3o que o voto nos candidatos apoiados pela esquerda (Livre, PCP e BE) \u201cn\u00e3o conta\u201d porque seria meio voto e poderia favorecer a direita, garantindo ser o \u00fanico capaz de derrotar Andr\u00e9 Ventura. O candidato referiu sondagens que apontam alguns candidatos sem hip\u00f3tese de passagem \u00e0 segunda volta, dizendo que, se confirmadas, esse voto n\u00e3o conta. Seguro explicou que votar em Jorge Pinto, Ant\u00f3nio Filipe ou Catarina Martins pode \u201ccontar\u201d contra o campo da esquerda e do centro\u2011esquerda, por representar meio voto. O candidato destacou a urg\u00eancia das elei\u00e7\u00f5es de 18 de janeiro, numa conjuntura de fragmenta\u00e7\u00e3o e polariza\u00e7\u00e3o, e apelou ao voto consciente para definir quem poder\u00e1 derrotar o advers\u00e1rio na primeira volta. As presidenciais realizam\u2011se a 18 de janeiro de 2026, com onze candidatos; se nenhum obtiver maioria, segue\u2011se uma segunda volta a 8 de fevereiro entre os dois mais votados; a campanha decorre de 4 a 16 de janeiro.\" \/>\n<meta property=\"og:url\" content=\"https:\/\/portaltela.pt\/noticias\/2026\/01\/05\/seguro-diz-que-voto-a-esquerda-nao-conta-e-pode-favorecer-a-direita\/\" \/>\n<meta property=\"og:site_name\" content=\"Portal Tela Portugal\" \/>\n<meta property=\"article:published_time\" content=\"2026-01-05T23:45:26+00:00\" \/>\n<meta name=\"author\" content=\"Telinha\" \/>\n<meta name=\"twitter:card\" content=\"summary_large_image\" \/>\n<meta name=\"twitter:label1\" content=\"Escrito por\" \/>\n\t<meta name=\"twitter:data1\" content=\"Telinha\" \/>\n\t<meta name=\"twitter:label2\" content=\"Tempo estimado de leitura\" \/>\n\t<meta name=\"twitter:data2\" content=\"2 minutos\" \/>\n<script type=\"application\/ld+json\" class=\"yoast-schema-graph\">{\"@context\":\"https:\/\/schema.org\",\"@graph\":[{\"@type\":\"Article\",\"@id\":\"https:\/\/portaltela.pt\/noticias\/2026\/01\/05\/seguro-diz-que-voto-a-esquerda-nao-conta-e-pode-favorecer-a-direita\/#article\",\"isPartOf\":{\"@id\":\"https:\/\/portaltela.pt\/noticias\/2026\/01\/05\/seguro-diz-que-voto-a-esquerda-nao-conta-e-pode-favorecer-a-direita\/\"},\"author\":{\"name\":\"Telinha\",\"@id\":\"https:\/\/portaltela.pt\/#\/schema\/person\/c4278d4a6028830caff9ee44b42d32ed\"},\"headline\":\"Seguro diz que voto \u00e0 esquerda n\u00e3o conta e pode favorecer a direita\",\"datePublished\":\"2026-01-05T23:45:26+00:00\",\"mainEntityOfPage\":{\"@id\":\"https:\/\/portaltela.pt\/noticias\/2026\/01\/05\/seguro-diz-que-voto-a-esquerda-nao-conta-e-pode-favorecer-a-direita\/\"},\"wordCount\":372,\"image\":{\"@id\":\"https:\/\/portaltela.pt\/noticias\/2026\/01\/05\/seguro-diz-que-voto-a-esquerda-nao-conta-e-pode-favorecer-a-direita\/#primaryimage\"},\"thumbnailUrl\":\"https:\/\/portaltela.pt\/s.01k8rhncp4jt1\/2026\/01\/Antonio-Jose-Seguro-1.jpg\",\"keywords\":[\"Andr\u00e9 Ventura\",\"elei\u00e7\u00f5es\",\"Livre\",\"pol\u00edtica p\u00fablica\",\"Portugal\",\"PS\"],\"articleSection\":[\"Not\u00edcias\",\"Pol\u00edtica\"],\"inLanguage\":\"pt-PT\"},{\"@type\":\"WebPage\",\"@id\":\"https:\/\/portaltela.pt\/noticias\/2026\/01\/05\/seguro-diz-que-voto-a-esquerda-nao-conta-e-pode-favorecer-a-direita\/\",\"url\":\"https:\/\/portaltela.pt\/noticias\/2026\/01\/05\/seguro-diz-que-voto-a-esquerda-nao-conta-e-pode-favorecer-a-direita\/\",\"name\":\"Seguro diz que voto \u00e0 esquerda n\u00e3o conta e pode favorecer a direita - Portal Tela Portugal\",\"isPartOf\":{\"@id\":\"https:\/\/portaltela.pt\/#website\"},\"primaryImageOfPage\":{\"@id\":\"https:\/\/portaltela.pt\/noticias\/2026\/01\/05\/seguro-diz-que-voto-a-esquerda-nao-conta-e-pode-favorecer-a-direita\/#primaryimage\"},\"image\":{\"@id\":\"https:\/\/portaltela.pt\/noticias\/2026\/01\/05\/seguro-diz-que-voto-a-esquerda-nao-conta-e-pode-favorecer-a-direita\/#primaryimage\"},\"thumbnailUrl\":\"https:\/\/portaltela.pt\/s.01k8rhncp4jt1\/2026\/01\/Antonio-Jose-Seguro-1.jpg\",\"datePublished\":\"2026-01-05T23:45:26+00:00\",\"author\":{\"@id\":\"https:\/\/portaltela.pt\/#\/schema\/person\/c4278d4a6028830caff9ee44b42d32ed\"},\"breadcrumb\":{\"@id\":\"https:\/\/portaltela.pt\/noticias\/2026\/01\/05\/seguro-diz-que-voto-a-esquerda-nao-conta-e-pode-favorecer-a-direita\/#breadcrumb\"},\"inLanguage\":\"pt-PT\",\"potentialAction\":[{\"@type\":\"ReadAction\",\"target\":[\"https:\/\/portaltela.pt\/noticias\/2026\/01\/05\/seguro-diz-que-voto-a-esquerda-nao-conta-e-pode-favorecer-a-direita\/\"]}]},{\"@type\":\"ImageObject\",\"inLanguage\":\"pt-PT\",\"@id\":\"https:\/\/portaltela.pt\/noticias\/2026\/01\/05\/seguro-diz-que-voto-a-esquerda-nao-conta-e-pode-favorecer-a-direita\/#primaryimage\",\"url\":\"https:\/\/portaltela.pt\/s.01k8rhncp4jt1\/2026\/01\/Antonio-Jose-Seguro-1.jpg\",\"contentUrl\":\"https:\/\/portaltela.pt\/s.01k8rhncp4jt1\/2026\/01\/Antonio-Jose-Seguro-1.jpg\",\"width\":796,\"height\":448,\"caption\":\"Seguro diz que voto \u00e0 sua esquerda \u00abn\u00e3o conta\u00bb e pode favorecer a direita\"},{\"@type\":\"BreadcrumbList\",\"@id\":\"https:\/\/portaltela.pt\/noticias\/2026\/01\/05\/seguro-diz-que-voto-a-esquerda-nao-conta-e-pode-favorecer-a-direita\/#breadcrumb\",\"itemListElement\":[{\"@type\":\"ListItem\",\"position\":1,\"name\":\"In\u00edcio\",\"item\":\"https:\/\/portaltela.pt\/\"},{\"@type\":\"ListItem\",\"position\":2,\"name\":\"Seguro diz que voto \u00e0 esquerda n\u00e3o conta e pode favorecer a direita\"}]},{\"@type\":\"WebSite\",\"@id\":\"https:\/\/portaltela.pt\/#website\",\"url\":\"https:\/\/portaltela.pt\/\",\"name\":\"Portal Tela Portugal\",\"description\":\"\",\"potentialAction\":[{\"@type\":\"SearchAction\",\"target\":{\"@type\":\"EntryPoint\",\"urlTemplate\":\"https:\/\/portaltela.pt\/?s={search_term_string}\"},\"query-input\":{\"@type\":\"PropertyValueSpecification\",\"valueRequired\":true,\"valueName\":\"search_term_string\"}}],\"inLanguage\":\"pt-PT\"},{\"@type\":\"Person\",\"@id\":\"https:\/\/portaltela.pt\/#\/schema\/person\/c4278d4a6028830caff9ee44b42d32ed\",\"name\":\"Telinha\",\"image\":{\"@type\":\"ImageObject\",\"inLanguage\":\"pt-PT\",\"@id\":\"https:\/\/portaltela.pt\/s.01k8rhncp4jt1\/2025\/11\/talking-bot-125x125.png\",\"url\":\"https:\/\/portaltela.pt\/s.01k8rhncp4jt1\/2025\/11\/talking-bot-125x125.png\",\"contentUrl\":\"https:\/\/portaltela.pt\/s.01k8rhncp4jt1\/2025\/11\/talking-bot-125x125.png\",\"caption\":\"Telinha\"},\"sameAs\":[\"https:\/\/portaltela.pt\/\"],\"url\":\"https:\/\/portaltela.pt\/por\/367410592786\/\"}]}<\/script>\n<!-- \/ Yoast SEO plugin. -->","yoast_head_json":{"title":"Seguro diz que voto \u00e0 esquerda n\u00e3o conta e pode favorecer a direita - Portal Tela Portugal","robots":{"index":"index","follow":"follow","max-snippet":"max-snippet:-1","max-image-preview":"max-image-preview:large","max-video-preview":"max-video-preview:-1"},"og_locale":"pt_PT","og_type":"article","og_title":"Seguro diz que voto \u00e0 esquerda n\u00e3o conta e pode favorecer a direita - Portal Tela Portugal","og_description":"Ant\u00f3nio Jos\u00e9 Seguro afirmou em Portim\u00e3o que o voto nos candidatos apoiados pela esquerda (Livre, PCP e BE) \u201cn\u00e3o conta\u201d porque seria meio voto e poderia favorecer a direita, garantindo ser o \u00fanico capaz de derrotar Andr\u00e9 Ventura. O candidato referiu sondagens que apontam alguns candidatos sem hip\u00f3tese de passagem \u00e0 segunda volta, dizendo que, se confirmadas, esse voto n\u00e3o conta. Seguro explicou que votar em Jorge Pinto, Ant\u00f3nio Filipe ou Catarina Martins pode \u201ccontar\u201d contra o campo da esquerda e do centro\u2011esquerda, por representar meio voto. O candidato destacou a urg\u00eancia das elei\u00e7\u00f5es de 18 de janeiro, numa conjuntura de fragmenta\u00e7\u00e3o e polariza\u00e7\u00e3o, e apelou ao voto consciente para definir quem poder\u00e1 derrotar o advers\u00e1rio na primeira volta. As presidenciais realizam\u2011se a 18 de janeiro de 2026, com onze candidatos; se nenhum obtiver maioria, segue\u2011se uma segunda volta a 8 de fevereiro entre os dois mais votados; a campanha decorre de 4 a 16 de janeiro.","og_url":"https:\/\/portaltela.pt\/noticias\/2026\/01\/05\/seguro-diz-que-voto-a-esquerda-nao-conta-e-pode-favorecer-a-direita\/","og_site_name":"Portal Tela Portugal","article_published_time":"2026-01-05T23:45:26+00:00","author":"Telinha","twitter_card":"summary_large_image","twitter_misc":{"Escrito por":"Telinha","Tempo estimado de leitura":"2 minutos"},"schema":{"@context":"https:\/\/schema.org","@graph":[{"@type":"Article","@id":"https:\/\/portaltela.pt\/noticias\/2026\/01\/05\/seguro-diz-que-voto-a-esquerda-nao-conta-e-pode-favorecer-a-direita\/#article","isPartOf":{"@id":"https:\/\/portaltela.pt\/noticias\/2026\/01\/05\/seguro-diz-que-voto-a-esquerda-nao-conta-e-pode-favorecer-a-direita\/"},"author":{"name":"Telinha","@id":"https:\/\/portaltela.pt\/#\/schema\/person\/c4278d4a6028830caff9ee44b42d32ed"},"headline":"Seguro diz que voto \u00e0 esquerda n\u00e3o conta e pode favorecer a direita","datePublished":"2026-01-05T23:45:26+00:00","mainEntityOfPage":{"@id":"https:\/\/portaltela.pt\/noticias\/2026\/01\/05\/seguro-diz-que-voto-a-esquerda-nao-conta-e-pode-favorecer-a-direita\/"},"wordCount":372,"image":{"@id":"https:\/\/portaltela.pt\/noticias\/2026\/01\/05\/seguro-diz-que-voto-a-esquerda-nao-conta-e-pode-favorecer-a-direita\/#primaryimage"},"thumbnailUrl":"https:\/\/portaltela.pt\/s.01k8rhncp4jt1\/2026\/01\/Antonio-Jose-Seguro-1.jpg","keywords":["Andr\u00e9 Ventura","elei\u00e7\u00f5es","Livre","pol\u00edtica p\u00fablica","Portugal","PS"],"articleSection":["Not\u00edcias","Pol\u00edtica"],"inLanguage":"pt-PT"},{"@type":"WebPage","@id":"https:\/\/portaltela.pt\/noticias\/2026\/01\/05\/seguro-diz-que-voto-a-esquerda-nao-conta-e-pode-favorecer-a-direita\/","url":"https:\/\/portaltela.pt\/noticias\/2026\/01\/05\/seguro-diz-que-voto-a-esquerda-nao-conta-e-pode-favorecer-a-direita\/","name":"Seguro diz que voto \u00e0 esquerda n\u00e3o conta e pode favorecer a direita - Portal Tela Portugal","isPartOf":{"@id":"https:\/\/portaltela.pt\/#website"},"primaryImageOfPage":{"@id":"https:\/\/portaltela.pt\/noticias\/2026\/01\/05\/seguro-diz-que-voto-a-esquerda-nao-conta-e-pode-favorecer-a-direita\/#primaryimage"},"image":{"@id":"https:\/\/portaltela.pt\/noticias\/2026\/01\/05\/seguro-diz-que-voto-a-esquerda-nao-conta-e-pode-favorecer-a-direita\/#primaryimage"},"thumbnailUrl":"https:\/\/portaltela.pt\/s.01k8rhncp4jt1\/2026\/01\/Antonio-Jose-Seguro-1.jpg","datePublished":"2026-01-05T23:45:26+00:00","author":{"@id":"https:\/\/portaltela.pt\/#\/schema\/person\/c4278d4a6028830caff9ee44b42d32ed"},"breadcrumb":{"@id":"https:\/\/portaltela.pt\/noticias\/2026\/01\/05\/seguro-diz-que-voto-a-esquerda-nao-conta-e-pode-favorecer-a-direita\/#breadcrumb"},"inLanguage":"pt-PT","potentialAction":[{"@type":"ReadAction","target":["https:\/\/portaltela.pt\/noticias\/2026\/01\/05\/seguro-diz-que-voto-a-esquerda-nao-conta-e-pode-favorecer-a-direita\/"]}]},{"@type":"ImageObject","inLanguage":"pt-PT","@id":"https:\/\/portaltela.pt\/noticias\/2026\/01\/05\/seguro-diz-que-voto-a-esquerda-nao-conta-e-pode-favorecer-a-direita\/#primaryimage","url":"https:\/\/portaltela.pt\/s.01k8rhncp4jt1\/2026\/01\/Antonio-Jose-Seguro-1.jpg","contentUrl":"https:\/\/portaltela.pt\/s.01k8rhncp4jt1\/2026\/01\/Antonio-Jose-Seguro-1.jpg","width":796,"height":448,"caption":"Seguro diz que voto \u00e0 sua esquerda \u00abn\u00e3o conta\u00bb e pode favorecer a direita"},{"@type":"BreadcrumbList","@id":"https:\/\/portaltela.pt\/noticias\/2026\/01\/05\/seguro-diz-que-voto-a-esquerda-nao-conta-e-pode-favorecer-a-direita\/#breadcrumb","itemListElement":[{"@type":"ListItem","position":1,"name":"In\u00edcio","item":"https:\/\/portaltela.pt\/"},{"@type":"ListItem","position":2,"name":"Seguro diz que voto \u00e0 esquerda n\u00e3o conta e pode favorecer a direita"}]},{"@type":"WebSite","@id":"https:\/\/portaltela.pt\/#website","url":"https:\/\/portaltela.pt\/","name":"Portal Tela Portugal","description":"","potentialAction":[{"@type":"SearchAction","target":{"@type":"EntryPoint","urlTemplate":"https:\/\/portaltela.pt\/?s={search_term_string}"},"query-input":{"@type":"PropertyValueSpecification","valueRequired":true,"valueName":"search_term_string"}}],"inLanguage":"pt-PT"},{"@type":"Person","@id":"https:\/\/portaltela.pt\/#\/schema\/person\/c4278d4a6028830caff9ee44b42d32ed","name":"Telinha","image":{"@type":"ImageObject","inLanguage":"pt-PT","@id":"https:\/\/portaltela.pt\/s.01k8rhncp4jt1\/2025\/11\/talking-bot-125x125.png","url":"https:\/\/portaltela.pt\/s.01k8rhncp4jt1\/2025\/11\/talking-bot-125x125.png","contentUrl":"https:\/\/portaltela.pt\/s.01k8rhncp4jt1\/2025\/11\/talking-bot-125x125.png","caption":"Telinha"},"sameAs":["https:\/\/portaltela.pt\/"],"url":"https:\/\/portaltela.pt\/por\/367410592786\/"}]}},"_links":{"self":[{"href":"https:\/\/portaltela.pt\/api\/wp\/v2\/posts\/119416","targetHints":{"allow":["GET"]}}],"collection":[{"href":"https:\/\/portaltela.pt\/api\/wp\/v2\/posts"}],"about":[{"href":"https:\/\/portaltela.pt\/api\/wp\/v2\/types\/post"}],"author":[{"embeddable":true,"href":"https:\/\/portaltela.pt\/api\/wp\/v2\/users\/2"}],"replies":[{"embeddable":true,"href":"https:\/\/portaltela.pt\/api\/wp\/v2\/comments?post=119416"}],"version-history":[{"count":0,"href":"https:\/\/portaltela.pt\/api\/wp\/v2\/posts\/119416\/revisions"}],"wp:featuredmedia":[{"embeddable":true,"href":"https:\/\/portaltela.pt\/api\/wp\/v2\/media\/119417"}],"wp:attachment":[{"href":"https:\/\/portaltela.pt\/api\/wp\/v2\/media?parent=119416"}],"wp:term":[{"taxonomy":"category","embeddable":true,"href":"https:\/\/portaltela.pt\/api\/wp\/v2\/categories?post=119416"},{"taxonomy":"post_tag","embeddable":true,"href":"https:\/\/portaltela.pt\/api\/wp\/v2\/tags?post=119416"}],"curies":[{"name":"wp","href":"https:\/\/api.w.org\/{rel}","templated":true}]}}