{"id":119348,"date":"2026-01-05T20:03:50","date_gmt":"2026-01-05T23:03:50","guid":{"rendered":"https:\/\/portaltela.pt\/noticias\/2026\/01\/05\/seguro-afirma-que-voto-a-esquerda-nao-conta-e-pode-beneficiar-a-direita\/"},"modified":"2026-01-05T20:03:50","modified_gmt":"2026-01-05T23:03:50","slug":"seguro-afirma-que-voto-a-esquerda-nao-conta-e-pode-beneficiar-a-direita","status":"publish","type":"post","link":"https:\/\/portaltela.pt\/noticias\/politica\/2026\/01\/05\/seguro-afirma-que-voto-a-esquerda-nao-conta-e-pode-beneficiar-a-direita\/","title":{"rendered":"Seguro afirma que voto \u00e0 esquerda n\u00e3o conta e pode beneficiar a direita"},"content":{"rendered":"<p>Ant\u00f3nio Jos\u00e9 Seguro, candidato presidencial, afirmou hoje que o voto nos candidatos apoiados pelo Livre, PCP e BE n\u00e3o conta, por ser um meio voto que pode favorecer a direita. A declara\u00e7\u00e3o ocorreu durante um com\u00edcio no Museu de Portim\u00e3o, no distrito de Faro.<\/p>\n<p>Seguro refor\u00e7ou que o voto nesses candidatos pode n\u00e3o contribuir para o crescimento da esquerda e do centro-esquerda, segundo as suas palavras. Sublinhou ainda que a sua candidatura seria a \u00fanica capaz de derrotar Andr\u00e9 Ventura, sem mencionar o nome do advers\u00e1rio.<\/p>\n<p>O candidato explicou que, se as sondagens se confirmarem, determinados candidatos ficar\u00e3o fora da segunda volta, o que torna o voto nesses concorrentes menos relevante para o objetivo de chegar \u00e0 segunda volta. Real\u00e7ou que a escolha pode influenciar o resultado final.<\/p>\n<p>No arranque do discurso, Seguro destacou a urg\u00eancia das elei\u00e7\u00f5es presidenciais de 18 de outubro, referindo-se a um contexto de fragmenta\u00e7\u00e3o e polariza\u00e7\u00e3o em Portugal. Afirmou que a campanha atual tem din\u00e2micas que n\u00e3o eram vistas h\u00e1 50 anos ap\u00f3s o 25 de Abril.<\/p>\n<p>O PS enfatizou que, na segunda volta, apenas os dois mais votados entram, e pediu aos eleitores que ponderem as consequ\u00eancias do seu voto. Garantiu que, se eleito, a sua presid\u00eancia ser\u00e1 de todos os portugueses, com a dissolu\u00e7\u00e3o da maioria eleitoral no momento da elei\u00e7\u00e3o.<\/p>\n<p>As elei\u00e7\u00f5es presidenciais est\u00e3o marcadas para 18 de janeiro de 2026. Caso nenhum candidato obtenha maioria, segue-se uma segunda volta a 8 de fevereiro entre os dois mais votados. S\u00e3o onze candidatos em disputa, incluindo representantes do PS, PSD\/CDS, PCP, Bloco de Esquerda, Livre, Iniciativa Liberal, Chega e outros.<\/p>\n<p>A campanha decorre de 4 a 16 de janeiro de 2026. O conjunto de candidatos inclui Ant\u00f3nio Jos\u00e9 Seguro, Catarina Martins, Ant\u00f3nio Filipe, Jorge Pinto, Lu\u00eds Marques Mendes, Humberto Correia, Andr\u00e9 Pestana, Cotrim Figueiredo, Andr\u00e9 Ventura e Manuel Jo\u00e3o Vieira.<\/p>\n","protected":false},"excerpt":{"rendered":"<ul>\n<li>Ant\u00f3nio Jos\u00e9 Seguro afirmou num com\u00edcio no Museu de Portim\u00e3o, no distrito de Faro, que o voto nos candidatos apoiados pelo Livre, PCP e BE \u00e9 &#8220;meio voto&#8221; e pode ajudar a direita, n\u00e3o contando para a segunda volta.<\/li>\n<li>SegurO disse ser o \u00fanico capaz de derrotar Andr\u00e9 Ventura, vendo o voto nesses candidatos como uma forma de beneficiar o campo pol\u00edtico oposto.<\/li>\n<li>O candidato alertou que, se as sondagens se confirmarem, o voto nesses candidatos \u201cn\u00e3o conta\u201d para a passagem \u00e0 segunda volta, deixando a decis\u00e3o para o dia 18 de janeiro de 2026.<\/li>\n<li>Relembrou que basta que haja apenas um candidato na segunda volta e destacou a necessidade de pensar nas consequ\u00eancias do voto nesse dia, na perspetiva de escolher o candidato mais capaz de vencer na primeira volta.<\/li>\n<li>A elei\u00e7\u00e3o presidencial decorre de 4 a 16 de janeiro, com 11 candidatos; caso nenhum obtenha mais de metade, realiza-se uma segunda volta a 8 de fevereiro entre os dois mais votados.<\/li>\n<\/ul>\n","protected":false},"author":2,"featured_media":119354,"comment_status":"closed","ping_status":"closed","sticky":false,"template":"","format":"standard","meta":{"footnotes":""},"categories":[1,5],"tags":[68,2373,2459,30,2144,2458],"class_list":["post-119348","post","type-post","status-publish","format-standard","has-post-thumbnail","hentry","category-noticias","category-politica","tag-eleicoes","tag-livre","tag-pcp","tag-presidente","tag-ps","tag-psd-cds"],"yoast_head":"<!-- This site is optimized with the Yoast SEO plugin v27.2 - https:\/\/yoast.com\/product\/yoast-seo-wordpress\/ -->\n<title>Seguro afirma que voto \u00e0 esquerda n\u00e3o conta e pode beneficiar a direita - Portal Tela Portugal<\/title>\n<meta name=\"robots\" content=\"index, follow, max-snippet:-1, max-image-preview:large, max-video-preview:-1\" \/>\n<meta property=\"og:locale\" content=\"pt_PT\" \/>\n<meta property=\"og:type\" content=\"article\" \/>\n<meta property=\"og:title\" content=\"Seguro afirma que voto \u00e0 esquerda n\u00e3o conta e pode beneficiar a direita - Portal Tela Portugal\" \/>\n<meta property=\"og:description\" content=\"Ant\u00f3nio Jos\u00e9 Seguro afirmou num com\u00edcio no Museu de Portim\u00e3o, no distrito de Faro, que o voto nos candidatos apoiados pelo Livre, PCP e BE \u00e9 &quot;meio voto&quot; e pode ajudar a direita, n\u00e3o contando para a segunda volta. SegurO disse ser o \u00fanico capaz de derrotar Andr\u00e9 Ventura, vendo o voto nesses candidatos como uma forma de beneficiar o campo pol\u00edtico oposto. O candidato alertou que, se as sondagens se confirmarem, o voto nesses candidatos \u201cn\u00e3o conta\u201d para a passagem \u00e0 segunda volta, deixando a decis\u00e3o para o dia 18 de janeiro de 2026. Relembrou que basta que haja apenas um candidato na segunda volta e destacou a necessidade de pensar nas consequ\u00eancias do voto nesse dia, na perspetiva de escolher o candidato mais capaz de vencer na primeira volta. A elei\u00e7\u00e3o presidencial decorre de 4 a 16 de janeiro, com 11 candidatos; caso nenhum obtenha mais de metade, realiza-se uma segunda volta a 8 de fevereiro entre os dois mais votados.\" \/>\n<meta property=\"og:url\" content=\"https:\/\/portaltela.pt\/noticias\/2026\/01\/05\/seguro-afirma-que-voto-a-esquerda-nao-conta-e-pode-beneficiar-a-direita\/\" \/>\n<meta property=\"og:site_name\" content=\"Portal Tela Portugal\" \/>\n<meta property=\"article:published_time\" content=\"2026-01-05T23:03:50+00:00\" \/>\n<meta name=\"author\" content=\"Telinha\" \/>\n<meta name=\"twitter:card\" content=\"summary_large_image\" \/>\n<meta name=\"twitter:label1\" content=\"Escrito por\" \/>\n\t<meta name=\"twitter:data1\" content=\"Telinha\" \/>\n\t<meta name=\"twitter:label2\" content=\"Tempo estimado de leitura\" \/>\n\t<meta name=\"twitter:data2\" content=\"2 minutos\" \/>\n<script type=\"application\/ld+json\" class=\"yoast-schema-graph\">{\"@context\":\"https:\/\/schema.org\",\"@graph\":[{\"@type\":\"Article\",\"@id\":\"https:\/\/portaltela.pt\/noticias\/2026\/01\/05\/seguro-afirma-que-voto-a-esquerda-nao-conta-e-pode-beneficiar-a-direita\/#article\",\"isPartOf\":{\"@id\":\"https:\/\/portaltela.pt\/noticias\/2026\/01\/05\/seguro-afirma-que-voto-a-esquerda-nao-conta-e-pode-beneficiar-a-direita\/\"},\"author\":{\"name\":\"Telinha\",\"@id\":\"https:\/\/portaltela.pt\/#\/schema\/person\/c4278d4a6028830caff9ee44b42d32ed\"},\"headline\":\"Seguro afirma que voto \u00e0 esquerda n\u00e3o conta e pode beneficiar a direita\",\"datePublished\":\"2026-01-05T23:03:50+00:00\",\"mainEntityOfPage\":{\"@id\":\"https:\/\/portaltela.pt\/noticias\/2026\/01\/05\/seguro-afirma-que-voto-a-esquerda-nao-conta-e-pode-beneficiar-a-direita\/\"},\"wordCount\":339,\"image\":{\"@id\":\"https:\/\/portaltela.pt\/noticias\/2026\/01\/05\/seguro-afirma-que-voto-a-esquerda-nao-conta-e-pode-beneficiar-a-direita\/#primaryimage\"},\"thumbnailUrl\":\"https:\/\/portaltela.pt\/s.01k8rhncp4jt1\/2026\/01\/unnamed-file-925.jpg\",\"keywords\":[\"elei\u00e7\u00f5es\",\"Livre\",\"PCP\",\"presidente\",\"PS\",\"PSD\/CDS\"],\"articleSection\":[\"Not\u00edcias\",\"Pol\u00edtica\"],\"inLanguage\":\"pt-PT\"},{\"@type\":\"WebPage\",\"@id\":\"https:\/\/portaltela.pt\/noticias\/2026\/01\/05\/seguro-afirma-que-voto-a-esquerda-nao-conta-e-pode-beneficiar-a-direita\/\",\"url\":\"https:\/\/portaltela.pt\/noticias\/2026\/01\/05\/seguro-afirma-que-voto-a-esquerda-nao-conta-e-pode-beneficiar-a-direita\/\",\"name\":\"Seguro afirma que voto \u00e0 esquerda n\u00e3o conta e pode beneficiar a direita - Portal Tela Portugal\",\"isPartOf\":{\"@id\":\"https:\/\/portaltela.pt\/#website\"},\"primaryImageOfPage\":{\"@id\":\"https:\/\/portaltela.pt\/noticias\/2026\/01\/05\/seguro-afirma-que-voto-a-esquerda-nao-conta-e-pode-beneficiar-a-direita\/#primaryimage\"},\"image\":{\"@id\":\"https:\/\/portaltela.pt\/noticias\/2026\/01\/05\/seguro-afirma-que-voto-a-esquerda-nao-conta-e-pode-beneficiar-a-direita\/#primaryimage\"},\"thumbnailUrl\":\"https:\/\/portaltela.pt\/s.01k8rhncp4jt1\/2026\/01\/unnamed-file-925.jpg\",\"datePublished\":\"2026-01-05T23:03:50+00:00\",\"author\":{\"@id\":\"https:\/\/portaltela.pt\/#\/schema\/person\/c4278d4a6028830caff9ee44b42d32ed\"},\"breadcrumb\":{\"@id\":\"https:\/\/portaltela.pt\/noticias\/2026\/01\/05\/seguro-afirma-que-voto-a-esquerda-nao-conta-e-pode-beneficiar-a-direita\/#breadcrumb\"},\"inLanguage\":\"pt-PT\",\"potentialAction\":[{\"@type\":\"ReadAction\",\"target\":[\"https:\/\/portaltela.pt\/noticias\/2026\/01\/05\/seguro-afirma-que-voto-a-esquerda-nao-conta-e-pode-beneficiar-a-direita\/\"]}]},{\"@type\":\"ImageObject\",\"inLanguage\":\"pt-PT\",\"@id\":\"https:\/\/portaltela.pt\/noticias\/2026\/01\/05\/seguro-afirma-que-voto-a-esquerda-nao-conta-e-pode-beneficiar-a-direita\/#primaryimage\",\"url\":\"https:\/\/portaltela.pt\/s.01k8rhncp4jt1\/2026\/01\/unnamed-file-925.jpg\",\"contentUrl\":\"https:\/\/portaltela.pt\/s.01k8rhncp4jt1\/2026\/01\/unnamed-file-925.jpg\",\"width\":796,\"height\":448,\"caption\":\"Seguro alerta que voto \u00e0 sua esquerda \\\"n\u00e3o conta\\\" e pode ajudar a direita\"},{\"@type\":\"BreadcrumbList\",\"@id\":\"https:\/\/portaltela.pt\/noticias\/2026\/01\/05\/seguro-afirma-que-voto-a-esquerda-nao-conta-e-pode-beneficiar-a-direita\/#breadcrumb\",\"itemListElement\":[{\"@type\":\"ListItem\",\"position\":1,\"name\":\"In\u00edcio\",\"item\":\"https:\/\/portaltela.pt\/\"},{\"@type\":\"ListItem\",\"position\":2,\"name\":\"Seguro afirma que voto \u00e0 esquerda n\u00e3o conta e pode beneficiar a direita\"}]},{\"@type\":\"WebSite\",\"@id\":\"https:\/\/portaltela.pt\/#website\",\"url\":\"https:\/\/portaltela.pt\/\",\"name\":\"Portal Tela Portugal\",\"description\":\"\",\"potentialAction\":[{\"@type\":\"SearchAction\",\"target\":{\"@type\":\"EntryPoint\",\"urlTemplate\":\"https:\/\/portaltela.pt\/?s={search_term_string}\"},\"query-input\":{\"@type\":\"PropertyValueSpecification\",\"valueRequired\":true,\"valueName\":\"search_term_string\"}}],\"inLanguage\":\"pt-PT\"},{\"@type\":\"Person\",\"@id\":\"https:\/\/portaltela.pt\/#\/schema\/person\/c4278d4a6028830caff9ee44b42d32ed\",\"name\":\"Telinha\",\"image\":{\"@type\":\"ImageObject\",\"inLanguage\":\"pt-PT\",\"@id\":\"https:\/\/portaltela.pt\/s.01k8rhncp4jt1\/2025\/11\/talking-bot-125x125.png\",\"url\":\"https:\/\/portaltela.pt\/s.01k8rhncp4jt1\/2025\/11\/talking-bot-125x125.png\",\"contentUrl\":\"https:\/\/portaltela.pt\/s.01k8rhncp4jt1\/2025\/11\/talking-bot-125x125.png\",\"caption\":\"Telinha\"},\"sameAs\":[\"https:\/\/portaltela.pt\/\"],\"url\":\"https:\/\/portaltela.pt\/por\/367410592786\/\"}]}<\/script>\n<!-- \/ Yoast SEO plugin. -->","yoast_head_json":{"title":"Seguro afirma que voto \u00e0 esquerda n\u00e3o conta e pode beneficiar a direita - Portal Tela Portugal","robots":{"index":"index","follow":"follow","max-snippet":"max-snippet:-1","max-image-preview":"max-image-preview:large","max-video-preview":"max-video-preview:-1"},"og_locale":"pt_PT","og_type":"article","og_title":"Seguro afirma que voto \u00e0 esquerda n\u00e3o conta e pode beneficiar a direita - Portal Tela Portugal","og_description":"Ant\u00f3nio Jos\u00e9 Seguro afirmou num com\u00edcio no Museu de Portim\u00e3o, no distrito de Faro, que o voto nos candidatos apoiados pelo Livre, PCP e BE \u00e9 \"meio voto\" e pode ajudar a direita, n\u00e3o contando para a segunda volta. SegurO disse ser o \u00fanico capaz de derrotar Andr\u00e9 Ventura, vendo o voto nesses candidatos como uma forma de beneficiar o campo pol\u00edtico oposto. O candidato alertou que, se as sondagens se confirmarem, o voto nesses candidatos \u201cn\u00e3o conta\u201d para a passagem \u00e0 segunda volta, deixando a decis\u00e3o para o dia 18 de janeiro de 2026. Relembrou que basta que haja apenas um candidato na segunda volta e destacou a necessidade de pensar nas consequ\u00eancias do voto nesse dia, na perspetiva de escolher o candidato mais capaz de vencer na primeira volta. A elei\u00e7\u00e3o presidencial decorre de 4 a 16 de janeiro, com 11 candidatos; caso nenhum obtenha mais de metade, realiza-se uma segunda volta a 8 de fevereiro entre os dois mais votados.","og_url":"https:\/\/portaltela.pt\/noticias\/2026\/01\/05\/seguro-afirma-que-voto-a-esquerda-nao-conta-e-pode-beneficiar-a-direita\/","og_site_name":"Portal Tela Portugal","article_published_time":"2026-01-05T23:03:50+00:00","author":"Telinha","twitter_card":"summary_large_image","twitter_misc":{"Escrito por":"Telinha","Tempo estimado de leitura":"2 minutos"},"schema":{"@context":"https:\/\/schema.org","@graph":[{"@type":"Article","@id":"https:\/\/portaltela.pt\/noticias\/2026\/01\/05\/seguro-afirma-que-voto-a-esquerda-nao-conta-e-pode-beneficiar-a-direita\/#article","isPartOf":{"@id":"https:\/\/portaltela.pt\/noticias\/2026\/01\/05\/seguro-afirma-que-voto-a-esquerda-nao-conta-e-pode-beneficiar-a-direita\/"},"author":{"name":"Telinha","@id":"https:\/\/portaltela.pt\/#\/schema\/person\/c4278d4a6028830caff9ee44b42d32ed"},"headline":"Seguro afirma que voto \u00e0 esquerda n\u00e3o conta e pode beneficiar a direita","datePublished":"2026-01-05T23:03:50+00:00","mainEntityOfPage":{"@id":"https:\/\/portaltela.pt\/noticias\/2026\/01\/05\/seguro-afirma-que-voto-a-esquerda-nao-conta-e-pode-beneficiar-a-direita\/"},"wordCount":339,"image":{"@id":"https:\/\/portaltela.pt\/noticias\/2026\/01\/05\/seguro-afirma-que-voto-a-esquerda-nao-conta-e-pode-beneficiar-a-direita\/#primaryimage"},"thumbnailUrl":"https:\/\/portaltela.pt\/s.01k8rhncp4jt1\/2026\/01\/unnamed-file-925.jpg","keywords":["elei\u00e7\u00f5es","Livre","PCP","presidente","PS","PSD\/CDS"],"articleSection":["Not\u00edcias","Pol\u00edtica"],"inLanguage":"pt-PT"},{"@type":"WebPage","@id":"https:\/\/portaltela.pt\/noticias\/2026\/01\/05\/seguro-afirma-que-voto-a-esquerda-nao-conta-e-pode-beneficiar-a-direita\/","url":"https:\/\/portaltela.pt\/noticias\/2026\/01\/05\/seguro-afirma-que-voto-a-esquerda-nao-conta-e-pode-beneficiar-a-direita\/","name":"Seguro afirma que voto \u00e0 esquerda n\u00e3o conta e pode beneficiar a direita - Portal Tela Portugal","isPartOf":{"@id":"https:\/\/portaltela.pt\/#website"},"primaryImageOfPage":{"@id":"https:\/\/portaltela.pt\/noticias\/2026\/01\/05\/seguro-afirma-que-voto-a-esquerda-nao-conta-e-pode-beneficiar-a-direita\/#primaryimage"},"image":{"@id":"https:\/\/portaltela.pt\/noticias\/2026\/01\/05\/seguro-afirma-que-voto-a-esquerda-nao-conta-e-pode-beneficiar-a-direita\/#primaryimage"},"thumbnailUrl":"https:\/\/portaltela.pt\/s.01k8rhncp4jt1\/2026\/01\/unnamed-file-925.jpg","datePublished":"2026-01-05T23:03:50+00:00","author":{"@id":"https:\/\/portaltela.pt\/#\/schema\/person\/c4278d4a6028830caff9ee44b42d32ed"},"breadcrumb":{"@id":"https:\/\/portaltela.pt\/noticias\/2026\/01\/05\/seguro-afirma-que-voto-a-esquerda-nao-conta-e-pode-beneficiar-a-direita\/#breadcrumb"},"inLanguage":"pt-PT","potentialAction":[{"@type":"ReadAction","target":["https:\/\/portaltela.pt\/noticias\/2026\/01\/05\/seguro-afirma-que-voto-a-esquerda-nao-conta-e-pode-beneficiar-a-direita\/"]}]},{"@type":"ImageObject","inLanguage":"pt-PT","@id":"https:\/\/portaltela.pt\/noticias\/2026\/01\/05\/seguro-afirma-que-voto-a-esquerda-nao-conta-e-pode-beneficiar-a-direita\/#primaryimage","url":"https:\/\/portaltela.pt\/s.01k8rhncp4jt1\/2026\/01\/unnamed-file-925.jpg","contentUrl":"https:\/\/portaltela.pt\/s.01k8rhncp4jt1\/2026\/01\/unnamed-file-925.jpg","width":796,"height":448,"caption":"Seguro alerta que voto \u00e0 sua esquerda \"n\u00e3o conta\" e pode ajudar a direita"},{"@type":"BreadcrumbList","@id":"https:\/\/portaltela.pt\/noticias\/2026\/01\/05\/seguro-afirma-que-voto-a-esquerda-nao-conta-e-pode-beneficiar-a-direita\/#breadcrumb","itemListElement":[{"@type":"ListItem","position":1,"name":"In\u00edcio","item":"https:\/\/portaltela.pt\/"},{"@type":"ListItem","position":2,"name":"Seguro afirma que voto \u00e0 esquerda n\u00e3o conta e pode beneficiar a direita"}]},{"@type":"WebSite","@id":"https:\/\/portaltela.pt\/#website","url":"https:\/\/portaltela.pt\/","name":"Portal Tela Portugal","description":"","potentialAction":[{"@type":"SearchAction","target":{"@type":"EntryPoint","urlTemplate":"https:\/\/portaltela.pt\/?s={search_term_string}"},"query-input":{"@type":"PropertyValueSpecification","valueRequired":true,"valueName":"search_term_string"}}],"inLanguage":"pt-PT"},{"@type":"Person","@id":"https:\/\/portaltela.pt\/#\/schema\/person\/c4278d4a6028830caff9ee44b42d32ed","name":"Telinha","image":{"@type":"ImageObject","inLanguage":"pt-PT","@id":"https:\/\/portaltela.pt\/s.01k8rhncp4jt1\/2025\/11\/talking-bot-125x125.png","url":"https:\/\/portaltela.pt\/s.01k8rhncp4jt1\/2025\/11\/talking-bot-125x125.png","contentUrl":"https:\/\/portaltela.pt\/s.01k8rhncp4jt1\/2025\/11\/talking-bot-125x125.png","caption":"Telinha"},"sameAs":["https:\/\/portaltela.pt\/"],"url":"https:\/\/portaltela.pt\/por\/367410592786\/"}]}},"_links":{"self":[{"href":"https:\/\/portaltela.pt\/api\/wp\/v2\/posts\/119348","targetHints":{"allow":["GET"]}}],"collection":[{"href":"https:\/\/portaltela.pt\/api\/wp\/v2\/posts"}],"about":[{"href":"https:\/\/portaltela.pt\/api\/wp\/v2\/types\/post"}],"author":[{"embeddable":true,"href":"https:\/\/portaltela.pt\/api\/wp\/v2\/users\/2"}],"replies":[{"embeddable":true,"href":"https:\/\/portaltela.pt\/api\/wp\/v2\/comments?post=119348"}],"version-history":[{"count":0,"href":"https:\/\/portaltela.pt\/api\/wp\/v2\/posts\/119348\/revisions"}],"wp:featuredmedia":[{"embeddable":true,"href":"https:\/\/portaltela.pt\/api\/wp\/v2\/media\/119354"}],"wp:attachment":[{"href":"https:\/\/portaltela.pt\/api\/wp\/v2\/media?parent=119348"}],"wp:term":[{"taxonomy":"category","embeddable":true,"href":"https:\/\/portaltela.pt\/api\/wp\/v2\/categories?post=119348"},{"taxonomy":"post_tag","embeddable":true,"href":"https:\/\/portaltela.pt\/api\/wp\/v2\/tags?post=119348"}],"curies":[{"name":"wp","href":"https:\/\/api.w.org\/{rel}","templated":true}]}}