{"id":119098,"date":"2026-01-05T17:37:50","date_gmt":"2026-01-05T20:37:50","guid":{"rendered":"https:\/\/portaltela.pt\/noticias\/2026\/01\/05\/tribunal-rejeita-suspensao-da-retirada-de-cartazes-ventura-fala-em-injustica-2\/"},"modified":"2026-01-05T17:37:50","modified_gmt":"2026-01-05T20:37:50","slug":"tribunal-rejeita-suspensao-da-retirada-de-cartazes-ventura-fala-em-injustica-2","status":"publish","type":"post","link":"https:\/\/portaltela.pt\/noticias\/politica\/2026\/01\/05\/tribunal-rejeita-suspensao-da-retirada-de-cartazes-ventura-fala-em-injustica-2\/","title":{"rendered":"Tribunal rejeita suspens\u00e3o da retirada de cartazes; Ventura fala em injusti\u00e7a"},"content":{"rendered":"<p>O Tribunal C\u00edvel de Lisboa rejeitou hoje o pedido de suspens\u00e3o da retirada de cartazes de Andr\u00e9 Ventura que visavam a comunidade cigana. A decis\u00e3o mant\u00e9m a remo\u00e7\u00e3o em vigor enquanto o recurso ainda n\u00e3o \u00e9 apreciado. Ventura afirmou aceitar a decis\u00e3o, mas considerou-a injusta.<\/p>\n<p>A ju\u00edza Ana Bar\u00e3o entendeu que o candidato tem direito a recorrer, mas n\u00e3o pode obter o efeito suspensivo previsto no C\u00f3digo de Processo Civil. Argumentou ainda que o recorrente n\u00e3o detalhou de que forma a retirada lhe causaria um preju\u00edzo grave e repar\u00e1vel e n\u00e3o ofereceu cau\u00e7\u00e3o.<\/p>\n<p>Al\u00e9m disso, a magistrada sustenta que deve prevalecer o direito ao bom nome, \u00e0 imagem e \u00e0 reputa\u00e7\u00e3o, mantendo o direito de Ventura de prosseguir com a campanha eleitoral. A decis\u00e3o aponta ainda que o direito de exercer a campanha continua a ser assegurado.<\/p>\n<h3>Rea\u00e7\u00e3o de Ventura<\/h3>\n<p>\u00c0 chegada a Vendas Novas, para uma arruada, Ventura classificou a decis\u00e3o como injusta e lament\u00e1vel, dizendo que n\u00e3o deveria impedir o recurso. Em declara\u00e7\u00f5es aos jornalistas, afirmou que voltaria a colocar cartazes com a mensagem contestada, caso o cen\u00e1rio se repetisse.<\/p>\n<p>O candidato presidencial informou que vai acatar a decis\u00e3o, mas indicou ter mandado remover de imediato todos os cartazes que se dirigiam \u00e0 comunidade cigana. N\u00e3o especificou, por\u00e9m, quantos cartazes permaneciam afixados nem em que distritos.<\/p>\n<h3>Situa\u00e7\u00e3o de cartazes e mem\u00f3rias p\u00fablicas<\/h3>\n<p>Bruno Gon\u00e7alves, da associa\u00e7\u00e3o cigana que apresentou a queixa, indicou que, segundo informa\u00e7\u00f5es recolhidas, j\u00e1 n\u00e3o havia cartazes na rua com a refer\u00eancia \u00e0 comunidade cigana, at\u00e9 30 de dezembro de 2025. Ele referiu ainda a exist\u00eancia de um \u00fanico cartaz em Vila Nova de Milfontes, com a refer\u00eancia alterada para uma formula\u00e7\u00e3o gen\u00e9rica sobre as minorias.<\/p>\n<p>A associa\u00e7\u00e3o ressalvou que as ofensas superam a liberdade de express\u00e3o e criticou a falta de details no modo como o cumprimento da decis\u00e3o afetaria a campanha, alegando recursos amplos e ampla cobertura medi\u00e1tica.<\/p>\n<h3>Perspetiva jur\u00eddica<\/h3>\n<p>A decis\u00e3o do Tribunal de Lisboa sustenta que a restri\u00e7\u00e3o de express\u00e3o se justifica no caso concreto face \u00e0 proibi\u00e7\u00e3o de discrimina\u00e7\u00e3o por etnia, com base na Conven\u00e7\u00e3o Europeia dos Direitos Humanos. Ventura contemplou ainda a possibilidade de levar o caso ao Tribunal Constitucional, alegando viola\u00e7\u00e3o da liberdade de express\u00e3o e da a\u00e7\u00e3o pol\u00edtica.<\/p>\n<p>Num breve balan\u00e7o de campo, a arruada em Vendas Novas transcorreu sem grandes incidentes, com alguns transeuntes a cruzarem-se com o candidato, que destacou a sua disposi\u00e7\u00e3o de seguir com a campanha.<\/p>\n","protected":false},"excerpt":{"rendered":"<ul>\n<li>O Tribunal C\u00edvel de Lisboa rejeitou o pedido de suspens\u00e3o da retirada de cartazes de Andr\u00e9 Ventura que visavam a comunidade cigana, decis\u00e3o que o candidato classificou como injusta, mas indicou que ir\u00e1 acatar.<\/li>\n<li>A ju\u00edza Ana Bar\u00e3o entendeu que o candidato tem direito a recorrer, mas n\u00e3o pode obter o efeito suspensivo, que n\u00e3o se aplica ao caso segundo o C\u00f3digo de Processo Civil.<\/li>\n<li>A ju\u00edza tamb\u00e9m afirmou que Ventura n\u00e3o demonstrou como a retirada dos cartazes lhe causaria um preju\u00edzo grave e n\u00e3o ofereceu cau\u00e7\u00e3o, mantendo o direito ao bom nome, imagem e reputa\u00e7\u00e3o e a campanha eleitoral.<\/li>\n<li>Ventura, ao chegar a Vendas Novas para uma arruada, chamou a decis\u00e3o de injusta e lament\u00e1vel, dizendo que voltaria a colocar cartazes com a mensagem contra ciganos e que ir\u00e1 acatar a decis\u00e3o de remo\u00e7\u00e3o.<\/li>\n<li>Associa\u00e7\u00f5es ciganas queixosas contestam a decis\u00e3o, alegando que as ofensas ultrapassam a liberdade de express\u00e3o e questionam como o cumprimento da ordem afetaria de forma grave a campanha; o caso pode seguir para recurso e potencialmente para o Tribunal Constitucional.<\/li>\n<\/ul>\n","protected":false},"author":2,"featured_media":119100,"comment_status":"closed","ping_status":"closed","sticky":false,"template":"","format":"standard","meta":{"footnotes":""},"categories":[1,5],"tags":[2453,823,1428,1695,1614,52],"class_list":["post-119098","post","type-post","status-publish","format-standard","has-post-thumbnail","hentry","category-noticias","category-politica","tag-andre-ventura","tag-campanha","tag-direitos-publicos","tag-discriminacao","tag-discriminacao-agravada","tag-tribunal"],"yoast_head":"<!-- This site is optimized with the Yoast SEO plugin v27.2 - https:\/\/yoast.com\/product\/yoast-seo-wordpress\/ -->\n<title>Tribunal rejeita suspens\u00e3o da retirada de cartazes; Ventura fala em injusti\u00e7a - Portal Tela Portugal<\/title>\n<meta name=\"robots\" content=\"index, follow, max-snippet:-1, max-image-preview:large, max-video-preview:-1\" \/>\n<meta property=\"og:locale\" content=\"pt_PT\" \/>\n<meta property=\"og:type\" content=\"article\" \/>\n<meta property=\"og:title\" content=\"Tribunal rejeita suspens\u00e3o da retirada de cartazes; Ventura fala em injusti\u00e7a - Portal Tela Portugal\" \/>\n<meta property=\"og:description\" content=\"O Tribunal C\u00edvel de Lisboa rejeitou o pedido de suspens\u00e3o da retirada de cartazes de Andr\u00e9 Ventura que visavam a comunidade cigana, decis\u00e3o que o candidato classificou como injusta, mas indicou que ir\u00e1 acatar. A ju\u00edza Ana Bar\u00e3o entendeu que o candidato tem direito a recorrer, mas n\u00e3o pode obter o efeito suspensivo, que n\u00e3o se aplica ao caso segundo o C\u00f3digo de Processo Civil. A ju\u00edza tamb\u00e9m afirmou que Ventura n\u00e3o demonstrou como a retirada dos cartazes lhe causaria um preju\u00edzo grave e n\u00e3o ofereceu cau\u00e7\u00e3o, mantendo o direito ao bom nome, imagem e reputa\u00e7\u00e3o e a campanha eleitoral. Ventura, ao chegar a Vendas Novas para uma arruada, chamou a decis\u00e3o de injusta e lament\u00e1vel, dizendo que voltaria a colocar cartazes com a mensagem contra ciganos e que ir\u00e1 acatar a decis\u00e3o de remo\u00e7\u00e3o. Associa\u00e7\u00f5es ciganas queixosas contestam a decis\u00e3o, alegando que as ofensas ultrapassam a liberdade de express\u00e3o e questionam como o cumprimento da ordem afetaria de forma grave a campanha; o caso pode seguir para recurso e potencialmente para o Tribunal Constitucional.\" \/>\n<meta property=\"og:url\" content=\"https:\/\/portaltela.pt\/noticias\/2026\/01\/05\/tribunal-rejeita-suspensao-da-retirada-de-cartazes-ventura-fala-em-injustica-2\/\" \/>\n<meta property=\"og:site_name\" content=\"Portal Tela Portugal\" \/>\n<meta property=\"article:published_time\" content=\"2026-01-05T20:37:50+00:00\" \/>\n<meta name=\"author\" content=\"Telinha\" \/>\n<meta name=\"twitter:card\" content=\"summary_large_image\" \/>\n<meta name=\"twitter:label1\" content=\"Escrito por\" \/>\n\t<meta name=\"twitter:data1\" content=\"Telinha\" \/>\n\t<meta name=\"twitter:label2\" content=\"Tempo estimado de leitura\" \/>\n\t<meta name=\"twitter:data2\" content=\"2 minutos\" \/>\n<script type=\"application\/ld+json\" class=\"yoast-schema-graph\">{\"@context\":\"https:\/\/schema.org\",\"@graph\":[{\"@type\":\"Article\",\"@id\":\"https:\/\/portaltela.pt\/noticias\/2026\/01\/05\/tribunal-rejeita-suspensao-da-retirada-de-cartazes-ventura-fala-em-injustica-2\/#article\",\"isPartOf\":{\"@id\":\"https:\/\/portaltela.pt\/noticias\/2026\/01\/05\/tribunal-rejeita-suspensao-da-retirada-de-cartazes-ventura-fala-em-injustica-2\/\"},\"author\":{\"name\":\"Telinha\",\"@id\":\"https:\/\/portaltela.pt\/#\/schema\/person\/c4278d4a6028830caff9ee44b42d32ed\"},\"headline\":\"Tribunal rejeita suspens\u00e3o da retirada de cartazes; Ventura fala em injusti\u00e7a\",\"datePublished\":\"2026-01-05T20:37:50+00:00\",\"mainEntityOfPage\":{\"@id\":\"https:\/\/portaltela.pt\/noticias\/2026\/01\/05\/tribunal-rejeita-suspensao-da-retirada-de-cartazes-ventura-fala-em-injustica-2\/\"},\"wordCount\":464,\"image\":{\"@id\":\"https:\/\/portaltela.pt\/noticias\/2026\/01\/05\/tribunal-rejeita-suspensao-da-retirada-de-cartazes-ventura-fala-em-injustica-2\/#primaryimage\"},\"thumbnailUrl\":\"https:\/\/portaltela.pt\/s.01k8rhncp4jt1\/2026\/01\/DOC.20260105.46299132.PET_0361_pCwbJAL.jpg\",\"keywords\":[\"Andr\u00e9 Ventura\",\"campanha\",\"direitos p\u00fablicos\",\"discrimina\u00e7\u00e3o\",\"discrimina\u00e7\u00e3o agravada\",\"tribunal\"],\"articleSection\":[\"Not\u00edcias\",\"Pol\u00edtica\"],\"inLanguage\":\"pt-PT\"},{\"@type\":\"WebPage\",\"@id\":\"https:\/\/portaltela.pt\/noticias\/2026\/01\/05\/tribunal-rejeita-suspensao-da-retirada-de-cartazes-ventura-fala-em-injustica-2\/\",\"url\":\"https:\/\/portaltela.pt\/noticias\/2026\/01\/05\/tribunal-rejeita-suspensao-da-retirada-de-cartazes-ventura-fala-em-injustica-2\/\",\"name\":\"Tribunal rejeita suspens\u00e3o da retirada de cartazes; Ventura fala em injusti\u00e7a - Portal Tela Portugal\",\"isPartOf\":{\"@id\":\"https:\/\/portaltela.pt\/#website\"},\"primaryImageOfPage\":{\"@id\":\"https:\/\/portaltela.pt\/noticias\/2026\/01\/05\/tribunal-rejeita-suspensao-da-retirada-de-cartazes-ventura-fala-em-injustica-2\/#primaryimage\"},\"image\":{\"@id\":\"https:\/\/portaltela.pt\/noticias\/2026\/01\/05\/tribunal-rejeita-suspensao-da-retirada-de-cartazes-ventura-fala-em-injustica-2\/#primaryimage\"},\"thumbnailUrl\":\"https:\/\/portaltela.pt\/s.01k8rhncp4jt1\/2026\/01\/DOC.20260105.46299132.PET_0361_pCwbJAL.jpg\",\"datePublished\":\"2026-01-05T20:37:50+00:00\",\"author\":{\"@id\":\"https:\/\/portaltela.pt\/#\/schema\/person\/c4278d4a6028830caff9ee44b42d32ed\"},\"breadcrumb\":{\"@id\":\"https:\/\/portaltela.pt\/noticias\/2026\/01\/05\/tribunal-rejeita-suspensao-da-retirada-de-cartazes-ventura-fala-em-injustica-2\/#breadcrumb\"},\"inLanguage\":\"pt-PT\",\"potentialAction\":[{\"@type\":\"ReadAction\",\"target\":[\"https:\/\/portaltela.pt\/noticias\/2026\/01\/05\/tribunal-rejeita-suspensao-da-retirada-de-cartazes-ventura-fala-em-injustica-2\/\"]}]},{\"@type\":\"ImageObject\",\"inLanguage\":\"pt-PT\",\"@id\":\"https:\/\/portaltela.pt\/noticias\/2026\/01\/05\/tribunal-rejeita-suspensao-da-retirada-de-cartazes-ventura-fala-em-injustica-2\/#primaryimage\",\"url\":\"https:\/\/portaltela.pt\/s.01k8rhncp4jt1\/2026\/01\/DOC.20260105.46299132.PET_0361_pCwbJAL.jpg\",\"contentUrl\":\"https:\/\/portaltela.pt\/s.01k8rhncp4jt1\/2026\/01\/DOC.20260105.46299132.PET_0361_pCwbJAL.jpg\",\"width\":796,\"height\":448,\"caption\":\"Tribunal rejeita suspens\u00e3o da retirada de cartazes, Ventura fala em injusti\u00e7a\"},{\"@type\":\"BreadcrumbList\",\"@id\":\"https:\/\/portaltela.pt\/noticias\/2026\/01\/05\/tribunal-rejeita-suspensao-da-retirada-de-cartazes-ventura-fala-em-injustica-2\/#breadcrumb\",\"itemListElement\":[{\"@type\":\"ListItem\",\"position\":1,\"name\":\"In\u00edcio\",\"item\":\"https:\/\/portaltela.pt\/\"},{\"@type\":\"ListItem\",\"position\":2,\"name\":\"Tribunal rejeita suspens\u00e3o da retirada de cartazes; Ventura fala em injusti\u00e7a\"}]},{\"@type\":\"WebSite\",\"@id\":\"https:\/\/portaltela.pt\/#website\",\"url\":\"https:\/\/portaltela.pt\/\",\"name\":\"Portal Tela Portugal\",\"description\":\"\",\"potentialAction\":[{\"@type\":\"SearchAction\",\"target\":{\"@type\":\"EntryPoint\",\"urlTemplate\":\"https:\/\/portaltela.pt\/?s={search_term_string}\"},\"query-input\":{\"@type\":\"PropertyValueSpecification\",\"valueRequired\":true,\"valueName\":\"search_term_string\"}}],\"inLanguage\":\"pt-PT\"},{\"@type\":\"Person\",\"@id\":\"https:\/\/portaltela.pt\/#\/schema\/person\/c4278d4a6028830caff9ee44b42d32ed\",\"name\":\"Telinha\",\"image\":{\"@type\":\"ImageObject\",\"inLanguage\":\"pt-PT\",\"@id\":\"https:\/\/portaltela.pt\/s.01k8rhncp4jt1\/2025\/11\/talking-bot-125x125.png\",\"url\":\"https:\/\/portaltela.pt\/s.01k8rhncp4jt1\/2025\/11\/talking-bot-125x125.png\",\"contentUrl\":\"https:\/\/portaltela.pt\/s.01k8rhncp4jt1\/2025\/11\/talking-bot-125x125.png\",\"caption\":\"Telinha\"},\"sameAs\":[\"https:\/\/portaltela.pt\/\"],\"url\":\"https:\/\/portaltela.pt\/por\/367410592786\/\"}]}<\/script>\n<!-- \/ Yoast SEO plugin. -->","yoast_head_json":{"title":"Tribunal rejeita suspens\u00e3o da retirada de cartazes; Ventura fala em injusti\u00e7a - Portal Tela Portugal","robots":{"index":"index","follow":"follow","max-snippet":"max-snippet:-1","max-image-preview":"max-image-preview:large","max-video-preview":"max-video-preview:-1"},"og_locale":"pt_PT","og_type":"article","og_title":"Tribunal rejeita suspens\u00e3o da retirada de cartazes; Ventura fala em injusti\u00e7a - Portal Tela Portugal","og_description":"O Tribunal C\u00edvel de Lisboa rejeitou o pedido de suspens\u00e3o da retirada de cartazes de Andr\u00e9 Ventura que visavam a comunidade cigana, decis\u00e3o que o candidato classificou como injusta, mas indicou que ir\u00e1 acatar. A ju\u00edza Ana Bar\u00e3o entendeu que o candidato tem direito a recorrer, mas n\u00e3o pode obter o efeito suspensivo, que n\u00e3o se aplica ao caso segundo o C\u00f3digo de Processo Civil. A ju\u00edza tamb\u00e9m afirmou que Ventura n\u00e3o demonstrou como a retirada dos cartazes lhe causaria um preju\u00edzo grave e n\u00e3o ofereceu cau\u00e7\u00e3o, mantendo o direito ao bom nome, imagem e reputa\u00e7\u00e3o e a campanha eleitoral. Ventura, ao chegar a Vendas Novas para uma arruada, chamou a decis\u00e3o de injusta e lament\u00e1vel, dizendo que voltaria a colocar cartazes com a mensagem contra ciganos e que ir\u00e1 acatar a decis\u00e3o de remo\u00e7\u00e3o. Associa\u00e7\u00f5es ciganas queixosas contestam a decis\u00e3o, alegando que as ofensas ultrapassam a liberdade de express\u00e3o e questionam como o cumprimento da ordem afetaria de forma grave a campanha; o caso pode seguir para recurso e potencialmente para o Tribunal Constitucional.","og_url":"https:\/\/portaltela.pt\/noticias\/2026\/01\/05\/tribunal-rejeita-suspensao-da-retirada-de-cartazes-ventura-fala-em-injustica-2\/","og_site_name":"Portal Tela Portugal","article_published_time":"2026-01-05T20:37:50+00:00","author":"Telinha","twitter_card":"summary_large_image","twitter_misc":{"Escrito por":"Telinha","Tempo estimado de leitura":"2 minutos"},"schema":{"@context":"https:\/\/schema.org","@graph":[{"@type":"Article","@id":"https:\/\/portaltela.pt\/noticias\/2026\/01\/05\/tribunal-rejeita-suspensao-da-retirada-de-cartazes-ventura-fala-em-injustica-2\/#article","isPartOf":{"@id":"https:\/\/portaltela.pt\/noticias\/2026\/01\/05\/tribunal-rejeita-suspensao-da-retirada-de-cartazes-ventura-fala-em-injustica-2\/"},"author":{"name":"Telinha","@id":"https:\/\/portaltela.pt\/#\/schema\/person\/c4278d4a6028830caff9ee44b42d32ed"},"headline":"Tribunal rejeita suspens\u00e3o da retirada de cartazes; Ventura fala em injusti\u00e7a","datePublished":"2026-01-05T20:37:50+00:00","mainEntityOfPage":{"@id":"https:\/\/portaltela.pt\/noticias\/2026\/01\/05\/tribunal-rejeita-suspensao-da-retirada-de-cartazes-ventura-fala-em-injustica-2\/"},"wordCount":464,"image":{"@id":"https:\/\/portaltela.pt\/noticias\/2026\/01\/05\/tribunal-rejeita-suspensao-da-retirada-de-cartazes-ventura-fala-em-injustica-2\/#primaryimage"},"thumbnailUrl":"https:\/\/portaltela.pt\/s.01k8rhncp4jt1\/2026\/01\/DOC.20260105.46299132.PET_0361_pCwbJAL.jpg","keywords":["Andr\u00e9 Ventura","campanha","direitos p\u00fablicos","discrimina\u00e7\u00e3o","discrimina\u00e7\u00e3o agravada","tribunal"],"articleSection":["Not\u00edcias","Pol\u00edtica"],"inLanguage":"pt-PT"},{"@type":"WebPage","@id":"https:\/\/portaltela.pt\/noticias\/2026\/01\/05\/tribunal-rejeita-suspensao-da-retirada-de-cartazes-ventura-fala-em-injustica-2\/","url":"https:\/\/portaltela.pt\/noticias\/2026\/01\/05\/tribunal-rejeita-suspensao-da-retirada-de-cartazes-ventura-fala-em-injustica-2\/","name":"Tribunal rejeita suspens\u00e3o da retirada de cartazes; Ventura fala em injusti\u00e7a - Portal Tela Portugal","isPartOf":{"@id":"https:\/\/portaltela.pt\/#website"},"primaryImageOfPage":{"@id":"https:\/\/portaltela.pt\/noticias\/2026\/01\/05\/tribunal-rejeita-suspensao-da-retirada-de-cartazes-ventura-fala-em-injustica-2\/#primaryimage"},"image":{"@id":"https:\/\/portaltela.pt\/noticias\/2026\/01\/05\/tribunal-rejeita-suspensao-da-retirada-de-cartazes-ventura-fala-em-injustica-2\/#primaryimage"},"thumbnailUrl":"https:\/\/portaltela.pt\/s.01k8rhncp4jt1\/2026\/01\/DOC.20260105.46299132.PET_0361_pCwbJAL.jpg","datePublished":"2026-01-05T20:37:50+00:00","author":{"@id":"https:\/\/portaltela.pt\/#\/schema\/person\/c4278d4a6028830caff9ee44b42d32ed"},"breadcrumb":{"@id":"https:\/\/portaltela.pt\/noticias\/2026\/01\/05\/tribunal-rejeita-suspensao-da-retirada-de-cartazes-ventura-fala-em-injustica-2\/#breadcrumb"},"inLanguage":"pt-PT","potentialAction":[{"@type":"ReadAction","target":["https:\/\/portaltela.pt\/noticias\/2026\/01\/05\/tribunal-rejeita-suspensao-da-retirada-de-cartazes-ventura-fala-em-injustica-2\/"]}]},{"@type":"ImageObject","inLanguage":"pt-PT","@id":"https:\/\/portaltela.pt\/noticias\/2026\/01\/05\/tribunal-rejeita-suspensao-da-retirada-de-cartazes-ventura-fala-em-injustica-2\/#primaryimage","url":"https:\/\/portaltela.pt\/s.01k8rhncp4jt1\/2026\/01\/DOC.20260105.46299132.PET_0361_pCwbJAL.jpg","contentUrl":"https:\/\/portaltela.pt\/s.01k8rhncp4jt1\/2026\/01\/DOC.20260105.46299132.PET_0361_pCwbJAL.jpg","width":796,"height":448,"caption":"Tribunal rejeita suspens\u00e3o da retirada de cartazes, Ventura fala em injusti\u00e7a"},{"@type":"BreadcrumbList","@id":"https:\/\/portaltela.pt\/noticias\/2026\/01\/05\/tribunal-rejeita-suspensao-da-retirada-de-cartazes-ventura-fala-em-injustica-2\/#breadcrumb","itemListElement":[{"@type":"ListItem","position":1,"name":"In\u00edcio","item":"https:\/\/portaltela.pt\/"},{"@type":"ListItem","position":2,"name":"Tribunal rejeita suspens\u00e3o da retirada de cartazes; Ventura fala em injusti\u00e7a"}]},{"@type":"WebSite","@id":"https:\/\/portaltela.pt\/#website","url":"https:\/\/portaltela.pt\/","name":"Portal Tela Portugal","description":"","potentialAction":[{"@type":"SearchAction","target":{"@type":"EntryPoint","urlTemplate":"https:\/\/portaltela.pt\/?s={search_term_string}"},"query-input":{"@type":"PropertyValueSpecification","valueRequired":true,"valueName":"search_term_string"}}],"inLanguage":"pt-PT"},{"@type":"Person","@id":"https:\/\/portaltela.pt\/#\/schema\/person\/c4278d4a6028830caff9ee44b42d32ed","name":"Telinha","image":{"@type":"ImageObject","inLanguage":"pt-PT","@id":"https:\/\/portaltela.pt\/s.01k8rhncp4jt1\/2025\/11\/talking-bot-125x125.png","url":"https:\/\/portaltela.pt\/s.01k8rhncp4jt1\/2025\/11\/talking-bot-125x125.png","contentUrl":"https:\/\/portaltela.pt\/s.01k8rhncp4jt1\/2025\/11\/talking-bot-125x125.png","caption":"Telinha"},"sameAs":["https:\/\/portaltela.pt\/"],"url":"https:\/\/portaltela.pt\/por\/367410592786\/"}]}},"_links":{"self":[{"href":"https:\/\/portaltela.pt\/api\/wp\/v2\/posts\/119098","targetHints":{"allow":["GET"]}}],"collection":[{"href":"https:\/\/portaltela.pt\/api\/wp\/v2\/posts"}],"about":[{"href":"https:\/\/portaltela.pt\/api\/wp\/v2\/types\/post"}],"author":[{"embeddable":true,"href":"https:\/\/portaltela.pt\/api\/wp\/v2\/users\/2"}],"replies":[{"embeddable":true,"href":"https:\/\/portaltela.pt\/api\/wp\/v2\/comments?post=119098"}],"version-history":[{"count":0,"href":"https:\/\/portaltela.pt\/api\/wp\/v2\/posts\/119098\/revisions"}],"wp:featuredmedia":[{"embeddable":true,"href":"https:\/\/portaltela.pt\/api\/wp\/v2\/media\/119100"}],"wp:attachment":[{"href":"https:\/\/portaltela.pt\/api\/wp\/v2\/media?parent=119098"}],"wp:term":[{"taxonomy":"category","embeddable":true,"href":"https:\/\/portaltela.pt\/api\/wp\/v2\/categories?post=119098"},{"taxonomy":"post_tag","embeddable":true,"href":"https:\/\/portaltela.pt\/api\/wp\/v2\/tags?post=119098"}],"curies":[{"name":"wp","href":"https:\/\/api.w.org\/{rel}","templated":true}]}}