{"id":118914,"date":"2026-01-05T16:26:55","date_gmt":"2026-01-05T19:26:55","guid":{"rendered":"https:\/\/portaltela.pt\/noticias\/2026\/01\/05\/vice-presidente-da-camara-de-oliveira-do-hospital-permanece-internado-nos-huc\/"},"modified":"2026-01-05T16:26:55","modified_gmt":"2026-01-05T19:26:55","slug":"vice-presidente-da-camara-de-oliveira-do-hospital-permanece-internado-nos-huc","status":"publish","type":"post","link":"https:\/\/portaltela.pt\/noticias\/2026\/01\/05\/vice-presidente-da-camara-de-oliveira-do-hospital-permanece-internado-nos-huc\/","title":{"rendered":"Vice-presidente da C\u00e2mara de Oliveira do Hospital permanece internado nos HUC"},"content":{"rendered":"<p>O vice-presidente da C\u00e2mara Municipal de Oliveira do Hospital sofreu uma tromboembolia pulmonar bilateral aguda durante a Assembleia Municipal promovida no dia 30 de dezembro. O epis\u00f3dio ocorreu no local da reuni\u00e3o, tendo contado com assist\u00eancia imediata de uma m\u00e9dica presente. Em seguida, foi transferido do Servi\u00e7o de Urg\u00eancia de Arganil para Coimbra, onde est\u00e1 a receber monitoriza\u00e7\u00e3o.<\/p>\n<p>Atualiza\u00e7\u00e3o sobre o estado cl\u00ednico indica que o respons\u00e1vel pela autarquia permanece internado na Unidade de Cuidados Interm\u00e9dios do CHUC, sob vigil\u00e2ncia m\u00e9dica constante. A administra\u00e7\u00e3o municipal n\u00e3o avan\u00e7ou com informa\u00e7\u00f5es adicionais sobre o progn\u00f3stico ou perspetivas de alta.<\/p>\n<h3>Estado atual e monitoriza\u00e7\u00e3o<\/h3>\n<p>Segundo fonte hospitalar, a equipa m\u00e9dica acompanha a evolu\u00e7\u00e3o da tromboembolia, mantendo o paciente est\u00e1vel e sob tratamento apropriado. A dura\u00e7\u00e3o prevista da observa\u00e7\u00e3o depender\u00e1 da resposta ao tratamento e da evolu\u00e7\u00e3o cl\u00ednica nos pr\u00f3ximos dias.<\/p>\n","protected":false},"excerpt":{"rendered":"<ul>\n<li>O vice-presidente da C\u00e2mara Municipal de Oliveira do Hospital mant\u00e9m-se internado na Unidade de Cuidados Interm\u00e9dios do Centro Hospitalar Universit\u00e1rio de Coimbra (CHUC).<\/li>\n<li>A condi\u00e7\u00e3o surgiu durante a Assembleia Municipal, no dia 30 de dezembro, devido a uma tromboembolia pulmonar bilateral aguda.<\/li>\n<li>Foi assistido no local por uma m\u00e9dica e, em seguida, transferido do Servi\u00e7o de Urg\u00eancia de Arganil para Coimbra.<\/li>\n<li>O membro permanece sob vigil\u00e2ncia na unidade do CHUC.<\/li>\n<li>A not\u00edcia descreve apenas o estado atual, sem mencionar progn\u00f3sticos ou evolu\u00e7\u00f5es futuras.<\/li>\n<\/ul>\n","protected":false},"author":2,"featured_media":118916,"comment_status":"closed","ping_status":"closed","sticky":false,"template":"","format":"standard","meta":{"footnotes":""},"categories":[1],"tags":[1340,1935,633,483,172,1899],"class_list":["post-118914","post","type-post","status-publish","format-standard","has-post-thumbnail","hentry","category-noticias","tag-arganil","tag-emergencias","tag-hospital","tag-medicina-intensiva","tag-saude","tag-urgencias"],"yoast_head":"<!-- This site is optimized with the Yoast SEO plugin v27.2 - https:\/\/yoast.com\/product\/yoast-seo-wordpress\/ -->\n<title>Vice-presidente da C\u00e2mara de Oliveira do Hospital permanece internado nos HUC - Portal Tela Portugal<\/title>\n<meta name=\"robots\" content=\"index, follow, max-snippet:-1, max-image-preview:large, max-video-preview:-1\" \/>\n<meta property=\"og:locale\" content=\"pt_PT\" \/>\n<meta property=\"og:type\" content=\"article\" \/>\n<meta property=\"og:title\" content=\"Vice-presidente da C\u00e2mara de Oliveira do Hospital permanece internado nos HUC - Portal Tela Portugal\" \/>\n<meta property=\"og:description\" content=\"O vice-presidente da C\u00e2mara Municipal de Oliveira do Hospital mant\u00e9m-se internado na Unidade de Cuidados Interm\u00e9dios do Centro Hospitalar Universit\u00e1rio de Coimbra (CHUC). A condi\u00e7\u00e3o surgiu durante a Assembleia Municipal, no dia 30 de dezembro, devido a uma tromboembolia pulmonar bilateral aguda. Foi assistido no local por uma m\u00e9dica e, em seguida, transferido do Servi\u00e7o de Urg\u00eancia de Arganil para Coimbra. O membro permanece sob vigil\u00e2ncia na unidade do CHUC. A not\u00edcia descreve apenas o estado atual, sem mencionar progn\u00f3sticos ou evolu\u00e7\u00f5es futuras.\" \/>\n<meta property=\"og:url\" content=\"https:\/\/portaltela.pt\/noticias\/2026\/01\/05\/vice-presidente-da-camara-de-oliveira-do-hospital-permanece-internado-nos-huc\/\" \/>\n<meta property=\"og:site_name\" content=\"Portal Tela Portugal\" \/>\n<meta property=\"article:published_time\" content=\"2026-01-05T19:26:55+00:00\" \/>\n<meta name=\"author\" content=\"Telinha\" \/>\n<meta name=\"twitter:card\" content=\"summary_large_image\" \/>\n<meta name=\"twitter:label1\" content=\"Escrito por\" \/>\n\t<meta name=\"twitter:data1\" content=\"Telinha\" \/>\n\t<meta name=\"twitter:label2\" content=\"Tempo estimado de leitura\" \/>\n\t<meta name=\"twitter:data2\" content=\"1 minuto\" \/>\n<script type=\"application\/ld+json\" class=\"yoast-schema-graph\">{\"@context\":\"https:\/\/schema.org\",\"@graph\":[{\"@type\":\"Article\",\"@id\":\"https:\/\/portaltela.pt\/noticias\/2026\/01\/05\/vice-presidente-da-camara-de-oliveira-do-hospital-permanece-internado-nos-huc\/#article\",\"isPartOf\":{\"@id\":\"https:\/\/portaltela.pt\/noticias\/2026\/01\/05\/vice-presidente-da-camara-de-oliveira-do-hospital-permanece-internado-nos-huc\/\"},\"author\":{\"name\":\"Telinha\",\"@id\":\"https:\/\/portaltela.pt\/#\/schema\/person\/c4278d4a6028830caff9ee44b42d32ed\"},\"headline\":\"Vice-presidente da C\u00e2mara de Oliveira do Hospital permanece internado nos HUC\",\"datePublished\":\"2026-01-05T19:26:55+00:00\",\"mainEntityOfPage\":{\"@id\":\"https:\/\/portaltela.pt\/noticias\/2026\/01\/05\/vice-presidente-da-camara-de-oliveira-do-hospital-permanece-internado-nos-huc\/\"},\"wordCount\":176,\"image\":{\"@id\":\"https:\/\/portaltela.pt\/noticias\/2026\/01\/05\/vice-presidente-da-camara-de-oliveira-do-hospital-permanece-internado-nos-huc\/#primaryimage\"},\"thumbnailUrl\":\"https:\/\/portaltela.pt\/s.01k8rhncp4jt1\/2026\/01\/unnamed-file-898.jpg\",\"keywords\":[\"Arganil\",\"emerg\u00eancias\",\"hospital\",\"Medicina Intensiva\",\"sa\u00fade\",\"urg\u00eancias\"],\"articleSection\":[\"Not\u00edcias\"],\"inLanguage\":\"pt-PT\"},{\"@type\":\"WebPage\",\"@id\":\"https:\/\/portaltela.pt\/noticias\/2026\/01\/05\/vice-presidente-da-camara-de-oliveira-do-hospital-permanece-internado-nos-huc\/\",\"url\":\"https:\/\/portaltela.pt\/noticias\/2026\/01\/05\/vice-presidente-da-camara-de-oliveira-do-hospital-permanece-internado-nos-huc\/\",\"name\":\"Vice-presidente da C\u00e2mara de Oliveira do Hospital permanece internado nos HUC - Portal Tela Portugal\",\"isPartOf\":{\"@id\":\"https:\/\/portaltela.pt\/#website\"},\"primaryImageOfPage\":{\"@id\":\"https:\/\/portaltela.pt\/noticias\/2026\/01\/05\/vice-presidente-da-camara-de-oliveira-do-hospital-permanece-internado-nos-huc\/#primaryimage\"},\"image\":{\"@id\":\"https:\/\/portaltela.pt\/noticias\/2026\/01\/05\/vice-presidente-da-camara-de-oliveira-do-hospital-permanece-internado-nos-huc\/#primaryimage\"},\"thumbnailUrl\":\"https:\/\/portaltela.pt\/s.01k8rhncp4jt1\/2026\/01\/unnamed-file-898.jpg\",\"datePublished\":\"2026-01-05T19:26:55+00:00\",\"author\":{\"@id\":\"https:\/\/portaltela.pt\/#\/schema\/person\/c4278d4a6028830caff9ee44b42d32ed\"},\"breadcrumb\":{\"@id\":\"https:\/\/portaltela.pt\/noticias\/2026\/01\/05\/vice-presidente-da-camara-de-oliveira-do-hospital-permanece-internado-nos-huc\/#breadcrumb\"},\"inLanguage\":\"pt-PT\",\"potentialAction\":[{\"@type\":\"ReadAction\",\"target\":[\"https:\/\/portaltela.pt\/noticias\/2026\/01\/05\/vice-presidente-da-camara-de-oliveira-do-hospital-permanece-internado-nos-huc\/\"]}]},{\"@type\":\"ImageObject\",\"inLanguage\":\"pt-PT\",\"@id\":\"https:\/\/portaltela.pt\/noticias\/2026\/01\/05\/vice-presidente-da-camara-de-oliveira-do-hospital-permanece-internado-nos-huc\/#primaryimage\",\"url\":\"https:\/\/portaltela.pt\/s.01k8rhncp4jt1\/2026\/01\/unnamed-file-898.jpg\",\"contentUrl\":\"https:\/\/portaltela.pt\/s.01k8rhncp4jt1\/2026\/01\/unnamed-file-898.jpg\",\"width\":796,\"height\":448,\"caption\":\"Vice-presidente da C\u00e2mara de Oliveira do Hospital mant\u00e9m-se internado nos HUC\"},{\"@type\":\"BreadcrumbList\",\"@id\":\"https:\/\/portaltela.pt\/noticias\/2026\/01\/05\/vice-presidente-da-camara-de-oliveira-do-hospital-permanece-internado-nos-huc\/#breadcrumb\",\"itemListElement\":[{\"@type\":\"ListItem\",\"position\":1,\"name\":\"In\u00edcio\",\"item\":\"https:\/\/portaltela.pt\/\"},{\"@type\":\"ListItem\",\"position\":2,\"name\":\"Vice-presidente da C\u00e2mara de Oliveira do Hospital permanece internado nos HUC\"}]},{\"@type\":\"WebSite\",\"@id\":\"https:\/\/portaltela.pt\/#website\",\"url\":\"https:\/\/portaltela.pt\/\",\"name\":\"Portal Tela Portugal\",\"description\":\"\",\"potentialAction\":[{\"@type\":\"SearchAction\",\"target\":{\"@type\":\"EntryPoint\",\"urlTemplate\":\"https:\/\/portaltela.pt\/?s={search_term_string}\"},\"query-input\":{\"@type\":\"PropertyValueSpecification\",\"valueRequired\":true,\"valueName\":\"search_term_string\"}}],\"inLanguage\":\"pt-PT\"},{\"@type\":\"Person\",\"@id\":\"https:\/\/portaltela.pt\/#\/schema\/person\/c4278d4a6028830caff9ee44b42d32ed\",\"name\":\"Telinha\",\"image\":{\"@type\":\"ImageObject\",\"inLanguage\":\"pt-PT\",\"@id\":\"https:\/\/portaltela.pt\/s.01k8rhncp4jt1\/2025\/11\/talking-bot-125x125.png\",\"url\":\"https:\/\/portaltela.pt\/s.01k8rhncp4jt1\/2025\/11\/talking-bot-125x125.png\",\"contentUrl\":\"https:\/\/portaltela.pt\/s.01k8rhncp4jt1\/2025\/11\/talking-bot-125x125.png\",\"caption\":\"Telinha\"},\"sameAs\":[\"https:\/\/portaltela.pt\/\"],\"url\":\"https:\/\/portaltela.pt\/por\/367410592786\/\"}]}<\/script>\n<!-- \/ Yoast SEO plugin. -->","yoast_head_json":{"title":"Vice-presidente da C\u00e2mara de Oliveira do Hospital permanece internado nos HUC - Portal Tela Portugal","robots":{"index":"index","follow":"follow","max-snippet":"max-snippet:-1","max-image-preview":"max-image-preview:large","max-video-preview":"max-video-preview:-1"},"og_locale":"pt_PT","og_type":"article","og_title":"Vice-presidente da C\u00e2mara de Oliveira do Hospital permanece internado nos HUC - Portal Tela Portugal","og_description":"O vice-presidente da C\u00e2mara Municipal de Oliveira do Hospital mant\u00e9m-se internado na Unidade de Cuidados Interm\u00e9dios do Centro Hospitalar Universit\u00e1rio de Coimbra (CHUC). A condi\u00e7\u00e3o surgiu durante a Assembleia Municipal, no dia 30 de dezembro, devido a uma tromboembolia pulmonar bilateral aguda. Foi assistido no local por uma m\u00e9dica e, em seguida, transferido do Servi\u00e7o de Urg\u00eancia de Arganil para Coimbra. O membro permanece sob vigil\u00e2ncia na unidade do CHUC. A not\u00edcia descreve apenas o estado atual, sem mencionar progn\u00f3sticos ou evolu\u00e7\u00f5es futuras.","og_url":"https:\/\/portaltela.pt\/noticias\/2026\/01\/05\/vice-presidente-da-camara-de-oliveira-do-hospital-permanece-internado-nos-huc\/","og_site_name":"Portal Tela Portugal","article_published_time":"2026-01-05T19:26:55+00:00","author":"Telinha","twitter_card":"summary_large_image","twitter_misc":{"Escrito por":"Telinha","Tempo estimado de leitura":"1 minuto"},"schema":{"@context":"https:\/\/schema.org","@graph":[{"@type":"Article","@id":"https:\/\/portaltela.pt\/noticias\/2026\/01\/05\/vice-presidente-da-camara-de-oliveira-do-hospital-permanece-internado-nos-huc\/#article","isPartOf":{"@id":"https:\/\/portaltela.pt\/noticias\/2026\/01\/05\/vice-presidente-da-camara-de-oliveira-do-hospital-permanece-internado-nos-huc\/"},"author":{"name":"Telinha","@id":"https:\/\/portaltela.pt\/#\/schema\/person\/c4278d4a6028830caff9ee44b42d32ed"},"headline":"Vice-presidente da C\u00e2mara de Oliveira do Hospital permanece internado nos HUC","datePublished":"2026-01-05T19:26:55+00:00","mainEntityOfPage":{"@id":"https:\/\/portaltela.pt\/noticias\/2026\/01\/05\/vice-presidente-da-camara-de-oliveira-do-hospital-permanece-internado-nos-huc\/"},"wordCount":176,"image":{"@id":"https:\/\/portaltela.pt\/noticias\/2026\/01\/05\/vice-presidente-da-camara-de-oliveira-do-hospital-permanece-internado-nos-huc\/#primaryimage"},"thumbnailUrl":"https:\/\/portaltela.pt\/s.01k8rhncp4jt1\/2026\/01\/unnamed-file-898.jpg","keywords":["Arganil","emerg\u00eancias","hospital","Medicina Intensiva","sa\u00fade","urg\u00eancias"],"articleSection":["Not\u00edcias"],"inLanguage":"pt-PT"},{"@type":"WebPage","@id":"https:\/\/portaltela.pt\/noticias\/2026\/01\/05\/vice-presidente-da-camara-de-oliveira-do-hospital-permanece-internado-nos-huc\/","url":"https:\/\/portaltela.pt\/noticias\/2026\/01\/05\/vice-presidente-da-camara-de-oliveira-do-hospital-permanece-internado-nos-huc\/","name":"Vice-presidente da C\u00e2mara de Oliveira do Hospital permanece internado nos HUC - Portal Tela Portugal","isPartOf":{"@id":"https:\/\/portaltela.pt\/#website"},"primaryImageOfPage":{"@id":"https:\/\/portaltela.pt\/noticias\/2026\/01\/05\/vice-presidente-da-camara-de-oliveira-do-hospital-permanece-internado-nos-huc\/#primaryimage"},"image":{"@id":"https:\/\/portaltela.pt\/noticias\/2026\/01\/05\/vice-presidente-da-camara-de-oliveira-do-hospital-permanece-internado-nos-huc\/#primaryimage"},"thumbnailUrl":"https:\/\/portaltela.pt\/s.01k8rhncp4jt1\/2026\/01\/unnamed-file-898.jpg","datePublished":"2026-01-05T19:26:55+00:00","author":{"@id":"https:\/\/portaltela.pt\/#\/schema\/person\/c4278d4a6028830caff9ee44b42d32ed"},"breadcrumb":{"@id":"https:\/\/portaltela.pt\/noticias\/2026\/01\/05\/vice-presidente-da-camara-de-oliveira-do-hospital-permanece-internado-nos-huc\/#breadcrumb"},"inLanguage":"pt-PT","potentialAction":[{"@type":"ReadAction","target":["https:\/\/portaltela.pt\/noticias\/2026\/01\/05\/vice-presidente-da-camara-de-oliveira-do-hospital-permanece-internado-nos-huc\/"]}]},{"@type":"ImageObject","inLanguage":"pt-PT","@id":"https:\/\/portaltela.pt\/noticias\/2026\/01\/05\/vice-presidente-da-camara-de-oliveira-do-hospital-permanece-internado-nos-huc\/#primaryimage","url":"https:\/\/portaltela.pt\/s.01k8rhncp4jt1\/2026\/01\/unnamed-file-898.jpg","contentUrl":"https:\/\/portaltela.pt\/s.01k8rhncp4jt1\/2026\/01\/unnamed-file-898.jpg","width":796,"height":448,"caption":"Vice-presidente da C\u00e2mara de Oliveira do Hospital mant\u00e9m-se internado nos HUC"},{"@type":"BreadcrumbList","@id":"https:\/\/portaltela.pt\/noticias\/2026\/01\/05\/vice-presidente-da-camara-de-oliveira-do-hospital-permanece-internado-nos-huc\/#breadcrumb","itemListElement":[{"@type":"ListItem","position":1,"name":"In\u00edcio","item":"https:\/\/portaltela.pt\/"},{"@type":"ListItem","position":2,"name":"Vice-presidente da C\u00e2mara de Oliveira do Hospital permanece internado nos HUC"}]},{"@type":"WebSite","@id":"https:\/\/portaltela.pt\/#website","url":"https:\/\/portaltela.pt\/","name":"Portal Tela Portugal","description":"","potentialAction":[{"@type":"SearchAction","target":{"@type":"EntryPoint","urlTemplate":"https:\/\/portaltela.pt\/?s={search_term_string}"},"query-input":{"@type":"PropertyValueSpecification","valueRequired":true,"valueName":"search_term_string"}}],"inLanguage":"pt-PT"},{"@type":"Person","@id":"https:\/\/portaltela.pt\/#\/schema\/person\/c4278d4a6028830caff9ee44b42d32ed","name":"Telinha","image":{"@type":"ImageObject","inLanguage":"pt-PT","@id":"https:\/\/portaltela.pt\/s.01k8rhncp4jt1\/2025\/11\/talking-bot-125x125.png","url":"https:\/\/portaltela.pt\/s.01k8rhncp4jt1\/2025\/11\/talking-bot-125x125.png","contentUrl":"https:\/\/portaltela.pt\/s.01k8rhncp4jt1\/2025\/11\/talking-bot-125x125.png","caption":"Telinha"},"sameAs":["https:\/\/portaltela.pt\/"],"url":"https:\/\/portaltela.pt\/por\/367410592786\/"}]}},"_links":{"self":[{"href":"https:\/\/portaltela.pt\/api\/wp\/v2\/posts\/118914","targetHints":{"allow":["GET"]}}],"collection":[{"href":"https:\/\/portaltela.pt\/api\/wp\/v2\/posts"}],"about":[{"href":"https:\/\/portaltela.pt\/api\/wp\/v2\/types\/post"}],"author":[{"embeddable":true,"href":"https:\/\/portaltela.pt\/api\/wp\/v2\/users\/2"}],"replies":[{"embeddable":true,"href":"https:\/\/portaltela.pt\/api\/wp\/v2\/comments?post=118914"}],"version-history":[{"count":0,"href":"https:\/\/portaltela.pt\/api\/wp\/v2\/posts\/118914\/revisions"}],"wp:featuredmedia":[{"embeddable":true,"href":"https:\/\/portaltela.pt\/api\/wp\/v2\/media\/118916"}],"wp:attachment":[{"href":"https:\/\/portaltela.pt\/api\/wp\/v2\/media?parent=118914"}],"wp:term":[{"taxonomy":"category","embeddable":true,"href":"https:\/\/portaltela.pt\/api\/wp\/v2\/categories?post=118914"},{"taxonomy":"post_tag","embeddable":true,"href":"https:\/\/portaltela.pt\/api\/wp\/v2\/tags?post=118914"}],"curies":[{"name":"wp","href":"https:\/\/api.w.org\/{rel}","templated":true}]}}