{"id":118910,"date":"2026-01-05T16:29:00","date_gmt":"2026-01-05T19:29:00","guid":{"rendered":"https:\/\/portaltela.pt\/noticias\/2026\/01\/05\/terca-na-tv-debates-intervalos-outlander-e-pais-em-destaque\/"},"modified":"2026-01-05T16:29:00","modified_gmt":"2026-01-05T19:29:00","slug":"terca-na-tv-debates-intervalos-outlander-e-pais-em-destaque","status":"publish","type":"post","link":"https:\/\/portaltela.pt\/noticias\/2026\/01\/05\/terca-na-tv-debates-intervalos-outlander-e-pais-em-destaque\/","title":{"rendered":"Ter\u00e7a na TV: debates, intervalos, Outlander e pais em destaque"},"content":{"rendered":"<p>Na programa\u00e7\u00e3o de ter\u00e7a-feira, o p\u00fablico encontra uma mistura de cinema, s\u00e9ries e document\u00e1rios, com destaque para debates, curiosidades hist\u00f3ricas sobre objetos e alimenta\u00e7\u00e3o, e a continua\u00e7\u00e3o de s\u00e9ries de \u00e9poca. A grelha foca-se em conte\u00fados nacionais e internacionais dispon\u00edveis em v\u00e1rias plataformas, incluindo AXN, RTP1 e RTP2.<\/p>\n<p>Entre 2h e 3h do dia, a fic\u00e7\u00e3o volta-se a destacar em op\u00e7\u00f5es cl\u00e1ssicas, enquanto a rubrica de informa\u00e7\u00e3o proporciona um debate eleitoral em direto. A sele\u00e7\u00e3o de t\u00edtulos promete varietas entre drama, aventura e hist\u00f3ria, com a particularidade de apresentar conte\u00fados que v\u00e3o desde o cinema ao universo da televis\u00e3o p\u00fablica.<\/p>\n<h3>CINEMA<\/h3>\n<p><strong>Melhor \u00c9 Imposs\u00edvel<\/strong><\/p>\n<p>AXN Movies, 23h13<\/p>\n<p>Jack Nicholson e Helen Hunt aparecem em atua\u00e7\u00f5es premiadas. O enredo acompanha Melvin Udall, escritor com transtorno obsessivo-compulsivo, e Carol Connelly, a funcion\u00e1ria de um caf\u00e9 que lida com as provoca\u00e7\u00f5es dele. O filme cruza as vidas de todos atrav\u00e9s de um c\u00e3o.<\/p>\n<p><strong>O \u00daltimo dos Moicanos<\/strong><\/p>\n<p>AXN, 00h21<\/p>\n<p>Direc\u00e7\u00e3o de Michael Mann, adapta\u00e7\u00e3o do romance de James Fenimore Cooper. Daniel Day-Lewis interpreta Hawkeye, criado por moicanos, com romance envolvendo Madeleine Stowe, filha de um oficial brit\u00e2nico.<\/p>\n<p><strong>Estrada 47<\/strong><\/p>\n<p>RTP1, 00h34<\/p>\n<p>Narrativa sobre a For\u00e7a Expedicion\u00e1ria Brasileira na II Guerra Mundial, com mais de 25 mil militares. Entre os nomes aparecem Guimar\u00e3es, Tenente, Piau\u00ed e Laurindo. O filme recorre a di\u00e1rios e relatos de veteranos, com elenco que inclui Sergio Rubini e Ivo Canelas.<\/p>\n<h3>S\u00c9RIE<\/h3>\n<p><strong>Outlander: Blood of My Blood<\/strong><\/p>\n<p>AXN, 22h<\/p>\n<p>Prequela da saga Outlander, em estreia no AXN com epis\u00f3dio duplo. A obra de Matthew B. Roberts explora a genealogia do casal central, situando-se na Esc\u00f3cia do s\u00e9culo XVIII e na era da I Guerra Mundial.<\/p>\n<h3>DOCUMENT\u00c1RIOS<\/h3>\n<p><strong>As Coisas em Volta &#8211; A Misteriosa Vida dos Objectos<\/strong><\/p>\n<p>RTP2, 13h24<\/p>\n<p>S\u00e9rie de Andr\u00e9 Godinho e Joana Cunha Ferreira que explica a origem e fun\u00e7\u00e3o de objetos quotidianos, desde o espelho at\u00e9 \u00e0 chave ou ao caix\u00e3o. Reposi\u00e7\u00e3o semanal no segundo canal.<\/p>\n<p><strong>Intervalo para Publicidade<\/strong><\/p>\n<p>RTP2, 21h04<\/p>\n<p>Estreia de uma s\u00e9rie que recorre a arquivos da RTP para rever a hist\u00f3ria da publicidade em Portugal, com testemunhos de especialistas. A s\u00e9rie tem seis epis\u00f3dios semanais, conduzidos por Miguel Cardoso Faria.<\/p>\n<p><strong>A Comida Que Mudou o Mundo<\/strong><\/p>\n<p>Hist\u00f3ria, 22h15<\/p>\n<p>Quinta temporada da s\u00e9rie que relembra sabores ic\u00f3nicos. A estreia apresenta epis\u00f3dios duplos, com Marinara \u00e0 americana e uma vis\u00e3o sobre a revolu\u00e7\u00e3o dos gelados.<\/p>\n<h3>INFORMA\u00c7\u00c3O<\/h3>\n<p><strong>Presidenciais 2026 &#8211; Debate<\/strong><\/p>\n<p>RTP1, 22h<\/p>\n<p>Directo do debate entre todos os candidatos \u00e0s elei\u00e7\u00f5es presidenciais, marcadas para 18 de janeiro. Participam Andr\u00e9 Pestana, Andr\u00e9 Ventura, Ant\u00f3nio Filipe, Ant\u00f3nio Jos\u00e9 Seguro, Catarina Martins, Henrique Gouveia e Melo, Humberto Correia, Jo\u00e3o Cotrim de Figueiredo, Jorge Pinto, Lu\u00eds Marques Mendes e Manuel Jo\u00e3o Vieira. A modera\u00e7\u00e3o est\u00e1 a cargo de Carlos Daniel, com dura\u00e7\u00e3o prevista de 2h30.<\/p>\n","protected":false},"excerpt":{"rendered":"<ul>\n<li>Em direto, o debate presidencial de 2026 no RTP1, \u00e0s 22h, com todos os candidatos e dura\u00e7\u00e3o de 2h30, moderado por Carlos Daniel.<\/li>\n<li>Outlander: Blood of My Blood estreia no AXN, \u00e0s 22h, com epis\u00f3dio duplo que aborda a hist\u00f3ria dos pais de Jamie Fraser e Claire Moriston.<\/li>\n<li>Em cinema, Melhor \u00c9 Imposs\u00edvel passa no AXN Movies \u00e0s 23h13; O \u00daltimo dos Moicanos em AXN \u00e0s 00h21; Estrada 47 na RTP1 \u00e0s 00h34.<\/li>\n<li>Document\u00e1rios na RTP2: As Coisas em Volta \u2013 A Misteriosa Vida dos Objectos, \u00e0s 13h24, explicando a origem e evolu\u00e7\u00e3o de objetos do quotidiano.<\/li>\n<li>Hist\u00f3ria da publicidade em Portugal chega \u00e0 televis\u00e3o com Intervalo para Publicidade, \u00e0s 21h04 na RTP2, e A Comida Que Mudou o Mundo, na Hist\u00f3ria, \u00e0s 22h15, com epis\u00f3dios sobre sabores e petiscos americanos.<\/li>\n<\/ul>\n","protected":false},"author":2,"featured_media":118911,"comment_status":"closed","ping_status":"closed","sticky":false,"template":"","format":"standard","meta":{"footnotes":""},"categories":[1],"tags":[112,196,68,299,195,2449],"class_list":["post-118910","post","type-post","status-publish","format-standard","has-post-thumbnail","hentry","category-noticias","tag-cinema","tag-documentarios","tag-eleicoes","tag-historia","tag-informacao","tag-serie"],"yoast_head":"<!-- This site is optimized with the Yoast SEO plugin v27.2 - https:\/\/yoast.com\/product\/yoast-seo-wordpress\/ -->\n<title>Ter\u00e7a na TV: debates, intervalos, Outlander e pais em destaque - Portal Tela Portugal<\/title>\n<meta name=\"robots\" content=\"index, follow, max-snippet:-1, max-image-preview:large, max-video-preview:-1\" \/>\n<meta property=\"og:locale\" content=\"pt_PT\" \/>\n<meta property=\"og:type\" content=\"article\" \/>\n<meta property=\"og:title\" content=\"Ter\u00e7a na TV: debates, intervalos, Outlander e pais em destaque - Portal Tela Portugal\" \/>\n<meta property=\"og:description\" content=\"Em direto, o debate presidencial de 2026 no RTP1, \u00e0s 22h, com todos os candidatos e dura\u00e7\u00e3o de 2h30, moderado por Carlos Daniel. Outlander: Blood of My Blood estreia no AXN, \u00e0s 22h, com epis\u00f3dio duplo que aborda a hist\u00f3ria dos pais de Jamie Fraser e Claire Moriston. Em cinema, Melhor \u00c9 Imposs\u00edvel passa no AXN Movies \u00e0s 23h13; O \u00daltimo dos Moicanos em AXN \u00e0s 00h21; Estrada 47 na RTP1 \u00e0s 00h34. Document\u00e1rios na RTP2: As Coisas em Volta \u2013 A Misteriosa Vida dos Objectos, \u00e0s 13h24, explicando a origem e evolu\u00e7\u00e3o de objetos do quotidiano. Hist\u00f3ria da publicidade em Portugal chega \u00e0 televis\u00e3o com Intervalo para Publicidade, \u00e0s 21h04 na RTP2, e A Comida Que Mudou o Mundo, na Hist\u00f3ria, \u00e0s 22h15, com epis\u00f3dios sobre sabores e petiscos americanos.\" \/>\n<meta property=\"og:url\" content=\"https:\/\/portaltela.pt\/noticias\/2026\/01\/05\/terca-na-tv-debates-intervalos-outlander-e-pais-em-destaque\/\" \/>\n<meta property=\"og:site_name\" content=\"Portal Tela Portugal\" \/>\n<meta property=\"article:published_time\" content=\"2026-01-05T19:29:00+00:00\" \/>\n<meta name=\"author\" content=\"Telinha\" \/>\n<meta name=\"twitter:card\" content=\"summary_large_image\" \/>\n<meta name=\"twitter:label1\" content=\"Escrito por\" \/>\n\t<meta name=\"twitter:data1\" content=\"Telinha\" \/>\n\t<meta name=\"twitter:label2\" content=\"Tempo estimado de leitura\" \/>\n\t<meta name=\"twitter:data2\" content=\"3 minutos\" \/>\n<script type=\"application\/ld+json\" class=\"yoast-schema-graph\">{\"@context\":\"https:\/\/schema.org\",\"@graph\":[{\"@type\":\"Article\",\"@id\":\"https:\/\/portaltela.pt\/noticias\/2026\/01\/05\/terca-na-tv-debates-intervalos-outlander-e-pais-em-destaque\/#article\",\"isPartOf\":{\"@id\":\"https:\/\/portaltela.pt\/noticias\/2026\/01\/05\/terca-na-tv-debates-intervalos-outlander-e-pais-em-destaque\/\"},\"author\":{\"name\":\"Telinha\",\"@id\":\"https:\/\/portaltela.pt\/#\/schema\/person\/c4278d4a6028830caff9ee44b42d32ed\"},\"headline\":\"Ter\u00e7a na TV: debates, intervalos, Outlander e pais em destaque\",\"datePublished\":\"2026-01-05T19:29:00+00:00\",\"mainEntityOfPage\":{\"@id\":\"https:\/\/portaltela.pt\/noticias\/2026\/01\/05\/terca-na-tv-debates-intervalos-outlander-e-pais-em-destaque\/\"},\"wordCount\":524,\"image\":{\"@id\":\"https:\/\/portaltela.pt\/noticias\/2026\/01\/05\/terca-na-tv-debates-intervalos-outlander-e-pais-em-destaque\/#primaryimage\"},\"thumbnailUrl\":\"https:\/\/portaltela.pt\/s.01k8rhncp4jt1\/2026\/01\/2056689.jpg\",\"keywords\":[\"cinema\",\"document\u00e1rios\",\"elei\u00e7\u00f5es\",\"hist\u00f3ria\",\"informa\u00e7\u00e3o\",\"S\u00c9RIE\"],\"articleSection\":[\"Not\u00edcias\"],\"inLanguage\":\"pt-PT\"},{\"@type\":\"WebPage\",\"@id\":\"https:\/\/portaltela.pt\/noticias\/2026\/01\/05\/terca-na-tv-debates-intervalos-outlander-e-pais-em-destaque\/\",\"url\":\"https:\/\/portaltela.pt\/noticias\/2026\/01\/05\/terca-na-tv-debates-intervalos-outlander-e-pais-em-destaque\/\",\"name\":\"Ter\u00e7a na TV: debates, intervalos, Outlander e pais em destaque - Portal Tela Portugal\",\"isPartOf\":{\"@id\":\"https:\/\/portaltela.pt\/#website\"},\"primaryImageOfPage\":{\"@id\":\"https:\/\/portaltela.pt\/noticias\/2026\/01\/05\/terca-na-tv-debates-intervalos-outlander-e-pais-em-destaque\/#primaryimage\"},\"image\":{\"@id\":\"https:\/\/portaltela.pt\/noticias\/2026\/01\/05\/terca-na-tv-debates-intervalos-outlander-e-pais-em-destaque\/#primaryimage\"},\"thumbnailUrl\":\"https:\/\/portaltela.pt\/s.01k8rhncp4jt1\/2026\/01\/2056689.jpg\",\"datePublished\":\"2026-01-05T19:29:00+00:00\",\"author\":{\"@id\":\"https:\/\/portaltela.pt\/#\/schema\/person\/c4278d4a6028830caff9ee44b42d32ed\"},\"breadcrumb\":{\"@id\":\"https:\/\/portaltela.pt\/noticias\/2026\/01\/05\/terca-na-tv-debates-intervalos-outlander-e-pais-em-destaque\/#breadcrumb\"},\"inLanguage\":\"pt-PT\",\"potentialAction\":[{\"@type\":\"ReadAction\",\"target\":[\"https:\/\/portaltela.pt\/noticias\/2026\/01\/05\/terca-na-tv-debates-intervalos-outlander-e-pais-em-destaque\/\"]}]},{\"@type\":\"ImageObject\",\"inLanguage\":\"pt-PT\",\"@id\":\"https:\/\/portaltela.pt\/noticias\/2026\/01\/05\/terca-na-tv-debates-intervalos-outlander-e-pais-em-destaque\/#primaryimage\",\"url\":\"https:\/\/portaltela.pt\/s.01k8rhncp4jt1\/2026\/01\/2056689.jpg\",\"contentUrl\":\"https:\/\/portaltela.pt\/s.01k8rhncp4jt1\/2026\/01\/2056689.jpg\",\"width\":796,\"height\":448,\"caption\":\"O AXN estreia *Outlander: Blood of My Blood*\"},{\"@type\":\"BreadcrumbList\",\"@id\":\"https:\/\/portaltela.pt\/noticias\/2026\/01\/05\/terca-na-tv-debates-intervalos-outlander-e-pais-em-destaque\/#breadcrumb\",\"itemListElement\":[{\"@type\":\"ListItem\",\"position\":1,\"name\":\"In\u00edcio\",\"item\":\"https:\/\/portaltela.pt\/\"},{\"@type\":\"ListItem\",\"position\":2,\"name\":\"Ter\u00e7a na TV: debates, intervalos, Outlander e pais em destaque\"}]},{\"@type\":\"WebSite\",\"@id\":\"https:\/\/portaltela.pt\/#website\",\"url\":\"https:\/\/portaltela.pt\/\",\"name\":\"Portal Tela Portugal\",\"description\":\"\",\"potentialAction\":[{\"@type\":\"SearchAction\",\"target\":{\"@type\":\"EntryPoint\",\"urlTemplate\":\"https:\/\/portaltela.pt\/?s={search_term_string}\"},\"query-input\":{\"@type\":\"PropertyValueSpecification\",\"valueRequired\":true,\"valueName\":\"search_term_string\"}}],\"inLanguage\":\"pt-PT\"},{\"@type\":\"Person\",\"@id\":\"https:\/\/portaltela.pt\/#\/schema\/person\/c4278d4a6028830caff9ee44b42d32ed\",\"name\":\"Telinha\",\"image\":{\"@type\":\"ImageObject\",\"inLanguage\":\"pt-PT\",\"@id\":\"https:\/\/portaltela.pt\/s.01k8rhncp4jt1\/2025\/11\/talking-bot-125x125.png\",\"url\":\"https:\/\/portaltela.pt\/s.01k8rhncp4jt1\/2025\/11\/talking-bot-125x125.png\",\"contentUrl\":\"https:\/\/portaltela.pt\/s.01k8rhncp4jt1\/2025\/11\/talking-bot-125x125.png\",\"caption\":\"Telinha\"},\"sameAs\":[\"https:\/\/portaltela.pt\/\"],\"url\":\"https:\/\/portaltela.pt\/por\/367410592786\/\"}]}<\/script>\n<!-- \/ Yoast SEO plugin. -->","yoast_head_json":{"title":"Ter\u00e7a na TV: debates, intervalos, Outlander e pais em destaque - Portal Tela Portugal","robots":{"index":"index","follow":"follow","max-snippet":"max-snippet:-1","max-image-preview":"max-image-preview:large","max-video-preview":"max-video-preview:-1"},"og_locale":"pt_PT","og_type":"article","og_title":"Ter\u00e7a na TV: debates, intervalos, Outlander e pais em destaque - Portal Tela Portugal","og_description":"Em direto, o debate presidencial de 2026 no RTP1, \u00e0s 22h, com todos os candidatos e dura\u00e7\u00e3o de 2h30, moderado por Carlos Daniel. Outlander: Blood of My Blood estreia no AXN, \u00e0s 22h, com epis\u00f3dio duplo que aborda a hist\u00f3ria dos pais de Jamie Fraser e Claire Moriston. Em cinema, Melhor \u00c9 Imposs\u00edvel passa no AXN Movies \u00e0s 23h13; O \u00daltimo dos Moicanos em AXN \u00e0s 00h21; Estrada 47 na RTP1 \u00e0s 00h34. Document\u00e1rios na RTP2: As Coisas em Volta \u2013 A Misteriosa Vida dos Objectos, \u00e0s 13h24, explicando a origem e evolu\u00e7\u00e3o de objetos do quotidiano. Hist\u00f3ria da publicidade em Portugal chega \u00e0 televis\u00e3o com Intervalo para Publicidade, \u00e0s 21h04 na RTP2, e A Comida Que Mudou o Mundo, na Hist\u00f3ria, \u00e0s 22h15, com epis\u00f3dios sobre sabores e petiscos americanos.","og_url":"https:\/\/portaltela.pt\/noticias\/2026\/01\/05\/terca-na-tv-debates-intervalos-outlander-e-pais-em-destaque\/","og_site_name":"Portal Tela Portugal","article_published_time":"2026-01-05T19:29:00+00:00","author":"Telinha","twitter_card":"summary_large_image","twitter_misc":{"Escrito por":"Telinha","Tempo estimado de leitura":"3 minutos"},"schema":{"@context":"https:\/\/schema.org","@graph":[{"@type":"Article","@id":"https:\/\/portaltela.pt\/noticias\/2026\/01\/05\/terca-na-tv-debates-intervalos-outlander-e-pais-em-destaque\/#article","isPartOf":{"@id":"https:\/\/portaltela.pt\/noticias\/2026\/01\/05\/terca-na-tv-debates-intervalos-outlander-e-pais-em-destaque\/"},"author":{"name":"Telinha","@id":"https:\/\/portaltela.pt\/#\/schema\/person\/c4278d4a6028830caff9ee44b42d32ed"},"headline":"Ter\u00e7a na TV: debates, intervalos, Outlander e pais em destaque","datePublished":"2026-01-05T19:29:00+00:00","mainEntityOfPage":{"@id":"https:\/\/portaltela.pt\/noticias\/2026\/01\/05\/terca-na-tv-debates-intervalos-outlander-e-pais-em-destaque\/"},"wordCount":524,"image":{"@id":"https:\/\/portaltela.pt\/noticias\/2026\/01\/05\/terca-na-tv-debates-intervalos-outlander-e-pais-em-destaque\/#primaryimage"},"thumbnailUrl":"https:\/\/portaltela.pt\/s.01k8rhncp4jt1\/2026\/01\/2056689.jpg","keywords":["cinema","document\u00e1rios","elei\u00e7\u00f5es","hist\u00f3ria","informa\u00e7\u00e3o","S\u00c9RIE"],"articleSection":["Not\u00edcias"],"inLanguage":"pt-PT"},{"@type":"WebPage","@id":"https:\/\/portaltela.pt\/noticias\/2026\/01\/05\/terca-na-tv-debates-intervalos-outlander-e-pais-em-destaque\/","url":"https:\/\/portaltela.pt\/noticias\/2026\/01\/05\/terca-na-tv-debates-intervalos-outlander-e-pais-em-destaque\/","name":"Ter\u00e7a na TV: debates, intervalos, Outlander e pais em destaque - Portal Tela Portugal","isPartOf":{"@id":"https:\/\/portaltela.pt\/#website"},"primaryImageOfPage":{"@id":"https:\/\/portaltela.pt\/noticias\/2026\/01\/05\/terca-na-tv-debates-intervalos-outlander-e-pais-em-destaque\/#primaryimage"},"image":{"@id":"https:\/\/portaltela.pt\/noticias\/2026\/01\/05\/terca-na-tv-debates-intervalos-outlander-e-pais-em-destaque\/#primaryimage"},"thumbnailUrl":"https:\/\/portaltela.pt\/s.01k8rhncp4jt1\/2026\/01\/2056689.jpg","datePublished":"2026-01-05T19:29:00+00:00","author":{"@id":"https:\/\/portaltela.pt\/#\/schema\/person\/c4278d4a6028830caff9ee44b42d32ed"},"breadcrumb":{"@id":"https:\/\/portaltela.pt\/noticias\/2026\/01\/05\/terca-na-tv-debates-intervalos-outlander-e-pais-em-destaque\/#breadcrumb"},"inLanguage":"pt-PT","potentialAction":[{"@type":"ReadAction","target":["https:\/\/portaltela.pt\/noticias\/2026\/01\/05\/terca-na-tv-debates-intervalos-outlander-e-pais-em-destaque\/"]}]},{"@type":"ImageObject","inLanguage":"pt-PT","@id":"https:\/\/portaltela.pt\/noticias\/2026\/01\/05\/terca-na-tv-debates-intervalos-outlander-e-pais-em-destaque\/#primaryimage","url":"https:\/\/portaltela.pt\/s.01k8rhncp4jt1\/2026\/01\/2056689.jpg","contentUrl":"https:\/\/portaltela.pt\/s.01k8rhncp4jt1\/2026\/01\/2056689.jpg","width":796,"height":448,"caption":"O AXN estreia *Outlander: Blood of My Blood*"},{"@type":"BreadcrumbList","@id":"https:\/\/portaltela.pt\/noticias\/2026\/01\/05\/terca-na-tv-debates-intervalos-outlander-e-pais-em-destaque\/#breadcrumb","itemListElement":[{"@type":"ListItem","position":1,"name":"In\u00edcio","item":"https:\/\/portaltela.pt\/"},{"@type":"ListItem","position":2,"name":"Ter\u00e7a na TV: debates, intervalos, Outlander e pais em destaque"}]},{"@type":"WebSite","@id":"https:\/\/portaltela.pt\/#website","url":"https:\/\/portaltela.pt\/","name":"Portal Tela Portugal","description":"","potentialAction":[{"@type":"SearchAction","target":{"@type":"EntryPoint","urlTemplate":"https:\/\/portaltela.pt\/?s={search_term_string}"},"query-input":{"@type":"PropertyValueSpecification","valueRequired":true,"valueName":"search_term_string"}}],"inLanguage":"pt-PT"},{"@type":"Person","@id":"https:\/\/portaltela.pt\/#\/schema\/person\/c4278d4a6028830caff9ee44b42d32ed","name":"Telinha","image":{"@type":"ImageObject","inLanguage":"pt-PT","@id":"https:\/\/portaltela.pt\/s.01k8rhncp4jt1\/2025\/11\/talking-bot-125x125.png","url":"https:\/\/portaltela.pt\/s.01k8rhncp4jt1\/2025\/11\/talking-bot-125x125.png","contentUrl":"https:\/\/portaltela.pt\/s.01k8rhncp4jt1\/2025\/11\/talking-bot-125x125.png","caption":"Telinha"},"sameAs":["https:\/\/portaltela.pt\/"],"url":"https:\/\/portaltela.pt\/por\/367410592786\/"}]}},"_links":{"self":[{"href":"https:\/\/portaltela.pt\/api\/wp\/v2\/posts\/118910","targetHints":{"allow":["GET"]}}],"collection":[{"href":"https:\/\/portaltela.pt\/api\/wp\/v2\/posts"}],"about":[{"href":"https:\/\/portaltela.pt\/api\/wp\/v2\/types\/post"}],"author":[{"embeddable":true,"href":"https:\/\/portaltela.pt\/api\/wp\/v2\/users\/2"}],"replies":[{"embeddable":true,"href":"https:\/\/portaltela.pt\/api\/wp\/v2\/comments?post=118910"}],"version-history":[{"count":0,"href":"https:\/\/portaltela.pt\/api\/wp\/v2\/posts\/118910\/revisions"}],"wp:featuredmedia":[{"embeddable":true,"href":"https:\/\/portaltela.pt\/api\/wp\/v2\/media\/118911"}],"wp:attachment":[{"href":"https:\/\/portaltela.pt\/api\/wp\/v2\/media?parent=118910"}],"wp:term":[{"taxonomy":"category","embeddable":true,"href":"https:\/\/portaltela.pt\/api\/wp\/v2\/categories?post=118910"},{"taxonomy":"post_tag","embeddable":true,"href":"https:\/\/portaltela.pt\/api\/wp\/v2\/tags?post=118910"}],"curies":[{"name":"wp","href":"https:\/\/api.w.org\/{rel}","templated":true}]}}