{"id":118771,"date":"2026-01-05T15:28:00","date_gmt":"2026-01-05T18:28:00","guid":{"rendered":"https:\/\/portaltela.pt\/noticias\/2026\/01\/05\/gnr-identifica-suspeito-de-atropelamento-mortal-em-setubal\/"},"modified":"2026-01-05T15:28:00","modified_gmt":"2026-01-05T18:28:00","slug":"gnr-identifica-suspeito-de-atropelamento-mortal-em-setubal","status":"publish","type":"post","link":"https:\/\/portaltela.pt\/noticias\/2026\/01\/05\/gnr-identifica-suspeito-de-atropelamento-mortal-em-setubal\/","title":{"rendered":"GNR identifica suspeito de atropelamento mortal em Set\u00fabal"},"content":{"rendered":"<p>Um homem de 52 anos foi identificado e constitu\u00eddo arguido pelo crime de atropelamento mortal com fuga, ocorrido a 31 de julho no concelho de Set\u00fabal. A investiga\u00e7\u00e3o \u00e9 conduzida pela GNR e envolve o crime rodovi\u00e1rio grave, segundo comunicado do Comando Territorial de Set\u00fabal.<\/p>\n<p>A identifica\u00e7\u00e3o ocorreu na ter\u00e7a-feira, na sequ\u00eancia do acidente na Estrada Nacional 4, na localidade das Manteigadas. Ap\u00f3s an\u00e1lise de vest\u00edgios no local, foi poss\u00edvel apurar o modelo e o ano de fabrico do ve\u00edculo envolvido.<\/p>\n<p>Um fragmento recolhido no local permitiu confirmar a viatura encontrada pela GNR em 22 de agosto. O ve\u00edculo foi apreendido, estava escondido numa propriedade privada e j\u00e1 com pedido de abate.<\/p>\n<p>Foi tamb\u00e9m poss\u00edvel apurar responsabilidades criminais no \u00e2mbito do crime rodovi\u00e1rio grave, contribuindo para a responsabiliza\u00e7\u00e3o do autor. A GNR comunicou os factos ao Tribunal Judicial de Set\u00fabal.<\/p>\n","protected":false},"excerpt":{"rendered":"<ul>\n<li>Um homem de 52 anos foi identificado e constitu\u00eddo arguido pela pr\u00e1tica de um crime de atropelamento mortal com fuga em Set\u00fabal, ocorrido a 31 de julho.<\/li>\n<li>A identifica\u00e7\u00e3o ocorreu na sequ\u00eancia da investiga\u00e7\u00e3o de um acidente na Estrada Nacional 4, na localidade de Manteigadas.<\/li>\n<li>An\u00e1lises no local permitiram determinar o modelo e o ano de fabrico do ve\u00edculo envolvido, bem como um fragmento que pertencia a uma viatura localizada pelos militares a 22 de agosto.<\/li>\n<li>O ve\u00edculo, j\u00e1 apreendido, estava escondido numa propriedade privada e j\u00e1 com pedido de abate.<\/li>\n<li>A GNR informou o Tribunal Judicial de Set\u00fabal sobre os factos e destacou que foram apuradas responsabilidades criminais no \u00e2mbito do crime rodovi\u00e1rio grave.<\/li>\n<\/ul>\n","protected":false},"author":2,"featured_media":118775,"comment_status":"closed","ping_status":"closed","sticky":false,"template":"","format":"standard","meta":{"footnotes":""},"categories":[1],"tags":[2088,2444,1380,215,994,52],"class_list":["post-118771","post","type-post","status-publish","format-standard","has-post-thumbnail","hentry","category-noticias","tag-acidente-de-viacao","tag-crime-rodoviario-grave","tag-gnr","tag-investigacao","tag-setubal","tag-tribunal"],"yoast_head":"<!-- This site is optimized with the Yoast SEO plugin v27.2 - https:\/\/yoast.com\/product\/yoast-seo-wordpress\/ -->\n<title>GNR identifica suspeito de atropelamento mortal em Set\u00fabal - Portal Tela Portugal<\/title>\n<meta name=\"robots\" content=\"index, follow, max-snippet:-1, max-image-preview:large, max-video-preview:-1\" \/>\n<meta property=\"og:locale\" content=\"pt_PT\" \/>\n<meta property=\"og:type\" content=\"article\" \/>\n<meta property=\"og:title\" content=\"GNR identifica suspeito de atropelamento mortal em Set\u00fabal - Portal Tela Portugal\" \/>\n<meta property=\"og:description\" content=\"Um homem de 52 anos foi identificado e constitu\u00eddo arguido pela pr\u00e1tica de um crime de atropelamento mortal com fuga em Set\u00fabal, ocorrido a 31 de julho. A identifica\u00e7\u00e3o ocorreu na sequ\u00eancia da investiga\u00e7\u00e3o de um acidente na Estrada Nacional 4, na localidade de Manteigadas. An\u00e1lises no local permitiram determinar o modelo e o ano de fabrico do ve\u00edculo envolvido, bem como um fragmento que pertencia a uma viatura localizada pelos militares a 22 de agosto. O ve\u00edculo, j\u00e1 apreendido, estava escondido numa propriedade privada e j\u00e1 com pedido de abate. A GNR informou o Tribunal Judicial de Set\u00fabal sobre os factos e destacou que foram apuradas responsabilidades criminais no \u00e2mbito do crime rodovi\u00e1rio grave.\" \/>\n<meta property=\"og:url\" content=\"https:\/\/portaltela.pt\/noticias\/2026\/01\/05\/gnr-identifica-suspeito-de-atropelamento-mortal-em-setubal\/\" \/>\n<meta property=\"og:site_name\" content=\"Portal Tela Portugal\" \/>\n<meta property=\"article:published_time\" content=\"2026-01-05T18:28:00+00:00\" \/>\n<meta name=\"author\" content=\"Telinha\" \/>\n<meta name=\"twitter:card\" content=\"summary_large_image\" \/>\n<meta name=\"twitter:label1\" content=\"Escrito por\" \/>\n\t<meta name=\"twitter:data1\" content=\"Telinha\" \/>\n\t<meta name=\"twitter:label2\" content=\"Tempo estimado de leitura\" \/>\n\t<meta name=\"twitter:data2\" content=\"1 minuto\" \/>\n<script type=\"application\/ld+json\" class=\"yoast-schema-graph\">{\"@context\":\"https:\/\/schema.org\",\"@graph\":[{\"@type\":\"Article\",\"@id\":\"https:\/\/portaltela.pt\/noticias\/2026\/01\/05\/gnr-identifica-suspeito-de-atropelamento-mortal-em-setubal\/#article\",\"isPartOf\":{\"@id\":\"https:\/\/portaltela.pt\/noticias\/2026\/01\/05\/gnr-identifica-suspeito-de-atropelamento-mortal-em-setubal\/\"},\"author\":{\"name\":\"Telinha\",\"@id\":\"https:\/\/portaltela.pt\/#\/schema\/person\/c4278d4a6028830caff9ee44b42d32ed\"},\"headline\":\"GNR identifica suspeito de atropelamento mortal em Set\u00fabal\",\"datePublished\":\"2026-01-05T18:28:00+00:00\",\"mainEntityOfPage\":{\"@id\":\"https:\/\/portaltela.pt\/noticias\/2026\/01\/05\/gnr-identifica-suspeito-de-atropelamento-mortal-em-setubal\/\"},\"wordCount\":163,\"image\":{\"@id\":\"https:\/\/portaltela.pt\/noticias\/2026\/01\/05\/gnr-identifica-suspeito-de-atropelamento-mortal-em-setubal\/#primaryimage\"},\"thumbnailUrl\":\"https:\/\/portaltela.pt\/s.01k8rhncp4jt1\/2026\/01\/unnamed-file-880.jpg\",\"keywords\":[\"acidente de via\u00e7\u00e3o\",\"crime rodovi\u00e1rio grave\",\"GNR\",\"investiga\u00e7\u00e3o\",\"Set\u00fabal\",\"tribunal\"],\"articleSection\":[\"Not\u00edcias\"],\"inLanguage\":\"pt-PT\"},{\"@type\":\"WebPage\",\"@id\":\"https:\/\/portaltela.pt\/noticias\/2026\/01\/05\/gnr-identifica-suspeito-de-atropelamento-mortal-em-setubal\/\",\"url\":\"https:\/\/portaltela.pt\/noticias\/2026\/01\/05\/gnr-identifica-suspeito-de-atropelamento-mortal-em-setubal\/\",\"name\":\"GNR identifica suspeito de atropelamento mortal em Set\u00fabal - Portal Tela Portugal\",\"isPartOf\":{\"@id\":\"https:\/\/portaltela.pt\/#website\"},\"primaryImageOfPage\":{\"@id\":\"https:\/\/portaltela.pt\/noticias\/2026\/01\/05\/gnr-identifica-suspeito-de-atropelamento-mortal-em-setubal\/#primaryimage\"},\"image\":{\"@id\":\"https:\/\/portaltela.pt\/noticias\/2026\/01\/05\/gnr-identifica-suspeito-de-atropelamento-mortal-em-setubal\/#primaryimage\"},\"thumbnailUrl\":\"https:\/\/portaltela.pt\/s.01k8rhncp4jt1\/2026\/01\/unnamed-file-880.jpg\",\"datePublished\":\"2026-01-05T18:28:00+00:00\",\"author\":{\"@id\":\"https:\/\/portaltela.pt\/#\/schema\/person\/c4278d4a6028830caff9ee44b42d32ed\"},\"breadcrumb\":{\"@id\":\"https:\/\/portaltela.pt\/noticias\/2026\/01\/05\/gnr-identifica-suspeito-de-atropelamento-mortal-em-setubal\/#breadcrumb\"},\"inLanguage\":\"pt-PT\",\"potentialAction\":[{\"@type\":\"ReadAction\",\"target\":[\"https:\/\/portaltela.pt\/noticias\/2026\/01\/05\/gnr-identifica-suspeito-de-atropelamento-mortal-em-setubal\/\"]}]},{\"@type\":\"ImageObject\",\"inLanguage\":\"pt-PT\",\"@id\":\"https:\/\/portaltela.pt\/noticias\/2026\/01\/05\/gnr-identifica-suspeito-de-atropelamento-mortal-em-setubal\/#primaryimage\",\"url\":\"https:\/\/portaltela.pt\/s.01k8rhncp4jt1\/2026\/01\/unnamed-file-880.jpg\",\"contentUrl\":\"https:\/\/portaltela.pt\/s.01k8rhncp4jt1\/2026\/01\/unnamed-file-880.jpg\",\"width\":796,\"height\":448,\"caption\":\"GNR conseguiu confirmar que um fragmento recolhido pertencia a uma viatura que viria a ser localizada pelos militares da GNR em 22 de agosto\"},{\"@type\":\"BreadcrumbList\",\"@id\":\"https:\/\/portaltela.pt\/noticias\/2026\/01\/05\/gnr-identifica-suspeito-de-atropelamento-mortal-em-setubal\/#breadcrumb\",\"itemListElement\":[{\"@type\":\"ListItem\",\"position\":1,\"name\":\"In\u00edcio\",\"item\":\"https:\/\/portaltela.pt\/\"},{\"@type\":\"ListItem\",\"position\":2,\"name\":\"GNR identifica suspeito de atropelamento mortal em Set\u00fabal\"}]},{\"@type\":\"WebSite\",\"@id\":\"https:\/\/portaltela.pt\/#website\",\"url\":\"https:\/\/portaltela.pt\/\",\"name\":\"Portal Tela Portugal\",\"description\":\"\",\"potentialAction\":[{\"@type\":\"SearchAction\",\"target\":{\"@type\":\"EntryPoint\",\"urlTemplate\":\"https:\/\/portaltela.pt\/?s={search_term_string}\"},\"query-input\":{\"@type\":\"PropertyValueSpecification\",\"valueRequired\":true,\"valueName\":\"search_term_string\"}}],\"inLanguage\":\"pt-PT\"},{\"@type\":\"Person\",\"@id\":\"https:\/\/portaltela.pt\/#\/schema\/person\/c4278d4a6028830caff9ee44b42d32ed\",\"name\":\"Telinha\",\"image\":{\"@type\":\"ImageObject\",\"inLanguage\":\"pt-PT\",\"@id\":\"https:\/\/portaltela.pt\/s.01k8rhncp4jt1\/2025\/11\/talking-bot-125x125.png\",\"url\":\"https:\/\/portaltela.pt\/s.01k8rhncp4jt1\/2025\/11\/talking-bot-125x125.png\",\"contentUrl\":\"https:\/\/portaltela.pt\/s.01k8rhncp4jt1\/2025\/11\/talking-bot-125x125.png\",\"caption\":\"Telinha\"},\"sameAs\":[\"https:\/\/portaltela.pt\/\"],\"url\":\"https:\/\/portaltela.pt\/por\/367410592786\/\"}]}<\/script>\n<!-- \/ Yoast SEO plugin. -->","yoast_head_json":{"title":"GNR identifica suspeito de atropelamento mortal em Set\u00fabal - Portal Tela Portugal","robots":{"index":"index","follow":"follow","max-snippet":"max-snippet:-1","max-image-preview":"max-image-preview:large","max-video-preview":"max-video-preview:-1"},"og_locale":"pt_PT","og_type":"article","og_title":"GNR identifica suspeito de atropelamento mortal em Set\u00fabal - Portal Tela Portugal","og_description":"Um homem de 52 anos foi identificado e constitu\u00eddo arguido pela pr\u00e1tica de um crime de atropelamento mortal com fuga em Set\u00fabal, ocorrido a 31 de julho. A identifica\u00e7\u00e3o ocorreu na sequ\u00eancia da investiga\u00e7\u00e3o de um acidente na Estrada Nacional 4, na localidade de Manteigadas. An\u00e1lises no local permitiram determinar o modelo e o ano de fabrico do ve\u00edculo envolvido, bem como um fragmento que pertencia a uma viatura localizada pelos militares a 22 de agosto. O ve\u00edculo, j\u00e1 apreendido, estava escondido numa propriedade privada e j\u00e1 com pedido de abate. A GNR informou o Tribunal Judicial de Set\u00fabal sobre os factos e destacou que foram apuradas responsabilidades criminais no \u00e2mbito do crime rodovi\u00e1rio grave.","og_url":"https:\/\/portaltela.pt\/noticias\/2026\/01\/05\/gnr-identifica-suspeito-de-atropelamento-mortal-em-setubal\/","og_site_name":"Portal Tela Portugal","article_published_time":"2026-01-05T18:28:00+00:00","author":"Telinha","twitter_card":"summary_large_image","twitter_misc":{"Escrito por":"Telinha","Tempo estimado de leitura":"1 minuto"},"schema":{"@context":"https:\/\/schema.org","@graph":[{"@type":"Article","@id":"https:\/\/portaltela.pt\/noticias\/2026\/01\/05\/gnr-identifica-suspeito-de-atropelamento-mortal-em-setubal\/#article","isPartOf":{"@id":"https:\/\/portaltela.pt\/noticias\/2026\/01\/05\/gnr-identifica-suspeito-de-atropelamento-mortal-em-setubal\/"},"author":{"name":"Telinha","@id":"https:\/\/portaltela.pt\/#\/schema\/person\/c4278d4a6028830caff9ee44b42d32ed"},"headline":"GNR identifica suspeito de atropelamento mortal em Set\u00fabal","datePublished":"2026-01-05T18:28:00+00:00","mainEntityOfPage":{"@id":"https:\/\/portaltela.pt\/noticias\/2026\/01\/05\/gnr-identifica-suspeito-de-atropelamento-mortal-em-setubal\/"},"wordCount":163,"image":{"@id":"https:\/\/portaltela.pt\/noticias\/2026\/01\/05\/gnr-identifica-suspeito-de-atropelamento-mortal-em-setubal\/#primaryimage"},"thumbnailUrl":"https:\/\/portaltela.pt\/s.01k8rhncp4jt1\/2026\/01\/unnamed-file-880.jpg","keywords":["acidente de via\u00e7\u00e3o","crime rodovi\u00e1rio grave","GNR","investiga\u00e7\u00e3o","Set\u00fabal","tribunal"],"articleSection":["Not\u00edcias"],"inLanguage":"pt-PT"},{"@type":"WebPage","@id":"https:\/\/portaltela.pt\/noticias\/2026\/01\/05\/gnr-identifica-suspeito-de-atropelamento-mortal-em-setubal\/","url":"https:\/\/portaltela.pt\/noticias\/2026\/01\/05\/gnr-identifica-suspeito-de-atropelamento-mortal-em-setubal\/","name":"GNR identifica suspeito de atropelamento mortal em Set\u00fabal - Portal Tela Portugal","isPartOf":{"@id":"https:\/\/portaltela.pt\/#website"},"primaryImageOfPage":{"@id":"https:\/\/portaltela.pt\/noticias\/2026\/01\/05\/gnr-identifica-suspeito-de-atropelamento-mortal-em-setubal\/#primaryimage"},"image":{"@id":"https:\/\/portaltela.pt\/noticias\/2026\/01\/05\/gnr-identifica-suspeito-de-atropelamento-mortal-em-setubal\/#primaryimage"},"thumbnailUrl":"https:\/\/portaltela.pt\/s.01k8rhncp4jt1\/2026\/01\/unnamed-file-880.jpg","datePublished":"2026-01-05T18:28:00+00:00","author":{"@id":"https:\/\/portaltela.pt\/#\/schema\/person\/c4278d4a6028830caff9ee44b42d32ed"},"breadcrumb":{"@id":"https:\/\/portaltela.pt\/noticias\/2026\/01\/05\/gnr-identifica-suspeito-de-atropelamento-mortal-em-setubal\/#breadcrumb"},"inLanguage":"pt-PT","potentialAction":[{"@type":"ReadAction","target":["https:\/\/portaltela.pt\/noticias\/2026\/01\/05\/gnr-identifica-suspeito-de-atropelamento-mortal-em-setubal\/"]}]},{"@type":"ImageObject","inLanguage":"pt-PT","@id":"https:\/\/portaltela.pt\/noticias\/2026\/01\/05\/gnr-identifica-suspeito-de-atropelamento-mortal-em-setubal\/#primaryimage","url":"https:\/\/portaltela.pt\/s.01k8rhncp4jt1\/2026\/01\/unnamed-file-880.jpg","contentUrl":"https:\/\/portaltela.pt\/s.01k8rhncp4jt1\/2026\/01\/unnamed-file-880.jpg","width":796,"height":448,"caption":"GNR conseguiu confirmar que um fragmento recolhido pertencia a uma viatura que viria a ser localizada pelos militares da GNR em 22 de agosto"},{"@type":"BreadcrumbList","@id":"https:\/\/portaltela.pt\/noticias\/2026\/01\/05\/gnr-identifica-suspeito-de-atropelamento-mortal-em-setubal\/#breadcrumb","itemListElement":[{"@type":"ListItem","position":1,"name":"In\u00edcio","item":"https:\/\/portaltela.pt\/"},{"@type":"ListItem","position":2,"name":"GNR identifica suspeito de atropelamento mortal em Set\u00fabal"}]},{"@type":"WebSite","@id":"https:\/\/portaltela.pt\/#website","url":"https:\/\/portaltela.pt\/","name":"Portal Tela Portugal","description":"","potentialAction":[{"@type":"SearchAction","target":{"@type":"EntryPoint","urlTemplate":"https:\/\/portaltela.pt\/?s={search_term_string}"},"query-input":{"@type":"PropertyValueSpecification","valueRequired":true,"valueName":"search_term_string"}}],"inLanguage":"pt-PT"},{"@type":"Person","@id":"https:\/\/portaltela.pt\/#\/schema\/person\/c4278d4a6028830caff9ee44b42d32ed","name":"Telinha","image":{"@type":"ImageObject","inLanguage":"pt-PT","@id":"https:\/\/portaltela.pt\/s.01k8rhncp4jt1\/2025\/11\/talking-bot-125x125.png","url":"https:\/\/portaltela.pt\/s.01k8rhncp4jt1\/2025\/11\/talking-bot-125x125.png","contentUrl":"https:\/\/portaltela.pt\/s.01k8rhncp4jt1\/2025\/11\/talking-bot-125x125.png","caption":"Telinha"},"sameAs":["https:\/\/portaltela.pt\/"],"url":"https:\/\/portaltela.pt\/por\/367410592786\/"}]}},"_links":{"self":[{"href":"https:\/\/portaltela.pt\/api\/wp\/v2\/posts\/118771","targetHints":{"allow":["GET"]}}],"collection":[{"href":"https:\/\/portaltela.pt\/api\/wp\/v2\/posts"}],"about":[{"href":"https:\/\/portaltela.pt\/api\/wp\/v2\/types\/post"}],"author":[{"embeddable":true,"href":"https:\/\/portaltela.pt\/api\/wp\/v2\/users\/2"}],"replies":[{"embeddable":true,"href":"https:\/\/portaltela.pt\/api\/wp\/v2\/comments?post=118771"}],"version-history":[{"count":0,"href":"https:\/\/portaltela.pt\/api\/wp\/v2\/posts\/118771\/revisions"}],"wp:featuredmedia":[{"embeddable":true,"href":"https:\/\/portaltela.pt\/api\/wp\/v2\/media\/118775"}],"wp:attachment":[{"href":"https:\/\/portaltela.pt\/api\/wp\/v2\/media?parent=118771"}],"wp:term":[{"taxonomy":"category","embeddable":true,"href":"https:\/\/portaltela.pt\/api\/wp\/v2\/categories?post=118771"},{"taxonomy":"post_tag","embeddable":true,"href":"https:\/\/portaltela.pt\/api\/wp\/v2\/tags?post=118771"}],"curies":[{"name":"wp","href":"https:\/\/api.w.org\/{rel}","templated":true}]}}