{"id":118661,"date":"2026-01-05T14:23:30","date_gmt":"2026-01-05T17:23:30","guid":{"rendered":"https:\/\/portaltela.pt\/noticias\/2026\/01\/05\/tribunal-frances-condena-dez-individuos-por-ciberbullying-de-brigitte-macron\/"},"modified":"2026-01-05T14:23:30","modified_gmt":"2026-01-05T17:23:30","slug":"tribunal-frances-condena-dez-individuos-por-ciberbullying-de-brigitte-macron","status":"publish","type":"post","link":"https:\/\/portaltela.pt\/noticias\/2026\/01\/05\/tribunal-frances-condena-dez-individuos-por-ciberbullying-de-brigitte-macron\/","title":{"rendered":"Tribunal franc\u00eas condena dez indiv\u00edduos por ciberbullying de Brigitte Macron"},"content":{"rendered":"<p>Um tribunal de Paris condenou dez indiv\u00edduos por ciberbullying contra Brigitte Macron. A decis\u00e3o ocorreu esta segunda-feira, ap\u00f3s a divulga\u00e7\u00e3o de alega\u00e7\u00f5es falsas de que a primeira-dama teria nascido homem. As penas v\u00e3o de quatro a oito meses de pris\u00e3o suspensa, com obrigatoriedade de a\u00e7\u00f5es de sensibiliza\u00e7\u00e3o.<\/p>\n<p>Os r\u00e9us, oito homens e duas mulheres com idades entre 41 e 65 anos, difundiram coment\u00e1rios degradantes principalmente nas redes sociais. Al\u00e9m das acusa\u00e7\u00f5es de transi\u00e7\u00e3o de g\u00e9nero, associaram a diferen\u00e7a de idades entre Brigitte e Emmanuel Macron a alegadas pr\u00e1ticas de pedofilia.<\/p>\n<p>Segundo os ju\u00edzes, os ataques visaram deliberadamente prejudicar Brigitte Macron, apresentando \u201cin\u00fameros coment\u00e1rios maliciosos\u201d para denegrir a autora da a\u00e7\u00e3o. Algumas condena\u00e7\u00f5es incluem bloqueio de contas, restri\u00e7\u00f5es de acesso a plataformas e san\u00e7\u00f5es correspondentes.<\/p>\n<p>Um dos arguidos recebeu apenas a obriga\u00e7\u00e3o de frequentar um curso de consciencializa\u00e7\u00e3o sobre ciberbullying. Outro, um promotor imobili\u00e1rio, foi condenado a seis meses de pris\u00e3o efetiva por faltar \u00e0s audi\u00eancias do julgamento.<\/p>\n<p>Duas mulheres estiveram no centro do caso: a chamada medium Amandine Roy e a autodenominada jornalista Natacha Rey. Roy ficou com uma pena de seis meses de pris\u00e3o com pena suspensa, entre outras san\u00e7\u00f5es.<\/p>\n<p>Emmanuel Macron reagiu aos ataques, denunciando \u201cataques machistas e sexistas\u201d contra Brigitte Macron e a dissemina\u00e7\u00e3o de informa\u00e7\u00f5es falsas. O casal j\u00e1 enfrenta ainda um processo de difama\u00e7\u00e3o nos EUA, ligado \u00e0 s\u00e9rie Becoming Brigitte.<\/p>\n<p>Brigitte Macron tinha apresentado queixa por ass\u00e9dio em agosto de 2024, visando combater a propaga\u00e7\u00e3o de boatos na altura. A defesa alegou humor protegido pela liberdade de express\u00e3o, argumento rejeitado pela justi\u00e7a.<\/p>\n","protected":false},"excerpt":{"rendered":"<ul>\n<li>Tribunal de Paris condenou dez pessoas por ciberbullying contra Brigitte Macron, associando boatos de que nasce\u00adra homem e de diferen\u00e7as de idade com alegadas pr\u00e1ticas de pedofilia.<\/li>\n<li>As penas variaram entre quatro e oito meses de pris\u00e3o suspensa, com obrigatoriedade de a\u00e7\u00f5es de sensibiliza\u00e7\u00e3o para o ciberbullying.<\/li>\n<li>Um promotor imobili\u00e1rio recebeu seis meses de pris\u00e3o efetiva por faltar \u00e0s audi\u00eancias, e alguns arguidos ficaram impedidos de aceder \u00e0s contas nas redes sociais usadas no ataque.<\/li>\n<li>O caso remonta a boatos difundidos ap\u00f3s a elei\u00e7\u00e3o de 2017; Brigitte Macron apresentou queixa em agosto de 2024.<\/li>\n<li>Em rea\u00e7\u00e3o, Emmanuel Macron denunciou ataques machistas e o impacto psicol\u00f3gico sobre Brigitte; o casal tamb\u00e9m enfrenta um processo nos EUA por difama\u00e7\u00e3o ligado \u00e0 s\u00e9rie Becoming Brigitte.<\/li>\n<\/ul>\n","protected":false},"author":2,"featured_media":118665,"comment_status":"closed","ping_status":"closed","sticky":false,"template":"","format":"standard","meta":{"footnotes":""},"categories":[1],"tags":[1471,1724,1469,1121,1856,52],"class_list":["post-118661","post","type-post","status-publish","format-standard","has-post-thumbnail","hentry","category-noticias","tag-ciberataque","tag-cibercrime","tag-desinformacao","tag-difamacao-agravada","tag-franca","tag-tribunal"],"yoast_head":"<!-- This site is optimized with the Yoast SEO plugin v27.2 - https:\/\/yoast.com\/product\/yoast-seo-wordpress\/ -->\n<title>Tribunal franc\u00eas condena dez indiv\u00edduos por ciberbullying de Brigitte Macron - Portal Tela Portugal<\/title>\n<meta name=\"robots\" content=\"index, follow, max-snippet:-1, max-image-preview:large, max-video-preview:-1\" \/>\n<meta property=\"og:locale\" content=\"pt_PT\" \/>\n<meta property=\"og:type\" content=\"article\" \/>\n<meta property=\"og:title\" content=\"Tribunal franc\u00eas condena dez indiv\u00edduos por ciberbullying de Brigitte Macron - Portal Tela Portugal\" \/>\n<meta property=\"og:description\" content=\"Tribunal de Paris condenou dez pessoas por ciberbullying contra Brigitte Macron, associando boatos de que nasce\u00adra homem e de diferen\u00e7as de idade com alegadas pr\u00e1ticas de pedofilia. As penas variaram entre quatro e oito meses de pris\u00e3o suspensa, com obrigatoriedade de a\u00e7\u00f5es de sensibiliza\u00e7\u00e3o para o ciberbullying. Um promotor imobili\u00e1rio recebeu seis meses de pris\u00e3o efetiva por faltar \u00e0s audi\u00eancias, e alguns arguidos ficaram impedidos de aceder \u00e0s contas nas redes sociais usadas no ataque. O caso remonta a boatos difundidos ap\u00f3s a elei\u00e7\u00e3o de 2017; Brigitte Macron apresentou queixa em agosto de 2024. Em rea\u00e7\u00e3o, Emmanuel Macron denunciou ataques machistas e o impacto psicol\u00f3gico sobre Brigitte; o casal tamb\u00e9m enfrenta um processo nos EUA por difama\u00e7\u00e3o ligado \u00e0 s\u00e9rie Becoming Brigitte.\" \/>\n<meta property=\"og:url\" content=\"https:\/\/portaltela.pt\/noticias\/2026\/01\/05\/tribunal-frances-condena-dez-individuos-por-ciberbullying-de-brigitte-macron\/\" \/>\n<meta property=\"og:site_name\" content=\"Portal Tela Portugal\" \/>\n<meta property=\"article:published_time\" content=\"2026-01-05T17:23:30+00:00\" \/>\n<meta name=\"author\" content=\"Telinha\" \/>\n<meta name=\"twitter:card\" content=\"summary_large_image\" \/>\n<meta name=\"twitter:label1\" content=\"Escrito por\" \/>\n\t<meta name=\"twitter:data1\" content=\"Telinha\" \/>\n\t<meta name=\"twitter:label2\" content=\"Tempo estimado de leitura\" \/>\n\t<meta name=\"twitter:data2\" content=\"1 minuto\" \/>\n<script type=\"application\/ld+json\" class=\"yoast-schema-graph\">{\"@context\":\"https:\/\/schema.org\",\"@graph\":[{\"@type\":\"Article\",\"@id\":\"https:\/\/portaltela.pt\/noticias\/2026\/01\/05\/tribunal-frances-condena-dez-individuos-por-ciberbullying-de-brigitte-macron\/#article\",\"isPartOf\":{\"@id\":\"https:\/\/portaltela.pt\/noticias\/2026\/01\/05\/tribunal-frances-condena-dez-individuos-por-ciberbullying-de-brigitte-macron\/\"},\"author\":{\"name\":\"Telinha\",\"@id\":\"https:\/\/portaltela.pt\/#\/schema\/person\/c4278d4a6028830caff9ee44b42d32ed\"},\"headline\":\"Tribunal franc\u00eas condena dez indiv\u00edduos por ciberbullying de Brigitte Macron\",\"datePublished\":\"2026-01-05T17:23:30+00:00\",\"mainEntityOfPage\":{\"@id\":\"https:\/\/portaltela.pt\/noticias\/2026\/01\/05\/tribunal-frances-condena-dez-individuos-por-ciberbullying-de-brigitte-macron\/\"},\"wordCount\":305,\"image\":{\"@id\":\"https:\/\/portaltela.pt\/noticias\/2026\/01\/05\/tribunal-frances-condena-dez-individuos-por-ciberbullying-de-brigitte-macron\/#primaryimage\"},\"thumbnailUrl\":\"https:\/\/portaltela.pt\/s.01k8rhncp4jt1\/2026\/01\/unnamed-file-870.jpg\",\"keywords\":[\"ciberataque\",\"cibercrime\",\"desinforma\u00e7\u00e3o\",\"difama\u00e7\u00e3o agravada\",\"Fran\u00e7a\",\"tribunal\"],\"articleSection\":[\"Not\u00edcias\"],\"inLanguage\":\"pt-PT\"},{\"@type\":\"WebPage\",\"@id\":\"https:\/\/portaltela.pt\/noticias\/2026\/01\/05\/tribunal-frances-condena-dez-individuos-por-ciberbullying-de-brigitte-macron\/\",\"url\":\"https:\/\/portaltela.pt\/noticias\/2026\/01\/05\/tribunal-frances-condena-dez-individuos-por-ciberbullying-de-brigitte-macron\/\",\"name\":\"Tribunal franc\u00eas condena dez indiv\u00edduos por ciberbullying de Brigitte Macron - Portal Tela Portugal\",\"isPartOf\":{\"@id\":\"https:\/\/portaltela.pt\/#website\"},\"primaryImageOfPage\":{\"@id\":\"https:\/\/portaltela.pt\/noticias\/2026\/01\/05\/tribunal-frances-condena-dez-individuos-por-ciberbullying-de-brigitte-macron\/#primaryimage\"},\"image\":{\"@id\":\"https:\/\/portaltela.pt\/noticias\/2026\/01\/05\/tribunal-frances-condena-dez-individuos-por-ciberbullying-de-brigitte-macron\/#primaryimage\"},\"thumbnailUrl\":\"https:\/\/portaltela.pt\/s.01k8rhncp4jt1\/2026\/01\/unnamed-file-870.jpg\",\"datePublished\":\"2026-01-05T17:23:30+00:00\",\"author\":{\"@id\":\"https:\/\/portaltela.pt\/#\/schema\/person\/c4278d4a6028830caff9ee44b42d32ed\"},\"breadcrumb\":{\"@id\":\"https:\/\/portaltela.pt\/noticias\/2026\/01\/05\/tribunal-frances-condena-dez-individuos-por-ciberbullying-de-brigitte-macron\/#breadcrumb\"},\"inLanguage\":\"pt-PT\",\"potentialAction\":[{\"@type\":\"ReadAction\",\"target\":[\"https:\/\/portaltela.pt\/noticias\/2026\/01\/05\/tribunal-frances-condena-dez-individuos-por-ciberbullying-de-brigitte-macron\/\"]}]},{\"@type\":\"ImageObject\",\"inLanguage\":\"pt-PT\",\"@id\":\"https:\/\/portaltela.pt\/noticias\/2026\/01\/05\/tribunal-frances-condena-dez-individuos-por-ciberbullying-de-brigitte-macron\/#primaryimage\",\"url\":\"https:\/\/portaltela.pt\/s.01k8rhncp4jt1\/2026\/01\/unnamed-file-870.jpg\",\"contentUrl\":\"https:\/\/portaltela.pt\/s.01k8rhncp4jt1\/2026\/01\/unnamed-file-870.jpg\",\"width\":796,\"height\":448,\"caption\":\"Tribunal franc\u00eas condena dez pessoas por ciberbullying contra Brigitte Macron\"},{\"@type\":\"BreadcrumbList\",\"@id\":\"https:\/\/portaltela.pt\/noticias\/2026\/01\/05\/tribunal-frances-condena-dez-individuos-por-ciberbullying-de-brigitte-macron\/#breadcrumb\",\"itemListElement\":[{\"@type\":\"ListItem\",\"position\":1,\"name\":\"In\u00edcio\",\"item\":\"https:\/\/portaltela.pt\/\"},{\"@type\":\"ListItem\",\"position\":2,\"name\":\"Tribunal franc\u00eas condena dez indiv\u00edduos por ciberbullying de Brigitte Macron\"}]},{\"@type\":\"WebSite\",\"@id\":\"https:\/\/portaltela.pt\/#website\",\"url\":\"https:\/\/portaltela.pt\/\",\"name\":\"Portal Tela Portugal\",\"description\":\"\",\"potentialAction\":[{\"@type\":\"SearchAction\",\"target\":{\"@type\":\"EntryPoint\",\"urlTemplate\":\"https:\/\/portaltela.pt\/?s={search_term_string}\"},\"query-input\":{\"@type\":\"PropertyValueSpecification\",\"valueRequired\":true,\"valueName\":\"search_term_string\"}}],\"inLanguage\":\"pt-PT\"},{\"@type\":\"Person\",\"@id\":\"https:\/\/portaltela.pt\/#\/schema\/person\/c4278d4a6028830caff9ee44b42d32ed\",\"name\":\"Telinha\",\"image\":{\"@type\":\"ImageObject\",\"inLanguage\":\"pt-PT\",\"@id\":\"https:\/\/portaltela.pt\/s.01k8rhncp4jt1\/2025\/11\/talking-bot-125x125.png\",\"url\":\"https:\/\/portaltela.pt\/s.01k8rhncp4jt1\/2025\/11\/talking-bot-125x125.png\",\"contentUrl\":\"https:\/\/portaltela.pt\/s.01k8rhncp4jt1\/2025\/11\/talking-bot-125x125.png\",\"caption\":\"Telinha\"},\"sameAs\":[\"https:\/\/portaltela.pt\/\"],\"url\":\"https:\/\/portaltela.pt\/por\/367410592786\/\"}]}<\/script>\n<!-- \/ Yoast SEO plugin. -->","yoast_head_json":{"title":"Tribunal franc\u00eas condena dez indiv\u00edduos por ciberbullying de Brigitte Macron - Portal Tela Portugal","robots":{"index":"index","follow":"follow","max-snippet":"max-snippet:-1","max-image-preview":"max-image-preview:large","max-video-preview":"max-video-preview:-1"},"og_locale":"pt_PT","og_type":"article","og_title":"Tribunal franc\u00eas condena dez indiv\u00edduos por ciberbullying de Brigitte Macron - Portal Tela Portugal","og_description":"Tribunal de Paris condenou dez pessoas por ciberbullying contra Brigitte Macron, associando boatos de que nasce\u00adra homem e de diferen\u00e7as de idade com alegadas pr\u00e1ticas de pedofilia. As penas variaram entre quatro e oito meses de pris\u00e3o suspensa, com obrigatoriedade de a\u00e7\u00f5es de sensibiliza\u00e7\u00e3o para o ciberbullying. Um promotor imobili\u00e1rio recebeu seis meses de pris\u00e3o efetiva por faltar \u00e0s audi\u00eancias, e alguns arguidos ficaram impedidos de aceder \u00e0s contas nas redes sociais usadas no ataque. O caso remonta a boatos difundidos ap\u00f3s a elei\u00e7\u00e3o de 2017; Brigitte Macron apresentou queixa em agosto de 2024. Em rea\u00e7\u00e3o, Emmanuel Macron denunciou ataques machistas e o impacto psicol\u00f3gico sobre Brigitte; o casal tamb\u00e9m enfrenta um processo nos EUA por difama\u00e7\u00e3o ligado \u00e0 s\u00e9rie Becoming Brigitte.","og_url":"https:\/\/portaltela.pt\/noticias\/2026\/01\/05\/tribunal-frances-condena-dez-individuos-por-ciberbullying-de-brigitte-macron\/","og_site_name":"Portal Tela Portugal","article_published_time":"2026-01-05T17:23:30+00:00","author":"Telinha","twitter_card":"summary_large_image","twitter_misc":{"Escrito por":"Telinha","Tempo estimado de leitura":"1 minuto"},"schema":{"@context":"https:\/\/schema.org","@graph":[{"@type":"Article","@id":"https:\/\/portaltela.pt\/noticias\/2026\/01\/05\/tribunal-frances-condena-dez-individuos-por-ciberbullying-de-brigitte-macron\/#article","isPartOf":{"@id":"https:\/\/portaltela.pt\/noticias\/2026\/01\/05\/tribunal-frances-condena-dez-individuos-por-ciberbullying-de-brigitte-macron\/"},"author":{"name":"Telinha","@id":"https:\/\/portaltela.pt\/#\/schema\/person\/c4278d4a6028830caff9ee44b42d32ed"},"headline":"Tribunal franc\u00eas condena dez indiv\u00edduos por ciberbullying de Brigitte Macron","datePublished":"2026-01-05T17:23:30+00:00","mainEntityOfPage":{"@id":"https:\/\/portaltela.pt\/noticias\/2026\/01\/05\/tribunal-frances-condena-dez-individuos-por-ciberbullying-de-brigitte-macron\/"},"wordCount":305,"image":{"@id":"https:\/\/portaltela.pt\/noticias\/2026\/01\/05\/tribunal-frances-condena-dez-individuos-por-ciberbullying-de-brigitte-macron\/#primaryimage"},"thumbnailUrl":"https:\/\/portaltela.pt\/s.01k8rhncp4jt1\/2026\/01\/unnamed-file-870.jpg","keywords":["ciberataque","cibercrime","desinforma\u00e7\u00e3o","difama\u00e7\u00e3o agravada","Fran\u00e7a","tribunal"],"articleSection":["Not\u00edcias"],"inLanguage":"pt-PT"},{"@type":"WebPage","@id":"https:\/\/portaltela.pt\/noticias\/2026\/01\/05\/tribunal-frances-condena-dez-individuos-por-ciberbullying-de-brigitte-macron\/","url":"https:\/\/portaltela.pt\/noticias\/2026\/01\/05\/tribunal-frances-condena-dez-individuos-por-ciberbullying-de-brigitte-macron\/","name":"Tribunal franc\u00eas condena dez indiv\u00edduos por ciberbullying de Brigitte Macron - Portal Tela Portugal","isPartOf":{"@id":"https:\/\/portaltela.pt\/#website"},"primaryImageOfPage":{"@id":"https:\/\/portaltela.pt\/noticias\/2026\/01\/05\/tribunal-frances-condena-dez-individuos-por-ciberbullying-de-brigitte-macron\/#primaryimage"},"image":{"@id":"https:\/\/portaltela.pt\/noticias\/2026\/01\/05\/tribunal-frances-condena-dez-individuos-por-ciberbullying-de-brigitte-macron\/#primaryimage"},"thumbnailUrl":"https:\/\/portaltela.pt\/s.01k8rhncp4jt1\/2026\/01\/unnamed-file-870.jpg","datePublished":"2026-01-05T17:23:30+00:00","author":{"@id":"https:\/\/portaltela.pt\/#\/schema\/person\/c4278d4a6028830caff9ee44b42d32ed"},"breadcrumb":{"@id":"https:\/\/portaltela.pt\/noticias\/2026\/01\/05\/tribunal-frances-condena-dez-individuos-por-ciberbullying-de-brigitte-macron\/#breadcrumb"},"inLanguage":"pt-PT","potentialAction":[{"@type":"ReadAction","target":["https:\/\/portaltela.pt\/noticias\/2026\/01\/05\/tribunal-frances-condena-dez-individuos-por-ciberbullying-de-brigitte-macron\/"]}]},{"@type":"ImageObject","inLanguage":"pt-PT","@id":"https:\/\/portaltela.pt\/noticias\/2026\/01\/05\/tribunal-frances-condena-dez-individuos-por-ciberbullying-de-brigitte-macron\/#primaryimage","url":"https:\/\/portaltela.pt\/s.01k8rhncp4jt1\/2026\/01\/unnamed-file-870.jpg","contentUrl":"https:\/\/portaltela.pt\/s.01k8rhncp4jt1\/2026\/01\/unnamed-file-870.jpg","width":796,"height":448,"caption":"Tribunal franc\u00eas condena dez pessoas por ciberbullying contra Brigitte Macron"},{"@type":"BreadcrumbList","@id":"https:\/\/portaltela.pt\/noticias\/2026\/01\/05\/tribunal-frances-condena-dez-individuos-por-ciberbullying-de-brigitte-macron\/#breadcrumb","itemListElement":[{"@type":"ListItem","position":1,"name":"In\u00edcio","item":"https:\/\/portaltela.pt\/"},{"@type":"ListItem","position":2,"name":"Tribunal franc\u00eas condena dez indiv\u00edduos por ciberbullying de Brigitte Macron"}]},{"@type":"WebSite","@id":"https:\/\/portaltela.pt\/#website","url":"https:\/\/portaltela.pt\/","name":"Portal Tela Portugal","description":"","potentialAction":[{"@type":"SearchAction","target":{"@type":"EntryPoint","urlTemplate":"https:\/\/portaltela.pt\/?s={search_term_string}"},"query-input":{"@type":"PropertyValueSpecification","valueRequired":true,"valueName":"search_term_string"}}],"inLanguage":"pt-PT"},{"@type":"Person","@id":"https:\/\/portaltela.pt\/#\/schema\/person\/c4278d4a6028830caff9ee44b42d32ed","name":"Telinha","image":{"@type":"ImageObject","inLanguage":"pt-PT","@id":"https:\/\/portaltela.pt\/s.01k8rhncp4jt1\/2025\/11\/talking-bot-125x125.png","url":"https:\/\/portaltela.pt\/s.01k8rhncp4jt1\/2025\/11\/talking-bot-125x125.png","contentUrl":"https:\/\/portaltela.pt\/s.01k8rhncp4jt1\/2025\/11\/talking-bot-125x125.png","caption":"Telinha"},"sameAs":["https:\/\/portaltela.pt\/"],"url":"https:\/\/portaltela.pt\/por\/367410592786\/"}]}},"_links":{"self":[{"href":"https:\/\/portaltela.pt\/api\/wp\/v2\/posts\/118661","targetHints":{"allow":["GET"]}}],"collection":[{"href":"https:\/\/portaltela.pt\/api\/wp\/v2\/posts"}],"about":[{"href":"https:\/\/portaltela.pt\/api\/wp\/v2\/types\/post"}],"author":[{"embeddable":true,"href":"https:\/\/portaltela.pt\/api\/wp\/v2\/users\/2"}],"replies":[{"embeddable":true,"href":"https:\/\/portaltela.pt\/api\/wp\/v2\/comments?post=118661"}],"version-history":[{"count":0,"href":"https:\/\/portaltela.pt\/api\/wp\/v2\/posts\/118661\/revisions"}],"wp:featuredmedia":[{"embeddable":true,"href":"https:\/\/portaltela.pt\/api\/wp\/v2\/media\/118665"}],"wp:attachment":[{"href":"https:\/\/portaltela.pt\/api\/wp\/v2\/media?parent=118661"}],"wp:term":[{"taxonomy":"category","embeddable":true,"href":"https:\/\/portaltela.pt\/api\/wp\/v2\/categories?post=118661"},{"taxonomy":"post_tag","embeddable":true,"href":"https:\/\/portaltela.pt\/api\/wp\/v2\/tags?post=118661"}],"curies":[{"name":"wp","href":"https:\/\/api.w.org\/{rel}","templated":true}]}}