{"id":118623,"date":"2026-01-05T14:02:21","date_gmt":"2026-01-05T17:02:21","guid":{"rendered":"https:\/\/portaltela.pt\/noticias\/2026\/01\/05\/catarina-miranda-critica-bruno-de-carvalho\/"},"modified":"2026-01-05T14:02:21","modified_gmt":"2026-01-05T17:02:21","slug":"catarina-miranda-critica-bruno-de-carvalho","status":"publish","type":"post","link":"https:\/\/portaltela.pt\/noticias\/2026\/01\/05\/catarina-miranda-critica-bruno-de-carvalho\/","title":{"rendered":"Catarina Miranda critica Bruno de Carvalho"},"content":{"rendered":"<p>Bruno de Carvalho apresentou uma queixa-crime contra Afonso Leit\u00e3o nos primeiros dias de 2026, alegando crimes de amea\u00e7a e cal\u00fania. A a\u00e7\u00e3o foi tornada p\u00fablica atrav\u00e9s de v\u00eddeos partilhados nas redes sociais pelo antigo presidente do Sporting e pela pr\u00f3pria figura p\u00fablica envolvida.<\/p>\n<p>Afonso Leit\u00e3o j\u00e1 reagiu, acusando Bruno de Carvalho de mentir. Catarina Miranda, namorada de Leit\u00e3o, tamb\u00e9m comentou o caso com duras cr\u00edticas ao empres\u00e1rio e DJ. As declara\u00e7\u00f5es foram divulgadas publicamente pelos envolvidos nas suas plataformas.<\/p>\n<p>Catarina Miranda afirmou que Bruno de Carvalho procura aten\u00e7\u00e3o constante e sugeriu que o ex-dirigente deve procurar ajuda. Comentou ainda que o ex-presidente leonino \u201cainda vai para um hosp\u00edcio\u201d e recordou a expuls\u00e3o de Bruno do reality show da TVI por comportamentos anteriores.<\/p>\n<p>O debate ganhou contexto ao longo de meses, ap\u00f3s a participa\u00e7\u00e3o de ambos no reality show da TVI, onde Bruno foi expulso e Leit\u00e3o chegou \u00e0 final. At\u00e9 ao momento, Bruno de Carvalho n\u00e3o reagiu publicamente \u00e0s declara\u00e7\u00f5es de Catarina Miranda.<\/p>\n<p>A hist\u00f3ria envolve ainda mem\u00f3rias do confronto entre Bruno de Carvalho e Leit\u00e3o no meio medi\u00e1tico. As acusa\u00e7\u00f5es formais j\u00e1 foram apresentadas e permanecem sob avalia\u00e7\u00e3o das autoridades competentes, sem conclus\u00e3o p\u00fablica at\u00e9 ao momento.<\/p>\n","protected":false},"excerpt":{"rendered":"<ul>\n<li>Bruno de Carvalho apresentou nos primeiros dias de 2026 uma queixa-crime contra Afonso Leit\u00e3o, alegando crimes de amea\u00e7a e cal\u00fania, tornadas p\u00fablicas atrav\u00e9s de v\u00eddeos nas redes sociais.<\/li>\n<li>Afonso Leit\u00e3o j\u00e1 reagiu, dizendo que Bruno de Carvalho mente.<\/li>\n<li>Catarina Miranda, namorada de Leit\u00e3o, criticou Bruno de Carvalho, dizendo que ele procura aten\u00e7\u00e3o e que deveria procurar ajuda, chegando a afirmar que ainda vai para um hosp\u00edcio.<\/li>\n<li>Catarina recordou a expuls\u00e3o de Bruno de Carvalho do programa Big Brother Ver\u00e3o, devido a agress\u00f5es a Leit\u00e3o.<\/li>\n<li>A pol\u00e9mica ganha contornos ap\u00f3s a participa\u00e7\u00e3o de ambos no reality show da TVI; at\u00e9 ao momento, Bruno de Carvalho n\u00e3o reagiu publicamente \u00e0s declara\u00e7\u00f5es de Catarina.<\/li>\n<\/ul>\n","protected":false},"author":2,"featured_media":118626,"comment_status":"closed","ping_status":"closed","sticky":false,"template":"","format":"standard","meta":{"footnotes":""},"categories":[12,1],"tags":[291,147,1121,506,40,88],"class_list":["post-118623","post","type-post","status-publish","format-standard","has-post-thumbnail","hentry","category-entretenimento","category-noticias","tag-ameaca-agravada","tag-crime","tag-difamacao-agravada","tag-imprensa","tag-pessoas","tag-redes-sociais"],"yoast_head":"<!-- This site is optimized with the Yoast SEO plugin v27.2 - https:\/\/yoast.com\/product\/yoast-seo-wordpress\/ -->\n<title>Catarina Miranda critica Bruno de Carvalho - Portal Tela Portugal<\/title>\n<meta name=\"robots\" content=\"index, follow, max-snippet:-1, max-image-preview:large, max-video-preview:-1\" \/>\n<meta property=\"og:locale\" content=\"pt_PT\" \/>\n<meta property=\"og:type\" content=\"article\" \/>\n<meta property=\"og:title\" content=\"Catarina Miranda critica Bruno de Carvalho - Portal Tela Portugal\" \/>\n<meta property=\"og:description\" content=\"Bruno de Carvalho apresentou nos primeiros dias de 2026 uma queixa-crime contra Afonso Leit\u00e3o, alegando crimes de amea\u00e7a e cal\u00fania, tornadas p\u00fablicas atrav\u00e9s de v\u00eddeos nas redes sociais. Afonso Leit\u00e3o j\u00e1 reagiu, dizendo que Bruno de Carvalho mente. Catarina Miranda, namorada de Leit\u00e3o, criticou Bruno de Carvalho, dizendo que ele procura aten\u00e7\u00e3o e que deveria procurar ajuda, chegando a afirmar que ainda vai para um hosp\u00edcio. Catarina recordou a expuls\u00e3o de Bruno de Carvalho do programa Big Brother Ver\u00e3o, devido a agress\u00f5es a Leit\u00e3o. A pol\u00e9mica ganha contornos ap\u00f3s a participa\u00e7\u00e3o de ambos no reality show da TVI; at\u00e9 ao momento, Bruno de Carvalho n\u00e3o reagiu publicamente \u00e0s declara\u00e7\u00f5es de Catarina.\" \/>\n<meta property=\"og:url\" content=\"https:\/\/portaltela.pt\/noticias\/2026\/01\/05\/catarina-miranda-critica-bruno-de-carvalho\/\" \/>\n<meta property=\"og:site_name\" content=\"Portal Tela Portugal\" \/>\n<meta property=\"article:published_time\" content=\"2026-01-05T17:02:21+00:00\" \/>\n<meta name=\"author\" content=\"Telinha\" \/>\n<meta name=\"twitter:card\" content=\"summary_large_image\" \/>\n<meta name=\"twitter:label1\" content=\"Escrito por\" \/>\n\t<meta name=\"twitter:data1\" content=\"Telinha\" \/>\n\t<meta name=\"twitter:label2\" content=\"Tempo estimado de leitura\" \/>\n\t<meta name=\"twitter:data2\" content=\"1 minuto\" \/>\n<script type=\"application\/ld+json\" class=\"yoast-schema-graph\">{\"@context\":\"https:\/\/schema.org\",\"@graph\":[{\"@type\":\"Article\",\"@id\":\"https:\/\/portaltela.pt\/noticias\/2026\/01\/05\/catarina-miranda-critica-bruno-de-carvalho\/#article\",\"isPartOf\":{\"@id\":\"https:\/\/portaltela.pt\/noticias\/2026\/01\/05\/catarina-miranda-critica-bruno-de-carvalho\/\"},\"author\":{\"name\":\"Telinha\",\"@id\":\"https:\/\/portaltela.pt\/#\/schema\/person\/c4278d4a6028830caff9ee44b42d32ed\"},\"headline\":\"Catarina Miranda critica Bruno de Carvalho\",\"datePublished\":\"2026-01-05T17:02:21+00:00\",\"mainEntityOfPage\":{\"@id\":\"https:\/\/portaltela.pt\/noticias\/2026\/01\/05\/catarina-miranda-critica-bruno-de-carvalho\/\"},\"wordCount\":233,\"image\":{\"@id\":\"https:\/\/portaltela.pt\/noticias\/2026\/01\/05\/catarina-miranda-critica-bruno-de-carvalho\/#primaryimage\"},\"thumbnailUrl\":\"https:\/\/portaltela.pt\/s.01k8rhncp4jt1\/2026\/01\/unnamed-file-867.jpg\",\"keywords\":[\"amea\u00e7a agravada\",\"crime\",\"difama\u00e7\u00e3o agravada\",\"imprensa\",\"pessoas\",\"redes sociais\"],\"articleSection\":[\"Entretenimento\",\"Not\u00edcias\"],\"inLanguage\":\"pt-PT\"},{\"@type\":\"WebPage\",\"@id\":\"https:\/\/portaltela.pt\/noticias\/2026\/01\/05\/catarina-miranda-critica-bruno-de-carvalho\/\",\"url\":\"https:\/\/portaltela.pt\/noticias\/2026\/01\/05\/catarina-miranda-critica-bruno-de-carvalho\/\",\"name\":\"Catarina Miranda critica Bruno de Carvalho - Portal Tela Portugal\",\"isPartOf\":{\"@id\":\"https:\/\/portaltela.pt\/#website\"},\"primaryImageOfPage\":{\"@id\":\"https:\/\/portaltela.pt\/noticias\/2026\/01\/05\/catarina-miranda-critica-bruno-de-carvalho\/#primaryimage\"},\"image\":{\"@id\":\"https:\/\/portaltela.pt\/noticias\/2026\/01\/05\/catarina-miranda-critica-bruno-de-carvalho\/#primaryimage\"},\"thumbnailUrl\":\"https:\/\/portaltela.pt\/s.01k8rhncp4jt1\/2026\/01\/unnamed-file-867.jpg\",\"datePublished\":\"2026-01-05T17:02:21+00:00\",\"author\":{\"@id\":\"https:\/\/portaltela.pt\/#\/schema\/person\/c4278d4a6028830caff9ee44b42d32ed\"},\"breadcrumb\":{\"@id\":\"https:\/\/portaltela.pt\/noticias\/2026\/01\/05\/catarina-miranda-critica-bruno-de-carvalho\/#breadcrumb\"},\"inLanguage\":\"pt-PT\",\"potentialAction\":[{\"@type\":\"ReadAction\",\"target\":[\"https:\/\/portaltela.pt\/noticias\/2026\/01\/05\/catarina-miranda-critica-bruno-de-carvalho\/\"]}]},{\"@type\":\"ImageObject\",\"inLanguage\":\"pt-PT\",\"@id\":\"https:\/\/portaltela.pt\/noticias\/2026\/01\/05\/catarina-miranda-critica-bruno-de-carvalho\/#primaryimage\",\"url\":\"https:\/\/portaltela.pt\/s.01k8rhncp4jt1\/2026\/01\/unnamed-file-867.jpg\",\"contentUrl\":\"https:\/\/portaltela.pt\/s.01k8rhncp4jt1\/2026\/01\/unnamed-file-867.jpg\",\"width\":796,\"height\":448,\"caption\":\"Catarina Miranda critica Bruno de Carvalho: \u201cAinda vai para um hosp\u00edcio\u201d\"},{\"@type\":\"BreadcrumbList\",\"@id\":\"https:\/\/portaltela.pt\/noticias\/2026\/01\/05\/catarina-miranda-critica-bruno-de-carvalho\/#breadcrumb\",\"itemListElement\":[{\"@type\":\"ListItem\",\"position\":1,\"name\":\"In\u00edcio\",\"item\":\"https:\/\/portaltela.pt\/\"},{\"@type\":\"ListItem\",\"position\":2,\"name\":\"Catarina Miranda critica Bruno de Carvalho\"}]},{\"@type\":\"WebSite\",\"@id\":\"https:\/\/portaltela.pt\/#website\",\"url\":\"https:\/\/portaltela.pt\/\",\"name\":\"Portal Tela Portugal\",\"description\":\"\",\"potentialAction\":[{\"@type\":\"SearchAction\",\"target\":{\"@type\":\"EntryPoint\",\"urlTemplate\":\"https:\/\/portaltela.pt\/?s={search_term_string}\"},\"query-input\":{\"@type\":\"PropertyValueSpecification\",\"valueRequired\":true,\"valueName\":\"search_term_string\"}}],\"inLanguage\":\"pt-PT\"},{\"@type\":\"Person\",\"@id\":\"https:\/\/portaltela.pt\/#\/schema\/person\/c4278d4a6028830caff9ee44b42d32ed\",\"name\":\"Telinha\",\"image\":{\"@type\":\"ImageObject\",\"inLanguage\":\"pt-PT\",\"@id\":\"https:\/\/portaltela.pt\/s.01k8rhncp4jt1\/2025\/11\/talking-bot-125x125.png\",\"url\":\"https:\/\/portaltela.pt\/s.01k8rhncp4jt1\/2025\/11\/talking-bot-125x125.png\",\"contentUrl\":\"https:\/\/portaltela.pt\/s.01k8rhncp4jt1\/2025\/11\/talking-bot-125x125.png\",\"caption\":\"Telinha\"},\"sameAs\":[\"https:\/\/portaltela.pt\/\"],\"url\":\"https:\/\/portaltela.pt\/por\/367410592786\/\"}]}<\/script>\n<!-- \/ Yoast SEO plugin. -->","yoast_head_json":{"title":"Catarina Miranda critica Bruno de Carvalho - Portal Tela Portugal","robots":{"index":"index","follow":"follow","max-snippet":"max-snippet:-1","max-image-preview":"max-image-preview:large","max-video-preview":"max-video-preview:-1"},"og_locale":"pt_PT","og_type":"article","og_title":"Catarina Miranda critica Bruno de Carvalho - Portal Tela Portugal","og_description":"Bruno de Carvalho apresentou nos primeiros dias de 2026 uma queixa-crime contra Afonso Leit\u00e3o, alegando crimes de amea\u00e7a e cal\u00fania, tornadas p\u00fablicas atrav\u00e9s de v\u00eddeos nas redes sociais. Afonso Leit\u00e3o j\u00e1 reagiu, dizendo que Bruno de Carvalho mente. Catarina Miranda, namorada de Leit\u00e3o, criticou Bruno de Carvalho, dizendo que ele procura aten\u00e7\u00e3o e que deveria procurar ajuda, chegando a afirmar que ainda vai para um hosp\u00edcio. Catarina recordou a expuls\u00e3o de Bruno de Carvalho do programa Big Brother Ver\u00e3o, devido a agress\u00f5es a Leit\u00e3o. A pol\u00e9mica ganha contornos ap\u00f3s a participa\u00e7\u00e3o de ambos no reality show da TVI; at\u00e9 ao momento, Bruno de Carvalho n\u00e3o reagiu publicamente \u00e0s declara\u00e7\u00f5es de Catarina.","og_url":"https:\/\/portaltela.pt\/noticias\/2026\/01\/05\/catarina-miranda-critica-bruno-de-carvalho\/","og_site_name":"Portal Tela Portugal","article_published_time":"2026-01-05T17:02:21+00:00","author":"Telinha","twitter_card":"summary_large_image","twitter_misc":{"Escrito por":"Telinha","Tempo estimado de leitura":"1 minuto"},"schema":{"@context":"https:\/\/schema.org","@graph":[{"@type":"Article","@id":"https:\/\/portaltela.pt\/noticias\/2026\/01\/05\/catarina-miranda-critica-bruno-de-carvalho\/#article","isPartOf":{"@id":"https:\/\/portaltela.pt\/noticias\/2026\/01\/05\/catarina-miranda-critica-bruno-de-carvalho\/"},"author":{"name":"Telinha","@id":"https:\/\/portaltela.pt\/#\/schema\/person\/c4278d4a6028830caff9ee44b42d32ed"},"headline":"Catarina Miranda critica Bruno de Carvalho","datePublished":"2026-01-05T17:02:21+00:00","mainEntityOfPage":{"@id":"https:\/\/portaltela.pt\/noticias\/2026\/01\/05\/catarina-miranda-critica-bruno-de-carvalho\/"},"wordCount":233,"image":{"@id":"https:\/\/portaltela.pt\/noticias\/2026\/01\/05\/catarina-miranda-critica-bruno-de-carvalho\/#primaryimage"},"thumbnailUrl":"https:\/\/portaltela.pt\/s.01k8rhncp4jt1\/2026\/01\/unnamed-file-867.jpg","keywords":["amea\u00e7a agravada","crime","difama\u00e7\u00e3o agravada","imprensa","pessoas","redes sociais"],"articleSection":["Entretenimento","Not\u00edcias"],"inLanguage":"pt-PT"},{"@type":"WebPage","@id":"https:\/\/portaltela.pt\/noticias\/2026\/01\/05\/catarina-miranda-critica-bruno-de-carvalho\/","url":"https:\/\/portaltela.pt\/noticias\/2026\/01\/05\/catarina-miranda-critica-bruno-de-carvalho\/","name":"Catarina Miranda critica Bruno de Carvalho - Portal Tela Portugal","isPartOf":{"@id":"https:\/\/portaltela.pt\/#website"},"primaryImageOfPage":{"@id":"https:\/\/portaltela.pt\/noticias\/2026\/01\/05\/catarina-miranda-critica-bruno-de-carvalho\/#primaryimage"},"image":{"@id":"https:\/\/portaltela.pt\/noticias\/2026\/01\/05\/catarina-miranda-critica-bruno-de-carvalho\/#primaryimage"},"thumbnailUrl":"https:\/\/portaltela.pt\/s.01k8rhncp4jt1\/2026\/01\/unnamed-file-867.jpg","datePublished":"2026-01-05T17:02:21+00:00","author":{"@id":"https:\/\/portaltela.pt\/#\/schema\/person\/c4278d4a6028830caff9ee44b42d32ed"},"breadcrumb":{"@id":"https:\/\/portaltela.pt\/noticias\/2026\/01\/05\/catarina-miranda-critica-bruno-de-carvalho\/#breadcrumb"},"inLanguage":"pt-PT","potentialAction":[{"@type":"ReadAction","target":["https:\/\/portaltela.pt\/noticias\/2026\/01\/05\/catarina-miranda-critica-bruno-de-carvalho\/"]}]},{"@type":"ImageObject","inLanguage":"pt-PT","@id":"https:\/\/portaltela.pt\/noticias\/2026\/01\/05\/catarina-miranda-critica-bruno-de-carvalho\/#primaryimage","url":"https:\/\/portaltela.pt\/s.01k8rhncp4jt1\/2026\/01\/unnamed-file-867.jpg","contentUrl":"https:\/\/portaltela.pt\/s.01k8rhncp4jt1\/2026\/01\/unnamed-file-867.jpg","width":796,"height":448,"caption":"Catarina Miranda critica Bruno de Carvalho: \u201cAinda vai para um hosp\u00edcio\u201d"},{"@type":"BreadcrumbList","@id":"https:\/\/portaltela.pt\/noticias\/2026\/01\/05\/catarina-miranda-critica-bruno-de-carvalho\/#breadcrumb","itemListElement":[{"@type":"ListItem","position":1,"name":"In\u00edcio","item":"https:\/\/portaltela.pt\/"},{"@type":"ListItem","position":2,"name":"Catarina Miranda critica Bruno de Carvalho"}]},{"@type":"WebSite","@id":"https:\/\/portaltela.pt\/#website","url":"https:\/\/portaltela.pt\/","name":"Portal Tela Portugal","description":"","potentialAction":[{"@type":"SearchAction","target":{"@type":"EntryPoint","urlTemplate":"https:\/\/portaltela.pt\/?s={search_term_string}"},"query-input":{"@type":"PropertyValueSpecification","valueRequired":true,"valueName":"search_term_string"}}],"inLanguage":"pt-PT"},{"@type":"Person","@id":"https:\/\/portaltela.pt\/#\/schema\/person\/c4278d4a6028830caff9ee44b42d32ed","name":"Telinha","image":{"@type":"ImageObject","inLanguage":"pt-PT","@id":"https:\/\/portaltela.pt\/s.01k8rhncp4jt1\/2025\/11\/talking-bot-125x125.png","url":"https:\/\/portaltela.pt\/s.01k8rhncp4jt1\/2025\/11\/talking-bot-125x125.png","contentUrl":"https:\/\/portaltela.pt\/s.01k8rhncp4jt1\/2025\/11\/talking-bot-125x125.png","caption":"Telinha"},"sameAs":["https:\/\/portaltela.pt\/"],"url":"https:\/\/portaltela.pt\/por\/367410592786\/"}]}},"_links":{"self":[{"href":"https:\/\/portaltela.pt\/api\/wp\/v2\/posts\/118623","targetHints":{"allow":["GET"]}}],"collection":[{"href":"https:\/\/portaltela.pt\/api\/wp\/v2\/posts"}],"about":[{"href":"https:\/\/portaltela.pt\/api\/wp\/v2\/types\/post"}],"author":[{"embeddable":true,"href":"https:\/\/portaltela.pt\/api\/wp\/v2\/users\/2"}],"replies":[{"embeddable":true,"href":"https:\/\/portaltela.pt\/api\/wp\/v2\/comments?post=118623"}],"version-history":[{"count":0,"href":"https:\/\/portaltela.pt\/api\/wp\/v2\/posts\/118623\/revisions"}],"wp:featuredmedia":[{"embeddable":true,"href":"https:\/\/portaltela.pt\/api\/wp\/v2\/media\/118626"}],"wp:attachment":[{"href":"https:\/\/portaltela.pt\/api\/wp\/v2\/media?parent=118623"}],"wp:term":[{"taxonomy":"category","embeddable":true,"href":"https:\/\/portaltela.pt\/api\/wp\/v2\/categories?post=118623"},{"taxonomy":"post_tag","embeddable":true,"href":"https:\/\/portaltela.pt\/api\/wp\/v2\/tags?post=118623"}],"curies":[{"name":"wp","href":"https:\/\/api.w.org\/{rel}","templated":true}]}}