{"id":118592,"date":"2026-01-05T13:22:49","date_gmt":"2026-01-05T16:22:49","guid":{"rendered":"https:\/\/portaltela.pt\/noticias\/2026\/01\/05\/consulta-publica-ambisousa-unidade-de-valorizacao-organica-digestao-anaerobia\/"},"modified":"2026-01-05T13:22:49","modified_gmt":"2026-01-05T16:22:49","slug":"consulta-publica-ambisousa-unidade-de-valorizacao-organica-digestao-anaerobia","status":"publish","type":"post","link":"https:\/\/portaltela.pt\/noticias\/2026\/01\/05\/consulta-publica-ambisousa-unidade-de-valorizacao-organica-digestao-anaerobia\/","title":{"rendered":"Consulta P\u00fablica AMBISOUSA: Unidade de Valoriza\u00e7\u00e3o Org\u00e2nica (Digest\u00e3o Anaer\u00f3bia)"},"content":{"rendered":"<p>A CCDR NORTE informa que decorre o processo de Avalia\u00e7\u00e3o de Impacte Ambiental da Unidade de Valoriza\u00e7\u00e3o Org\u00e2nica (Digest\u00e3o Anaer\u00f3bia) de Biorres\u00edduos Recolhidos Seletivamente \u2013 AMBISOUSA, EIM, situada em Parada de Todeia, no concelho de Paredes. O objetivo \u00e9 avaliar impactos ambientais do projeto.<\/p>\n<p>O procedimento est\u00e1 em consulta\u00e7\u00e3o p\u00fablica at\u00e9 13 de fevereiro de 2026. Os elementos dispon\u00edveis podem ser consultados no portal participa.pt.<\/p>\n<p>Ao longo do per\u00edodo, cidad\u00e3os e entidades interessadas podem apresentar opini\u00f5es e sugest\u00f5es por escrito. As observa\u00e7\u00f5es devem relacionar-se com o projeto e ser dirigidas ao Presidente da CCDR NORTE, atrav\u00e9s do portal Participa.<\/p>\n<p>A participa\u00e7\u00e3o p\u00fablica \u00e9 enfatizada como essencial para o processo. O objetivo \u00e9 recolher contributos t\u00e9cnicos e sociais que possam influenciar a avalia\u00e7\u00e3o ambiental e as decis\u00f5es subsequentes.<\/p>\n","protected":false},"excerpt":{"rendered":"<ul>\n<li>A CCDR Norte est\u00e1 a decorrer o processo de Avalia\u00e7\u00e3o de Impacte Ambiental da Unidade de Valoriza\u00e7\u00e3o Org\u00e2nica por Digest\u00e3o Anaer\u00f3bia (AMBISOUSA) em Parada de Todeia, Paredes.<\/li>\n<li>A consulta p\u00fablica est\u00e1 aberta at\u00e9 13 de fevereiro de 2026, com os elementos dispon\u00edveis em participa.pt.<\/li>\n<li>Cidad\u00e3os e entidades interessadas podem apresentar opini\u00f5es por escrito sobre o projeto atrav\u00e9s do portal Participa, dirigidas ao Presidente da CCDR Norte.<\/li>\n<li>A participa\u00e7\u00e3o \u00e9 considerada essencial para o desenvolvimento do processo.<\/li>\n<\/ul>\n","protected":false},"author":2,"featured_media":118594,"comment_status":"closed","ping_status":"closed","sticky":false,"template":"","format":"standard","meta":{"footnotes":""},"categories":[1],"tags":[2053,167,755,1249,811,1726],"class_list":["post-118592","post","type-post","status-publish","format-standard","has-post-thumbnail","hentry","category-noticias","tag-acao-climatica","tag-ambiente","tag-desenvolvimento-sustentavel","tag-participacao","tag-protecao-ambiental","tag-protecao-da-natureza-e-da-biodiversidade"],"yoast_head":"<!-- This site is optimized with the Yoast SEO plugin v27.2 - https:\/\/yoast.com\/product\/yoast-seo-wordpress\/ -->\n<title>Consulta P\u00fablica AMBISOUSA: Unidade de Valoriza\u00e7\u00e3o Org\u00e2nica (Digest\u00e3o Anaer\u00f3bia) - Portal Tela Portugal<\/title>\n<meta name=\"robots\" content=\"index, follow, max-snippet:-1, max-image-preview:large, max-video-preview:-1\" \/>\n<meta property=\"og:locale\" content=\"pt_PT\" \/>\n<meta property=\"og:type\" content=\"article\" \/>\n<meta property=\"og:title\" content=\"Consulta P\u00fablica AMBISOUSA: Unidade de Valoriza\u00e7\u00e3o Org\u00e2nica (Digest\u00e3o Anaer\u00f3bia) - Portal Tela Portugal\" \/>\n<meta property=\"og:description\" content=\"A CCDR Norte est\u00e1 a decorrer o processo de Avalia\u00e7\u00e3o de Impacte Ambiental da Unidade de Valoriza\u00e7\u00e3o Org\u00e2nica por Digest\u00e3o Anaer\u00f3bia (AMBISOUSA) em Parada de Todeia, Paredes. A consulta p\u00fablica est\u00e1 aberta at\u00e9 13 de fevereiro de 2026, com os elementos dispon\u00edveis em participa.pt. Cidad\u00e3os e entidades interessadas podem apresentar opini\u00f5es por escrito sobre o projeto atrav\u00e9s do portal Participa, dirigidas ao Presidente da CCDR Norte. A participa\u00e7\u00e3o \u00e9 considerada essencial para o desenvolvimento do processo.\" \/>\n<meta property=\"og:url\" content=\"https:\/\/portaltela.pt\/noticias\/2026\/01\/05\/consulta-publica-ambisousa-unidade-de-valorizacao-organica-digestao-anaerobia\/\" \/>\n<meta property=\"og:site_name\" content=\"Portal Tela Portugal\" \/>\n<meta property=\"article:published_time\" content=\"2026-01-05T16:22:49+00:00\" \/>\n<meta name=\"author\" content=\"Telinha\" \/>\n<meta name=\"twitter:card\" content=\"summary_large_image\" \/>\n<meta name=\"twitter:label1\" content=\"Escrito por\" \/>\n\t<meta name=\"twitter:data1\" content=\"Telinha\" \/>\n\t<meta name=\"twitter:label2\" content=\"Tempo estimado de leitura\" \/>\n\t<meta name=\"twitter:data2\" content=\"1 minuto\" \/>\n<script type=\"application\/ld+json\" class=\"yoast-schema-graph\">{\"@context\":\"https:\/\/schema.org\",\"@graph\":[{\"@type\":\"Article\",\"@id\":\"https:\/\/portaltela.pt\/noticias\/2026\/01\/05\/consulta-publica-ambisousa-unidade-de-valorizacao-organica-digestao-anaerobia\/#article\",\"isPartOf\":{\"@id\":\"https:\/\/portaltela.pt\/noticias\/2026\/01\/05\/consulta-publica-ambisousa-unidade-de-valorizacao-organica-digestao-anaerobia\/\"},\"author\":{\"name\":\"Telinha\",\"@id\":\"https:\/\/portaltela.pt\/#\/schema\/person\/c4278d4a6028830caff9ee44b42d32ed\"},\"headline\":\"Consulta P\u00fablica AMBISOUSA: Unidade de Valoriza\u00e7\u00e3o Org\u00e2nica (Digest\u00e3o Anaer\u00f3bia)\",\"datePublished\":\"2026-01-05T16:22:49+00:00\",\"mainEntityOfPage\":{\"@id\":\"https:\/\/portaltela.pt\/noticias\/2026\/01\/05\/consulta-publica-ambisousa-unidade-de-valorizacao-organica-digestao-anaerobia\/\"},\"wordCount\":156,\"image\":{\"@id\":\"https:\/\/portaltela.pt\/noticias\/2026\/01\/05\/consulta-publica-ambisousa-unidade-de-valorizacao-organica-digestao-anaerobia\/#primaryimage\"},\"thumbnailUrl\":\"https:\/\/portaltela.pt\/s.01k8rhncp4jt1\/2026\/01\/Consulta-Publica-\u2013-AMBISOUSA-\u2013-Unidade-de-Valorizacao-Organica-Digestao.jpg\",\"keywords\":[\"A\u00e7\u00e3o Clim\u00e1tica\",\"ambiente\",\"desenvolvimento sustent\u00e1vel\",\"participa\u00e7\u00e3o\",\"prote\u00e7\u00e3o ambiental\",\"prote\u00e7\u00e3o da natureza e da biodiversidade\"],\"articleSection\":[\"Not\u00edcias\"],\"inLanguage\":\"pt-PT\"},{\"@type\":\"WebPage\",\"@id\":\"https:\/\/portaltela.pt\/noticias\/2026\/01\/05\/consulta-publica-ambisousa-unidade-de-valorizacao-organica-digestao-anaerobia\/\",\"url\":\"https:\/\/portaltela.pt\/noticias\/2026\/01\/05\/consulta-publica-ambisousa-unidade-de-valorizacao-organica-digestao-anaerobia\/\",\"name\":\"Consulta P\u00fablica AMBISOUSA: Unidade de Valoriza\u00e7\u00e3o Org\u00e2nica (Digest\u00e3o Anaer\u00f3bia) - Portal Tela Portugal\",\"isPartOf\":{\"@id\":\"https:\/\/portaltela.pt\/#website\"},\"primaryImageOfPage\":{\"@id\":\"https:\/\/portaltela.pt\/noticias\/2026\/01\/05\/consulta-publica-ambisousa-unidade-de-valorizacao-organica-digestao-anaerobia\/#primaryimage\"},\"image\":{\"@id\":\"https:\/\/portaltela.pt\/noticias\/2026\/01\/05\/consulta-publica-ambisousa-unidade-de-valorizacao-organica-digestao-anaerobia\/#primaryimage\"},\"thumbnailUrl\":\"https:\/\/portaltela.pt\/s.01k8rhncp4jt1\/2026\/01\/Consulta-Publica-\u2013-AMBISOUSA-\u2013-Unidade-de-Valorizacao-Organica-Digestao.jpg\",\"datePublished\":\"2026-01-05T16:22:49+00:00\",\"author\":{\"@id\":\"https:\/\/portaltela.pt\/#\/schema\/person\/c4278d4a6028830caff9ee44b42d32ed\"},\"breadcrumb\":{\"@id\":\"https:\/\/portaltela.pt\/noticias\/2026\/01\/05\/consulta-publica-ambisousa-unidade-de-valorizacao-organica-digestao-anaerobia\/#breadcrumb\"},\"inLanguage\":\"pt-PT\",\"potentialAction\":[{\"@type\":\"ReadAction\",\"target\":[\"https:\/\/portaltela.pt\/noticias\/2026\/01\/05\/consulta-publica-ambisousa-unidade-de-valorizacao-organica-digestao-anaerobia\/\"]}]},{\"@type\":\"ImageObject\",\"inLanguage\":\"pt-PT\",\"@id\":\"https:\/\/portaltela.pt\/noticias\/2026\/01\/05\/consulta-publica-ambisousa-unidade-de-valorizacao-organica-digestao-anaerobia\/#primaryimage\",\"url\":\"https:\/\/portaltela.pt\/s.01k8rhncp4jt1\/2026\/01\/Consulta-Publica-\u2013-AMBISOUSA-\u2013-Unidade-de-Valorizacao-Organica-Digestao.jpg\",\"contentUrl\":\"https:\/\/portaltela.pt\/s.01k8rhncp4jt1\/2026\/01\/Consulta-Publica-\u2013-AMBISOUSA-\u2013-Unidade-de-Valorizacao-Organica-Digestao.jpg\",\"width\":796,\"height\":448,\"caption\":\"Consulta P\u00fablica \u2013 AMBISOUSA \u2013 Unidade de Valoriza\u00e7\u00e3o Org\u00e2nica (Digest\u00e3o Anaer\u00f3bia)\"},{\"@type\":\"BreadcrumbList\",\"@id\":\"https:\/\/portaltela.pt\/noticias\/2026\/01\/05\/consulta-publica-ambisousa-unidade-de-valorizacao-organica-digestao-anaerobia\/#breadcrumb\",\"itemListElement\":[{\"@type\":\"ListItem\",\"position\":1,\"name\":\"In\u00edcio\",\"item\":\"https:\/\/portaltela.pt\/\"},{\"@type\":\"ListItem\",\"position\":2,\"name\":\"Consulta P\u00fablica AMBISOUSA: Unidade de Valoriza\u00e7\u00e3o Org\u00e2nica (Digest\u00e3o Anaer\u00f3bia)\"}]},{\"@type\":\"WebSite\",\"@id\":\"https:\/\/portaltela.pt\/#website\",\"url\":\"https:\/\/portaltela.pt\/\",\"name\":\"Portal Tela Portugal\",\"description\":\"\",\"potentialAction\":[{\"@type\":\"SearchAction\",\"target\":{\"@type\":\"EntryPoint\",\"urlTemplate\":\"https:\/\/portaltela.pt\/?s={search_term_string}\"},\"query-input\":{\"@type\":\"PropertyValueSpecification\",\"valueRequired\":true,\"valueName\":\"search_term_string\"}}],\"inLanguage\":\"pt-PT\"},{\"@type\":\"Person\",\"@id\":\"https:\/\/portaltela.pt\/#\/schema\/person\/c4278d4a6028830caff9ee44b42d32ed\",\"name\":\"Telinha\",\"image\":{\"@type\":\"ImageObject\",\"inLanguage\":\"pt-PT\",\"@id\":\"https:\/\/portaltela.pt\/s.01k8rhncp4jt1\/2025\/11\/talking-bot-125x125.png\",\"url\":\"https:\/\/portaltela.pt\/s.01k8rhncp4jt1\/2025\/11\/talking-bot-125x125.png\",\"contentUrl\":\"https:\/\/portaltela.pt\/s.01k8rhncp4jt1\/2025\/11\/talking-bot-125x125.png\",\"caption\":\"Telinha\"},\"sameAs\":[\"https:\/\/portaltela.pt\/\"],\"url\":\"https:\/\/portaltela.pt\/por\/367410592786\/\"}]}<\/script>\n<!-- \/ Yoast SEO plugin. -->","yoast_head_json":{"title":"Consulta P\u00fablica AMBISOUSA: Unidade de Valoriza\u00e7\u00e3o Org\u00e2nica (Digest\u00e3o Anaer\u00f3bia) - Portal Tela Portugal","robots":{"index":"index","follow":"follow","max-snippet":"max-snippet:-1","max-image-preview":"max-image-preview:large","max-video-preview":"max-video-preview:-1"},"og_locale":"pt_PT","og_type":"article","og_title":"Consulta P\u00fablica AMBISOUSA: Unidade de Valoriza\u00e7\u00e3o Org\u00e2nica (Digest\u00e3o Anaer\u00f3bia) - Portal Tela Portugal","og_description":"A CCDR Norte est\u00e1 a decorrer o processo de Avalia\u00e7\u00e3o de Impacte Ambiental da Unidade de Valoriza\u00e7\u00e3o Org\u00e2nica por Digest\u00e3o Anaer\u00f3bia (AMBISOUSA) em Parada de Todeia, Paredes. A consulta p\u00fablica est\u00e1 aberta at\u00e9 13 de fevereiro de 2026, com os elementos dispon\u00edveis em participa.pt. Cidad\u00e3os e entidades interessadas podem apresentar opini\u00f5es por escrito sobre o projeto atrav\u00e9s do portal Participa, dirigidas ao Presidente da CCDR Norte. A participa\u00e7\u00e3o \u00e9 considerada essencial para o desenvolvimento do processo.","og_url":"https:\/\/portaltela.pt\/noticias\/2026\/01\/05\/consulta-publica-ambisousa-unidade-de-valorizacao-organica-digestao-anaerobia\/","og_site_name":"Portal Tela Portugal","article_published_time":"2026-01-05T16:22:49+00:00","author":"Telinha","twitter_card":"summary_large_image","twitter_misc":{"Escrito por":"Telinha","Tempo estimado de leitura":"1 minuto"},"schema":{"@context":"https:\/\/schema.org","@graph":[{"@type":"Article","@id":"https:\/\/portaltela.pt\/noticias\/2026\/01\/05\/consulta-publica-ambisousa-unidade-de-valorizacao-organica-digestao-anaerobia\/#article","isPartOf":{"@id":"https:\/\/portaltela.pt\/noticias\/2026\/01\/05\/consulta-publica-ambisousa-unidade-de-valorizacao-organica-digestao-anaerobia\/"},"author":{"name":"Telinha","@id":"https:\/\/portaltela.pt\/#\/schema\/person\/c4278d4a6028830caff9ee44b42d32ed"},"headline":"Consulta P\u00fablica AMBISOUSA: Unidade de Valoriza\u00e7\u00e3o Org\u00e2nica (Digest\u00e3o Anaer\u00f3bia)","datePublished":"2026-01-05T16:22:49+00:00","mainEntityOfPage":{"@id":"https:\/\/portaltela.pt\/noticias\/2026\/01\/05\/consulta-publica-ambisousa-unidade-de-valorizacao-organica-digestao-anaerobia\/"},"wordCount":156,"image":{"@id":"https:\/\/portaltela.pt\/noticias\/2026\/01\/05\/consulta-publica-ambisousa-unidade-de-valorizacao-organica-digestao-anaerobia\/#primaryimage"},"thumbnailUrl":"https:\/\/portaltela.pt\/s.01k8rhncp4jt1\/2026\/01\/Consulta-Publica-\u2013-AMBISOUSA-\u2013-Unidade-de-Valorizacao-Organica-Digestao.jpg","keywords":["A\u00e7\u00e3o Clim\u00e1tica","ambiente","desenvolvimento sustent\u00e1vel","participa\u00e7\u00e3o","prote\u00e7\u00e3o ambiental","prote\u00e7\u00e3o da natureza e da biodiversidade"],"articleSection":["Not\u00edcias"],"inLanguage":"pt-PT"},{"@type":"WebPage","@id":"https:\/\/portaltela.pt\/noticias\/2026\/01\/05\/consulta-publica-ambisousa-unidade-de-valorizacao-organica-digestao-anaerobia\/","url":"https:\/\/portaltela.pt\/noticias\/2026\/01\/05\/consulta-publica-ambisousa-unidade-de-valorizacao-organica-digestao-anaerobia\/","name":"Consulta P\u00fablica AMBISOUSA: Unidade de Valoriza\u00e7\u00e3o Org\u00e2nica (Digest\u00e3o Anaer\u00f3bia) - Portal Tela Portugal","isPartOf":{"@id":"https:\/\/portaltela.pt\/#website"},"primaryImageOfPage":{"@id":"https:\/\/portaltela.pt\/noticias\/2026\/01\/05\/consulta-publica-ambisousa-unidade-de-valorizacao-organica-digestao-anaerobia\/#primaryimage"},"image":{"@id":"https:\/\/portaltela.pt\/noticias\/2026\/01\/05\/consulta-publica-ambisousa-unidade-de-valorizacao-organica-digestao-anaerobia\/#primaryimage"},"thumbnailUrl":"https:\/\/portaltela.pt\/s.01k8rhncp4jt1\/2026\/01\/Consulta-Publica-\u2013-AMBISOUSA-\u2013-Unidade-de-Valorizacao-Organica-Digestao.jpg","datePublished":"2026-01-05T16:22:49+00:00","author":{"@id":"https:\/\/portaltela.pt\/#\/schema\/person\/c4278d4a6028830caff9ee44b42d32ed"},"breadcrumb":{"@id":"https:\/\/portaltela.pt\/noticias\/2026\/01\/05\/consulta-publica-ambisousa-unidade-de-valorizacao-organica-digestao-anaerobia\/#breadcrumb"},"inLanguage":"pt-PT","potentialAction":[{"@type":"ReadAction","target":["https:\/\/portaltela.pt\/noticias\/2026\/01\/05\/consulta-publica-ambisousa-unidade-de-valorizacao-organica-digestao-anaerobia\/"]}]},{"@type":"ImageObject","inLanguage":"pt-PT","@id":"https:\/\/portaltela.pt\/noticias\/2026\/01\/05\/consulta-publica-ambisousa-unidade-de-valorizacao-organica-digestao-anaerobia\/#primaryimage","url":"https:\/\/portaltela.pt\/s.01k8rhncp4jt1\/2026\/01\/Consulta-Publica-\u2013-AMBISOUSA-\u2013-Unidade-de-Valorizacao-Organica-Digestao.jpg","contentUrl":"https:\/\/portaltela.pt\/s.01k8rhncp4jt1\/2026\/01\/Consulta-Publica-\u2013-AMBISOUSA-\u2013-Unidade-de-Valorizacao-Organica-Digestao.jpg","width":796,"height":448,"caption":"Consulta P\u00fablica \u2013 AMBISOUSA \u2013 Unidade de Valoriza\u00e7\u00e3o Org\u00e2nica (Digest\u00e3o Anaer\u00f3bia)"},{"@type":"BreadcrumbList","@id":"https:\/\/portaltela.pt\/noticias\/2026\/01\/05\/consulta-publica-ambisousa-unidade-de-valorizacao-organica-digestao-anaerobia\/#breadcrumb","itemListElement":[{"@type":"ListItem","position":1,"name":"In\u00edcio","item":"https:\/\/portaltela.pt\/"},{"@type":"ListItem","position":2,"name":"Consulta P\u00fablica AMBISOUSA: Unidade de Valoriza\u00e7\u00e3o Org\u00e2nica (Digest\u00e3o Anaer\u00f3bia)"}]},{"@type":"WebSite","@id":"https:\/\/portaltela.pt\/#website","url":"https:\/\/portaltela.pt\/","name":"Portal Tela Portugal","description":"","potentialAction":[{"@type":"SearchAction","target":{"@type":"EntryPoint","urlTemplate":"https:\/\/portaltela.pt\/?s={search_term_string}"},"query-input":{"@type":"PropertyValueSpecification","valueRequired":true,"valueName":"search_term_string"}}],"inLanguage":"pt-PT"},{"@type":"Person","@id":"https:\/\/portaltela.pt\/#\/schema\/person\/c4278d4a6028830caff9ee44b42d32ed","name":"Telinha","image":{"@type":"ImageObject","inLanguage":"pt-PT","@id":"https:\/\/portaltela.pt\/s.01k8rhncp4jt1\/2025\/11\/talking-bot-125x125.png","url":"https:\/\/portaltela.pt\/s.01k8rhncp4jt1\/2025\/11\/talking-bot-125x125.png","contentUrl":"https:\/\/portaltela.pt\/s.01k8rhncp4jt1\/2025\/11\/talking-bot-125x125.png","caption":"Telinha"},"sameAs":["https:\/\/portaltela.pt\/"],"url":"https:\/\/portaltela.pt\/por\/367410592786\/"}]}},"_links":{"self":[{"href":"https:\/\/portaltela.pt\/api\/wp\/v2\/posts\/118592","targetHints":{"allow":["GET"]}}],"collection":[{"href":"https:\/\/portaltela.pt\/api\/wp\/v2\/posts"}],"about":[{"href":"https:\/\/portaltela.pt\/api\/wp\/v2\/types\/post"}],"author":[{"embeddable":true,"href":"https:\/\/portaltela.pt\/api\/wp\/v2\/users\/2"}],"replies":[{"embeddable":true,"href":"https:\/\/portaltela.pt\/api\/wp\/v2\/comments?post=118592"}],"version-history":[{"count":0,"href":"https:\/\/portaltela.pt\/api\/wp\/v2\/posts\/118592\/revisions"}],"wp:featuredmedia":[{"embeddable":true,"href":"https:\/\/portaltela.pt\/api\/wp\/v2\/media\/118594"}],"wp:attachment":[{"href":"https:\/\/portaltela.pt\/api\/wp\/v2\/media?parent=118592"}],"wp:term":[{"taxonomy":"category","embeddable":true,"href":"https:\/\/portaltela.pt\/api\/wp\/v2\/categories?post=118592"},{"taxonomy":"post_tag","embeddable":true,"href":"https:\/\/portaltela.pt\/api\/wp\/v2\/tags?post=118592"}],"curies":[{"name":"wp","href":"https:\/\/api.w.org\/{rel}","templated":true}]}}