{"id":118548,"date":"2026-01-05T12:56:44","date_gmt":"2026-01-05T15:56:44","guid":{"rendered":"https:\/\/portaltela.pt\/noticias\/2026\/01\/05\/marginal-da-calheta-reabre-ao-transito-apos-encerramento-temporario\/"},"modified":"2026-01-05T12:56:44","modified_gmt":"2026-01-05T15:56:44","slug":"marginal-da-calheta-reabre-ao-transito-apos-encerramento-temporario","status":"publish","type":"post","link":"https:\/\/portaltela.pt\/noticias\/2026\/01\/05\/marginal-da-calheta-reabre-ao-transito-apos-encerramento-temporario\/","title":{"rendered":"Marginal da Calheta reabre ao tr\u00e2nsito ap\u00f3s encerramento tempor\u00e1rio"},"content":{"rendered":"<p>A C\u00e2mara Municipal da Calheta informou, via redes sociais, que a marginal est\u00e1 novamente aberta \u00e0 circula\u00e7\u00e3o autom\u00f3vel e pedonal ap\u00f3s a interven\u00e7\u00e3o realizada no local. O t\u00e9rmino da interven\u00e7\u00e3o estava previsto para 18 de Janeiro.<\/p>\n<p>No passado s\u00e1bado, 3 de Janeiro, a autarquia encerrou temporariamente o tr\u00e2nsito na Marginal da Calheta e na Promenade, entre a entrada do estacionamento do Pingo Doce e a zona oeste.<\/p>\n<p>A decis\u00e3o foi tomada devido \u00e0 queda de pedras e a movimentos de massas registados nos dias anteriores, associados \u00e0s condi\u00e7\u00f5es meteorol\u00f3gicas adversas provocadas pela depress\u00e3o Francis.<\/p>\n<p>Na publica\u00e7\u00e3o, a c\u00e2mara agradeceu a compreens\u00e3o e a colabora\u00e7\u00e3o de mun\u00edcipes e visitantes durante o per\u00edodo de interven\u00e7\u00e3o.<\/p>\n","protected":false},"excerpt":{"rendered":"<ul>\n<li>A marginal da Calheta reabriu \u00e0 circula\u00e7\u00e3o autom\u00f3vel e pedonal, anunciou a C\u00e2mara Municipal da Calheta.<\/li>\n<li>A interven\u00e7\u00e3o ocorreu devido a quedas de pedras e movimentos de massas provocados pela depress\u00e3o Francis.<\/li>\n<li>O encerramento tempor\u00e1rio ocorreu no s\u00e1bado, 3 de janeiro, entre a entrada do estacionamento do Pingo Doce e a zona oeste.<\/li>\n<li>A interven\u00e7\u00e3o estava prevista terminar no dia 18 de janeiro.<\/li>\n<li>A c\u00e2mara agradece a compreens\u00e3o e colabora\u00e7\u00e3o de mun\u00edcipes e visitantes durante o per\u00edodo de interven\u00e7\u00e3o.<\/li>\n<\/ul>\n","protected":false},"author":2,"featured_media":118552,"comment_status":"closed","ping_status":"closed","sticky":false,"template":"","format":"standard","meta":{"footnotes":""},"categories":[1],"tags":[167,1375,1083,2271,2093,1629],"class_list":["post-118548","post","type-post","status-publish","format-standard","has-post-thumbnail","hentry","category-noticias","tag-ambiente","tag-calheta","tag-estradas","tag-movimentos-de-massa","tag-municipios","tag-transito"],"yoast_head":"<!-- This site is optimized with the Yoast SEO plugin v27.2 - https:\/\/yoast.com\/product\/yoast-seo-wordpress\/ -->\n<title>Marginal da Calheta reabre ao tr\u00e2nsito ap\u00f3s encerramento tempor\u00e1rio - Portal Tela Portugal<\/title>\n<meta name=\"robots\" content=\"index, follow, max-snippet:-1, max-image-preview:large, max-video-preview:-1\" \/>\n<meta property=\"og:locale\" content=\"pt_PT\" \/>\n<meta property=\"og:type\" content=\"article\" \/>\n<meta property=\"og:title\" content=\"Marginal da Calheta reabre ao tr\u00e2nsito ap\u00f3s encerramento tempor\u00e1rio - Portal Tela Portugal\" \/>\n<meta property=\"og:description\" content=\"A marginal da Calheta reabriu \u00e0 circula\u00e7\u00e3o autom\u00f3vel e pedonal, anunciou a C\u00e2mara Municipal da Calheta. A interven\u00e7\u00e3o ocorreu devido a quedas de pedras e movimentos de massas provocados pela depress\u00e3o Francis. O encerramento tempor\u00e1rio ocorreu no s\u00e1bado, 3 de janeiro, entre a entrada do estacionamento do Pingo Doce e a zona oeste. A interven\u00e7\u00e3o estava prevista terminar no dia 18 de janeiro. A c\u00e2mara agradece a compreens\u00e3o e colabora\u00e7\u00e3o de mun\u00edcipes e visitantes durante o per\u00edodo de interven\u00e7\u00e3o.\" \/>\n<meta property=\"og:url\" content=\"https:\/\/portaltela.pt\/noticias\/2026\/01\/05\/marginal-da-calheta-reabre-ao-transito-apos-encerramento-temporario\/\" \/>\n<meta property=\"og:site_name\" content=\"Portal Tela Portugal\" \/>\n<meta property=\"article:published_time\" content=\"2026-01-05T15:56:44+00:00\" \/>\n<meta name=\"author\" content=\"Telinha\" \/>\n<meta name=\"twitter:card\" content=\"summary_large_image\" \/>\n<meta name=\"twitter:label1\" content=\"Escrito por\" \/>\n\t<meta name=\"twitter:data1\" content=\"Telinha\" \/>\n\t<meta name=\"twitter:label2\" content=\"Tempo estimado de leitura\" \/>\n\t<meta name=\"twitter:data2\" content=\"1 minuto\" \/>\n<script type=\"application\/ld+json\" class=\"yoast-schema-graph\">{\"@context\":\"https:\/\/schema.org\",\"@graph\":[{\"@type\":\"Article\",\"@id\":\"https:\/\/portaltela.pt\/noticias\/2026\/01\/05\/marginal-da-calheta-reabre-ao-transito-apos-encerramento-temporario\/#article\",\"isPartOf\":{\"@id\":\"https:\/\/portaltela.pt\/noticias\/2026\/01\/05\/marginal-da-calheta-reabre-ao-transito-apos-encerramento-temporario\/\"},\"author\":{\"name\":\"Telinha\",\"@id\":\"https:\/\/portaltela.pt\/#\/schema\/person\/c4278d4a6028830caff9ee44b42d32ed\"},\"headline\":\"Marginal da Calheta reabre ao tr\u00e2nsito ap\u00f3s encerramento tempor\u00e1rio\",\"datePublished\":\"2026-01-05T15:56:44+00:00\",\"mainEntityOfPage\":{\"@id\":\"https:\/\/portaltela.pt\/noticias\/2026\/01\/05\/marginal-da-calheta-reabre-ao-transito-apos-encerramento-temporario\/\"},\"wordCount\":141,\"image\":{\"@id\":\"https:\/\/portaltela.pt\/noticias\/2026\/01\/05\/marginal-da-calheta-reabre-ao-transito-apos-encerramento-temporario\/#primaryimage\"},\"thumbnailUrl\":\"https:\/\/portaltela.pt\/s.01k8rhncp4jt1\/2026\/01\/unnamed-file-860.jpg\",\"keywords\":[\"ambiente\",\"Calheta\",\"estradas\",\"movimentos de massa\",\"munic\u00edpios\",\"tr\u00e2nsito\"],\"articleSection\":[\"Not\u00edcias\"],\"inLanguage\":\"pt-PT\"},{\"@type\":\"WebPage\",\"@id\":\"https:\/\/portaltela.pt\/noticias\/2026\/01\/05\/marginal-da-calheta-reabre-ao-transito-apos-encerramento-temporario\/\",\"url\":\"https:\/\/portaltela.pt\/noticias\/2026\/01\/05\/marginal-da-calheta-reabre-ao-transito-apos-encerramento-temporario\/\",\"name\":\"Marginal da Calheta reabre ao tr\u00e2nsito ap\u00f3s encerramento tempor\u00e1rio - Portal Tela Portugal\",\"isPartOf\":{\"@id\":\"https:\/\/portaltela.pt\/#website\"},\"primaryImageOfPage\":{\"@id\":\"https:\/\/portaltela.pt\/noticias\/2026\/01\/05\/marginal-da-calheta-reabre-ao-transito-apos-encerramento-temporario\/#primaryimage\"},\"image\":{\"@id\":\"https:\/\/portaltela.pt\/noticias\/2026\/01\/05\/marginal-da-calheta-reabre-ao-transito-apos-encerramento-temporario\/#primaryimage\"},\"thumbnailUrl\":\"https:\/\/portaltela.pt\/s.01k8rhncp4jt1\/2026\/01\/unnamed-file-860.jpg\",\"datePublished\":\"2026-01-05T15:56:44+00:00\",\"author\":{\"@id\":\"https:\/\/portaltela.pt\/#\/schema\/person\/c4278d4a6028830caff9ee44b42d32ed\"},\"breadcrumb\":{\"@id\":\"https:\/\/portaltela.pt\/noticias\/2026\/01\/05\/marginal-da-calheta-reabre-ao-transito-apos-encerramento-temporario\/#breadcrumb\"},\"inLanguage\":\"pt-PT\",\"potentialAction\":[{\"@type\":\"ReadAction\",\"target\":[\"https:\/\/portaltela.pt\/noticias\/2026\/01\/05\/marginal-da-calheta-reabre-ao-transito-apos-encerramento-temporario\/\"]}]},{\"@type\":\"ImageObject\",\"inLanguage\":\"pt-PT\",\"@id\":\"https:\/\/portaltela.pt\/noticias\/2026\/01\/05\/marginal-da-calheta-reabre-ao-transito-apos-encerramento-temporario\/#primaryimage\",\"url\":\"https:\/\/portaltela.pt\/s.01k8rhncp4jt1\/2026\/01\/unnamed-file-860.jpg\",\"contentUrl\":\"https:\/\/portaltela.pt\/s.01k8rhncp4jt1\/2026\/01\/unnamed-file-860.jpg\",\"width\":796,\"height\":448,\"caption\":\"Marginal da Calheta reabre \u00e0 circula\u00e7\u00e3o ap\u00f3s encerramento tempor\u00e1rio\"},{\"@type\":\"BreadcrumbList\",\"@id\":\"https:\/\/portaltela.pt\/noticias\/2026\/01\/05\/marginal-da-calheta-reabre-ao-transito-apos-encerramento-temporario\/#breadcrumb\",\"itemListElement\":[{\"@type\":\"ListItem\",\"position\":1,\"name\":\"In\u00edcio\",\"item\":\"https:\/\/portaltela.pt\/\"},{\"@type\":\"ListItem\",\"position\":2,\"name\":\"Marginal da Calheta reabre ao tr\u00e2nsito ap\u00f3s encerramento tempor\u00e1rio\"}]},{\"@type\":\"WebSite\",\"@id\":\"https:\/\/portaltela.pt\/#website\",\"url\":\"https:\/\/portaltela.pt\/\",\"name\":\"Portal Tela Portugal\",\"description\":\"\",\"potentialAction\":[{\"@type\":\"SearchAction\",\"target\":{\"@type\":\"EntryPoint\",\"urlTemplate\":\"https:\/\/portaltela.pt\/?s={search_term_string}\"},\"query-input\":{\"@type\":\"PropertyValueSpecification\",\"valueRequired\":true,\"valueName\":\"search_term_string\"}}],\"inLanguage\":\"pt-PT\"},{\"@type\":\"Person\",\"@id\":\"https:\/\/portaltela.pt\/#\/schema\/person\/c4278d4a6028830caff9ee44b42d32ed\",\"name\":\"Telinha\",\"image\":{\"@type\":\"ImageObject\",\"inLanguage\":\"pt-PT\",\"@id\":\"https:\/\/portaltela.pt\/s.01k8rhncp4jt1\/2025\/11\/talking-bot-125x125.png\",\"url\":\"https:\/\/portaltela.pt\/s.01k8rhncp4jt1\/2025\/11\/talking-bot-125x125.png\",\"contentUrl\":\"https:\/\/portaltela.pt\/s.01k8rhncp4jt1\/2025\/11\/talking-bot-125x125.png\",\"caption\":\"Telinha\"},\"sameAs\":[\"https:\/\/portaltela.pt\/\"],\"url\":\"https:\/\/portaltela.pt\/por\/367410592786\/\"}]}<\/script>\n<!-- \/ Yoast SEO plugin. -->","yoast_head_json":{"title":"Marginal da Calheta reabre ao tr\u00e2nsito ap\u00f3s encerramento tempor\u00e1rio - Portal Tela Portugal","robots":{"index":"index","follow":"follow","max-snippet":"max-snippet:-1","max-image-preview":"max-image-preview:large","max-video-preview":"max-video-preview:-1"},"og_locale":"pt_PT","og_type":"article","og_title":"Marginal da Calheta reabre ao tr\u00e2nsito ap\u00f3s encerramento tempor\u00e1rio - Portal Tela Portugal","og_description":"A marginal da Calheta reabriu \u00e0 circula\u00e7\u00e3o autom\u00f3vel e pedonal, anunciou a C\u00e2mara Municipal da Calheta. A interven\u00e7\u00e3o ocorreu devido a quedas de pedras e movimentos de massas provocados pela depress\u00e3o Francis. O encerramento tempor\u00e1rio ocorreu no s\u00e1bado, 3 de janeiro, entre a entrada do estacionamento do Pingo Doce e a zona oeste. A interven\u00e7\u00e3o estava prevista terminar no dia 18 de janeiro. A c\u00e2mara agradece a compreens\u00e3o e colabora\u00e7\u00e3o de mun\u00edcipes e visitantes durante o per\u00edodo de interven\u00e7\u00e3o.","og_url":"https:\/\/portaltela.pt\/noticias\/2026\/01\/05\/marginal-da-calheta-reabre-ao-transito-apos-encerramento-temporario\/","og_site_name":"Portal Tela Portugal","article_published_time":"2026-01-05T15:56:44+00:00","author":"Telinha","twitter_card":"summary_large_image","twitter_misc":{"Escrito por":"Telinha","Tempo estimado de leitura":"1 minuto"},"schema":{"@context":"https:\/\/schema.org","@graph":[{"@type":"Article","@id":"https:\/\/portaltela.pt\/noticias\/2026\/01\/05\/marginal-da-calheta-reabre-ao-transito-apos-encerramento-temporario\/#article","isPartOf":{"@id":"https:\/\/portaltela.pt\/noticias\/2026\/01\/05\/marginal-da-calheta-reabre-ao-transito-apos-encerramento-temporario\/"},"author":{"name":"Telinha","@id":"https:\/\/portaltela.pt\/#\/schema\/person\/c4278d4a6028830caff9ee44b42d32ed"},"headline":"Marginal da Calheta reabre ao tr\u00e2nsito ap\u00f3s encerramento tempor\u00e1rio","datePublished":"2026-01-05T15:56:44+00:00","mainEntityOfPage":{"@id":"https:\/\/portaltela.pt\/noticias\/2026\/01\/05\/marginal-da-calheta-reabre-ao-transito-apos-encerramento-temporario\/"},"wordCount":141,"image":{"@id":"https:\/\/portaltela.pt\/noticias\/2026\/01\/05\/marginal-da-calheta-reabre-ao-transito-apos-encerramento-temporario\/#primaryimage"},"thumbnailUrl":"https:\/\/portaltela.pt\/s.01k8rhncp4jt1\/2026\/01\/unnamed-file-860.jpg","keywords":["ambiente","Calheta","estradas","movimentos de massa","munic\u00edpios","tr\u00e2nsito"],"articleSection":["Not\u00edcias"],"inLanguage":"pt-PT"},{"@type":"WebPage","@id":"https:\/\/portaltela.pt\/noticias\/2026\/01\/05\/marginal-da-calheta-reabre-ao-transito-apos-encerramento-temporario\/","url":"https:\/\/portaltela.pt\/noticias\/2026\/01\/05\/marginal-da-calheta-reabre-ao-transito-apos-encerramento-temporario\/","name":"Marginal da Calheta reabre ao tr\u00e2nsito ap\u00f3s encerramento tempor\u00e1rio - Portal Tela Portugal","isPartOf":{"@id":"https:\/\/portaltela.pt\/#website"},"primaryImageOfPage":{"@id":"https:\/\/portaltela.pt\/noticias\/2026\/01\/05\/marginal-da-calheta-reabre-ao-transito-apos-encerramento-temporario\/#primaryimage"},"image":{"@id":"https:\/\/portaltela.pt\/noticias\/2026\/01\/05\/marginal-da-calheta-reabre-ao-transito-apos-encerramento-temporario\/#primaryimage"},"thumbnailUrl":"https:\/\/portaltela.pt\/s.01k8rhncp4jt1\/2026\/01\/unnamed-file-860.jpg","datePublished":"2026-01-05T15:56:44+00:00","author":{"@id":"https:\/\/portaltela.pt\/#\/schema\/person\/c4278d4a6028830caff9ee44b42d32ed"},"breadcrumb":{"@id":"https:\/\/portaltela.pt\/noticias\/2026\/01\/05\/marginal-da-calheta-reabre-ao-transito-apos-encerramento-temporario\/#breadcrumb"},"inLanguage":"pt-PT","potentialAction":[{"@type":"ReadAction","target":["https:\/\/portaltela.pt\/noticias\/2026\/01\/05\/marginal-da-calheta-reabre-ao-transito-apos-encerramento-temporario\/"]}]},{"@type":"ImageObject","inLanguage":"pt-PT","@id":"https:\/\/portaltela.pt\/noticias\/2026\/01\/05\/marginal-da-calheta-reabre-ao-transito-apos-encerramento-temporario\/#primaryimage","url":"https:\/\/portaltela.pt\/s.01k8rhncp4jt1\/2026\/01\/unnamed-file-860.jpg","contentUrl":"https:\/\/portaltela.pt\/s.01k8rhncp4jt1\/2026\/01\/unnamed-file-860.jpg","width":796,"height":448,"caption":"Marginal da Calheta reabre \u00e0 circula\u00e7\u00e3o ap\u00f3s encerramento tempor\u00e1rio"},{"@type":"BreadcrumbList","@id":"https:\/\/portaltela.pt\/noticias\/2026\/01\/05\/marginal-da-calheta-reabre-ao-transito-apos-encerramento-temporario\/#breadcrumb","itemListElement":[{"@type":"ListItem","position":1,"name":"In\u00edcio","item":"https:\/\/portaltela.pt\/"},{"@type":"ListItem","position":2,"name":"Marginal da Calheta reabre ao tr\u00e2nsito ap\u00f3s encerramento tempor\u00e1rio"}]},{"@type":"WebSite","@id":"https:\/\/portaltela.pt\/#website","url":"https:\/\/portaltela.pt\/","name":"Portal Tela Portugal","description":"","potentialAction":[{"@type":"SearchAction","target":{"@type":"EntryPoint","urlTemplate":"https:\/\/portaltela.pt\/?s={search_term_string}"},"query-input":{"@type":"PropertyValueSpecification","valueRequired":true,"valueName":"search_term_string"}}],"inLanguage":"pt-PT"},{"@type":"Person","@id":"https:\/\/portaltela.pt\/#\/schema\/person\/c4278d4a6028830caff9ee44b42d32ed","name":"Telinha","image":{"@type":"ImageObject","inLanguage":"pt-PT","@id":"https:\/\/portaltela.pt\/s.01k8rhncp4jt1\/2025\/11\/talking-bot-125x125.png","url":"https:\/\/portaltela.pt\/s.01k8rhncp4jt1\/2025\/11\/talking-bot-125x125.png","contentUrl":"https:\/\/portaltela.pt\/s.01k8rhncp4jt1\/2025\/11\/talking-bot-125x125.png","caption":"Telinha"},"sameAs":["https:\/\/portaltela.pt\/"],"url":"https:\/\/portaltela.pt\/por\/367410592786\/"}]}},"_links":{"self":[{"href":"https:\/\/portaltela.pt\/api\/wp\/v2\/posts\/118548","targetHints":{"allow":["GET"]}}],"collection":[{"href":"https:\/\/portaltela.pt\/api\/wp\/v2\/posts"}],"about":[{"href":"https:\/\/portaltela.pt\/api\/wp\/v2\/types\/post"}],"author":[{"embeddable":true,"href":"https:\/\/portaltela.pt\/api\/wp\/v2\/users\/2"}],"replies":[{"embeddable":true,"href":"https:\/\/portaltela.pt\/api\/wp\/v2\/comments?post=118548"}],"version-history":[{"count":0,"href":"https:\/\/portaltela.pt\/api\/wp\/v2\/posts\/118548\/revisions"}],"wp:featuredmedia":[{"embeddable":true,"href":"https:\/\/portaltela.pt\/api\/wp\/v2\/media\/118552"}],"wp:attachment":[{"href":"https:\/\/portaltela.pt\/api\/wp\/v2\/media?parent=118548"}],"wp:term":[{"taxonomy":"category","embeddable":true,"href":"https:\/\/portaltela.pt\/api\/wp\/v2\/categories?post=118548"},{"taxonomy":"post_tag","embeddable":true,"href":"https:\/\/portaltela.pt\/api\/wp\/v2\/tags?post=118548"}],"curies":[{"name":"wp","href":"https:\/\/api.w.org\/{rel}","templated":true}]}}