{"id":118409,"date":"2026-01-05T11:59:00","date_gmt":"2026-01-05T14:59:00","guid":{"rendered":"https:\/\/portaltela.pt\/noticias\/2026\/01\/05\/incendio-na-suica-mais-da-metade-das-vitimas-sao-menores\/"},"modified":"2026-01-05T11:59:00","modified_gmt":"2026-01-05T14:59:00","slug":"incendio-na-suica-mais-da-metade-das-vitimas-sao-menores","status":"publish","type":"post","link":"https:\/\/portaltela.pt\/noticias\/2026\/01\/05\/incendio-na-suica-mais-da-metade-das-vitimas-sao-menores\/","title":{"rendered":"Inc\u00eandio na Su\u00ed\u00e7a: mais da metade das v\u00edtimas s\u00e3o menores"},"content":{"rendered":"<p>As identifica\u00e7\u00f5es do inc\u00eandio no bar Le Constellation, em Crans-Montana, na Su\u00ed\u00e7a, ficaram conclu\u00eddas. O balan\u00e7o aponta 40 mortos e 116 feridos, numa trag\u00e9dia ocorrida na noite de Ano Novo. A pol\u00edcia do cant\u00e3o de Valais divulgou os dados.<\/p>\n<p>Entre os feridos, 83 continuam hospitalizados. Nacionalidades representadas incluem 68 su\u00ed\u00e7os, 21 franceses, 10 italianos, entre outros. Entre os falecidos est\u00e3o 21 su\u00ed\u00e7os e 9 franceses, com idades entre 14 e 39 anos, 21 deles menores.<\/p>\n<p>A trag\u00e9dia ocorreu \u00e0s 1h30 do dia 1 de janeiro, no bar Le Constellation, resort de Crans-Montana. A pol\u00edcia investiga poss\u00edvel homic\u00eddio involunt\u00e1rio atribu\u00edvel a velas incandescentes colocadas em garrafas de champanhe que tocaram o teto.<\/p>\n<p>Os propriet\u00e1rios do bar, um casal franc\u00eas, Jacques e Jessica Moretti, j\u00e1 foram ouvidos pela autoridade. A investiga\u00e7\u00e3o aponta que o fogo pode ter tido origem em velas utilizadas de forma inadequada.<\/p>\n<p>Numa nota separada, o Governo portugu\u00eas confirmou a morte de Fany Pinheiro Magalh\u00e3es, cidad\u00e3 de Portugal, desaparecida na trag\u00e9dia. As condol\u00eancias foram apresentadas tanto pelas autoridades su\u00ed\u00e7as como pelo Estado portugu\u00eas.<\/p>\n<p>A pol\u00edcia de Valais abriu uma investiga\u00e7\u00e3o criminal aos propriet\u00e1rios, com poss\u00edvel imputa\u00e7\u00e3o de homic\u00eddio involunt\u00e1rio. Fontes oficiais indicam que as dilig\u00eancias continuam para esclarecer exatamente as causas do inc\u00eandio.<\/p>\n","protected":false},"excerpt":{"rendered":"<ul>\n<li>Foram identificadas todas as 40 pessoas mortas e o n\u00famero de feridos no inc\u00eandio no bar Le Constellation, em Crans-Montana, na noite de Ano Novo, mantido em 116.<\/li>\n<li>Entre os feridos est\u00e3o 68 su\u00ed\u00e7os, 21 franceses, 10 italianos, al\u00e9m de cidad\u00e3os de v\u00e1rias outras nacionalidades; 83 continuam hospitalizados.<\/li>\n<li>As v\u00edtimas t\u00eam entre 14 e 39 anos, sendo 21 menores.<\/li>\n<li>O Governo de Portugal confirmou a morte de uma cidad\u00e3 portuguesa, Fany Pinheiro Magalh\u00e3es, na trag\u00e9dia.<\/li>\n<li>Os propriet\u00e1rios do bar, um casal franc\u00eas, s\u00e3o alvo de investiga\u00e7\u00e3o por homic\u00eddio involunt\u00e1rio, com ind\u00edcios iniciais de que velas incandescentes colocadas em garrafas de champanhe teriam tocado o teto; j\u00e1 foram ouvidos como testemunhas.<\/li>\n<\/ul>\n","protected":false},"author":2,"featured_media":118411,"comment_status":"closed","ping_status":"closed","sticky":false,"template":"","format":"standard","meta":{"footnotes":""},"categories":[1],"tags":[2395,1438,1759,217,40,2318],"class_list":["post-118409","post","type-post","status-publish","format-standard","has-post-thumbnail","hentry","category-noticias","tag-homicidio-involuntario","tag-incendio","tag-infancia","tag-investigacao-criminal","tag-pessoas","tag-sociedade"],"yoast_head":"<!-- This site is optimized with the Yoast SEO plugin v27.2 - https:\/\/yoast.com\/product\/yoast-seo-wordpress\/ -->\n<title>Inc\u00eandio na Su\u00ed\u00e7a: mais da metade das v\u00edtimas s\u00e3o menores - Portal Tela Portugal<\/title>\n<meta name=\"robots\" content=\"index, follow, max-snippet:-1, max-image-preview:large, max-video-preview:-1\" \/>\n<meta property=\"og:locale\" content=\"pt_PT\" \/>\n<meta property=\"og:type\" content=\"article\" \/>\n<meta property=\"og:title\" content=\"Inc\u00eandio na Su\u00ed\u00e7a: mais da metade das v\u00edtimas s\u00e3o menores - Portal Tela Portugal\" \/>\n<meta property=\"og:description\" content=\"Foram identificadas todas as 40 pessoas mortas e o n\u00famero de feridos no inc\u00eandio no bar Le Constellation, em Crans-Montana, na noite de Ano Novo, mantido em 116. Entre os feridos est\u00e3o 68 su\u00ed\u00e7os, 21 franceses, 10 italianos, al\u00e9m de cidad\u00e3os de v\u00e1rias outras nacionalidades; 83 continuam hospitalizados. As v\u00edtimas t\u00eam entre 14 e 39 anos, sendo 21 menores. O Governo de Portugal confirmou a morte de uma cidad\u00e3 portuguesa, Fany Pinheiro Magalh\u00e3es, na trag\u00e9dia. Os propriet\u00e1rios do bar, um casal franc\u00eas, s\u00e3o alvo de investiga\u00e7\u00e3o por homic\u00eddio involunt\u00e1rio, com ind\u00edcios iniciais de que velas incandescentes colocadas em garrafas de champanhe teriam tocado o teto; j\u00e1 foram ouvidos como testemunhas.\" \/>\n<meta property=\"og:url\" content=\"https:\/\/portaltela.pt\/noticias\/2026\/01\/05\/incendio-na-suica-mais-da-metade-das-vitimas-sao-menores\/\" \/>\n<meta property=\"og:site_name\" content=\"Portal Tela Portugal\" \/>\n<meta property=\"article:published_time\" content=\"2026-01-05T14:59:00+00:00\" \/>\n<meta name=\"author\" content=\"Telinha\" \/>\n<meta name=\"twitter:card\" content=\"summary_large_image\" \/>\n<meta name=\"twitter:label1\" content=\"Escrito por\" \/>\n\t<meta name=\"twitter:data1\" content=\"Telinha\" \/>\n\t<meta name=\"twitter:label2\" content=\"Tempo estimado de leitura\" \/>\n\t<meta name=\"twitter:data2\" content=\"1 minuto\" \/>\n<script type=\"application\/ld+json\" class=\"yoast-schema-graph\">{\"@context\":\"https:\/\/schema.org\",\"@graph\":[{\"@type\":\"Article\",\"@id\":\"https:\/\/portaltela.pt\/noticias\/2026\/01\/05\/incendio-na-suica-mais-da-metade-das-vitimas-sao-menores\/#article\",\"isPartOf\":{\"@id\":\"https:\/\/portaltela.pt\/noticias\/2026\/01\/05\/incendio-na-suica-mais-da-metade-das-vitimas-sao-menores\/\"},\"author\":{\"name\":\"Telinha\",\"@id\":\"https:\/\/portaltela.pt\/#\/schema\/person\/c4278d4a6028830caff9ee44b42d32ed\"},\"headline\":\"Inc\u00eandio na Su\u00ed\u00e7a: mais da metade das v\u00edtimas s\u00e3o menores\",\"datePublished\":\"2026-01-05T14:59:00+00:00\",\"mainEntityOfPage\":{\"@id\":\"https:\/\/portaltela.pt\/noticias\/2026\/01\/05\/incendio-na-suica-mais-da-metade-das-vitimas-sao-menores\/\"},\"wordCount\":241,\"image\":{\"@id\":\"https:\/\/portaltela.pt\/noticias\/2026\/01\/05\/incendio-na-suica-mais-da-metade-das-vitimas-sao-menores\/#primaryimage\"},\"thumbnailUrl\":\"https:\/\/portaltela.pt\/s.01k8rhncp4jt1\/2026\/01\/image-222.jpg\",\"keywords\":[\"homic\u00eddio involunt\u00e1rio\",\"inc\u00eandio\",\"inf\u00e2ncia\",\"investiga\u00e7\u00e3o criminal\",\"pessoas\",\"sociedade\"],\"articleSection\":[\"Not\u00edcias\"],\"inLanguage\":\"pt-PT\"},{\"@type\":\"WebPage\",\"@id\":\"https:\/\/portaltela.pt\/noticias\/2026\/01\/05\/incendio-na-suica-mais-da-metade-das-vitimas-sao-menores\/\",\"url\":\"https:\/\/portaltela.pt\/noticias\/2026\/01\/05\/incendio-na-suica-mais-da-metade-das-vitimas-sao-menores\/\",\"name\":\"Inc\u00eandio na Su\u00ed\u00e7a: mais da metade das v\u00edtimas s\u00e3o menores - Portal Tela Portugal\",\"isPartOf\":{\"@id\":\"https:\/\/portaltela.pt\/#website\"},\"primaryImageOfPage\":{\"@id\":\"https:\/\/portaltela.pt\/noticias\/2026\/01\/05\/incendio-na-suica-mais-da-metade-das-vitimas-sao-menores\/#primaryimage\"},\"image\":{\"@id\":\"https:\/\/portaltela.pt\/noticias\/2026\/01\/05\/incendio-na-suica-mais-da-metade-das-vitimas-sao-menores\/#primaryimage\"},\"thumbnailUrl\":\"https:\/\/portaltela.pt\/s.01k8rhncp4jt1\/2026\/01\/image-222.jpg\",\"datePublished\":\"2026-01-05T14:59:00+00:00\",\"author\":{\"@id\":\"https:\/\/portaltela.pt\/#\/schema\/person\/c4278d4a6028830caff9ee44b42d32ed\"},\"breadcrumb\":{\"@id\":\"https:\/\/portaltela.pt\/noticias\/2026\/01\/05\/incendio-na-suica-mais-da-metade-das-vitimas-sao-menores\/#breadcrumb\"},\"inLanguage\":\"pt-PT\",\"potentialAction\":[{\"@type\":\"ReadAction\",\"target\":[\"https:\/\/portaltela.pt\/noticias\/2026\/01\/05\/incendio-na-suica-mais-da-metade-das-vitimas-sao-menores\/\"]}]},{\"@type\":\"ImageObject\",\"inLanguage\":\"pt-PT\",\"@id\":\"https:\/\/portaltela.pt\/noticias\/2026\/01\/05\/incendio-na-suica-mais-da-metade-das-vitimas-sao-menores\/#primaryimage\",\"url\":\"https:\/\/portaltela.pt\/s.01k8rhncp4jt1\/2026\/01\/image-222.jpg\",\"contentUrl\":\"https:\/\/portaltela.pt\/s.01k8rhncp4jt1\/2026\/01\/image-222.jpg\",\"width\":796,\"height\":448,\"caption\":\"Foto: Cyril Zingaro\/EPA\"},{\"@type\":\"BreadcrumbList\",\"@id\":\"https:\/\/portaltela.pt\/noticias\/2026\/01\/05\/incendio-na-suica-mais-da-metade-das-vitimas-sao-menores\/#breadcrumb\",\"itemListElement\":[{\"@type\":\"ListItem\",\"position\":1,\"name\":\"In\u00edcio\",\"item\":\"https:\/\/portaltela.pt\/\"},{\"@type\":\"ListItem\",\"position\":2,\"name\":\"Inc\u00eandio na Su\u00ed\u00e7a: mais da metade das v\u00edtimas s\u00e3o menores\"}]},{\"@type\":\"WebSite\",\"@id\":\"https:\/\/portaltela.pt\/#website\",\"url\":\"https:\/\/portaltela.pt\/\",\"name\":\"Portal Tela Portugal\",\"description\":\"\",\"potentialAction\":[{\"@type\":\"SearchAction\",\"target\":{\"@type\":\"EntryPoint\",\"urlTemplate\":\"https:\/\/portaltela.pt\/?s={search_term_string}\"},\"query-input\":{\"@type\":\"PropertyValueSpecification\",\"valueRequired\":true,\"valueName\":\"search_term_string\"}}],\"inLanguage\":\"pt-PT\"},{\"@type\":\"Person\",\"@id\":\"https:\/\/portaltela.pt\/#\/schema\/person\/c4278d4a6028830caff9ee44b42d32ed\",\"name\":\"Telinha\",\"image\":{\"@type\":\"ImageObject\",\"inLanguage\":\"pt-PT\",\"@id\":\"https:\/\/portaltela.pt\/s.01k8rhncp4jt1\/2025\/11\/talking-bot-125x125.png\",\"url\":\"https:\/\/portaltela.pt\/s.01k8rhncp4jt1\/2025\/11\/talking-bot-125x125.png\",\"contentUrl\":\"https:\/\/portaltela.pt\/s.01k8rhncp4jt1\/2025\/11\/talking-bot-125x125.png\",\"caption\":\"Telinha\"},\"sameAs\":[\"https:\/\/portaltela.pt\/\"],\"url\":\"https:\/\/portaltela.pt\/por\/367410592786\/\"}]}<\/script>\n<!-- \/ Yoast SEO plugin. -->","yoast_head_json":{"title":"Inc\u00eandio na Su\u00ed\u00e7a: mais da metade das v\u00edtimas s\u00e3o menores - Portal Tela Portugal","robots":{"index":"index","follow":"follow","max-snippet":"max-snippet:-1","max-image-preview":"max-image-preview:large","max-video-preview":"max-video-preview:-1"},"og_locale":"pt_PT","og_type":"article","og_title":"Inc\u00eandio na Su\u00ed\u00e7a: mais da metade das v\u00edtimas s\u00e3o menores - Portal Tela Portugal","og_description":"Foram identificadas todas as 40 pessoas mortas e o n\u00famero de feridos no inc\u00eandio no bar Le Constellation, em Crans-Montana, na noite de Ano Novo, mantido em 116. Entre os feridos est\u00e3o 68 su\u00ed\u00e7os, 21 franceses, 10 italianos, al\u00e9m de cidad\u00e3os de v\u00e1rias outras nacionalidades; 83 continuam hospitalizados. As v\u00edtimas t\u00eam entre 14 e 39 anos, sendo 21 menores. O Governo de Portugal confirmou a morte de uma cidad\u00e3 portuguesa, Fany Pinheiro Magalh\u00e3es, na trag\u00e9dia. Os propriet\u00e1rios do bar, um casal franc\u00eas, s\u00e3o alvo de investiga\u00e7\u00e3o por homic\u00eddio involunt\u00e1rio, com ind\u00edcios iniciais de que velas incandescentes colocadas em garrafas de champanhe teriam tocado o teto; j\u00e1 foram ouvidos como testemunhas.","og_url":"https:\/\/portaltela.pt\/noticias\/2026\/01\/05\/incendio-na-suica-mais-da-metade-das-vitimas-sao-menores\/","og_site_name":"Portal Tela Portugal","article_published_time":"2026-01-05T14:59:00+00:00","author":"Telinha","twitter_card":"summary_large_image","twitter_misc":{"Escrito por":"Telinha","Tempo estimado de leitura":"1 minuto"},"schema":{"@context":"https:\/\/schema.org","@graph":[{"@type":"Article","@id":"https:\/\/portaltela.pt\/noticias\/2026\/01\/05\/incendio-na-suica-mais-da-metade-das-vitimas-sao-menores\/#article","isPartOf":{"@id":"https:\/\/portaltela.pt\/noticias\/2026\/01\/05\/incendio-na-suica-mais-da-metade-das-vitimas-sao-menores\/"},"author":{"name":"Telinha","@id":"https:\/\/portaltela.pt\/#\/schema\/person\/c4278d4a6028830caff9ee44b42d32ed"},"headline":"Inc\u00eandio na Su\u00ed\u00e7a: mais da metade das v\u00edtimas s\u00e3o menores","datePublished":"2026-01-05T14:59:00+00:00","mainEntityOfPage":{"@id":"https:\/\/portaltela.pt\/noticias\/2026\/01\/05\/incendio-na-suica-mais-da-metade-das-vitimas-sao-menores\/"},"wordCount":241,"image":{"@id":"https:\/\/portaltela.pt\/noticias\/2026\/01\/05\/incendio-na-suica-mais-da-metade-das-vitimas-sao-menores\/#primaryimage"},"thumbnailUrl":"https:\/\/portaltela.pt\/s.01k8rhncp4jt1\/2026\/01\/image-222.jpg","keywords":["homic\u00eddio involunt\u00e1rio","inc\u00eandio","inf\u00e2ncia","investiga\u00e7\u00e3o criminal","pessoas","sociedade"],"articleSection":["Not\u00edcias"],"inLanguage":"pt-PT"},{"@type":"WebPage","@id":"https:\/\/portaltela.pt\/noticias\/2026\/01\/05\/incendio-na-suica-mais-da-metade-das-vitimas-sao-menores\/","url":"https:\/\/portaltela.pt\/noticias\/2026\/01\/05\/incendio-na-suica-mais-da-metade-das-vitimas-sao-menores\/","name":"Inc\u00eandio na Su\u00ed\u00e7a: mais da metade das v\u00edtimas s\u00e3o menores - Portal Tela Portugal","isPartOf":{"@id":"https:\/\/portaltela.pt\/#website"},"primaryImageOfPage":{"@id":"https:\/\/portaltela.pt\/noticias\/2026\/01\/05\/incendio-na-suica-mais-da-metade-das-vitimas-sao-menores\/#primaryimage"},"image":{"@id":"https:\/\/portaltela.pt\/noticias\/2026\/01\/05\/incendio-na-suica-mais-da-metade-das-vitimas-sao-menores\/#primaryimage"},"thumbnailUrl":"https:\/\/portaltela.pt\/s.01k8rhncp4jt1\/2026\/01\/image-222.jpg","datePublished":"2026-01-05T14:59:00+00:00","author":{"@id":"https:\/\/portaltela.pt\/#\/schema\/person\/c4278d4a6028830caff9ee44b42d32ed"},"breadcrumb":{"@id":"https:\/\/portaltela.pt\/noticias\/2026\/01\/05\/incendio-na-suica-mais-da-metade-das-vitimas-sao-menores\/#breadcrumb"},"inLanguage":"pt-PT","potentialAction":[{"@type":"ReadAction","target":["https:\/\/portaltela.pt\/noticias\/2026\/01\/05\/incendio-na-suica-mais-da-metade-das-vitimas-sao-menores\/"]}]},{"@type":"ImageObject","inLanguage":"pt-PT","@id":"https:\/\/portaltela.pt\/noticias\/2026\/01\/05\/incendio-na-suica-mais-da-metade-das-vitimas-sao-menores\/#primaryimage","url":"https:\/\/portaltela.pt\/s.01k8rhncp4jt1\/2026\/01\/image-222.jpg","contentUrl":"https:\/\/portaltela.pt\/s.01k8rhncp4jt1\/2026\/01\/image-222.jpg","width":796,"height":448,"caption":"Foto: Cyril Zingaro\/EPA"},{"@type":"BreadcrumbList","@id":"https:\/\/portaltela.pt\/noticias\/2026\/01\/05\/incendio-na-suica-mais-da-metade-das-vitimas-sao-menores\/#breadcrumb","itemListElement":[{"@type":"ListItem","position":1,"name":"In\u00edcio","item":"https:\/\/portaltela.pt\/"},{"@type":"ListItem","position":2,"name":"Inc\u00eandio na Su\u00ed\u00e7a: mais da metade das v\u00edtimas s\u00e3o menores"}]},{"@type":"WebSite","@id":"https:\/\/portaltela.pt\/#website","url":"https:\/\/portaltela.pt\/","name":"Portal Tela Portugal","description":"","potentialAction":[{"@type":"SearchAction","target":{"@type":"EntryPoint","urlTemplate":"https:\/\/portaltela.pt\/?s={search_term_string}"},"query-input":{"@type":"PropertyValueSpecification","valueRequired":true,"valueName":"search_term_string"}}],"inLanguage":"pt-PT"},{"@type":"Person","@id":"https:\/\/portaltela.pt\/#\/schema\/person\/c4278d4a6028830caff9ee44b42d32ed","name":"Telinha","image":{"@type":"ImageObject","inLanguage":"pt-PT","@id":"https:\/\/portaltela.pt\/s.01k8rhncp4jt1\/2025\/11\/talking-bot-125x125.png","url":"https:\/\/portaltela.pt\/s.01k8rhncp4jt1\/2025\/11\/talking-bot-125x125.png","contentUrl":"https:\/\/portaltela.pt\/s.01k8rhncp4jt1\/2025\/11\/talking-bot-125x125.png","caption":"Telinha"},"sameAs":["https:\/\/portaltela.pt\/"],"url":"https:\/\/portaltela.pt\/por\/367410592786\/"}]}},"_links":{"self":[{"href":"https:\/\/portaltela.pt\/api\/wp\/v2\/posts\/118409","targetHints":{"allow":["GET"]}}],"collection":[{"href":"https:\/\/portaltela.pt\/api\/wp\/v2\/posts"}],"about":[{"href":"https:\/\/portaltela.pt\/api\/wp\/v2\/types\/post"}],"author":[{"embeddable":true,"href":"https:\/\/portaltela.pt\/api\/wp\/v2\/users\/2"}],"replies":[{"embeddable":true,"href":"https:\/\/portaltela.pt\/api\/wp\/v2\/comments?post=118409"}],"version-history":[{"count":0,"href":"https:\/\/portaltela.pt\/api\/wp\/v2\/posts\/118409\/revisions"}],"wp:featuredmedia":[{"embeddable":true,"href":"https:\/\/portaltela.pt\/api\/wp\/v2\/media\/118411"}],"wp:attachment":[{"href":"https:\/\/portaltela.pt\/api\/wp\/v2\/media?parent=118409"}],"wp:term":[{"taxonomy":"category","embeddable":true,"href":"https:\/\/portaltela.pt\/api\/wp\/v2\/categories?post=118409"},{"taxonomy":"post_tag","embeddable":true,"href":"https:\/\/portaltela.pt\/api\/wp\/v2\/tags?post=118409"}],"curies":[{"name":"wp","href":"https:\/\/api.w.org\/{rel}","templated":true}]}}