{"id":118372,"date":"2026-01-05T11:58:00","date_gmt":"2026-01-05T14:58:00","guid":{"rendered":"https:\/\/portaltela.pt\/noticias\/2026\/01\/05\/todos-os-acusados-de-assedio-a-brigitte-macron-condenados-pelo-tribunal-de-paris\/"},"modified":"2026-01-05T11:58:00","modified_gmt":"2026-01-05T14:58:00","slug":"todos-os-acusados-de-assedio-a-brigitte-macron-condenados-pelo-tribunal-de-paris","status":"publish","type":"post","link":"https:\/\/portaltela.pt\/noticias\/2026\/01\/05\/todos-os-acusados-de-assedio-a-brigitte-macron-condenados-pelo-tribunal-de-paris\/","title":{"rendered":"Todos os acusados de ass\u00e9dio a Brigitte Macron condenados pelo tribunal de Paris"},"content":{"rendered":"<p>Duas informa\u00e7\u00f5es centrais: o Tribunal Correccional de Paris condenou dez pessoas por ass\u00e9dio online contra a primeira-dama francesa Brigitte Macron, por alega\u00e7\u00f5es de que teria nascido homem. As decis\u00f5es foram anunciadas na \u00faltima segunda-feira, 5 de janeiro, com penas de pris\u00e3o suspensas entre quatro e oito meses e a obriga\u00e7\u00e3o de participa\u00e7\u00e3o em forma\u00e7\u00f5es sobre cyberbullying. Um r\u00e9u recebeu seis meses de pris\u00e3o efetiva por faltar \u00e0 audi\u00eancia.<\/p>\n<p>As publica\u00e7\u00f5es visavam descredibilizar Brigitte Macron ao alegar que nasceu Jean-Michel Trogneux, o nome do irm\u00e3o da primeira-dama, acompanhadas por insinua\u00e7\u00f5es sobre pedofilia devido \u00e0 diferen\u00e7a de idade de 24 anos com o presidente Emmanuel Macron. O caso mobilizou v\u00e1rias den\u00fancias de ass\u00e9dio e degrada\u00e7\u00e3o digital, abrangendo redes sociais e v\u00eddeos p\u00fablicos.<\/p>\n<p>A defesa dos arguidos alegou humor ou s\u00e1tira, enquanto a fam\u00edlia Macron descreveu o impacto do ass\u00e9dio na vida da m\u00e3e, que j\u00e1 afirmou querer servir de exemplo no combate a estas pr\u00e1ticas. Tiphaine Auzi\u00e8re, filha de Brigitte Macron, testemunhou, indicando que a situa\u00e7\u00e3o deteriorou a vida familiar, incluindo a dos netos.<\/p>\n<h3>Processo. condena\u00e7\u00e3o e repercuss\u00f5es<\/h3>\n<p>Entre os condenados est\u00e3o Delphine Jegousse, tamb\u00e9m conhecida como Amandine Roy, considerada uma das principais respons\u00e1veis pela difus\u00e3o do boato ap\u00f3s um v\u00eddeo de cerca de quatro horas no YouTube em 2021, com pena de seis meses suspensos. Aur\u00e9lien Poirson-Atlan, conhecido como Zo\u00e9 Sagan, recebeu oito meses de pris\u00e3o suspensa.<\/p>\n<p>Outros arguidos incluem um membro eleito local, um professor e um especialista em inform\u00e1tica. Em defesa, alguns alegaram que as publica\u00e7\u00f5es tinham finalidade humor\u00edstica, mantendo a surpresa com o facto de estarem a ser julgados.<\/p>\n<p>O casal Macron tamb\u00e9m moveu uma a\u00e7\u00e3o por difama\u00e7\u00e3o nos Estados Unidos contra Candace Owens, influenciadora que difundiu a mesma teoria. As a\u00e7\u00f5es em Fran\u00e7a e nos EUA visam responsabilizar quem difundiu informa\u00e7\u00f5es falsas sobre a identidade de Brigitte Macron.<\/p>\n","protected":false},"excerpt":{"rendered":"<ul>\n<li>O Tribunal de Paris condenou dez pessoas por difama\u00e7\u00e3o e ass\u00e9dio online contra Brigitte Macron, considerando as publica\u00e7\u00f5es \u201cparticularmente degradantes, insultuosas e maliciosas\u201d.<\/li>\n<li>As penas variam entre quatro e oito meses de pris\u00e3o suspensa, com a obriga\u00e7\u00e3o de frequentar forma\u00e7\u00e3o sobre cyberbullying; um r\u00e9u recebeu seis meses por faltar \u00e0 audi\u00eancia.<\/li>\n<li>As acusa\u00e7\u00f5es basearam-se em publica\u00e7\u00f5es que afirmavam, sem fundamentos, que Brigitte Macron nascera homem com o nome Jean-Michel Trogneux, associando a diferen\u00e7a de idade entre Brigitte e Emmanuel Macron a pedofilia.<\/li>\n<li>A vida da fam\u00edlia presidencial foi afetada pelo ass\u00e9dio, incluindo a filha de Brigitte que testemunhou no processo; Brigitte Macron afirmou ter movido o processo para \u201cdar o exemplo\u201d.<\/li>\n<li>O casal Macron tamb\u00e9m processou Candace Owens, nos Estados Unidos, por difama\u00e7\u00e3o relacionada com a mesma linha de alega\u00e7\u00f5es.<\/li>\n<\/ul>\n","protected":false},"author":2,"featured_media":118373,"comment_status":"closed","ping_status":"closed","sticky":false,"template":"","format":"standard","meta":{"footnotes":""},"categories":[1],"tags":[1039,1724,2416,1121,1856,2318],"class_list":["post-118372","post","type-post","status-publish","format-standard","has-post-thumbnail","hentry","category-noticias","tag-assedio-sexista","tag-cibercrime","tag-cyberataque","tag-difamacao-agravada","tag-franca","tag-sociedade"],"yoast_head":"<!-- This site is optimized with the Yoast SEO plugin v27.2 - https:\/\/yoast.com\/product\/yoast-seo-wordpress\/ -->\n<title>Todos os acusados de ass\u00e9dio a Brigitte Macron condenados pelo tribunal de Paris - Portal Tela Portugal<\/title>\n<meta name=\"robots\" content=\"index, follow, max-snippet:-1, max-image-preview:large, max-video-preview:-1\" \/>\n<meta property=\"og:locale\" content=\"pt_PT\" \/>\n<meta property=\"og:type\" content=\"article\" \/>\n<meta property=\"og:title\" content=\"Todos os acusados de ass\u00e9dio a Brigitte Macron condenados pelo tribunal de Paris - Portal Tela Portugal\" \/>\n<meta property=\"og:description\" content=\"O Tribunal de Paris condenou dez pessoas por difama\u00e7\u00e3o e ass\u00e9dio online contra Brigitte Macron, considerando as publica\u00e7\u00f5es \u201cparticularmente degradantes, insultuosas e maliciosas\u201d. As penas variam entre quatro e oito meses de pris\u00e3o suspensa, com a obriga\u00e7\u00e3o de frequentar forma\u00e7\u00e3o sobre cyberbullying; um r\u00e9u recebeu seis meses por faltar \u00e0 audi\u00eancia. As acusa\u00e7\u00f5es basearam-se em publica\u00e7\u00f5es que afirmavam, sem fundamentos, que Brigitte Macron nascera homem com o nome Jean-Michel Trogneux, associando a diferen\u00e7a de idade entre Brigitte e Emmanuel Macron a pedofilia. A vida da fam\u00edlia presidencial foi afetada pelo ass\u00e9dio, incluindo a filha de Brigitte que testemunhou no processo; Brigitte Macron afirmou ter movido o processo para \u201cdar o exemplo\u201d. O casal Macron tamb\u00e9m processou Candace Owens, nos Estados Unidos, por difama\u00e7\u00e3o relacionada com a mesma linha de alega\u00e7\u00f5es.\" \/>\n<meta property=\"og:url\" content=\"https:\/\/portaltela.pt\/noticias\/2026\/01\/05\/todos-os-acusados-de-assedio-a-brigitte-macron-condenados-pelo-tribunal-de-paris\/\" \/>\n<meta property=\"og:site_name\" content=\"Portal Tela Portugal\" \/>\n<meta property=\"article:published_time\" content=\"2026-01-05T14:58:00+00:00\" \/>\n<meta name=\"author\" content=\"Telinha\" \/>\n<meta name=\"twitter:card\" content=\"summary_large_image\" \/>\n<meta name=\"twitter:label1\" content=\"Escrito por\" \/>\n\t<meta name=\"twitter:data1\" content=\"Telinha\" \/>\n\t<meta name=\"twitter:label2\" content=\"Tempo estimado de leitura\" \/>\n\t<meta name=\"twitter:data2\" content=\"2 minutos\" \/>\n<script type=\"application\/ld+json\" class=\"yoast-schema-graph\">{\"@context\":\"https:\/\/schema.org\",\"@graph\":[{\"@type\":\"Article\",\"@id\":\"https:\/\/portaltela.pt\/noticias\/2026\/01\/05\/todos-os-acusados-de-assedio-a-brigitte-macron-condenados-pelo-tribunal-de-paris\/#article\",\"isPartOf\":{\"@id\":\"https:\/\/portaltela.pt\/noticias\/2026\/01\/05\/todos-os-acusados-de-assedio-a-brigitte-macron-condenados-pelo-tribunal-de-paris\/\"},\"author\":{\"name\":\"Telinha\",\"@id\":\"https:\/\/portaltela.pt\/#\/schema\/person\/c4278d4a6028830caff9ee44b42d32ed\"},\"headline\":\"Todos os acusados de ass\u00e9dio a Brigitte Macron condenados pelo tribunal de Paris\",\"datePublished\":\"2026-01-05T14:58:00+00:00\",\"mainEntityOfPage\":{\"@id\":\"https:\/\/portaltela.pt\/noticias\/2026\/01\/05\/todos-os-acusados-de-assedio-a-brigitte-macron-condenados-pelo-tribunal-de-paris\/\"},\"wordCount\":357,\"image\":{\"@id\":\"https:\/\/portaltela.pt\/noticias\/2026\/01\/05\/todos-os-acusados-de-assedio-a-brigitte-macron-condenados-pelo-tribunal-de-paris\/#primaryimage\"},\"thumbnailUrl\":\"https:\/\/portaltela.pt\/s.01k8rhncp4jt1\/2026\/01\/img_1500x1000uu2025-09-18-15-38-30-2236065.jpg\",\"keywords\":[\"ass\u00e9dio sexista\",\"cibercrime\",\"cyberataque\",\"difama\u00e7\u00e3o agravada\",\"Fran\u00e7a\",\"sociedade\"],\"articleSection\":[\"Not\u00edcias\"],\"inLanguage\":\"pt-PT\"},{\"@type\":\"WebPage\",\"@id\":\"https:\/\/portaltela.pt\/noticias\/2026\/01\/05\/todos-os-acusados-de-assedio-a-brigitte-macron-condenados-pelo-tribunal-de-paris\/\",\"url\":\"https:\/\/portaltela.pt\/noticias\/2026\/01\/05\/todos-os-acusados-de-assedio-a-brigitte-macron-condenados-pelo-tribunal-de-paris\/\",\"name\":\"Todos os acusados de ass\u00e9dio a Brigitte Macron condenados pelo tribunal de Paris - Portal Tela Portugal\",\"isPartOf\":{\"@id\":\"https:\/\/portaltela.pt\/#website\"},\"primaryImageOfPage\":{\"@id\":\"https:\/\/portaltela.pt\/noticias\/2026\/01\/05\/todos-os-acusados-de-assedio-a-brigitte-macron-condenados-pelo-tribunal-de-paris\/#primaryimage\"},\"image\":{\"@id\":\"https:\/\/portaltela.pt\/noticias\/2026\/01\/05\/todos-os-acusados-de-assedio-a-brigitte-macron-condenados-pelo-tribunal-de-paris\/#primaryimage\"},\"thumbnailUrl\":\"https:\/\/portaltela.pt\/s.01k8rhncp4jt1\/2026\/01\/img_1500x1000uu2025-09-18-15-38-30-2236065.jpg\",\"datePublished\":\"2026-01-05T14:58:00+00:00\",\"author\":{\"@id\":\"https:\/\/portaltela.pt\/#\/schema\/person\/c4278d4a6028830caff9ee44b42d32ed\"},\"breadcrumb\":{\"@id\":\"https:\/\/portaltela.pt\/noticias\/2026\/01\/05\/todos-os-acusados-de-assedio-a-brigitte-macron-condenados-pelo-tribunal-de-paris\/#breadcrumb\"},\"inLanguage\":\"pt-PT\",\"potentialAction\":[{\"@type\":\"ReadAction\",\"target\":[\"https:\/\/portaltela.pt\/noticias\/2026\/01\/05\/todos-os-acusados-de-assedio-a-brigitte-macron-condenados-pelo-tribunal-de-paris\/\"]}]},{\"@type\":\"ImageObject\",\"inLanguage\":\"pt-PT\",\"@id\":\"https:\/\/portaltela.pt\/noticias\/2026\/01\/05\/todos-os-acusados-de-assedio-a-brigitte-macron-condenados-pelo-tribunal-de-paris\/#primaryimage\",\"url\":\"https:\/\/portaltela.pt\/s.01k8rhncp4jt1\/2026\/01\/img_1500x1000uu2025-09-18-15-38-30-2236065.jpg\",\"contentUrl\":\"https:\/\/portaltela.pt\/s.01k8rhncp4jt1\/2026\/01\/img_1500x1000uu2025-09-18-15-38-30-2236065.jpg\",\"width\":796,\"height\":448,\"caption\":\"Brigitte Macron comparece em tribunal para provar que \u00e9 mulher\"},{\"@type\":\"BreadcrumbList\",\"@id\":\"https:\/\/portaltela.pt\/noticias\/2026\/01\/05\/todos-os-acusados-de-assedio-a-brigitte-macron-condenados-pelo-tribunal-de-paris\/#breadcrumb\",\"itemListElement\":[{\"@type\":\"ListItem\",\"position\":1,\"name\":\"In\u00edcio\",\"item\":\"https:\/\/portaltela.pt\/\"},{\"@type\":\"ListItem\",\"position\":2,\"name\":\"Todos os acusados de ass\u00e9dio a Brigitte Macron condenados pelo tribunal de Paris\"}]},{\"@type\":\"WebSite\",\"@id\":\"https:\/\/portaltela.pt\/#website\",\"url\":\"https:\/\/portaltela.pt\/\",\"name\":\"Portal Tela Portugal\",\"description\":\"\",\"potentialAction\":[{\"@type\":\"SearchAction\",\"target\":{\"@type\":\"EntryPoint\",\"urlTemplate\":\"https:\/\/portaltela.pt\/?s={search_term_string}\"},\"query-input\":{\"@type\":\"PropertyValueSpecification\",\"valueRequired\":true,\"valueName\":\"search_term_string\"}}],\"inLanguage\":\"pt-PT\"},{\"@type\":\"Person\",\"@id\":\"https:\/\/portaltela.pt\/#\/schema\/person\/c4278d4a6028830caff9ee44b42d32ed\",\"name\":\"Telinha\",\"image\":{\"@type\":\"ImageObject\",\"inLanguage\":\"pt-PT\",\"@id\":\"https:\/\/portaltela.pt\/s.01k8rhncp4jt1\/2025\/11\/talking-bot-125x125.png\",\"url\":\"https:\/\/portaltela.pt\/s.01k8rhncp4jt1\/2025\/11\/talking-bot-125x125.png\",\"contentUrl\":\"https:\/\/portaltela.pt\/s.01k8rhncp4jt1\/2025\/11\/talking-bot-125x125.png\",\"caption\":\"Telinha\"},\"sameAs\":[\"https:\/\/portaltela.pt\/\"],\"url\":\"https:\/\/portaltela.pt\/por\/367410592786\/\"}]}<\/script>\n<!-- \/ Yoast SEO plugin. -->","yoast_head_json":{"title":"Todos os acusados de ass\u00e9dio a Brigitte Macron condenados pelo tribunal de Paris - Portal Tela Portugal","robots":{"index":"index","follow":"follow","max-snippet":"max-snippet:-1","max-image-preview":"max-image-preview:large","max-video-preview":"max-video-preview:-1"},"og_locale":"pt_PT","og_type":"article","og_title":"Todos os acusados de ass\u00e9dio a Brigitte Macron condenados pelo tribunal de Paris - Portal Tela Portugal","og_description":"O Tribunal de Paris condenou dez pessoas por difama\u00e7\u00e3o e ass\u00e9dio online contra Brigitte Macron, considerando as publica\u00e7\u00f5es \u201cparticularmente degradantes, insultuosas e maliciosas\u201d. As penas variam entre quatro e oito meses de pris\u00e3o suspensa, com a obriga\u00e7\u00e3o de frequentar forma\u00e7\u00e3o sobre cyberbullying; um r\u00e9u recebeu seis meses por faltar \u00e0 audi\u00eancia. As acusa\u00e7\u00f5es basearam-se em publica\u00e7\u00f5es que afirmavam, sem fundamentos, que Brigitte Macron nascera homem com o nome Jean-Michel Trogneux, associando a diferen\u00e7a de idade entre Brigitte e Emmanuel Macron a pedofilia. A vida da fam\u00edlia presidencial foi afetada pelo ass\u00e9dio, incluindo a filha de Brigitte que testemunhou no processo; Brigitte Macron afirmou ter movido o processo para \u201cdar o exemplo\u201d. O casal Macron tamb\u00e9m processou Candace Owens, nos Estados Unidos, por difama\u00e7\u00e3o relacionada com a mesma linha de alega\u00e7\u00f5es.","og_url":"https:\/\/portaltela.pt\/noticias\/2026\/01\/05\/todos-os-acusados-de-assedio-a-brigitte-macron-condenados-pelo-tribunal-de-paris\/","og_site_name":"Portal Tela Portugal","article_published_time":"2026-01-05T14:58:00+00:00","author":"Telinha","twitter_card":"summary_large_image","twitter_misc":{"Escrito por":"Telinha","Tempo estimado de leitura":"2 minutos"},"schema":{"@context":"https:\/\/schema.org","@graph":[{"@type":"Article","@id":"https:\/\/portaltela.pt\/noticias\/2026\/01\/05\/todos-os-acusados-de-assedio-a-brigitte-macron-condenados-pelo-tribunal-de-paris\/#article","isPartOf":{"@id":"https:\/\/portaltela.pt\/noticias\/2026\/01\/05\/todos-os-acusados-de-assedio-a-brigitte-macron-condenados-pelo-tribunal-de-paris\/"},"author":{"name":"Telinha","@id":"https:\/\/portaltela.pt\/#\/schema\/person\/c4278d4a6028830caff9ee44b42d32ed"},"headline":"Todos os acusados de ass\u00e9dio a Brigitte Macron condenados pelo tribunal de Paris","datePublished":"2026-01-05T14:58:00+00:00","mainEntityOfPage":{"@id":"https:\/\/portaltela.pt\/noticias\/2026\/01\/05\/todos-os-acusados-de-assedio-a-brigitte-macron-condenados-pelo-tribunal-de-paris\/"},"wordCount":357,"image":{"@id":"https:\/\/portaltela.pt\/noticias\/2026\/01\/05\/todos-os-acusados-de-assedio-a-brigitte-macron-condenados-pelo-tribunal-de-paris\/#primaryimage"},"thumbnailUrl":"https:\/\/portaltela.pt\/s.01k8rhncp4jt1\/2026\/01\/img_1500x1000uu2025-09-18-15-38-30-2236065.jpg","keywords":["ass\u00e9dio sexista","cibercrime","cyberataque","difama\u00e7\u00e3o agravada","Fran\u00e7a","sociedade"],"articleSection":["Not\u00edcias"],"inLanguage":"pt-PT"},{"@type":"WebPage","@id":"https:\/\/portaltela.pt\/noticias\/2026\/01\/05\/todos-os-acusados-de-assedio-a-brigitte-macron-condenados-pelo-tribunal-de-paris\/","url":"https:\/\/portaltela.pt\/noticias\/2026\/01\/05\/todos-os-acusados-de-assedio-a-brigitte-macron-condenados-pelo-tribunal-de-paris\/","name":"Todos os acusados de ass\u00e9dio a Brigitte Macron condenados pelo tribunal de Paris - Portal Tela Portugal","isPartOf":{"@id":"https:\/\/portaltela.pt\/#website"},"primaryImageOfPage":{"@id":"https:\/\/portaltela.pt\/noticias\/2026\/01\/05\/todos-os-acusados-de-assedio-a-brigitte-macron-condenados-pelo-tribunal-de-paris\/#primaryimage"},"image":{"@id":"https:\/\/portaltela.pt\/noticias\/2026\/01\/05\/todos-os-acusados-de-assedio-a-brigitte-macron-condenados-pelo-tribunal-de-paris\/#primaryimage"},"thumbnailUrl":"https:\/\/portaltela.pt\/s.01k8rhncp4jt1\/2026\/01\/img_1500x1000uu2025-09-18-15-38-30-2236065.jpg","datePublished":"2026-01-05T14:58:00+00:00","author":{"@id":"https:\/\/portaltela.pt\/#\/schema\/person\/c4278d4a6028830caff9ee44b42d32ed"},"breadcrumb":{"@id":"https:\/\/portaltela.pt\/noticias\/2026\/01\/05\/todos-os-acusados-de-assedio-a-brigitte-macron-condenados-pelo-tribunal-de-paris\/#breadcrumb"},"inLanguage":"pt-PT","potentialAction":[{"@type":"ReadAction","target":["https:\/\/portaltela.pt\/noticias\/2026\/01\/05\/todos-os-acusados-de-assedio-a-brigitte-macron-condenados-pelo-tribunal-de-paris\/"]}]},{"@type":"ImageObject","inLanguage":"pt-PT","@id":"https:\/\/portaltela.pt\/noticias\/2026\/01\/05\/todos-os-acusados-de-assedio-a-brigitte-macron-condenados-pelo-tribunal-de-paris\/#primaryimage","url":"https:\/\/portaltela.pt\/s.01k8rhncp4jt1\/2026\/01\/img_1500x1000uu2025-09-18-15-38-30-2236065.jpg","contentUrl":"https:\/\/portaltela.pt\/s.01k8rhncp4jt1\/2026\/01\/img_1500x1000uu2025-09-18-15-38-30-2236065.jpg","width":796,"height":448,"caption":"Brigitte Macron comparece em tribunal para provar que \u00e9 mulher"},{"@type":"BreadcrumbList","@id":"https:\/\/portaltela.pt\/noticias\/2026\/01\/05\/todos-os-acusados-de-assedio-a-brigitte-macron-condenados-pelo-tribunal-de-paris\/#breadcrumb","itemListElement":[{"@type":"ListItem","position":1,"name":"In\u00edcio","item":"https:\/\/portaltela.pt\/"},{"@type":"ListItem","position":2,"name":"Todos os acusados de ass\u00e9dio a Brigitte Macron condenados pelo tribunal de Paris"}]},{"@type":"WebSite","@id":"https:\/\/portaltela.pt\/#website","url":"https:\/\/portaltela.pt\/","name":"Portal Tela Portugal","description":"","potentialAction":[{"@type":"SearchAction","target":{"@type":"EntryPoint","urlTemplate":"https:\/\/portaltela.pt\/?s={search_term_string}"},"query-input":{"@type":"PropertyValueSpecification","valueRequired":true,"valueName":"search_term_string"}}],"inLanguage":"pt-PT"},{"@type":"Person","@id":"https:\/\/portaltela.pt\/#\/schema\/person\/c4278d4a6028830caff9ee44b42d32ed","name":"Telinha","image":{"@type":"ImageObject","inLanguage":"pt-PT","@id":"https:\/\/portaltela.pt\/s.01k8rhncp4jt1\/2025\/11\/talking-bot-125x125.png","url":"https:\/\/portaltela.pt\/s.01k8rhncp4jt1\/2025\/11\/talking-bot-125x125.png","contentUrl":"https:\/\/portaltela.pt\/s.01k8rhncp4jt1\/2025\/11\/talking-bot-125x125.png","caption":"Telinha"},"sameAs":["https:\/\/portaltela.pt\/"],"url":"https:\/\/portaltela.pt\/por\/367410592786\/"}]}},"_links":{"self":[{"href":"https:\/\/portaltela.pt\/api\/wp\/v2\/posts\/118372","targetHints":{"allow":["GET"]}}],"collection":[{"href":"https:\/\/portaltela.pt\/api\/wp\/v2\/posts"}],"about":[{"href":"https:\/\/portaltela.pt\/api\/wp\/v2\/types\/post"}],"author":[{"embeddable":true,"href":"https:\/\/portaltela.pt\/api\/wp\/v2\/users\/2"}],"replies":[{"embeddable":true,"href":"https:\/\/portaltela.pt\/api\/wp\/v2\/comments?post=118372"}],"version-history":[{"count":0,"href":"https:\/\/portaltela.pt\/api\/wp\/v2\/posts\/118372\/revisions"}],"wp:featuredmedia":[{"embeddable":true,"href":"https:\/\/portaltela.pt\/api\/wp\/v2\/media\/118373"}],"wp:attachment":[{"href":"https:\/\/portaltela.pt\/api\/wp\/v2\/media?parent=118372"}],"wp:term":[{"taxonomy":"category","embeddable":true,"href":"https:\/\/portaltela.pt\/api\/wp\/v2\/categories?post=118372"},{"taxonomy":"post_tag","embeddable":true,"href":"https:\/\/portaltela.pt\/api\/wp\/v2\/tags?post=118372"}],"curies":[{"name":"wp","href":"https:\/\/api.w.org\/{rel}","templated":true}]}}