{"id":118146,"date":"2026-01-05T09:24:00","date_gmt":"2026-01-05T12:24:00","guid":{"rendered":"https:\/\/portaltela.pt\/noticias\/2026\/01\/05\/mendes-elogia-a-ue-e-avisa-que-fragilizar-o-direito-internacional-apoia-putin\/"},"modified":"2026-01-05T09:24:00","modified_gmt":"2026-01-05T12:24:00","slug":"mendes-elogia-a-ue-e-avisa-que-fragilizar-o-direito-internacional-apoia-putin","status":"publish","type":"post","link":"https:\/\/portaltela.pt\/noticias\/internacional\/2026\/01\/05\/mendes-elogia-a-ue-e-avisa-que-fragilizar-o-direito-internacional-apoia-putin\/","title":{"rendered":"Mendes elogia a UE e avisa que fragilizar o direito internacional apoia Putin"},"content":{"rendered":"<p>O ataque dos Estados Unidos contra a Venezuela, com o objetivo de capturar Nicol\u00e1s Maduro e a mulher, levou-os a serem transferidos para Nova Iorque. Maduro dever\u00e1 enfrentar um tribunal em Manhattan, segundo informa\u00e7\u00f5es divulgadas.<\/p>\n<p>Horas depois, Delcy Rodr\u00edguez assumiu a presid\u00eancia interina do pa\u00eds, numa passagem de poder que ainda est\u00e1 a ser organizada pelas autoridades venezuelanas. A capital permanece sob forte controlo militar e relevante parte da comunica\u00e7\u00e3o social acompanha o desenrolar.<\/p>\n<p>A comunidade internacional dividiu-se entre condena\u00e7\u00f5es \u00e0s a\u00e7\u00f5es norte-americanas e sauda\u00e7\u00f5es pela queda de Maduro. O secret\u00e1rio-geral da ONU, Ant\u00f3nio Guterres, alertou para implica\u00e7\u00f5es preocupantes para a regi\u00e3o.<\/p>\n<p>A ONU e diversos governos destacam a necessidade de uma transi\u00e7\u00e3o pac\u00edfica e do respeito pelo direito internacional. Analistas observam que o epis\u00f3dio pode criar precedentes para futuras interven\u00e7\u00f5es e altera\u00e7\u00f5es de governo sem vias diplom\u00e1ticas.<\/p>\n","protected":false},"excerpt":{"rendered":"<ul>\n<li>A Uni\u00e3o Europeia apelou a uma transi\u00e7\u00e3o pac\u00edfica na Venezuela e ao respeito pelo direito internacional; Mendes elogiou a posi\u00e7\u00e3o, destacando a necessidade de manter princ\u00edpios internacionais.<\/li>\n<li>Mendes afirmou que deitar por terra o direito internacional legitimaria a\u00e7\u00f5es de l\u00edderes como Putin, defendendo que o futuro da Venezuela deve nascer da vontade venezuelana.<\/li>\n<li>Os Estados Unidos lan\u00e7aram um ataque \u00e0 Venezuela com o objetivo de capturar Nicol\u00e1s Maduro e a sua mulher, ainda sem confirma\u00e7\u00e3o de quem ficar\u00e1 no poder. Maduro e a esposa foram transferidos para Nova Iorque, para comparecer a um tribunal em Manhattan.<\/li>\n<li>A vice-presidente executiva Delcy Rodr\u00edguez assumiu a presid\u00eancia interina da Venezuela, em meio \u00e0 crise pol\u00edtica no pa\u00eds.<\/li>\n<li>A ONU alertou para implica\u00e7\u00f5es preocupantes da opera\u00e7\u00e3o para a regi\u00e3o, com a comunidade internacional a divergir nas avalia\u00e7\u00f5es e respostas.<\/li>\n<\/ul>\n","protected":false},"author":2,"featured_media":118149,"comment_status":"closed","ping_status":"closed","sticky":false,"template":"","format":"standard","meta":{"footnotes":""},"categories":[4],"tags":[1384,1465,2108,2127,2023,27],"class_list":["post-118146","post","type-post","status-publish","format-standard","has-post-thumbnail","hentry","category-internacional","tag-condenacoes-internacionais","tag-direitos-internacionais","tag-intervencao-internacional","tag-nacoes-unidas","tag-organizacoes-internacionais","tag-relacoes-internacionais"],"yoast_head":"<!-- This site is optimized with the Yoast SEO plugin v27.2 - https:\/\/yoast.com\/product\/yoast-seo-wordpress\/ -->\n<title>Mendes elogia a UE e avisa que fragilizar o direito internacional apoia Putin - Portal Tela Portugal<\/title>\n<meta name=\"robots\" content=\"index, follow, max-snippet:-1, max-image-preview:large, max-video-preview:-1\" \/>\n<meta property=\"og:locale\" content=\"pt_PT\" \/>\n<meta property=\"og:type\" content=\"article\" \/>\n<meta property=\"og:title\" content=\"Mendes elogia a UE e avisa que fragilizar o direito internacional apoia Putin - Portal Tela Portugal\" \/>\n<meta property=\"og:description\" content=\"A Uni\u00e3o Europeia apelou a uma transi\u00e7\u00e3o pac\u00edfica na Venezuela e ao respeito pelo direito internacional; Mendes elogiou a posi\u00e7\u00e3o, destacando a necessidade de manter princ\u00edpios internacionais. Mendes afirmou que deitar por terra o direito internacional legitimaria a\u00e7\u00f5es de l\u00edderes como Putin, defendendo que o futuro da Venezuela deve nascer da vontade venezuelana. Os Estados Unidos lan\u00e7aram um ataque \u00e0 Venezuela com o objetivo de capturar Nicol\u00e1s Maduro e a sua mulher, ainda sem confirma\u00e7\u00e3o de quem ficar\u00e1 no poder. Maduro e a esposa foram transferidos para Nova Iorque, para comparecer a um tribunal em Manhattan. A vice-presidente executiva Delcy Rodr\u00edguez assumiu a presid\u00eancia interina da Venezuela, em meio \u00e0 crise pol\u00edtica no pa\u00eds. A ONU alertou para implica\u00e7\u00f5es preocupantes da opera\u00e7\u00e3o para a regi\u00e3o, com a comunidade internacional a divergir nas avalia\u00e7\u00f5es e respostas.\" \/>\n<meta property=\"og:url\" content=\"https:\/\/portaltela.pt\/noticias\/2026\/01\/05\/mendes-elogia-a-ue-e-avisa-que-fragilizar-o-direito-internacional-apoia-putin\/\" \/>\n<meta property=\"og:site_name\" content=\"Portal Tela Portugal\" \/>\n<meta property=\"article:published_time\" content=\"2026-01-05T12:24:00+00:00\" \/>\n<meta name=\"author\" content=\"Telinha\" \/>\n<meta name=\"twitter:card\" content=\"summary_large_image\" \/>\n<meta name=\"twitter:label1\" content=\"Escrito por\" \/>\n\t<meta name=\"twitter:data1\" content=\"Telinha\" \/>\n\t<meta name=\"twitter:label2\" content=\"Tempo estimado de leitura\" \/>\n\t<meta name=\"twitter:data2\" content=\"1 minuto\" \/>\n<script type=\"application\/ld+json\" class=\"yoast-schema-graph\">{\"@context\":\"https:\/\/schema.org\",\"@graph\":[{\"@type\":\"Article\",\"@id\":\"https:\/\/portaltela.pt\/noticias\/2026\/01\/05\/mendes-elogia-a-ue-e-avisa-que-fragilizar-o-direito-internacional-apoia-putin\/#article\",\"isPartOf\":{\"@id\":\"https:\/\/portaltela.pt\/noticias\/2026\/01\/05\/mendes-elogia-a-ue-e-avisa-que-fragilizar-o-direito-internacional-apoia-putin\/\"},\"author\":{\"name\":\"Telinha\",\"@id\":\"https:\/\/portaltela.pt\/#\/schema\/person\/c4278d4a6028830caff9ee44b42d32ed\"},\"headline\":\"Mendes elogia a UE e avisa que fragilizar o direito internacional apoia Putin\",\"datePublished\":\"2026-01-05T12:24:00+00:00\",\"mainEntityOfPage\":{\"@id\":\"https:\/\/portaltela.pt\/noticias\/2026\/01\/05\/mendes-elogia-a-ue-e-avisa-que-fragilizar-o-direito-internacional-apoia-putin\/\"},\"wordCount\":170,\"image\":{\"@id\":\"https:\/\/portaltela.pt\/noticias\/2026\/01\/05\/mendes-elogia-a-ue-e-avisa-que-fragilizar-o-direito-internacional-apoia-putin\/#primaryimage\"},\"thumbnailUrl\":\"https:\/\/portaltela.pt\/s.01k8rhncp4jt1\/2026\/01\/unnamed-file-824.jpg\",\"keywords\":[\"condena\u00e7\u00f5es internacionais\",\"direitos internacionais\",\"interven\u00e7\u00e3o internacional\",\"Na\u00e7\u00f5es Unidas\",\"organiza\u00e7\u00f5es internacionais\",\"rela\u00e7\u00f5es internacionais\"],\"articleSection\":[\"Internacional\"],\"inLanguage\":\"pt-PT\"},{\"@type\":\"WebPage\",\"@id\":\"https:\/\/portaltela.pt\/noticias\/2026\/01\/05\/mendes-elogia-a-ue-e-avisa-que-fragilizar-o-direito-internacional-apoia-putin\/\",\"url\":\"https:\/\/portaltela.pt\/noticias\/2026\/01\/05\/mendes-elogia-a-ue-e-avisa-que-fragilizar-o-direito-internacional-apoia-putin\/\",\"name\":\"Mendes elogia a UE e avisa que fragilizar o direito internacional apoia Putin - Portal Tela Portugal\",\"isPartOf\":{\"@id\":\"https:\/\/portaltela.pt\/#website\"},\"primaryImageOfPage\":{\"@id\":\"https:\/\/portaltela.pt\/noticias\/2026\/01\/05\/mendes-elogia-a-ue-e-avisa-que-fragilizar-o-direito-internacional-apoia-putin\/#primaryimage\"},\"image\":{\"@id\":\"https:\/\/portaltela.pt\/noticias\/2026\/01\/05\/mendes-elogia-a-ue-e-avisa-que-fragilizar-o-direito-internacional-apoia-putin\/#primaryimage\"},\"thumbnailUrl\":\"https:\/\/portaltela.pt\/s.01k8rhncp4jt1\/2026\/01\/unnamed-file-824.jpg\",\"datePublished\":\"2026-01-05T12:24:00+00:00\",\"author\":{\"@id\":\"https:\/\/portaltela.pt\/#\/schema\/person\/c4278d4a6028830caff9ee44b42d32ed\"},\"breadcrumb\":{\"@id\":\"https:\/\/portaltela.pt\/noticias\/2026\/01\/05\/mendes-elogia-a-ue-e-avisa-que-fragilizar-o-direito-internacional-apoia-putin\/#breadcrumb\"},\"inLanguage\":\"pt-PT\",\"potentialAction\":[{\"@type\":\"ReadAction\",\"target\":[\"https:\/\/portaltela.pt\/noticias\/2026\/01\/05\/mendes-elogia-a-ue-e-avisa-que-fragilizar-o-direito-internacional-apoia-putin\/\"]}]},{\"@type\":\"ImageObject\",\"inLanguage\":\"pt-PT\",\"@id\":\"https:\/\/portaltela.pt\/noticias\/2026\/01\/05\/mendes-elogia-a-ue-e-avisa-que-fragilizar-o-direito-internacional-apoia-putin\/#primaryimage\",\"url\":\"https:\/\/portaltela.pt\/s.01k8rhncp4jt1\/2026\/01\/unnamed-file-824.jpg\",\"contentUrl\":\"https:\/\/portaltela.pt\/s.01k8rhncp4jt1\/2026\/01\/unnamed-file-824.jpg\",\"width\":796,\"height\":448,\"caption\":\"Mendes sa\u00fada posi\u00e7\u00e3o da UE e avisa que deitar por terra direito internacional legitima Putin\"},{\"@type\":\"BreadcrumbList\",\"@id\":\"https:\/\/portaltela.pt\/noticias\/2026\/01\/05\/mendes-elogia-a-ue-e-avisa-que-fragilizar-o-direito-internacional-apoia-putin\/#breadcrumb\",\"itemListElement\":[{\"@type\":\"ListItem\",\"position\":1,\"name\":\"In\u00edcio\",\"item\":\"https:\/\/portaltela.pt\/\"},{\"@type\":\"ListItem\",\"position\":2,\"name\":\"Mendes elogia a UE e avisa que fragilizar o direito internacional apoia Putin\"}]},{\"@type\":\"WebSite\",\"@id\":\"https:\/\/portaltela.pt\/#website\",\"url\":\"https:\/\/portaltela.pt\/\",\"name\":\"Portal Tela Portugal\",\"description\":\"\",\"potentialAction\":[{\"@type\":\"SearchAction\",\"target\":{\"@type\":\"EntryPoint\",\"urlTemplate\":\"https:\/\/portaltela.pt\/?s={search_term_string}\"},\"query-input\":{\"@type\":\"PropertyValueSpecification\",\"valueRequired\":true,\"valueName\":\"search_term_string\"}}],\"inLanguage\":\"pt-PT\"},{\"@type\":\"Person\",\"@id\":\"https:\/\/portaltela.pt\/#\/schema\/person\/c4278d4a6028830caff9ee44b42d32ed\",\"name\":\"Telinha\",\"image\":{\"@type\":\"ImageObject\",\"inLanguage\":\"pt-PT\",\"@id\":\"https:\/\/portaltela.pt\/s.01k8rhncp4jt1\/2025\/11\/talking-bot-125x125.png\",\"url\":\"https:\/\/portaltela.pt\/s.01k8rhncp4jt1\/2025\/11\/talking-bot-125x125.png\",\"contentUrl\":\"https:\/\/portaltela.pt\/s.01k8rhncp4jt1\/2025\/11\/talking-bot-125x125.png\",\"caption\":\"Telinha\"},\"sameAs\":[\"https:\/\/portaltela.pt\/\"],\"url\":\"https:\/\/portaltela.pt\/por\/367410592786\/\"}]}<\/script>\n<!-- \/ Yoast SEO plugin. -->","yoast_head_json":{"title":"Mendes elogia a UE e avisa que fragilizar o direito internacional apoia Putin - Portal Tela Portugal","robots":{"index":"index","follow":"follow","max-snippet":"max-snippet:-1","max-image-preview":"max-image-preview:large","max-video-preview":"max-video-preview:-1"},"og_locale":"pt_PT","og_type":"article","og_title":"Mendes elogia a UE e avisa que fragilizar o direito internacional apoia Putin - Portal Tela Portugal","og_description":"A Uni\u00e3o Europeia apelou a uma transi\u00e7\u00e3o pac\u00edfica na Venezuela e ao respeito pelo direito internacional; Mendes elogiou a posi\u00e7\u00e3o, destacando a necessidade de manter princ\u00edpios internacionais. Mendes afirmou que deitar por terra o direito internacional legitimaria a\u00e7\u00f5es de l\u00edderes como Putin, defendendo que o futuro da Venezuela deve nascer da vontade venezuelana. Os Estados Unidos lan\u00e7aram um ataque \u00e0 Venezuela com o objetivo de capturar Nicol\u00e1s Maduro e a sua mulher, ainda sem confirma\u00e7\u00e3o de quem ficar\u00e1 no poder. Maduro e a esposa foram transferidos para Nova Iorque, para comparecer a um tribunal em Manhattan. A vice-presidente executiva Delcy Rodr\u00edguez assumiu a presid\u00eancia interina da Venezuela, em meio \u00e0 crise pol\u00edtica no pa\u00eds. A ONU alertou para implica\u00e7\u00f5es preocupantes da opera\u00e7\u00e3o para a regi\u00e3o, com a comunidade internacional a divergir nas avalia\u00e7\u00f5es e respostas.","og_url":"https:\/\/portaltela.pt\/noticias\/2026\/01\/05\/mendes-elogia-a-ue-e-avisa-que-fragilizar-o-direito-internacional-apoia-putin\/","og_site_name":"Portal Tela Portugal","article_published_time":"2026-01-05T12:24:00+00:00","author":"Telinha","twitter_card":"summary_large_image","twitter_misc":{"Escrito por":"Telinha","Tempo estimado de leitura":"1 minuto"},"schema":{"@context":"https:\/\/schema.org","@graph":[{"@type":"Article","@id":"https:\/\/portaltela.pt\/noticias\/2026\/01\/05\/mendes-elogia-a-ue-e-avisa-que-fragilizar-o-direito-internacional-apoia-putin\/#article","isPartOf":{"@id":"https:\/\/portaltela.pt\/noticias\/2026\/01\/05\/mendes-elogia-a-ue-e-avisa-que-fragilizar-o-direito-internacional-apoia-putin\/"},"author":{"name":"Telinha","@id":"https:\/\/portaltela.pt\/#\/schema\/person\/c4278d4a6028830caff9ee44b42d32ed"},"headline":"Mendes elogia a UE e avisa que fragilizar o direito internacional apoia Putin","datePublished":"2026-01-05T12:24:00+00:00","mainEntityOfPage":{"@id":"https:\/\/portaltela.pt\/noticias\/2026\/01\/05\/mendes-elogia-a-ue-e-avisa-que-fragilizar-o-direito-internacional-apoia-putin\/"},"wordCount":170,"image":{"@id":"https:\/\/portaltela.pt\/noticias\/2026\/01\/05\/mendes-elogia-a-ue-e-avisa-que-fragilizar-o-direito-internacional-apoia-putin\/#primaryimage"},"thumbnailUrl":"https:\/\/portaltela.pt\/s.01k8rhncp4jt1\/2026\/01\/unnamed-file-824.jpg","keywords":["condena\u00e7\u00f5es internacionais","direitos internacionais","interven\u00e7\u00e3o internacional","Na\u00e7\u00f5es Unidas","organiza\u00e7\u00f5es internacionais","rela\u00e7\u00f5es internacionais"],"articleSection":["Internacional"],"inLanguage":"pt-PT"},{"@type":"WebPage","@id":"https:\/\/portaltela.pt\/noticias\/2026\/01\/05\/mendes-elogia-a-ue-e-avisa-que-fragilizar-o-direito-internacional-apoia-putin\/","url":"https:\/\/portaltela.pt\/noticias\/2026\/01\/05\/mendes-elogia-a-ue-e-avisa-que-fragilizar-o-direito-internacional-apoia-putin\/","name":"Mendes elogia a UE e avisa que fragilizar o direito internacional apoia Putin - Portal Tela Portugal","isPartOf":{"@id":"https:\/\/portaltela.pt\/#website"},"primaryImageOfPage":{"@id":"https:\/\/portaltela.pt\/noticias\/2026\/01\/05\/mendes-elogia-a-ue-e-avisa-que-fragilizar-o-direito-internacional-apoia-putin\/#primaryimage"},"image":{"@id":"https:\/\/portaltela.pt\/noticias\/2026\/01\/05\/mendes-elogia-a-ue-e-avisa-que-fragilizar-o-direito-internacional-apoia-putin\/#primaryimage"},"thumbnailUrl":"https:\/\/portaltela.pt\/s.01k8rhncp4jt1\/2026\/01\/unnamed-file-824.jpg","datePublished":"2026-01-05T12:24:00+00:00","author":{"@id":"https:\/\/portaltela.pt\/#\/schema\/person\/c4278d4a6028830caff9ee44b42d32ed"},"breadcrumb":{"@id":"https:\/\/portaltela.pt\/noticias\/2026\/01\/05\/mendes-elogia-a-ue-e-avisa-que-fragilizar-o-direito-internacional-apoia-putin\/#breadcrumb"},"inLanguage":"pt-PT","potentialAction":[{"@type":"ReadAction","target":["https:\/\/portaltela.pt\/noticias\/2026\/01\/05\/mendes-elogia-a-ue-e-avisa-que-fragilizar-o-direito-internacional-apoia-putin\/"]}]},{"@type":"ImageObject","inLanguage":"pt-PT","@id":"https:\/\/portaltela.pt\/noticias\/2026\/01\/05\/mendes-elogia-a-ue-e-avisa-que-fragilizar-o-direito-internacional-apoia-putin\/#primaryimage","url":"https:\/\/portaltela.pt\/s.01k8rhncp4jt1\/2026\/01\/unnamed-file-824.jpg","contentUrl":"https:\/\/portaltela.pt\/s.01k8rhncp4jt1\/2026\/01\/unnamed-file-824.jpg","width":796,"height":448,"caption":"Mendes sa\u00fada posi\u00e7\u00e3o da UE e avisa que deitar por terra direito internacional legitima Putin"},{"@type":"BreadcrumbList","@id":"https:\/\/portaltela.pt\/noticias\/2026\/01\/05\/mendes-elogia-a-ue-e-avisa-que-fragilizar-o-direito-internacional-apoia-putin\/#breadcrumb","itemListElement":[{"@type":"ListItem","position":1,"name":"In\u00edcio","item":"https:\/\/portaltela.pt\/"},{"@type":"ListItem","position":2,"name":"Mendes elogia a UE e avisa que fragilizar o direito internacional apoia Putin"}]},{"@type":"WebSite","@id":"https:\/\/portaltela.pt\/#website","url":"https:\/\/portaltela.pt\/","name":"Portal Tela Portugal","description":"","potentialAction":[{"@type":"SearchAction","target":{"@type":"EntryPoint","urlTemplate":"https:\/\/portaltela.pt\/?s={search_term_string}"},"query-input":{"@type":"PropertyValueSpecification","valueRequired":true,"valueName":"search_term_string"}}],"inLanguage":"pt-PT"},{"@type":"Person","@id":"https:\/\/portaltela.pt\/#\/schema\/person\/c4278d4a6028830caff9ee44b42d32ed","name":"Telinha","image":{"@type":"ImageObject","inLanguage":"pt-PT","@id":"https:\/\/portaltela.pt\/s.01k8rhncp4jt1\/2025\/11\/talking-bot-125x125.png","url":"https:\/\/portaltela.pt\/s.01k8rhncp4jt1\/2025\/11\/talking-bot-125x125.png","contentUrl":"https:\/\/portaltela.pt\/s.01k8rhncp4jt1\/2025\/11\/talking-bot-125x125.png","caption":"Telinha"},"sameAs":["https:\/\/portaltela.pt\/"],"url":"https:\/\/portaltela.pt\/por\/367410592786\/"}]}},"_links":{"self":[{"href":"https:\/\/portaltela.pt\/api\/wp\/v2\/posts\/118146","targetHints":{"allow":["GET"]}}],"collection":[{"href":"https:\/\/portaltela.pt\/api\/wp\/v2\/posts"}],"about":[{"href":"https:\/\/portaltela.pt\/api\/wp\/v2\/types\/post"}],"author":[{"embeddable":true,"href":"https:\/\/portaltela.pt\/api\/wp\/v2\/users\/2"}],"replies":[{"embeddable":true,"href":"https:\/\/portaltela.pt\/api\/wp\/v2\/comments?post=118146"}],"version-history":[{"count":0,"href":"https:\/\/portaltela.pt\/api\/wp\/v2\/posts\/118146\/revisions"}],"wp:featuredmedia":[{"embeddable":true,"href":"https:\/\/portaltela.pt\/api\/wp\/v2\/media\/118149"}],"wp:attachment":[{"href":"https:\/\/portaltela.pt\/api\/wp\/v2\/media?parent=118146"}],"wp:term":[{"taxonomy":"category","embeddable":true,"href":"https:\/\/portaltela.pt\/api\/wp\/v2\/categories?post=118146"},{"taxonomy":"post_tag","embeddable":true,"href":"https:\/\/portaltela.pt\/api\/wp\/v2\/tags?post=118146"}],"curies":[{"name":"wp","href":"https:\/\/api.w.org\/{rel}","templated":true}]}}