{"id":118069,"date":"2026-01-05T08:39:00","date_gmt":"2026-01-05T11:39:00","guid":{"rendered":"https:\/\/portaltela.pt\/noticias\/2026\/01\/05\/reuniao-com-jason-wilcox-pode-ter-selado-o-fim-de-amorim-no-man-united\/"},"modified":"2026-01-05T08:39:00","modified_gmt":"2026-01-05T11:39:00","slug":"reuniao-com-jason-wilcox-pode-ter-selado-o-fim-de-amorim-no-man-united","status":"publish","type":"post","link":"https:\/\/portaltela.pt\/desporto\/futebol\/2026\/01\/05\/reuniao-com-jason-wilcox-pode-ter-selado-o-fim-de-amorim-no-man-united\/","title":{"rendered":"Reuni\u00e3o com Jason Wilcox pode ter selado o fim de Amorim no Man United"},"content":{"rendered":"<p>O The Times revela detalhes de uma reuni\u00e3o tensa entre Ruben Amorim, treinador portugu\u00eas, e Jason Wilcox, o diretor de futebol do Manchester United. O encontro ocorreu ap\u00f3s o empate 1-1 com o Wolverhampton, lanterna da Premier League, sinalizando o que poder\u00e1 ter sido o ponto de viragem para o t\u00e9cnico. O objetivo era discutir mudan\u00e7as no funcionamento da equipa.<\/p>\n<p>Segundo a investiga\u00e7\u00e3o do jornal, Wilcox sugeriu que Amorim confiasse mais nos jogadores e abandonasse o sistema de tr\u00eas centrais. A proposta n\u00e3o agradou ao treinador, que comunicou a sua posi\u00e7\u00e3o de forma veemente numa confer\u00eancia de antevis\u00e3o ao jogo seguinte, gerando tens\u00e3o interna. A troca de mensagens refletiu diverg\u00eancias estrat\u00e9gicas.<\/p>\n<p>A not\u00edcia aponta que a decis\u00e3o de afastar Amorim j\u00e1 estaria tomada, com apoio do CEO Omar Berrada, antes do encontro com o Leeds, no fim de semana anterior. O clube ter\u00e1 tido interesse em uma mudan\u00e7a estrutural que n\u00e3o encontrou consenso entre as partes envolvidas.<\/p>\n<p>Um hist\u00f3rico recente de Amorim no Manchester United \u00e9 lembrado. Chegado em novembro do ano anterior, ap\u00f3s passagem pelo Sporting, o t\u00e9cnico tem 63 jogos oficiais \u00e0 frente da equipa, com 25 vit\u00f3rias, 23 derrotas e 15 empates. A passagem tem sido tema de an\u00e1lise entre adeptos e \u00f3rg\u00e3os desportivos.<\/p>\n<h3>Potenciais substitutos de Ruben Amorim<\/h3>\n<p>Entre os nomes citados como poss\u00edveis alternativas para o cargo recensado, destaca-se o t\u00e9cnico austr\u00edaco Oliver Glasner, atualmente no Crystal Palace, apontado com a maior probabilidade. Seguem-se Michael Carrick, Laurent Blanc, Gareth Southgate, Xavi Hern\u00e1ndez, Unai Emery, Marco Silva, Mauricio Pochettino e Andoni Iraola, com v\u00e1rios cen\u00e1rios de mercado em aberto.<\/p>\n<p>A publica\u00e7\u00e3o menciona ainda que a dire\u00e7\u00e3o discute op\u00e7\u00f5es que possam alinhar compet\u00eancia desportiva com estabilidade institucional. N\u00e3o h\u00e1 confirma\u00e7\u00e3o oficial sobre o substituto imediato, mantendo-se a indefini\u00e7\u00e3o enquanto decorrem negocia\u00e7\u00f5es internas.<\/p>\n","protected":false},"excerpt":{"rendered":"<ul>\n<li>O The Times revela uma reuni\u00e3o tensa entre Ruben Amorim e o diretor para o futebol do Manchester United, Jason Wilcox, que ter\u00e1 marcado o fim da linha para o treinador portugu\u00eas.<\/li>\n<li>Wilcox ter\u00e1 pedido a Amorim que confiasse mais nos jogadores e sugeriu abandonar o sistema de tr\u00eas centrais, o que n\u00e3o agradou ao t\u00e9cnico.<\/li>\n<li>Segundo a pe\u00e7a, Amorim mostrou grande desagrado e \u201cexplodiu\u201d antes da confer\u00eancia de antevis\u00e3o ao encontro com o Leeds, transmitindo mensagens aos respons\u00e1veis do clube.<\/li>\n<li>A decis\u00e3o de afastar Amorim estaria praticamente tomada por Wilcox e pelo CEO Omar Berrada j\u00e1 antes do jogo com o Leeds, com apoio total dos quadros do clube.<\/li>\n<li>Ruben Amorim chegou ao Manchester United em novembro, tendo perdido controlo em 63 jogos oficiais, com 25 vit\u00f3rias, 23 derrotas e 15 empates.<\/li>\n<\/ul>\n","protected":false},"author":2,"featured_media":118071,"comment_status":"closed","ping_status":"closed","sticky":false,"template":"","format":"standard","meta":{"footnotes":""},"categories":[21,24],"tags":[2383,32,2378,1643,1652,2393],"class_list":["post-118069","post","type-post","status-publish","format-standard","has-post-thumbnail","hentry","category-desporto","category-futebol","tag-andoni-iraola","tag-futebol","tag-mauricio-pochettino","tag-ruben-amorim","tag-sporting","tag-unai-emery"],"yoast_head":"<!-- This site is optimized with the Yoast SEO plugin v27.2 - https:\/\/yoast.com\/product\/yoast-seo-wordpress\/ -->\n<title>Reuni\u00e3o com Jason Wilcox pode ter selado o fim de Amorim no Man United - Portal Tela Portugal<\/title>\n<meta name=\"robots\" content=\"index, follow, max-snippet:-1, max-image-preview:large, max-video-preview:-1\" \/>\n<meta property=\"og:locale\" content=\"pt_PT\" \/>\n<meta property=\"og:type\" content=\"article\" \/>\n<meta property=\"og:title\" content=\"Reuni\u00e3o com Jason Wilcox pode ter selado o fim de Amorim no Man United - Portal Tela Portugal\" \/>\n<meta property=\"og:description\" content=\"O The Times revela uma reuni\u00e3o tensa entre Ruben Amorim e o diretor para o futebol do Manchester United, Jason Wilcox, que ter\u00e1 marcado o fim da linha para o treinador portugu\u00eas. Wilcox ter\u00e1 pedido a Amorim que confiasse mais nos jogadores e sugeriu abandonar o sistema de tr\u00eas centrais, o que n\u00e3o agradou ao t\u00e9cnico. Segundo a pe\u00e7a, Amorim mostrou grande desagrado e \u201cexplodiu\u201d antes da confer\u00eancia de antevis\u00e3o ao encontro com o Leeds, transmitindo mensagens aos respons\u00e1veis do clube. A decis\u00e3o de afastar Amorim estaria praticamente tomada por Wilcox e pelo CEO Omar Berrada j\u00e1 antes do jogo com o Leeds, com apoio total dos quadros do clube. Ruben Amorim chegou ao Manchester United em novembro, tendo perdido controlo em 63 jogos oficiais, com 25 vit\u00f3rias, 23 derrotas e 15 empates.\" \/>\n<meta property=\"og:url\" content=\"https:\/\/portaltela.pt\/noticias\/2026\/01\/05\/reuniao-com-jason-wilcox-pode-ter-selado-o-fim-de-amorim-no-man-united\/\" \/>\n<meta property=\"og:site_name\" content=\"Portal Tela Portugal\" \/>\n<meta property=\"article:published_time\" content=\"2026-01-05T11:39:00+00:00\" \/>\n<meta name=\"author\" content=\"Telinha\" \/>\n<meta name=\"twitter:card\" content=\"summary_large_image\" \/>\n<meta name=\"twitter:label1\" content=\"Escrito por\" \/>\n\t<meta name=\"twitter:data1\" content=\"Telinha\" \/>\n\t<meta name=\"twitter:label2\" content=\"Tempo estimado de leitura\" \/>\n\t<meta name=\"twitter:data2\" content=\"2 minutos\" \/>\n<script type=\"application\/ld+json\" class=\"yoast-schema-graph\">{\"@context\":\"https:\/\/schema.org\",\"@graph\":[{\"@type\":\"Article\",\"@id\":\"https:\/\/portaltela.pt\/noticias\/2026\/01\/05\/reuniao-com-jason-wilcox-pode-ter-selado-o-fim-de-amorim-no-man-united\/#article\",\"isPartOf\":{\"@id\":\"https:\/\/portaltela.pt\/noticias\/2026\/01\/05\/reuniao-com-jason-wilcox-pode-ter-selado-o-fim-de-amorim-no-man-united\/\"},\"author\":{\"name\":\"Telinha\",\"@id\":\"https:\/\/portaltela.pt\/#\/schema\/person\/c4278d4a6028830caff9ee44b42d32ed\"},\"headline\":\"Reuni\u00e3o com Jason Wilcox pode ter selado o fim de Amorim no Man United\",\"datePublished\":\"2026-01-05T11:39:00+00:00\",\"mainEntityOfPage\":{\"@id\":\"https:\/\/portaltela.pt\/noticias\/2026\/01\/05\/reuniao-com-jason-wilcox-pode-ter-selado-o-fim-de-amorim-no-man-united\/\"},\"wordCount\":342,\"image\":{\"@id\":\"https:\/\/portaltela.pt\/noticias\/2026\/01\/05\/reuniao-com-jason-wilcox-pode-ter-selado-o-fim-de-amorim-no-man-united\/#primaryimage\"},\"thumbnailUrl\":\"https:\/\/portaltela.pt\/s.01k8rhncp4jt1\/2026\/01\/img_1200x721uu2026-01-05-11-03-51-2412866-2.jpg\",\"keywords\":[\"Andoni Iraola\",\"futebol\",\"Mauricio Pochettino\",\"Ruben Amorim\",\"Sporting\",\"Unai Emery\"],\"articleSection\":[\"Desporto\",\"Futebol\"],\"inLanguage\":\"pt-PT\"},{\"@type\":\"WebPage\",\"@id\":\"https:\/\/portaltela.pt\/noticias\/2026\/01\/05\/reuniao-com-jason-wilcox-pode-ter-selado-o-fim-de-amorim-no-man-united\/\",\"url\":\"https:\/\/portaltela.pt\/noticias\/2026\/01\/05\/reuniao-com-jason-wilcox-pode-ter-selado-o-fim-de-amorim-no-man-united\/\",\"name\":\"Reuni\u00e3o com Jason Wilcox pode ter selado o fim de Amorim no Man United - Portal Tela Portugal\",\"isPartOf\":{\"@id\":\"https:\/\/portaltela.pt\/#website\"},\"primaryImageOfPage\":{\"@id\":\"https:\/\/portaltela.pt\/noticias\/2026\/01\/05\/reuniao-com-jason-wilcox-pode-ter-selado-o-fim-de-amorim-no-man-united\/#primaryimage\"},\"image\":{\"@id\":\"https:\/\/portaltela.pt\/noticias\/2026\/01\/05\/reuniao-com-jason-wilcox-pode-ter-selado-o-fim-de-amorim-no-man-united\/#primaryimage\"},\"thumbnailUrl\":\"https:\/\/portaltela.pt\/s.01k8rhncp4jt1\/2026\/01\/img_1200x721uu2026-01-05-11-03-51-2412866-2.jpg\",\"datePublished\":\"2026-01-05T11:39:00+00:00\",\"author\":{\"@id\":\"https:\/\/portaltela.pt\/#\/schema\/person\/c4278d4a6028830caff9ee44b42d32ed\"},\"breadcrumb\":{\"@id\":\"https:\/\/portaltela.pt\/noticias\/2026\/01\/05\/reuniao-com-jason-wilcox-pode-ter-selado-o-fim-de-amorim-no-man-united\/#breadcrumb\"},\"inLanguage\":\"pt-PT\",\"potentialAction\":[{\"@type\":\"ReadAction\",\"target\":[\"https:\/\/portaltela.pt\/noticias\/2026\/01\/05\/reuniao-com-jason-wilcox-pode-ter-selado-o-fim-de-amorim-no-man-united\/\"]}]},{\"@type\":\"ImageObject\",\"inLanguage\":\"pt-PT\",\"@id\":\"https:\/\/portaltela.pt\/noticias\/2026\/01\/05\/reuniao-com-jason-wilcox-pode-ter-selado-o-fim-de-amorim-no-man-united\/#primaryimage\",\"url\":\"https:\/\/portaltela.pt\/s.01k8rhncp4jt1\/2026\/01\/img_1200x721uu2026-01-05-11-03-51-2412866-2.jpg\",\"contentUrl\":\"https:\/\/portaltela.pt\/s.01k8rhncp4jt1\/2026\/01\/img_1200x721uu2026-01-05-11-03-51-2412866-2.jpg\",\"width\":796,\"height\":448,\"caption\":\"Os bastidores da \\\"reuni\u00e3o tensa\\\" com Jason Wilcox que ter\u00e1 sido o fim da linha para Amorim no Man. United\"},{\"@type\":\"BreadcrumbList\",\"@id\":\"https:\/\/portaltela.pt\/noticias\/2026\/01\/05\/reuniao-com-jason-wilcox-pode-ter-selado-o-fim-de-amorim-no-man-united\/#breadcrumb\",\"itemListElement\":[{\"@type\":\"ListItem\",\"position\":1,\"name\":\"In\u00edcio\",\"item\":\"https:\/\/portaltela.pt\/\"},{\"@type\":\"ListItem\",\"position\":2,\"name\":\"Reuni\u00e3o com Jason Wilcox pode ter selado o fim de Amorim no Man United\"}]},{\"@type\":\"WebSite\",\"@id\":\"https:\/\/portaltela.pt\/#website\",\"url\":\"https:\/\/portaltela.pt\/\",\"name\":\"Portal Tela Portugal\",\"description\":\"\",\"potentialAction\":[{\"@type\":\"SearchAction\",\"target\":{\"@type\":\"EntryPoint\",\"urlTemplate\":\"https:\/\/portaltela.pt\/?s={search_term_string}\"},\"query-input\":{\"@type\":\"PropertyValueSpecification\",\"valueRequired\":true,\"valueName\":\"search_term_string\"}}],\"inLanguage\":\"pt-PT\"},{\"@type\":\"Person\",\"@id\":\"https:\/\/portaltela.pt\/#\/schema\/person\/c4278d4a6028830caff9ee44b42d32ed\",\"name\":\"Telinha\",\"image\":{\"@type\":\"ImageObject\",\"inLanguage\":\"pt-PT\",\"@id\":\"https:\/\/portaltela.pt\/s.01k8rhncp4jt1\/2025\/11\/talking-bot-125x125.png\",\"url\":\"https:\/\/portaltela.pt\/s.01k8rhncp4jt1\/2025\/11\/talking-bot-125x125.png\",\"contentUrl\":\"https:\/\/portaltela.pt\/s.01k8rhncp4jt1\/2025\/11\/talking-bot-125x125.png\",\"caption\":\"Telinha\"},\"sameAs\":[\"https:\/\/portaltela.pt\/\"],\"url\":\"https:\/\/portaltela.pt\/por\/367410592786\/\"}]}<\/script>\n<!-- \/ Yoast SEO plugin. -->","yoast_head_json":{"title":"Reuni\u00e3o com Jason Wilcox pode ter selado o fim de Amorim no Man United - Portal Tela Portugal","robots":{"index":"index","follow":"follow","max-snippet":"max-snippet:-1","max-image-preview":"max-image-preview:large","max-video-preview":"max-video-preview:-1"},"og_locale":"pt_PT","og_type":"article","og_title":"Reuni\u00e3o com Jason Wilcox pode ter selado o fim de Amorim no Man United - Portal Tela Portugal","og_description":"O The Times revela uma reuni\u00e3o tensa entre Ruben Amorim e o diretor para o futebol do Manchester United, Jason Wilcox, que ter\u00e1 marcado o fim da linha para o treinador portugu\u00eas. Wilcox ter\u00e1 pedido a Amorim que confiasse mais nos jogadores e sugeriu abandonar o sistema de tr\u00eas centrais, o que n\u00e3o agradou ao t\u00e9cnico. Segundo a pe\u00e7a, Amorim mostrou grande desagrado e \u201cexplodiu\u201d antes da confer\u00eancia de antevis\u00e3o ao encontro com o Leeds, transmitindo mensagens aos respons\u00e1veis do clube. A decis\u00e3o de afastar Amorim estaria praticamente tomada por Wilcox e pelo CEO Omar Berrada j\u00e1 antes do jogo com o Leeds, com apoio total dos quadros do clube. Ruben Amorim chegou ao Manchester United em novembro, tendo perdido controlo em 63 jogos oficiais, com 25 vit\u00f3rias, 23 derrotas e 15 empates.","og_url":"https:\/\/portaltela.pt\/noticias\/2026\/01\/05\/reuniao-com-jason-wilcox-pode-ter-selado-o-fim-de-amorim-no-man-united\/","og_site_name":"Portal Tela Portugal","article_published_time":"2026-01-05T11:39:00+00:00","author":"Telinha","twitter_card":"summary_large_image","twitter_misc":{"Escrito por":"Telinha","Tempo estimado de leitura":"2 minutos"},"schema":{"@context":"https:\/\/schema.org","@graph":[{"@type":"Article","@id":"https:\/\/portaltela.pt\/noticias\/2026\/01\/05\/reuniao-com-jason-wilcox-pode-ter-selado-o-fim-de-amorim-no-man-united\/#article","isPartOf":{"@id":"https:\/\/portaltela.pt\/noticias\/2026\/01\/05\/reuniao-com-jason-wilcox-pode-ter-selado-o-fim-de-amorim-no-man-united\/"},"author":{"name":"Telinha","@id":"https:\/\/portaltela.pt\/#\/schema\/person\/c4278d4a6028830caff9ee44b42d32ed"},"headline":"Reuni\u00e3o com Jason Wilcox pode ter selado o fim de Amorim no Man United","datePublished":"2026-01-05T11:39:00+00:00","mainEntityOfPage":{"@id":"https:\/\/portaltela.pt\/noticias\/2026\/01\/05\/reuniao-com-jason-wilcox-pode-ter-selado-o-fim-de-amorim-no-man-united\/"},"wordCount":342,"image":{"@id":"https:\/\/portaltela.pt\/noticias\/2026\/01\/05\/reuniao-com-jason-wilcox-pode-ter-selado-o-fim-de-amorim-no-man-united\/#primaryimage"},"thumbnailUrl":"https:\/\/portaltela.pt\/s.01k8rhncp4jt1\/2026\/01\/img_1200x721uu2026-01-05-11-03-51-2412866-2.jpg","keywords":["Andoni Iraola","futebol","Mauricio Pochettino","Ruben Amorim","Sporting","Unai Emery"],"articleSection":["Desporto","Futebol"],"inLanguage":"pt-PT"},{"@type":"WebPage","@id":"https:\/\/portaltela.pt\/noticias\/2026\/01\/05\/reuniao-com-jason-wilcox-pode-ter-selado-o-fim-de-amorim-no-man-united\/","url":"https:\/\/portaltela.pt\/noticias\/2026\/01\/05\/reuniao-com-jason-wilcox-pode-ter-selado-o-fim-de-amorim-no-man-united\/","name":"Reuni\u00e3o com Jason Wilcox pode ter selado o fim de Amorim no Man United - Portal Tela Portugal","isPartOf":{"@id":"https:\/\/portaltela.pt\/#website"},"primaryImageOfPage":{"@id":"https:\/\/portaltela.pt\/noticias\/2026\/01\/05\/reuniao-com-jason-wilcox-pode-ter-selado-o-fim-de-amorim-no-man-united\/#primaryimage"},"image":{"@id":"https:\/\/portaltela.pt\/noticias\/2026\/01\/05\/reuniao-com-jason-wilcox-pode-ter-selado-o-fim-de-amorim-no-man-united\/#primaryimage"},"thumbnailUrl":"https:\/\/portaltela.pt\/s.01k8rhncp4jt1\/2026\/01\/img_1200x721uu2026-01-05-11-03-51-2412866-2.jpg","datePublished":"2026-01-05T11:39:00+00:00","author":{"@id":"https:\/\/portaltela.pt\/#\/schema\/person\/c4278d4a6028830caff9ee44b42d32ed"},"breadcrumb":{"@id":"https:\/\/portaltela.pt\/noticias\/2026\/01\/05\/reuniao-com-jason-wilcox-pode-ter-selado-o-fim-de-amorim-no-man-united\/#breadcrumb"},"inLanguage":"pt-PT","potentialAction":[{"@type":"ReadAction","target":["https:\/\/portaltela.pt\/noticias\/2026\/01\/05\/reuniao-com-jason-wilcox-pode-ter-selado-o-fim-de-amorim-no-man-united\/"]}]},{"@type":"ImageObject","inLanguage":"pt-PT","@id":"https:\/\/portaltela.pt\/noticias\/2026\/01\/05\/reuniao-com-jason-wilcox-pode-ter-selado-o-fim-de-amorim-no-man-united\/#primaryimage","url":"https:\/\/portaltela.pt\/s.01k8rhncp4jt1\/2026\/01\/img_1200x721uu2026-01-05-11-03-51-2412866-2.jpg","contentUrl":"https:\/\/portaltela.pt\/s.01k8rhncp4jt1\/2026\/01\/img_1200x721uu2026-01-05-11-03-51-2412866-2.jpg","width":796,"height":448,"caption":"Os bastidores da \"reuni\u00e3o tensa\" com Jason Wilcox que ter\u00e1 sido o fim da linha para Amorim no Man. United"},{"@type":"BreadcrumbList","@id":"https:\/\/portaltela.pt\/noticias\/2026\/01\/05\/reuniao-com-jason-wilcox-pode-ter-selado-o-fim-de-amorim-no-man-united\/#breadcrumb","itemListElement":[{"@type":"ListItem","position":1,"name":"In\u00edcio","item":"https:\/\/portaltela.pt\/"},{"@type":"ListItem","position":2,"name":"Reuni\u00e3o com Jason Wilcox pode ter selado o fim de Amorim no Man United"}]},{"@type":"WebSite","@id":"https:\/\/portaltela.pt\/#website","url":"https:\/\/portaltela.pt\/","name":"Portal Tela Portugal","description":"","potentialAction":[{"@type":"SearchAction","target":{"@type":"EntryPoint","urlTemplate":"https:\/\/portaltela.pt\/?s={search_term_string}"},"query-input":{"@type":"PropertyValueSpecification","valueRequired":true,"valueName":"search_term_string"}}],"inLanguage":"pt-PT"},{"@type":"Person","@id":"https:\/\/portaltela.pt\/#\/schema\/person\/c4278d4a6028830caff9ee44b42d32ed","name":"Telinha","image":{"@type":"ImageObject","inLanguage":"pt-PT","@id":"https:\/\/portaltela.pt\/s.01k8rhncp4jt1\/2025\/11\/talking-bot-125x125.png","url":"https:\/\/portaltela.pt\/s.01k8rhncp4jt1\/2025\/11\/talking-bot-125x125.png","contentUrl":"https:\/\/portaltela.pt\/s.01k8rhncp4jt1\/2025\/11\/talking-bot-125x125.png","caption":"Telinha"},"sameAs":["https:\/\/portaltela.pt\/"],"url":"https:\/\/portaltela.pt\/por\/367410592786\/"}]}},"_links":{"self":[{"href":"https:\/\/portaltela.pt\/api\/wp\/v2\/posts\/118069","targetHints":{"allow":["GET"]}}],"collection":[{"href":"https:\/\/portaltela.pt\/api\/wp\/v2\/posts"}],"about":[{"href":"https:\/\/portaltela.pt\/api\/wp\/v2\/types\/post"}],"author":[{"embeddable":true,"href":"https:\/\/portaltela.pt\/api\/wp\/v2\/users\/2"}],"replies":[{"embeddable":true,"href":"https:\/\/portaltela.pt\/api\/wp\/v2\/comments?post=118069"}],"version-history":[{"count":0,"href":"https:\/\/portaltela.pt\/api\/wp\/v2\/posts\/118069\/revisions"}],"wp:featuredmedia":[{"embeddable":true,"href":"https:\/\/portaltela.pt\/api\/wp\/v2\/media\/118071"}],"wp:attachment":[{"href":"https:\/\/portaltela.pt\/api\/wp\/v2\/media?parent=118069"}],"wp:term":[{"taxonomy":"category","embeddable":true,"href":"https:\/\/portaltela.pt\/api\/wp\/v2\/categories?post=118069"},{"taxonomy":"post_tag","embeddable":true,"href":"https:\/\/portaltela.pt\/api\/wp\/v2\/tags?post=118069"}],"curies":[{"name":"wp","href":"https:\/\/api.w.org\/{rel}","templated":true}]}}